{"id":45199,"date":"2026-02-26T14:52:37","date_gmt":"2026-02-26T14:52:37","guid":{"rendered":"https:\/\/reveil-info.net\/?p=45199"},"modified":"2026-02-26T14:54:43","modified_gmt":"2026-02-26T14:54:43","slug":"conseil-des-ministres-un-medecin-revoqueun-policier-retrograde-pour-faits-de-corruption","status":"publish","type":"post","link":"https:\/\/reveil-info.net\/?p=45199","title":{"rendered":"Conseil des ministres : un m\u00e9decin r\u00e9voqu\u00e9,un policier r\u00e9trograd\u00e9 pour faits de corruption&#8230;"},"content":{"rendered":"<p>\u200eCONSEIL DES MINISTRES DU JEUDI 26 F\u00c9VRIER 2026<br \/>\n\u200e\u200e- Adoption d\u2019une ordonnance portant avancement pour faits d\u2019\u00e9clat pour les Forces de s\u00e9curit\u00e9 int\u00e9rieure<br \/>\n\u200e- Un m\u00e9decin r\u00e9voqu\u00e9 et un adjudant de police r\u00e9trograd\u00e9 pour faits de corruption<\/p>\n<p><img loading=\"lazy\" decoding=\"async\" class=\"alignnone size-full wp-image-45202\" src=\"https:\/\/reveil-info.net\/wp-content\/uploads\/2026\/02\/IMG-20260226-WA0020-1-scaled.jpg\" alt=\"\" width=\"2560\" height=\"1992\" srcset=\"https:\/\/reveil-info.net\/wp-content\/uploads\/2026\/02\/IMG-20260226-WA0020-1-scaled.jpg 2560w, https:\/\/reveil-info.net\/wp-content\/uploads\/2026\/02\/IMG-20260226-WA0020-1-300x233.jpg 300w, https:\/\/reveil-info.net\/wp-content\/uploads\/2026\/02\/IMG-20260226-WA0020-1-1024x797.jpg 1024w, https:\/\/reveil-info.net\/wp-content\/uploads\/2026\/02\/IMG-20260226-WA0020-1-768x598.jpg 768w, https:\/\/reveil-info.net\/wp-content\/uploads\/2026\/02\/IMG-20260226-WA0020-1-1536x1195.jpg 1536w, https:\/\/reveil-info.net\/wp-content\/uploads\/2026\/02\/IMG-20260226-WA0020-1-2048x1594.jpg 2048w\" sizes=\"auto, (max-width: 2560px) 100vw, 2560px\" \/><br \/>\n\u200e<br \/>\n\u200e(Ouagadougou, 26 f\u00e9vrier 2026). Le Pr\u00e9sident du Faso, Chef de l\u2019\u00c9tat, Son Excellence le Capitaine Ibrahim TRAOR\u00c9, a pr\u00e9sid\u00e9, ce jeudi, l\u2019hebdomadaire Conseil des ministres. Selon le Ministre Porte-parole du Gouvernement M. Pingdwend\u00e9 Gilbert OU\u00c9DRAOGO, le Conseil a examin\u00e9 et adopt\u00e9 plusieurs dossiers et pris d&rsquo;importantes d\u00e9cisions pour l&rsquo;am\u00e9lioration des conditions de vie du Peuple burkinab\u00e8 conform\u00e9ment \u00e0 la R\u00e9volution Progressiste Populaire.<br \/>\n\u200e<br \/>\n\u200ePour le compte du minist\u00e8re de la S\u00e9curit\u00e9, le Conseil a adopt\u00e9 un rapport relatif \u00e0 un projet d&rsquo;ordonnance portant institution d&rsquo;un avancement \u00e0 titre exceptionnel au profit des Forces de s\u00e9curit\u00e9 int\u00e9rieure. Le Ministre de la S\u00e9curit\u00e9, le Commissaire divisionnaire de police Mahamadou SANA indique que dans le cadre de leurs missions, les Forces de s\u00e9curit\u00e9 int\u00e9rieure ont fait montre d\u2019abn\u00e9gation, d\u2019engagement, de d\u00e9termination et de courage exceptionnel, parfois au prix du sacrifice supr\u00eame pour que le Burkina reste debout.<br \/>\n\u200e<br \/>\n\u200e\u00ab Dans un souci de renforcer la motivation, la discipline et l&rsquo;efficacit\u00e9 op\u00e9rationnelle, il \u00e9tait n\u00e9cessaire de prendre des mesures exceptionnelles et d\u00e9rogatoires en mati\u00e8re de gestion de carri\u00e8re de ces forces combattantes. Ces mesures concernent essentiellement l&rsquo;avancement \u00e0 titre exceptionnel, soit de grade en grade, soit avec acc\u00e8s \u00e0 un corps imm\u00e9diatement sup\u00e9rieur, en reconnaissance des faits d\u2019\u00e9clat ou des services exceptionnels rendus \u00e0 la Nation en temps de paix ou en temps de crise ou en temps de conflit arm\u00e9 ou m\u00eame lors d&rsquo;une mission sp\u00e9ciale \u00bb, indique le Ministre SANA.<br \/>\n\u200e<br \/>\n\u200eLe Ministre de la S\u00e9curit\u00e9 explique que sont consid\u00e9r\u00e9s comme faits d\u2019\u00e9clat, le fait de repousser une attaque terroriste ou tendre une embuscade ou assi\u00e9ger une base terroriste, neutraliser le maximum d&rsquo;ennemis et de r\u00e9cup\u00e9rer le maximum de mat\u00e9riel.<br \/>\n\u200e<br \/>\n\u200eSuite de l\u2019affaire \u00ab cam\u00e9ra KORAG \u00bb : les sanctions sont tomb\u00e9es<br \/>\nPour le compte du Minist\u00e8re des Serviteurs du Peuple, le Conseil a entendu une communication orale relative aux agents publics coupables d&rsquo;actes de corruption r\u00e9v\u00e9l\u00e9s par le KORAG. La communication orale rend compte des proc\u00e9dures disciplinaires engag\u00e9es contre trois des sept agents concern\u00e9s.<br \/>\n\u200e<br \/>\n\u200eSelon le Ministre des Serviteurs du Peuple, M. Mathias TRAOR\u00c9, le Conseil a d\u00e9cid\u00e9 de r\u00e9trograder M. SAKAND\u00c9 Seni, matricule 240 559, adjudant de police, au grade de Sergent-chef de police, de r\u00e9voquer M. BOA Jacques, matricule 278 480 M, m\u00e9decin sp\u00e9cialiste en stomatologie et chirurgie maxillo-faciale. Quant \u00e0 M. OU\u00c9DRAOGO Abdoul Rachid, matricule 1104-2021-0068, agent de police, il est relax\u00e9 au b\u00e9n\u00e9fice du doute.<br \/>\n\u200e<br \/>\n\u200e<br \/>\n\u200eDirection de la communication de la Pr\u00e9sidence du Faso<\/p>\n","protected":false},"excerpt":{"rendered":"<p>\u200eCONSEIL DES MINISTRES DU JEUDI 26 F\u00c9VRIER 2026 \u200e\u200e- Adoption d\u2019une ordonnance portant avancement pour<\/p>\n","protected":false},"author":1,"featured_media":0,"comment_status":"open","ping_status":"open","sticky":false,"template":"","format":"standard","meta":{"footnotes":""},"categories":[2,3],"tags":[],"class_list":["post-45199","post","type-post","status-publish","format-standard","hentry","category-actu","category-annonces-communiques"],"yoast_head":"<!-- This site is optimized with the Yoast SEO plugin v27.5 - https:\/\/yoast.com\/product\/yoast-seo-wordpress\/ -->\n<title>Conseil des ministres : un m\u00e9decin r\u00e9voqu\u00e9,un policier r\u00e9trograd\u00e9 pour faits de corruption... - R\u00e9veil Info<\/title>\n<meta name=\"robots\" content=\"noindex, follow, max-snippet:-1, max-image-preview:large, max-video-preview:-1\" \/>\n<meta property=\"og:locale\" content=\"fr_FR\" \/>\n<meta property=\"og:type\" content=\"article\" \/>\n<meta property=\"og:title\" content=\"Conseil des ministres : un m\u00e9decin r\u00e9voqu\u00e9,un policier r\u00e9trograd\u00e9 pour faits de corruption... - R\u00e9veil Info\" \/>\n<meta property=\"og:description\" content=\"\u200eCONSEIL DES MINISTRES DU JEUDI 26 F\u00c9VRIER 2026 \u200e\u200e- Adoption d\u2019une ordonnance portant avancement pour\" \/>\n<meta property=\"og:url\" content=\"https:\/\/reveil-info.net\/?p=45199\" \/>\n<meta property=\"og:site_name\" content=\"R\u00e9veil Info\" \/>\n<meta property=\"article:published_time\" content=\"2026-02-26T14:52:37+00:00\" \/>\n<meta property=\"article:modified_time\" content=\"2026-02-26T14:54:43+00:00\" \/>\n<meta property=\"og:image\" content=\"https:\/\/reveil-info.net\/wp-content\/uploads\/2026\/02\/IMG-20260226-WA0020-1-scaled.jpg\" \/>\n\t<meta property=\"og:image:width\" content=\"2560\" \/>\n\t<meta property=\"og:image:height\" content=\"1992\" \/>\n\t<meta property=\"og:image:type\" content=\"image\/jpeg\" \/>\n<meta name=\"author\" content=\"R\u00e9veil info\" \/>\n<meta name=\"twitter:card\" content=\"summary_large_image\" \/>\n<meta name=\"twitter:label1\" content=\"\u00c9crit par\" \/>\n\t<meta name=\"twitter:data1\" content=\"R\u00e9veil info\" \/>\n\t<meta name=\"twitter:label2\" content=\"Dur\u00e9e de lecture estim\u00e9e\" \/>\n\t<meta name=\"twitter:data2\" content=\"3 minutes\" \/>\n<script type=\"application\/ld+json\" class=\"yoast-schema-graph\">{\"@context\":\"https:\\\/\\\/schema.org\",\"@graph\":[{\"@type\":\"Article\",\"@id\":\"https:\\\/\\\/reveil-info.net\\\/?p=45199#article\",\"isPartOf\":{\"@id\":\"https:\\\/\\\/reveil-info.net\\\/?p=45199\"},\"author\":{\"name\":\"R\u00e9veil info\",\"@id\":\"https:\\\/\\\/reveil-info.net\\\/#\\\/schema\\\/person\\\/ca0cc8e70088e0a2b5e92556c1ee60f5\"},\"headline\":\"Conseil des ministres : un m\u00e9decin r\u00e9voqu\u00e9,un policier r\u00e9trograd\u00e9 pour faits de corruption&#8230;\",\"datePublished\":\"2026-02-26T14:52:37+00:00\",\"dateModified\":\"2026-02-26T14:54:43+00:00\",\"mainEntityOfPage\":{\"@id\":\"https:\\\/\\\/reveil-info.net\\\/?p=45199\"},\"wordCount\":515,\"commentCount\":0,\"publisher\":{\"@id\":\"https:\\\/\\\/reveil-info.net\\\/#organization\"},\"image\":{\"@id\":\"https:\\\/\\\/reveil-info.net\\\/?p=45199#primaryimage\"},\"thumbnailUrl\":\"https:\\\/\\\/reveil-info.net\\\/wp-content\\\/uploads\\\/2026\\\/02\\\/IMG-20260226-WA0020-1-scaled.jpg\",\"articleSection\":[\"Actualit\u00e9\",\"Annonces-Communiqu\u00e9s\"],\"inLanguage\":\"fr-FR\",\"potentialAction\":[{\"@type\":\"CommentAction\",\"name\":\"Comment\",\"target\":[\"https:\\\/\\\/reveil-info.net\\\/?p=45199#respond\"]}]},{\"@type\":\"WebPage\",\"@id\":\"https:\\\/\\\/reveil-info.net\\\/?p=45199\",\"url\":\"https:\\\/\\\/reveil-info.net\\\/?p=45199\",\"name\":\"Conseil des ministres : un m\u00e9decin r\u00e9voqu\u00e9,un policier r\u00e9trograd\u00e9 pour faits de corruption... - R\u00e9veil Info\",\"isPartOf\":{\"@id\":\"https:\\\/\\\/reveil-info.net\\\/#website\"},\"primaryImageOfPage\":{\"@id\":\"https:\\\/\\\/reveil-info.net\\\/?p=45199#primaryimage\"},\"image\":{\"@id\":\"https:\\\/\\\/reveil-info.net\\\/?p=45199#primaryimage\"},\"thumbnailUrl\":\"https:\\\/\\\/reveil-info.net\\\/wp-content\\\/uploads\\\/2026\\\/02\\\/IMG-20260226-WA0020-1-scaled.jpg\",\"datePublished\":\"2026-02-26T14:52:37+00:00\",\"dateModified\":\"2026-02-26T14:54:43+00:00\",\"breadcrumb\":{\"@id\":\"https:\\\/\\\/reveil-info.net\\\/?p=45199#breadcrumb\"},\"inLanguage\":\"fr-FR\",\"potentialAction\":[{\"@type\":\"ReadAction\",\"target\":[\"https:\\\/\\\/reveil-info.net\\\/?p=45199\"]}]},{\"@type\":\"ImageObject\",\"inLanguage\":\"fr-FR\",\"@id\":\"https:\\\/\\\/reveil-info.net\\\/?p=45199#primaryimage\",\"url\":\"https:\\\/\\\/reveil-info.net\\\/wp-content\\\/uploads\\\/2026\\\/02\\\/IMG-20260226-WA0020-1-scaled.jpg\",\"contentUrl\":\"https:\\\/\\\/reveil-info.net\\\/wp-content\\\/uploads\\\/2026\\\/02\\\/IMG-20260226-WA0020-1-scaled.jpg\",\"width\":2560,\"height\":1992},{\"@type\":\"BreadcrumbList\",\"@id\":\"https:\\\/\\\/reveil-info.net\\\/?p=45199#breadcrumb\",\"itemListElement\":[{\"@type\":\"ListItem\",\"position\":1,\"name\":\"Home\",\"item\":\"https:\\\/\\\/reveil-info.net\\\/\"},{\"@type\":\"ListItem\",\"position\":2,\"name\":\"Conseil des ministres : un m\u00e9decin r\u00e9voqu\u00e9,un policier r\u00e9trograd\u00e9 pour faits de corruption&#8230;\"}]},{\"@type\":\"WebSite\",\"@id\":\"https:\\\/\\\/reveil-info.net\\\/#website\",\"url\":\"https:\\\/\\\/reveil-info.net\\\/\",\"name\":\"R\u00e9veil Info\",\"description\":\"Le devoir d&#039;informer!\",\"publisher\":{\"@id\":\"https:\\\/\\\/reveil-info.net\\\/#organization\"},\"potentialAction\":[{\"@type\":\"SearchAction\",\"target\":{\"@type\":\"EntryPoint\",\"urlTemplate\":\"https:\\\/\\\/reveil-info.net\\\/?s={search_term_string}\"},\"query-input\":{\"@type\":\"PropertyValueSpecification\",\"valueRequired\":true,\"valueName\":\"search_term_string\"}}],\"inLanguage\":\"fr-FR\"},{\"@type\":\"Organization\",\"@id\":\"https:\\\/\\\/reveil-info.net\\\/#organization\",\"name\":\"R\u00e9veil Info\",\"url\":\"https:\\\/\\\/reveil-info.net\\\/\",\"logo\":{\"@type\":\"ImageObject\",\"inLanguage\":\"fr-FR\",\"@id\":\"https:\\\/\\\/reveil-info.net\\\/#\\\/schema\\\/logo\\\/image\\\/\",\"url\":\"https:\\\/\\\/reveil-info.net\\\/wp-content\\\/uploads\\\/2024\\\/07\\\/bnddd1.jpg\",\"contentUrl\":\"https:\\\/\\\/reveil-info.net\\\/wp-content\\\/uploads\\\/2024\\\/07\\\/bnddd1.jpg\",\"width\":903,\"height\":125,\"caption\":\"R\u00e9veil Info\"},\"image\":{\"@id\":\"https:\\\/\\\/reveil-info.net\\\/#\\\/schema\\\/logo\\\/image\\\/\"}},{\"@type\":\"Person\",\"@id\":\"https:\\\/\\\/reveil-info.net\\\/#\\\/schema\\\/person\\\/ca0cc8e70088e0a2b5e92556c1ee60f5\",\"name\":\"R\u00e9veil info\",\"image\":{\"@type\":\"ImageObject\",\"inLanguage\":\"fr-FR\",\"@id\":\"https:\\\/\\\/secure.gravatar.com\\\/avatar\\\/e4ad5bb743c8b6cb174d9df6c7d30a8a16f6889731241345fc6444e6485f02af?s=96&d=mm&r=g\",\"url\":\"https:\\\/\\\/secure.gravatar.com\\\/avatar\\\/e4ad5bb743c8b6cb174d9df6c7d30a8a16f6889731241345fc6444e6485f02af?s=96&d=mm&r=g\",\"contentUrl\":\"https:\\\/\\\/secure.gravatar.com\\\/avatar\\\/e4ad5bb743c8b6cb174d9df6c7d30a8a16f6889731241345fc6444e6485f02af?s=96&d=mm&r=g\",\"caption\":\"R\u00e9veil info\"},\"sameAs\":[\"https:\\\/\\\/reveil-info.net\"],\"url\":\"https:\\\/\\\/reveil-info.net\\\/?author=1\"}]}<\/script>\n<!-- \/ Yoast SEO plugin. -->","yoast_head_json":{"title":"Conseil des ministres : un m\u00e9decin r\u00e9voqu\u00e9,un policier r\u00e9trograd\u00e9 pour faits de corruption... - R\u00e9veil Info","robots":{"index":"noindex","follow":"follow","max-snippet":"max-snippet:-1","max-image-preview":"max-image-preview:large","max-video-preview":"max-video-preview:-1"},"og_locale":"fr_FR","og_type":"article","og_title":"Conseil des ministres : un m\u00e9decin r\u00e9voqu\u00e9,un policier r\u00e9trograd\u00e9 pour faits de corruption... - R\u00e9veil Info","og_description":"\u200eCONSEIL DES MINISTRES DU JEUDI 26 F\u00c9VRIER 2026 \u200e\u200e- Adoption d\u2019une ordonnance portant avancement pour","og_url":"https:\/\/reveil-info.net\/?p=45199","og_site_name":"R\u00e9veil Info","article_published_time":"2026-02-26T14:52:37+00:00","article_modified_time":"2026-02-26T14:54:43+00:00","og_image":[{"width":2560,"height":1992,"url":"https:\/\/reveil-info.net\/wp-content\/uploads\/2026\/02\/IMG-20260226-WA0020-1-scaled.jpg","type":"image\/jpeg"}],"author":"R\u00e9veil info","twitter_card":"summary_large_image","twitter_misc":{"\u00c9crit par":"R\u00e9veil info","Dur\u00e9e de lecture estim\u00e9e":"3 minutes"},"schema":{"@context":"https:\/\/schema.org","@graph":[{"@type":"Article","@id":"https:\/\/reveil-info.net\/?p=45199#article","isPartOf":{"@id":"https:\/\/reveil-info.net\/?p=45199"},"author":{"name":"R\u00e9veil info","@id":"https:\/\/reveil-info.net\/#\/schema\/person\/ca0cc8e70088e0a2b5e92556c1ee60f5"},"headline":"Conseil des ministres : un m\u00e9decin r\u00e9voqu\u00e9,un policier r\u00e9trograd\u00e9 pour faits de corruption&#8230;","datePublished":"2026-02-26T14:52:37+00:00","dateModified":"2026-02-26T14:54:43+00:00","mainEntityOfPage":{"@id":"https:\/\/reveil-info.net\/?p=45199"},"wordCount":515,"commentCount":0,"publisher":{"@id":"https:\/\/reveil-info.net\/#organization"},"image":{"@id":"https:\/\/reveil-info.net\/?p=45199#primaryimage"},"thumbnailUrl":"https:\/\/reveil-info.net\/wp-content\/uploads\/2026\/02\/IMG-20260226-WA0020-1-scaled.jpg","articleSection":["Actualit\u00e9","Annonces-Communiqu\u00e9s"],"inLanguage":"fr-FR","potentialAction":[{"@type":"CommentAction","name":"Comment","target":["https:\/\/reveil-info.net\/?p=45199#respond"]}]},{"@type":"WebPage","@id":"https:\/\/reveil-info.net\/?p=45199","url":"https:\/\/reveil-info.net\/?p=45199","name":"Conseil des ministres : un m\u00e9decin r\u00e9voqu\u00e9,un policier r\u00e9trograd\u00e9 pour faits de corruption... - R\u00e9veil Info","isPartOf":{"@id":"https:\/\/reveil-info.net\/#website"},"primaryImageOfPage":{"@id":"https:\/\/reveil-info.net\/?p=45199#primaryimage"},"image":{"@id":"https:\/\/reveil-info.net\/?p=45199#primaryimage"},"thumbnailUrl":"https:\/\/reveil-info.net\/wp-content\/uploads\/2026\/02\/IMG-20260226-WA0020-1-scaled.jpg","datePublished":"2026-02-26T14:52:37+00:00","dateModified":"2026-02-26T14:54:43+00:00","breadcrumb":{"@id":"https:\/\/reveil-info.net\/?p=45199#breadcrumb"},"inLanguage":"fr-FR","potentialAction":[{"@type":"ReadAction","target":["https:\/\/reveil-info.net\/?p=45199"]}]},{"@type":"ImageObject","inLanguage":"fr-FR","@id":"https:\/\/reveil-info.net\/?p=45199#primaryimage","url":"https:\/\/reveil-info.net\/wp-content\/uploads\/2026\/02\/IMG-20260226-WA0020-1-scaled.jpg","contentUrl":"https:\/\/reveil-info.net\/wp-content\/uploads\/2026\/02\/IMG-20260226-WA0020-1-scaled.jpg","width":2560,"height":1992},{"@type":"BreadcrumbList","@id":"https:\/\/reveil-info.net\/?p=45199#breadcrumb","itemListElement":[{"@type":"ListItem","position":1,"name":"Home","item":"https:\/\/reveil-info.net\/"},{"@type":"ListItem","position":2,"name":"Conseil des ministres : un m\u00e9decin r\u00e9voqu\u00e9,un policier r\u00e9trograd\u00e9 pour faits de corruption&#8230;"}]},{"@type":"WebSite","@id":"https:\/\/reveil-info.net\/#website","url":"https:\/\/reveil-info.net\/","name":"R\u00e9veil Info","description":"Le devoir d&#039;informer!","publisher":{"@id":"https:\/\/reveil-info.net\/#organization"},"potentialAction":[{"@type":"SearchAction","target":{"@type":"EntryPoint","urlTemplate":"https:\/\/reveil-info.net\/?s={search_term_string}"},"query-input":{"@type":"PropertyValueSpecification","valueRequired":true,"valueName":"search_term_string"}}],"inLanguage":"fr-FR"},{"@type":"Organization","@id":"https:\/\/reveil-info.net\/#organization","name":"R\u00e9veil Info","url":"https:\/\/reveil-info.net\/","logo":{"@type":"ImageObject","inLanguage":"fr-FR","@id":"https:\/\/reveil-info.net\/#\/schema\/logo\/image\/","url":"https:\/\/reveil-info.net\/wp-content\/uploads\/2024\/07\/bnddd1.jpg","contentUrl":"https:\/\/reveil-info.net\/wp-content\/uploads\/2024\/07\/bnddd1.jpg","width":903,"height":125,"caption":"R\u00e9veil Info"},"image":{"@id":"https:\/\/reveil-info.net\/#\/schema\/logo\/image\/"}},{"@type":"Person","@id":"https:\/\/reveil-info.net\/#\/schema\/person\/ca0cc8e70088e0a2b5e92556c1ee60f5","name":"R\u00e9veil info","image":{"@type":"ImageObject","inLanguage":"fr-FR","@id":"https:\/\/secure.gravatar.com\/avatar\/e4ad5bb743c8b6cb174d9df6c7d30a8a16f6889731241345fc6444e6485f02af?s=96&d=mm&r=g","url":"https:\/\/secure.gravatar.com\/avatar\/e4ad5bb743c8b6cb174d9df6c7d30a8a16f6889731241345fc6444e6485f02af?s=96&d=mm&r=g","contentUrl":"https:\/\/secure.gravatar.com\/avatar\/e4ad5bb743c8b6cb174d9df6c7d30a8a16f6889731241345fc6444e6485f02af?s=96&d=mm&r=g","caption":"R\u00e9veil info"},"sameAs":["https:\/\/reveil-info.net"],"url":"https:\/\/reveil-info.net\/?author=1"}]}},"jetpack_featured_media_url":"","featured_image_urls":{"full":"","thumbnail":"","medium":"","medium_large":"","large":"","1536x1536":"","2048x2048":"","chromenews-featured":"","chromenews-large":"","chromenews-medium":""},"author_info":{"display_name":"R\u00e9veil info","author_link":"https:\/\/reveil-info.net\/?author=1"},"category_info":"<a href=\"https:\/\/reveil-info.net\/?cat=2\" rel=\"category\">Actualit\u00e9<\/a> <a href=\"https:\/\/reveil-info.net\/?cat=3\" rel=\"category\">Annonces-Communiqu\u00e9s<\/a>","tag_info":"Annonces-Communiqu\u00e9s","comment_count":"0","_links":{"self":[{"href":"https:\/\/reveil-info.net\/index.php?rest_route=\/wp\/v2\/posts\/45199","targetHints":{"allow":["GET"]}}],"collection":[{"href":"https:\/\/reveil-info.net\/index.php?rest_route=\/wp\/v2\/posts"}],"about":[{"href":"https:\/\/reveil-info.net\/index.php?rest_route=\/wp\/v2\/types\/post"}],"author":[{"embeddable":true,"href":"https:\/\/reveil-info.net\/index.php?rest_route=\/wp\/v2\/users\/1"}],"replies":[{"embeddable":true,"href":"https:\/\/reveil-info.net\/index.php?rest_route=%2Fwp%2Fv2%2Fcomments&post=45199"}],"version-history":[{"count":5,"href":"https:\/\/reveil-info.net\/index.php?rest_route=\/wp\/v2\/posts\/45199\/revisions"}],"predecessor-version":[{"id":45205,"href":"https:\/\/reveil-info.net\/index.php?rest_route=\/wp\/v2\/posts\/45199\/revisions\/45205"}],"wp:attachment":[{"href":"https:\/\/reveil-info.net\/index.php?rest_route=%2Fwp%2Fv2%2Fmedia&parent=45199"}],"wp:term":[{"taxonomy":"category","embeddable":true,"href":"https:\/\/reveil-info.net\/index.php?rest_route=%2Fwp%2Fv2%2Fcategories&post=45199"},{"taxonomy":"post_tag","embeddable":true,"href":"https:\/\/reveil-info.net\/index.php?rest_route=%2Fwp%2Fv2%2Ftags&post=45199"}],"curies":[{"name":"wp","href":"https:\/\/api.w.org\/{rel}","templated":true}]}}