{"id":45191,"date":"2026-02-26T13:03:30","date_gmt":"2026-02-26T13:03:30","guid":{"rendered":"https:\/\/reveil-info.net\/?p=45191"},"modified":"2026-02-26T13:03:30","modified_gmt":"2026-02-26T13:03:30","slug":"news-de-la-diaspora-mariage-a-lambassade-du-burkina-faso-au-senegal","status":"publish","type":"post","link":"https:\/\/reveil-info.net\/?p=45191","title":{"rendered":"News de la diaspora : Mariage \u00e0 l&rsquo;ambassade du Burkina Faso au S\u00e9n\u00e9gal"},"content":{"rendered":"<p>Dakar, 26 f\u00e9vrier 2026<\/p>\n<p>Carnet rose \u00e0 la Chancellerie<\/p>\n<p><img loading=\"lazy\" decoding=\"async\" class=\"alignnone size-full wp-image-45193\" src=\"https:\/\/reveil-info.net\/wp-content\/uploads\/2026\/02\/1772110769405.jpg\" alt=\"\" width=\"720\" height=\"477\" srcset=\"https:\/\/reveil-info.net\/wp-content\/uploads\/2026\/02\/1772110769405.jpg 720w, https:\/\/reveil-info.net\/wp-content\/uploads\/2026\/02\/1772110769405-300x199.jpg 300w\" sizes=\"auto, (max-width: 720px) 100vw, 720px\" \/><\/p>\n<p><img loading=\"lazy\" decoding=\"async\" class=\"alignnone size-full wp-image-45194\" src=\"https:\/\/reveil-info.net\/wp-content\/uploads\/2026\/02\/1772110778445.jpg\" alt=\"\" width=\"675\" height=\"1200\" srcset=\"https:\/\/reveil-info.net\/wp-content\/uploads\/2026\/02\/1772110778445.jpg 675w, https:\/\/reveil-info.net\/wp-content\/uploads\/2026\/02\/1772110778445-169x300.jpg 169w, https:\/\/reveil-info.net\/wp-content\/uploads\/2026\/02\/1772110778445-576x1024.jpg 576w\" sizes=\"auto, (max-width: 675px) 100vw, 675px\" \/><\/p>\n<p>Dans la matin\u00e9e du jeudi 26 f\u00e9vrier 2026, l&rsquo;Ambassade du Burkina Faso au S\u00e9n\u00e9gal a accueilli la c\u00e9l\u00e9bration du mariage unissant Monsieur NAMA Roland \u00e0 Mademoiselle CASTILLEJOS GALLEGO Laura.<\/p>\n<p><img loading=\"lazy\" decoding=\"async\" class=\"alignnone size-full wp-image-45196\" src=\"https:\/\/reveil-info.net\/wp-content\/uploads\/2026\/02\/1772110813491.jpg\" alt=\"\" width=\"720\" height=\"960\" srcset=\"https:\/\/reveil-info.net\/wp-content\/uploads\/2026\/02\/1772110813491.jpg 720w, https:\/\/reveil-info.net\/wp-content\/uploads\/2026\/02\/1772110813491-225x300.jpg 225w\" sizes=\"auto, (max-width: 720px) 100vw, 720px\" \/><\/p>\n<p>Les consentements ont \u00e9t\u00e9 \u00e9chang\u00e9s devant Sa\u00efdou MA\u00cfGA, Ambassadeur du Burkina Faso au S\u00e9n\u00e9gal et Officier de l\u2019\u00c9tat civil, dans une atmosph\u00e8re empreinte d\u2019\u00e9motion et de solennit\u00e9.<br \/>\nDans son allocution, Son Excellence a rappel\u00e9 la port\u00e9e symbolique et sacr\u00e9e du mariage, invitant les nouveaux \u00e9poux \u00e0 fonder leur union sur le dialogue, la confiance, la fid\u00e9lit\u00e9 et la solidarit\u00e9.<\/p>\n<p>Au nom de l\u2019Ambassade, il a adress\u00e9 ses v\u0153ux les plus sinc\u00e8res de bonheur et de long\u00e9vit\u00e9 au couple.<\/p>\n<p>Heureux m\u00e9nage aux nouveaux mari\u00e9s<\/p>\n<p>Source : ambassade du Burkina Faso au S\u00e9n\u00e9gal<\/p>\n","protected":false},"excerpt":{"rendered":"<p>Dakar, 26 f\u00e9vrier 2026 Carnet rose \u00e0 la Chancellerie Dans la matin\u00e9e du jeudi 26<\/p>\n","protected":false},"author":1,"featured_media":0,"comment_status":"open","ping_status":"open","sticky":false,"template":"","format":"standard","meta":{"footnotes":""},"categories":[41],"tags":[],"class_list":["post-45191","post","type-post","status-publish","format-standard","hentry","category-news-de-la-diaspora"],"yoast_head":"<!-- This site is optimized with the Yoast SEO plugin v27.5 - https:\/\/yoast.com\/product\/yoast-seo-wordpress\/ -->\n<title>News de la diaspora : Mariage \u00e0 l&#039;ambassade du Burkina Faso au S\u00e9n\u00e9gal - R\u00e9veil Info<\/title>\n<meta name=\"robots\" content=\"noindex, follow, max-snippet:-1, max-image-preview:large, max-video-preview:-1\" \/>\n<meta property=\"og:locale\" content=\"fr_FR\" \/>\n<meta property=\"og:type\" content=\"article\" \/>\n<meta property=\"og:title\" content=\"News de la diaspora : Mariage \u00e0 l&#039;ambassade du Burkina Faso au S\u00e9n\u00e9gal - R\u00e9veil Info\" \/>\n<meta property=\"og:description\" content=\"Dakar, 26 f\u00e9vrier 2026 Carnet rose \u00e0 la Chancellerie Dans la matin\u00e9e du jeudi 26\" \/>\n<meta property=\"og:url\" content=\"https:\/\/reveil-info.net\/?p=45191\" \/>\n<meta property=\"og:site_name\" content=\"R\u00e9veil Info\" \/>\n<meta property=\"article:published_time\" content=\"2026-02-26T13:03:30+00:00\" \/>\n<meta property=\"og:image\" content=\"https:\/\/reveil-info.net\/wp-content\/uploads\/2026\/02\/1772110769405.jpg\" \/>\n\t<meta property=\"og:image:width\" content=\"720\" \/>\n\t<meta property=\"og:image:height\" content=\"477\" \/>\n\t<meta property=\"og:image:type\" content=\"image\/jpeg\" \/>\n<meta name=\"author\" content=\"R\u00e9veil info\" \/>\n<meta name=\"twitter:card\" content=\"summary_large_image\" \/>\n<meta name=\"twitter:label1\" content=\"\u00c9crit par\" \/>\n\t<meta name=\"twitter:data1\" content=\"R\u00e9veil info\" \/>\n\t<meta name=\"twitter:label2\" content=\"Dur\u00e9e de lecture estim\u00e9e\" \/>\n\t<meta name=\"twitter:data2\" content=\"2 minutes\" \/>\n<script type=\"application\/ld+json\" class=\"yoast-schema-graph\">{\"@context\":\"https:\\\/\\\/schema.org\",\"@graph\":[{\"@type\":\"Article\",\"@id\":\"https:\\\/\\\/reveil-info.net\\\/?p=45191#article\",\"isPartOf\":{\"@id\":\"https:\\\/\\\/reveil-info.net\\\/?p=45191\"},\"author\":{\"name\":\"R\u00e9veil info\",\"@id\":\"https:\\\/\\\/reveil-info.net\\\/#\\\/schema\\\/person\\\/ca0cc8e70088e0a2b5e92556c1ee60f5\"},\"headline\":\"News de la diaspora : Mariage \u00e0 l&rsquo;ambassade du Burkina Faso au S\u00e9n\u00e9gal\",\"datePublished\":\"2026-02-26T13:03:30+00:00\",\"mainEntityOfPage\":{\"@id\":\"https:\\\/\\\/reveil-info.net\\\/?p=45191\"},\"wordCount\":162,\"commentCount\":0,\"publisher\":{\"@id\":\"https:\\\/\\\/reveil-info.net\\\/#organization\"},\"image\":{\"@id\":\"https:\\\/\\\/reveil-info.net\\\/?p=45191#primaryimage\"},\"thumbnailUrl\":\"https:\\\/\\\/reveil-info.net\\\/wp-content\\\/uploads\\\/2026\\\/02\\\/1772110769405.jpg\",\"articleSection\":[\"NEWS DE LA DIASPORA\"],\"inLanguage\":\"fr-FR\",\"potentialAction\":[{\"@type\":\"CommentAction\",\"name\":\"Comment\",\"target\":[\"https:\\\/\\\/reveil-info.net\\\/?p=45191#respond\"]}]},{\"@type\":\"WebPage\",\"@id\":\"https:\\\/\\\/reveil-info.net\\\/?p=45191\",\"url\":\"https:\\\/\\\/reveil-info.net\\\/?p=45191\",\"name\":\"News de la diaspora : Mariage \u00e0 l'ambassade du Burkina Faso au S\u00e9n\u00e9gal - R\u00e9veil Info\",\"isPartOf\":{\"@id\":\"https:\\\/\\\/reveil-info.net\\\/#website\"},\"primaryImageOfPage\":{\"@id\":\"https:\\\/\\\/reveil-info.net\\\/?p=45191#primaryimage\"},\"image\":{\"@id\":\"https:\\\/\\\/reveil-info.net\\\/?p=45191#primaryimage\"},\"thumbnailUrl\":\"https:\\\/\\\/reveil-info.net\\\/wp-content\\\/uploads\\\/2026\\\/02\\\/1772110769405.jpg\",\"datePublished\":\"2026-02-26T13:03:30+00:00\",\"breadcrumb\":{\"@id\":\"https:\\\/\\\/reveil-info.net\\\/?p=45191#breadcrumb\"},\"inLanguage\":\"fr-FR\",\"potentialAction\":[{\"@type\":\"ReadAction\",\"target\":[\"https:\\\/\\\/reveil-info.net\\\/?p=45191\"]}]},{\"@type\":\"ImageObject\",\"inLanguage\":\"fr-FR\",\"@id\":\"https:\\\/\\\/reveil-info.net\\\/?p=45191#primaryimage\",\"url\":\"https:\\\/\\\/reveil-info.net\\\/wp-content\\\/uploads\\\/2026\\\/02\\\/1772110769405.jpg\",\"contentUrl\":\"https:\\\/\\\/reveil-info.net\\\/wp-content\\\/uploads\\\/2026\\\/02\\\/1772110769405.jpg\",\"width\":720,\"height\":477},{\"@type\":\"BreadcrumbList\",\"@id\":\"https:\\\/\\\/reveil-info.net\\\/?p=45191#breadcrumb\",\"itemListElement\":[{\"@type\":\"ListItem\",\"position\":1,\"name\":\"Home\",\"item\":\"https:\\\/\\\/reveil-info.net\\\/\"},{\"@type\":\"ListItem\",\"position\":2,\"name\":\"News de la diaspora : Mariage \u00e0 l&rsquo;ambassade du Burkina Faso au S\u00e9n\u00e9gal\"}]},{\"@type\":\"WebSite\",\"@id\":\"https:\\\/\\\/reveil-info.net\\\/#website\",\"url\":\"https:\\\/\\\/reveil-info.net\\\/\",\"name\":\"R\u00e9veil Info\",\"description\":\"Le devoir d&#039;informer!\",\"publisher\":{\"@id\":\"https:\\\/\\\/reveil-info.net\\\/#organization\"},\"potentialAction\":[{\"@type\":\"SearchAction\",\"target\":{\"@type\":\"EntryPoint\",\"urlTemplate\":\"https:\\\/\\\/reveil-info.net\\\/?s={search_term_string}\"},\"query-input\":{\"@type\":\"PropertyValueSpecification\",\"valueRequired\":true,\"valueName\":\"search_term_string\"}}],\"inLanguage\":\"fr-FR\"},{\"@type\":\"Organization\",\"@id\":\"https:\\\/\\\/reveil-info.net\\\/#organization\",\"name\":\"R\u00e9veil Info\",\"url\":\"https:\\\/\\\/reveil-info.net\\\/\",\"logo\":{\"@type\":\"ImageObject\",\"inLanguage\":\"fr-FR\",\"@id\":\"https:\\\/\\\/reveil-info.net\\\/#\\\/schema\\\/logo\\\/image\\\/\",\"url\":\"https:\\\/\\\/reveil-info.net\\\/wp-content\\\/uploads\\\/2024\\\/07\\\/bnddd1.jpg\",\"contentUrl\":\"https:\\\/\\\/reveil-info.net\\\/wp-content\\\/uploads\\\/2024\\\/07\\\/bnddd1.jpg\",\"width\":903,\"height\":125,\"caption\":\"R\u00e9veil Info\"},\"image\":{\"@id\":\"https:\\\/\\\/reveil-info.net\\\/#\\\/schema\\\/logo\\\/image\\\/\"}},{\"@type\":\"Person\",\"@id\":\"https:\\\/\\\/reveil-info.net\\\/#\\\/schema\\\/person\\\/ca0cc8e70088e0a2b5e92556c1ee60f5\",\"name\":\"R\u00e9veil info\",\"image\":{\"@type\":\"ImageObject\",\"inLanguage\":\"fr-FR\",\"@id\":\"https:\\\/\\\/secure.gravatar.com\\\/avatar\\\/e4ad5bb743c8b6cb174d9df6c7d30a8a16f6889731241345fc6444e6485f02af?s=96&d=mm&r=g\",\"url\":\"https:\\\/\\\/secure.gravatar.com\\\/avatar\\\/e4ad5bb743c8b6cb174d9df6c7d30a8a16f6889731241345fc6444e6485f02af?s=96&d=mm&r=g\",\"contentUrl\":\"https:\\\/\\\/secure.gravatar.com\\\/avatar\\\/e4ad5bb743c8b6cb174d9df6c7d30a8a16f6889731241345fc6444e6485f02af?s=96&d=mm&r=g\",\"caption\":\"R\u00e9veil info\"},\"sameAs\":[\"https:\\\/\\\/reveil-info.net\"],\"url\":\"https:\\\/\\\/reveil-info.net\\\/?author=1\"}]}<\/script>\n<!-- \/ Yoast SEO plugin. -->","yoast_head_json":{"title":"News de la diaspora : Mariage \u00e0 l'ambassade du Burkina Faso au S\u00e9n\u00e9gal - R\u00e9veil Info","robots":{"index":"noindex","follow":"follow","max-snippet":"max-snippet:-1","max-image-preview":"max-image-preview:large","max-video-preview":"max-video-preview:-1"},"og_locale":"fr_FR","og_type":"article","og_title":"News de la diaspora : Mariage \u00e0 l'ambassade du Burkina Faso au S\u00e9n\u00e9gal - R\u00e9veil Info","og_description":"Dakar, 26 f\u00e9vrier 2026 Carnet rose \u00e0 la Chancellerie Dans la matin\u00e9e du jeudi 26","og_url":"https:\/\/reveil-info.net\/?p=45191","og_site_name":"R\u00e9veil Info","article_published_time":"2026-02-26T13:03:30+00:00","og_image":[{"width":720,"height":477,"url":"https:\/\/reveil-info.net\/wp-content\/uploads\/2026\/02\/1772110769405.jpg","type":"image\/jpeg"}],"author":"R\u00e9veil info","twitter_card":"summary_large_image","twitter_misc":{"\u00c9crit par":"R\u00e9veil info","Dur\u00e9e de lecture estim\u00e9e":"2 minutes"},"schema":{"@context":"https:\/\/schema.org","@graph":[{"@type":"Article","@id":"https:\/\/reveil-info.net\/?p=45191#article","isPartOf":{"@id":"https:\/\/reveil-info.net\/?p=45191"},"author":{"name":"R\u00e9veil info","@id":"https:\/\/reveil-info.net\/#\/schema\/person\/ca0cc8e70088e0a2b5e92556c1ee60f5"},"headline":"News de la diaspora : Mariage \u00e0 l&rsquo;ambassade du Burkina Faso au S\u00e9n\u00e9gal","datePublished":"2026-02-26T13:03:30+00:00","mainEntityOfPage":{"@id":"https:\/\/reveil-info.net\/?p=45191"},"wordCount":162,"commentCount":0,"publisher":{"@id":"https:\/\/reveil-info.net\/#organization"},"image":{"@id":"https:\/\/reveil-info.net\/?p=45191#primaryimage"},"thumbnailUrl":"https:\/\/reveil-info.net\/wp-content\/uploads\/2026\/02\/1772110769405.jpg","articleSection":["NEWS DE LA DIASPORA"],"inLanguage":"fr-FR","potentialAction":[{"@type":"CommentAction","name":"Comment","target":["https:\/\/reveil-info.net\/?p=45191#respond"]}]},{"@type":"WebPage","@id":"https:\/\/reveil-info.net\/?p=45191","url":"https:\/\/reveil-info.net\/?p=45191","name":"News de la diaspora : Mariage \u00e0 l'ambassade du Burkina Faso au S\u00e9n\u00e9gal - R\u00e9veil Info","isPartOf":{"@id":"https:\/\/reveil-info.net\/#website"},"primaryImageOfPage":{"@id":"https:\/\/reveil-info.net\/?p=45191#primaryimage"},"image":{"@id":"https:\/\/reveil-info.net\/?p=45191#primaryimage"},"thumbnailUrl":"https:\/\/reveil-info.net\/wp-content\/uploads\/2026\/02\/1772110769405.jpg","datePublished":"2026-02-26T13:03:30+00:00","breadcrumb":{"@id":"https:\/\/reveil-info.net\/?p=45191#breadcrumb"},"inLanguage":"fr-FR","potentialAction":[{"@type":"ReadAction","target":["https:\/\/reveil-info.net\/?p=45191"]}]},{"@type":"ImageObject","inLanguage":"fr-FR","@id":"https:\/\/reveil-info.net\/?p=45191#primaryimage","url":"https:\/\/reveil-info.net\/wp-content\/uploads\/2026\/02\/1772110769405.jpg","contentUrl":"https:\/\/reveil-info.net\/wp-content\/uploads\/2026\/02\/1772110769405.jpg","width":720,"height":477},{"@type":"BreadcrumbList","@id":"https:\/\/reveil-info.net\/?p=45191#breadcrumb","itemListElement":[{"@type":"ListItem","position":1,"name":"Home","item":"https:\/\/reveil-info.net\/"},{"@type":"ListItem","position":2,"name":"News de la diaspora : Mariage \u00e0 l&rsquo;ambassade du Burkina Faso au S\u00e9n\u00e9gal"}]},{"@type":"WebSite","@id":"https:\/\/reveil-info.net\/#website","url":"https:\/\/reveil-info.net\/","name":"R\u00e9veil Info","description":"Le devoir d&#039;informer!","publisher":{"@id":"https:\/\/reveil-info.net\/#organization"},"potentialAction":[{"@type":"SearchAction","target":{"@type":"EntryPoint","urlTemplate":"https:\/\/reveil-info.net\/?s={search_term_string}"},"query-input":{"@type":"PropertyValueSpecification","valueRequired":true,"valueName":"search_term_string"}}],"inLanguage":"fr-FR"},{"@type":"Organization","@id":"https:\/\/reveil-info.net\/#organization","name":"R\u00e9veil Info","url":"https:\/\/reveil-info.net\/","logo":{"@type":"ImageObject","inLanguage":"fr-FR","@id":"https:\/\/reveil-info.net\/#\/schema\/logo\/image\/","url":"https:\/\/reveil-info.net\/wp-content\/uploads\/2024\/07\/bnddd1.jpg","contentUrl":"https:\/\/reveil-info.net\/wp-content\/uploads\/2024\/07\/bnddd1.jpg","width":903,"height":125,"caption":"R\u00e9veil Info"},"image":{"@id":"https:\/\/reveil-info.net\/#\/schema\/logo\/image\/"}},{"@type":"Person","@id":"https:\/\/reveil-info.net\/#\/schema\/person\/ca0cc8e70088e0a2b5e92556c1ee60f5","name":"R\u00e9veil info","image":{"@type":"ImageObject","inLanguage":"fr-FR","@id":"https:\/\/secure.gravatar.com\/avatar\/e4ad5bb743c8b6cb174d9df6c7d30a8a16f6889731241345fc6444e6485f02af?s=96&d=mm&r=g","url":"https:\/\/secure.gravatar.com\/avatar\/e4ad5bb743c8b6cb174d9df6c7d30a8a16f6889731241345fc6444e6485f02af?s=96&d=mm&r=g","contentUrl":"https:\/\/secure.gravatar.com\/avatar\/e4ad5bb743c8b6cb174d9df6c7d30a8a16f6889731241345fc6444e6485f02af?s=96&d=mm&r=g","caption":"R\u00e9veil info"},"sameAs":["https:\/\/reveil-info.net"],"url":"https:\/\/reveil-info.net\/?author=1"}]}},"jetpack_featured_media_url":"","featured_image_urls":{"full":"","thumbnail":"","medium":"","medium_large":"","large":"","1536x1536":"","2048x2048":"","chromenews-featured":"","chromenews-large":"","chromenews-medium":""},"author_info":{"display_name":"R\u00e9veil info","author_link":"https:\/\/reveil-info.net\/?author=1"},"category_info":"<a href=\"https:\/\/reveil-info.net\/?cat=41\" rel=\"category\">NEWS DE LA DIASPORA<\/a>","tag_info":"NEWS DE LA DIASPORA","comment_count":"0","_links":{"self":[{"href":"https:\/\/reveil-info.net\/index.php?rest_route=\/wp\/v2\/posts\/45191","targetHints":{"allow":["GET"]}}],"collection":[{"href":"https:\/\/reveil-info.net\/index.php?rest_route=\/wp\/v2\/posts"}],"about":[{"href":"https:\/\/reveil-info.net\/index.php?rest_route=\/wp\/v2\/types\/post"}],"author":[{"embeddable":true,"href":"https:\/\/reveil-info.net\/index.php?rest_route=\/wp\/v2\/users\/1"}],"replies":[{"embeddable":true,"href":"https:\/\/reveil-info.net\/index.php?rest_route=%2Fwp%2Fv2%2Fcomments&post=45191"}],"version-history":[{"count":3,"href":"https:\/\/reveil-info.net\/index.php?rest_route=\/wp\/v2\/posts\/45191\/revisions"}],"predecessor-version":[{"id":45197,"href":"https:\/\/reveil-info.net\/index.php?rest_route=\/wp\/v2\/posts\/45191\/revisions\/45197"}],"wp:attachment":[{"href":"https:\/\/reveil-info.net\/index.php?rest_route=%2Fwp%2Fv2%2Fmedia&parent=45191"}],"wp:term":[{"taxonomy":"category","embeddable":true,"href":"https:\/\/reveil-info.net\/index.php?rest_route=%2Fwp%2Fv2%2Fcategories&post=45191"},{"taxonomy":"post_tag","embeddable":true,"href":"https:\/\/reveil-info.net\/index.php?rest_route=%2Fwp%2Fv2%2Ftags&post=45191"}],"curies":[{"name":"wp","href":"https:\/\/api.w.org\/{rel}","templated":true}]}}