{"id":45127,"date":"2026-02-25T20:41:34","date_gmt":"2026-02-25T20:41:34","guid":{"rendered":"https:\/\/reveil-info.net\/?p=45127"},"modified":"2026-02-25T20:41:34","modified_gmt":"2026-02-25T20:41:34","slug":"reunion-des-ministres-de-la-confederation-aes-arrivee-des-delegations-du-mali-et-du-niger","status":"publish","type":"post","link":"https:\/\/reveil-info.net\/?p=45127","title":{"rendered":"R\u00e9union des ministres de la conf\u00e9d\u00e9ration AES: arriv\u00e9e des d\u00e9l\u00e9gations du mali et du niger"},"content":{"rendered":"<p>R\u00e9union des ministres de la Conf\u00e9d\u00e9ration AES sur la feuille de route de l\u2019AN II : arriv\u00e9e des d\u00e9l\u00e9gations malienne et nig\u00e9rienne \u00e0 Ouagadougou<\/p>\n<p><img loading=\"lazy\" decoding=\"async\" class=\"alignnone size-full wp-image-45129\" src=\"https:\/\/reveil-info.net\/wp-content\/uploads\/2026\/02\/1772051852649.jpg\" alt=\"\" width=\"720\" height=\"458\" srcset=\"https:\/\/reveil-info.net\/wp-content\/uploads\/2026\/02\/1772051852649.jpg 720w, https:\/\/reveil-info.net\/wp-content\/uploads\/2026\/02\/1772051852649-300x191.jpg 300w\" sizes=\"auto, (max-width: 720px) 100vw, 720px\" \/><\/p>\n<p><img loading=\"lazy\" decoding=\"async\" class=\"alignnone size-full wp-image-45130\" src=\"https:\/\/reveil-info.net\/wp-content\/uploads\/2026\/02\/1772051862351.jpg\" alt=\"\" width=\"720\" height=\"480\" srcset=\"https:\/\/reveil-info.net\/wp-content\/uploads\/2026\/02\/1772051862351.jpg 720w, https:\/\/reveil-info.net\/wp-content\/uploads\/2026\/02\/1772051862351-300x200.jpg 300w\" sizes=\"auto, (max-width: 720px) 100vw, 720px\" \/><\/p>\n<p>(Ouagadougou, le 25 f\u00e9vrier 2026)<\/p>\n<p>Deux d\u00e9l\u00e9gations minist\u00e9rielles venues du Mali et du Niger ont foul\u00e9 cet apr\u00e8s-midi du 25 f\u00e9vrier 2026, le tarmac de la base a\u00e9rienne de Ouagadougou.<\/p>\n<p>Arriv\u00e9e en premier, la d\u00e9l\u00e9gation malienne, conduite par le ministre d\u2019Etat, ministre de la D\u00e9fense et des Anciens Combattants, le G\u00e9n\u00e9ral du Corps d\u2019Arm\u00e9e Sadio CAMARA, a \u00e9t\u00e9 accueillie \u00e0 sa descente d\u2019avion par le ministre d\u2019Etat, ministre de la Guerre et de la D\u00e9fense patriotique.<\/p>\n<p><img loading=\"lazy\" decoding=\"async\" class=\"alignnone size-full wp-image-45132\" src=\"https:\/\/reveil-info.net\/wp-content\/uploads\/2026\/02\/1772051859045.jpg\" alt=\"\" width=\"720\" height=\"524\" srcset=\"https:\/\/reveil-info.net\/wp-content\/uploads\/2026\/02\/1772051859045.jpg 720w, https:\/\/reveil-info.net\/wp-content\/uploads\/2026\/02\/1772051859045-300x218.jpg 300w\" sizes=\"auto, (max-width: 720px) 100vw, 720px\" \/><\/p>\n<p>Le G\u00e9n\u00e9ral de Division C\u00e9lestin SIMPORE \u00e9tait accompagn\u00e9 du Pr\u00e9sident de la Commission nationale AES Monsieur Bassolma BAZIE ; du ministre des Affaires \u00e9trang\u00e8res, SEM Karamoko Jean Marie TRAORE ; du ministre charg\u00e9 du Commerce, Monsieur Serge Gnaniodem PODA et du ministre d\u00e9l\u00e9gu\u00e9 Madame B\u00eabgnasgnan Stella Eldine KABRE\/KABORE.<\/p>\n<p>Quelques minutes plus tard, les deux d\u00e9l\u00e9gations burkinab\u00e8 et malienne ont dress\u00e9 la haie d\u2019honneur pour accueillir ensemble, leurs fr\u00e8res du Niger avec \u00e0 leurs t\u00eates le ministre d\u2019Etat, ministre de la D\u00e9fense nationale, le G\u00e9n\u00e9ral d\u2019Arm\u00e9e Salifou MODY.<\/p>\n<p><img loading=\"lazy\" decoding=\"async\" class=\"alignnone size-full wp-image-45133\" src=\"https:\/\/reveil-info.net\/wp-content\/uploads\/2026\/02\/1772051866207.jpg\" alt=\"\" width=\"720\" height=\"479\" srcset=\"https:\/\/reveil-info.net\/wp-content\/uploads\/2026\/02\/1772051866207.jpg 720w, https:\/\/reveil-info.net\/wp-content\/uploads\/2026\/02\/1772051866207-300x200.jpg 300w\" sizes=\"auto, (max-width: 720px) 100vw, 720px\" \/><\/p>\n<p>Aux c\u00f4t\u00e9s de leurs homologues du Burkina Faso, les ministres vont examiner et valider ce jeudi 26 f\u00e9vrier 2026, les conclusions des travaux des hauts fonctionnaires des trois piliers de la Conf\u00e9d\u00e9ration des Etats du Sahel portant sur la feuille de route de l\u2019AN II de l\u2019AES.<\/p>\n<p>En plus des ministres charg\u00e9s de la d\u00e9fense nationale, les deux d\u00e9l\u00e9gations sont compos\u00e9es des ministres charg\u00e9s de la diplomatie, des ministres en charge du commerce et des ministres charg\u00e9s des infrastructures.<\/p>\n<p>DCRP\/MAE<\/p>\n<p>Reveil-info<\/p>\n","protected":false},"excerpt":{"rendered":"<p>R\u00e9union des ministres de la Conf\u00e9d\u00e9ration AES sur la feuille de route de l\u2019AN II<\/p>\n","protected":false},"author":1,"featured_media":0,"comment_status":"open","ping_status":"open","sticky":false,"template":"","format":"standard","meta":{"footnotes":""},"categories":[2,47],"tags":[],"class_list":["post-45127","post","type-post","status-publish","format-standard","hentry","category-actu","category-aes"],"yoast_head":"<!-- This site is optimized with the Yoast SEO plugin v27.5 - https:\/\/yoast.com\/product\/yoast-seo-wordpress\/ -->\n<title>R\u00e9union des ministres de la conf\u00e9d\u00e9ration AES: arriv\u00e9e des d\u00e9l\u00e9gations du mali et du niger - R\u00e9veil Info<\/title>\n<meta name=\"robots\" content=\"noindex, follow, max-snippet:-1, max-image-preview:large, max-video-preview:-1\" \/>\n<meta property=\"og:locale\" content=\"fr_FR\" \/>\n<meta property=\"og:type\" content=\"article\" \/>\n<meta property=\"og:title\" content=\"R\u00e9union des ministres de la conf\u00e9d\u00e9ration AES: arriv\u00e9e des d\u00e9l\u00e9gations du mali et du niger - R\u00e9veil Info\" \/>\n<meta property=\"og:description\" content=\"R\u00e9union des ministres de la Conf\u00e9d\u00e9ration AES sur la feuille de route de l\u2019AN II\" \/>\n<meta property=\"og:url\" content=\"https:\/\/reveil-info.net\/?p=45127\" \/>\n<meta property=\"og:site_name\" content=\"R\u00e9veil Info\" \/>\n<meta property=\"article:published_time\" content=\"2026-02-25T20:41:34+00:00\" \/>\n<meta property=\"og:image\" content=\"https:\/\/reveil-info.net\/wp-content\/uploads\/2026\/02\/1772051852649.jpg\" \/>\n\t<meta property=\"og:image:width\" content=\"720\" \/>\n\t<meta property=\"og:image:height\" content=\"458\" \/>\n\t<meta property=\"og:image:type\" content=\"image\/jpeg\" \/>\n<meta name=\"author\" content=\"R\u00e9veil info\" \/>\n<meta name=\"twitter:card\" content=\"summary_large_image\" \/>\n<meta name=\"twitter:label1\" content=\"\u00c9crit par\" \/>\n\t<meta name=\"twitter:data1\" content=\"R\u00e9veil info\" \/>\n\t<meta name=\"twitter:label2\" content=\"Dur\u00e9e de lecture estim\u00e9e\" \/>\n\t<meta name=\"twitter:data2\" content=\"3 minutes\" \/>\n<script type=\"application\/ld+json\" class=\"yoast-schema-graph\">{\"@context\":\"https:\\\/\\\/schema.org\",\"@graph\":[{\"@type\":\"Article\",\"@id\":\"https:\\\/\\\/reveil-info.net\\\/?p=45127#article\",\"isPartOf\":{\"@id\":\"https:\\\/\\\/reveil-info.net\\\/?p=45127\"},\"author\":{\"name\":\"R\u00e9veil info\",\"@id\":\"https:\\\/\\\/reveil-info.net\\\/#\\\/schema\\\/person\\\/ca0cc8e70088e0a2b5e92556c1ee60f5\"},\"headline\":\"R\u00e9union des ministres de la conf\u00e9d\u00e9ration AES: arriv\u00e9e des d\u00e9l\u00e9gations du mali et du niger\",\"datePublished\":\"2026-02-25T20:41:34+00:00\",\"mainEntityOfPage\":{\"@id\":\"https:\\\/\\\/reveil-info.net\\\/?p=45127\"},\"wordCount\":339,\"commentCount\":0,\"publisher\":{\"@id\":\"https:\\\/\\\/reveil-info.net\\\/#organization\"},\"image\":{\"@id\":\"https:\\\/\\\/reveil-info.net\\\/?p=45127#primaryimage\"},\"thumbnailUrl\":\"https:\\\/\\\/reveil-info.net\\\/wp-content\\\/uploads\\\/2026\\\/02\\\/1772051852649.jpg\",\"articleSection\":[\"Actualit\u00e9\",\"AES\"],\"inLanguage\":\"fr-FR\",\"potentialAction\":[{\"@type\":\"CommentAction\",\"name\":\"Comment\",\"target\":[\"https:\\\/\\\/reveil-info.net\\\/?p=45127#respond\"]}]},{\"@type\":\"WebPage\",\"@id\":\"https:\\\/\\\/reveil-info.net\\\/?p=45127\",\"url\":\"https:\\\/\\\/reveil-info.net\\\/?p=45127\",\"name\":\"R\u00e9union des ministres de la conf\u00e9d\u00e9ration AES: arriv\u00e9e des d\u00e9l\u00e9gations du mali et du niger - R\u00e9veil Info\",\"isPartOf\":{\"@id\":\"https:\\\/\\\/reveil-info.net\\\/#website\"},\"primaryImageOfPage\":{\"@id\":\"https:\\\/\\\/reveil-info.net\\\/?p=45127#primaryimage\"},\"image\":{\"@id\":\"https:\\\/\\\/reveil-info.net\\\/?p=45127#primaryimage\"},\"thumbnailUrl\":\"https:\\\/\\\/reveil-info.net\\\/wp-content\\\/uploads\\\/2026\\\/02\\\/1772051852649.jpg\",\"datePublished\":\"2026-02-25T20:41:34+00:00\",\"breadcrumb\":{\"@id\":\"https:\\\/\\\/reveil-info.net\\\/?p=45127#breadcrumb\"},\"inLanguage\":\"fr-FR\",\"potentialAction\":[{\"@type\":\"ReadAction\",\"target\":[\"https:\\\/\\\/reveil-info.net\\\/?p=45127\"]}]},{\"@type\":\"ImageObject\",\"inLanguage\":\"fr-FR\",\"@id\":\"https:\\\/\\\/reveil-info.net\\\/?p=45127#primaryimage\",\"url\":\"https:\\\/\\\/reveil-info.net\\\/wp-content\\\/uploads\\\/2026\\\/02\\\/1772051852649.jpg\",\"contentUrl\":\"https:\\\/\\\/reveil-info.net\\\/wp-content\\\/uploads\\\/2026\\\/02\\\/1772051852649.jpg\",\"width\":720,\"height\":458},{\"@type\":\"BreadcrumbList\",\"@id\":\"https:\\\/\\\/reveil-info.net\\\/?p=45127#breadcrumb\",\"itemListElement\":[{\"@type\":\"ListItem\",\"position\":1,\"name\":\"Home\",\"item\":\"https:\\\/\\\/reveil-info.net\\\/\"},{\"@type\":\"ListItem\",\"position\":2,\"name\":\"R\u00e9union des ministres de la conf\u00e9d\u00e9ration AES: arriv\u00e9e des d\u00e9l\u00e9gations du mali et du niger\"}]},{\"@type\":\"WebSite\",\"@id\":\"https:\\\/\\\/reveil-info.net\\\/#website\",\"url\":\"https:\\\/\\\/reveil-info.net\\\/\",\"name\":\"R\u00e9veil Info\",\"description\":\"Le devoir d&#039;informer!\",\"publisher\":{\"@id\":\"https:\\\/\\\/reveil-info.net\\\/#organization\"},\"potentialAction\":[{\"@type\":\"SearchAction\",\"target\":{\"@type\":\"EntryPoint\",\"urlTemplate\":\"https:\\\/\\\/reveil-info.net\\\/?s={search_term_string}\"},\"query-input\":{\"@type\":\"PropertyValueSpecification\",\"valueRequired\":true,\"valueName\":\"search_term_string\"}}],\"inLanguage\":\"fr-FR\"},{\"@type\":\"Organization\",\"@id\":\"https:\\\/\\\/reveil-info.net\\\/#organization\",\"name\":\"R\u00e9veil Info\",\"url\":\"https:\\\/\\\/reveil-info.net\\\/\",\"logo\":{\"@type\":\"ImageObject\",\"inLanguage\":\"fr-FR\",\"@id\":\"https:\\\/\\\/reveil-info.net\\\/#\\\/schema\\\/logo\\\/image\\\/\",\"url\":\"https:\\\/\\\/reveil-info.net\\\/wp-content\\\/uploads\\\/2024\\\/07\\\/bnddd1.jpg\",\"contentUrl\":\"https:\\\/\\\/reveil-info.net\\\/wp-content\\\/uploads\\\/2024\\\/07\\\/bnddd1.jpg\",\"width\":903,\"height\":125,\"caption\":\"R\u00e9veil Info\"},\"image\":{\"@id\":\"https:\\\/\\\/reveil-info.net\\\/#\\\/schema\\\/logo\\\/image\\\/\"}},{\"@type\":\"Person\",\"@id\":\"https:\\\/\\\/reveil-info.net\\\/#\\\/schema\\\/person\\\/ca0cc8e70088e0a2b5e92556c1ee60f5\",\"name\":\"R\u00e9veil info\",\"image\":{\"@type\":\"ImageObject\",\"inLanguage\":\"fr-FR\",\"@id\":\"https:\\\/\\\/secure.gravatar.com\\\/avatar\\\/e4ad5bb743c8b6cb174d9df6c7d30a8a16f6889731241345fc6444e6485f02af?s=96&d=mm&r=g\",\"url\":\"https:\\\/\\\/secure.gravatar.com\\\/avatar\\\/e4ad5bb743c8b6cb174d9df6c7d30a8a16f6889731241345fc6444e6485f02af?s=96&d=mm&r=g\",\"contentUrl\":\"https:\\\/\\\/secure.gravatar.com\\\/avatar\\\/e4ad5bb743c8b6cb174d9df6c7d30a8a16f6889731241345fc6444e6485f02af?s=96&d=mm&r=g\",\"caption\":\"R\u00e9veil info\"},\"sameAs\":[\"https:\\\/\\\/reveil-info.net\"],\"url\":\"https:\\\/\\\/reveil-info.net\\\/?author=1\"}]}<\/script>\n<!-- \/ Yoast SEO plugin. -->","yoast_head_json":{"title":"R\u00e9union des ministres de la conf\u00e9d\u00e9ration AES: arriv\u00e9e des d\u00e9l\u00e9gations du mali et du niger - R\u00e9veil Info","robots":{"index":"noindex","follow":"follow","max-snippet":"max-snippet:-1","max-image-preview":"max-image-preview:large","max-video-preview":"max-video-preview:-1"},"og_locale":"fr_FR","og_type":"article","og_title":"R\u00e9union des ministres de la conf\u00e9d\u00e9ration AES: arriv\u00e9e des d\u00e9l\u00e9gations du mali et du niger - R\u00e9veil Info","og_description":"R\u00e9union des ministres de la Conf\u00e9d\u00e9ration AES sur la feuille de route de l\u2019AN II","og_url":"https:\/\/reveil-info.net\/?p=45127","og_site_name":"R\u00e9veil Info","article_published_time":"2026-02-25T20:41:34+00:00","og_image":[{"width":720,"height":458,"url":"https:\/\/reveil-info.net\/wp-content\/uploads\/2026\/02\/1772051852649.jpg","type":"image\/jpeg"}],"author":"R\u00e9veil info","twitter_card":"summary_large_image","twitter_misc":{"\u00c9crit par":"R\u00e9veil info","Dur\u00e9e de lecture estim\u00e9e":"3 minutes"},"schema":{"@context":"https:\/\/schema.org","@graph":[{"@type":"Article","@id":"https:\/\/reveil-info.net\/?p=45127#article","isPartOf":{"@id":"https:\/\/reveil-info.net\/?p=45127"},"author":{"name":"R\u00e9veil info","@id":"https:\/\/reveil-info.net\/#\/schema\/person\/ca0cc8e70088e0a2b5e92556c1ee60f5"},"headline":"R\u00e9union des ministres de la conf\u00e9d\u00e9ration AES: arriv\u00e9e des d\u00e9l\u00e9gations du mali et du niger","datePublished":"2026-02-25T20:41:34+00:00","mainEntityOfPage":{"@id":"https:\/\/reveil-info.net\/?p=45127"},"wordCount":339,"commentCount":0,"publisher":{"@id":"https:\/\/reveil-info.net\/#organization"},"image":{"@id":"https:\/\/reveil-info.net\/?p=45127#primaryimage"},"thumbnailUrl":"https:\/\/reveil-info.net\/wp-content\/uploads\/2026\/02\/1772051852649.jpg","articleSection":["Actualit\u00e9","AES"],"inLanguage":"fr-FR","potentialAction":[{"@type":"CommentAction","name":"Comment","target":["https:\/\/reveil-info.net\/?p=45127#respond"]}]},{"@type":"WebPage","@id":"https:\/\/reveil-info.net\/?p=45127","url":"https:\/\/reveil-info.net\/?p=45127","name":"R\u00e9union des ministres de la conf\u00e9d\u00e9ration AES: arriv\u00e9e des d\u00e9l\u00e9gations du mali et du niger - R\u00e9veil Info","isPartOf":{"@id":"https:\/\/reveil-info.net\/#website"},"primaryImageOfPage":{"@id":"https:\/\/reveil-info.net\/?p=45127#primaryimage"},"image":{"@id":"https:\/\/reveil-info.net\/?p=45127#primaryimage"},"thumbnailUrl":"https:\/\/reveil-info.net\/wp-content\/uploads\/2026\/02\/1772051852649.jpg","datePublished":"2026-02-25T20:41:34+00:00","breadcrumb":{"@id":"https:\/\/reveil-info.net\/?p=45127#breadcrumb"},"inLanguage":"fr-FR","potentialAction":[{"@type":"ReadAction","target":["https:\/\/reveil-info.net\/?p=45127"]}]},{"@type":"ImageObject","inLanguage":"fr-FR","@id":"https:\/\/reveil-info.net\/?p=45127#primaryimage","url":"https:\/\/reveil-info.net\/wp-content\/uploads\/2026\/02\/1772051852649.jpg","contentUrl":"https:\/\/reveil-info.net\/wp-content\/uploads\/2026\/02\/1772051852649.jpg","width":720,"height":458},{"@type":"BreadcrumbList","@id":"https:\/\/reveil-info.net\/?p=45127#breadcrumb","itemListElement":[{"@type":"ListItem","position":1,"name":"Home","item":"https:\/\/reveil-info.net\/"},{"@type":"ListItem","position":2,"name":"R\u00e9union des ministres de la conf\u00e9d\u00e9ration AES: arriv\u00e9e des d\u00e9l\u00e9gations du mali et du niger"}]},{"@type":"WebSite","@id":"https:\/\/reveil-info.net\/#website","url":"https:\/\/reveil-info.net\/","name":"R\u00e9veil Info","description":"Le devoir d&#039;informer!","publisher":{"@id":"https:\/\/reveil-info.net\/#organization"},"potentialAction":[{"@type":"SearchAction","target":{"@type":"EntryPoint","urlTemplate":"https:\/\/reveil-info.net\/?s={search_term_string}"},"query-input":{"@type":"PropertyValueSpecification","valueRequired":true,"valueName":"search_term_string"}}],"inLanguage":"fr-FR"},{"@type":"Organization","@id":"https:\/\/reveil-info.net\/#organization","name":"R\u00e9veil Info","url":"https:\/\/reveil-info.net\/","logo":{"@type":"ImageObject","inLanguage":"fr-FR","@id":"https:\/\/reveil-info.net\/#\/schema\/logo\/image\/","url":"https:\/\/reveil-info.net\/wp-content\/uploads\/2024\/07\/bnddd1.jpg","contentUrl":"https:\/\/reveil-info.net\/wp-content\/uploads\/2024\/07\/bnddd1.jpg","width":903,"height":125,"caption":"R\u00e9veil Info"},"image":{"@id":"https:\/\/reveil-info.net\/#\/schema\/logo\/image\/"}},{"@type":"Person","@id":"https:\/\/reveil-info.net\/#\/schema\/person\/ca0cc8e70088e0a2b5e92556c1ee60f5","name":"R\u00e9veil info","image":{"@type":"ImageObject","inLanguage":"fr-FR","@id":"https:\/\/secure.gravatar.com\/avatar\/e4ad5bb743c8b6cb174d9df6c7d30a8a16f6889731241345fc6444e6485f02af?s=96&d=mm&r=g","url":"https:\/\/secure.gravatar.com\/avatar\/e4ad5bb743c8b6cb174d9df6c7d30a8a16f6889731241345fc6444e6485f02af?s=96&d=mm&r=g","contentUrl":"https:\/\/secure.gravatar.com\/avatar\/e4ad5bb743c8b6cb174d9df6c7d30a8a16f6889731241345fc6444e6485f02af?s=96&d=mm&r=g","caption":"R\u00e9veil info"},"sameAs":["https:\/\/reveil-info.net"],"url":"https:\/\/reveil-info.net\/?author=1"}]}},"jetpack_featured_media_url":"","featured_image_urls":{"full":"","thumbnail":"","medium":"","medium_large":"","large":"","1536x1536":"","2048x2048":"","chromenews-featured":"","chromenews-large":"","chromenews-medium":""},"author_info":{"display_name":"R\u00e9veil info","author_link":"https:\/\/reveil-info.net\/?author=1"},"category_info":"<a href=\"https:\/\/reveil-info.net\/?cat=2\" rel=\"category\">Actualit\u00e9<\/a> <a href=\"https:\/\/reveil-info.net\/?cat=47\" rel=\"category\">AES<\/a>","tag_info":"AES","comment_count":"0","_links":{"self":[{"href":"https:\/\/reveil-info.net\/index.php?rest_route=\/wp\/v2\/posts\/45127","targetHints":{"allow":["GET"]}}],"collection":[{"href":"https:\/\/reveil-info.net\/index.php?rest_route=\/wp\/v2\/posts"}],"about":[{"href":"https:\/\/reveil-info.net\/index.php?rest_route=\/wp\/v2\/types\/post"}],"author":[{"embeddable":true,"href":"https:\/\/reveil-info.net\/index.php?rest_route=\/wp\/v2\/users\/1"}],"replies":[{"embeddable":true,"href":"https:\/\/reveil-info.net\/index.php?rest_route=%2Fwp%2Fv2%2Fcomments&post=45127"}],"version-history":[{"count":3,"href":"https:\/\/reveil-info.net\/index.php?rest_route=\/wp\/v2\/posts\/45127\/revisions"}],"predecessor-version":[{"id":45134,"href":"https:\/\/reveil-info.net\/index.php?rest_route=\/wp\/v2\/posts\/45127\/revisions\/45134"}],"wp:attachment":[{"href":"https:\/\/reveil-info.net\/index.php?rest_route=%2Fwp%2Fv2%2Fmedia&parent=45127"}],"wp:term":[{"taxonomy":"category","embeddable":true,"href":"https:\/\/reveil-info.net\/index.php?rest_route=%2Fwp%2Fv2%2Fcategories&post=45127"},{"taxonomy":"post_tag","embeddable":true,"href":"https:\/\/reveil-info.net\/index.php?rest_route=%2Fwp%2Fv2%2Ftags&post=45127"}],"curies":[{"name":"wp","href":"https:\/\/api.w.org\/{rel}","templated":true}]}}