{"id":45015,"date":"2026-02-25T08:43:47","date_gmt":"2026-02-25T08:43:47","guid":{"rendered":"https:\/\/reveil-info.net\/?p=45015"},"modified":"2026-02-25T08:43:47","modified_gmt":"2026-02-25T08:43:47","slug":"burkina-un-citoyen-ecrit-a-faso-mebo","status":"publish","type":"post","link":"https:\/\/reveil-info.net\/?p=45015","title":{"rendered":"Burkina : un citoyen \u00e9crit \u00e0 FASO MEBO"},"content":{"rendered":"<p>Monsieur le Responsable de Faso MEBO,<\/p>\n<p>Permettez-moi, en tant que citoyen et Manager HSE (Hygi\u00e8ne \u2013 S\u00e9curit\u00e9 \u2013 Environnement) en entreprise, d\u2019attirer votre attention sur une pr\u00e9occupation d\u2019int\u00e9r\u00eat g\u00e9n\u00e9ral relative aux routes r\u00e9cemment reprofil\u00e9es dans plusieurs quartiers et secteurs de nos villes et communes.<\/p>\n<p><img loading=\"lazy\" decoding=\"async\" class=\"alignnone size-full wp-image-45017\" src=\"https:\/\/reveil-info.net\/wp-content\/uploads\/2026\/02\/IMG-20260225-WA0001.jpg\" alt=\"\" width=\"720\" height=\"480\" srcset=\"https:\/\/reveil-info.net\/wp-content\/uploads\/2026\/02\/IMG-20260225-WA0001.jpg 720w, https:\/\/reveil-info.net\/wp-content\/uploads\/2026\/02\/IMG-20260225-WA0001-300x200.jpg 300w\" sizes=\"auto, (max-width: 720px) 100vw, 720px\" \/><\/p>\n<p>Je tiens d\u2019abord \u00e0 saluer les efforts remarquables entrepris par Faso MEBO pour am\u00e9liorer durablement les infrastructures et transformer le visage de notre pays, conform\u00e9ment \u00e0 la vision port\u00e9e au plus haut niveau de l\u2019\u00c9tat.<\/p>\n<p>Cependant, \u00e0 l\u2019usage, il ressort que plusieurs de ces routes, bien que reprofil\u00e9es, demeurent en terre battue. Le passage des v\u00e9hicules y g\u00e9n\u00e8re une importante \u00e9mission de poussi\u00e8re, entra\u00eenant une r\u00e9duction significative de la visibilit\u00e9 et exposant les usagers ainsi que les riverains \u00e0 une inhalation prolong\u00e9e de particules fines. \u00c0 titre illustratif, la route de Katr Yaar, que j\u2019emprunte r\u00e9guli\u00e8rement, pr\u00e9sente cette situation.<\/p>\n<p>Au-del\u00e0 de ce cas particulier, cette probl\u00e9matique constitue, \u00e0 moyen terme, un enjeu r\u00e9el de sant\u00e9 publique, de s\u00e9curit\u00e9 routi\u00e8re et de ma\u00eetrise des impacts environnementaux.<\/p>\n<p>Au regard de mon exp\u00e9rience en gestion des risques, en pr\u00e9vention des nuisances environnementales et en analyse d\u2019impacts HSE, je me permets de proposer l\u2019\u00e9tude et l\u2019exp\u00e9rimentation d\u2019une solution technique interm\u00e9diaire, \u00e0 d\u00e9faut d\u2019un rev\u00eatement bitumineux imm\u00e9diat : l\u2019utilisation de stabilisateurs de sols.<\/p>\n<p>Cette technologie permet notamment :<\/p>\n<p>* de r\u00e9duire significativement les \u00e9missions de poussi\u00e8re ;<br \/>\n* d\u2019am\u00e9liorer la portance et la durabilit\u00e9 de la chauss\u00e9e ;<br \/>\n* de limiter l\u2019\u00e9rosion et les d\u00e9gradations li\u00e9es au trafic et aux intemp\u00e9ries ;<br \/>\n* de diminuer les co\u00fbts d\u2019entretien r\u00e9currents ;<br \/>\n* d\u2019am\u00e9liorer les conditions de s\u00e9curit\u00e9 et de sant\u00e9 des populations riveraines.<\/p>\n<p>Une telle approche pourrait faire l\u2019objet d\u2019un test pilote sur un ou plusieurs tron\u00e7ons repr\u00e9sentatifs, assorti d\u2019indicateurs de performance mesurables (\u00e9mission de poussi\u00e8re, tenue m\u00e9canique, fr\u00e9quence d\u2019entretien, co\u00fbts comparatifs), afin d\u2019en \u00e9valuer objectivement la pertinence technique, \u00e9conomique et environnementale avant un \u00e9ventuel d\u00e9ploiement \u00e0 plus grande \u00e9chelle.<\/p>\n<p>Je reste naturellement disponible pour partager une note technique d\u00e9taill\u00e9e et \u00e9changer avec vos \u00e9quipes afin d\u2019examiner les modalit\u00e9s adapt\u00e9es au contexte local.<\/p>\n<p>Dans l\u2019espoir que cette contribution constructive retiendra votre attention, je vous prie d\u2019agr\u00e9er, Monsieur le Responsable, l\u2019expression de ma haute consid\u00e9ration.<\/p>\n<p>Harouna TRAOR\u00c9<br \/>\nManager HSE<br \/>\nWhatsApp: +22671608668<\/p>\n","protected":false},"excerpt":{"rendered":"<p>Monsieur le Responsable de Faso MEBO, Permettez-moi, en tant que citoyen et Manager HSE (Hygi\u00e8ne<\/p>\n","protected":false},"author":1,"featured_media":0,"comment_status":"open","ping_status":"open","sticky":false,"template":"","format":"standard","meta":{"footnotes":""},"categories":[2],"tags":[],"class_list":["post-45015","post","type-post","status-publish","format-standard","hentry","category-actu"],"yoast_head":"<!-- This site is optimized with the Yoast SEO plugin v27.5 - https:\/\/yoast.com\/product\/yoast-seo-wordpress\/ -->\n<title>Burkina : un citoyen \u00e9crit \u00e0 FASO MEBO - R\u00e9veil Info<\/title>\n<meta name=\"robots\" content=\"noindex, follow, max-snippet:-1, max-image-preview:large, max-video-preview:-1\" \/>\n<meta property=\"og:locale\" content=\"fr_FR\" \/>\n<meta property=\"og:type\" content=\"article\" \/>\n<meta property=\"og:title\" content=\"Burkina : un citoyen \u00e9crit \u00e0 FASO MEBO - R\u00e9veil Info\" \/>\n<meta property=\"og:description\" content=\"Monsieur le Responsable de Faso MEBO, Permettez-moi, en tant que citoyen et Manager HSE (Hygi\u00e8ne\" \/>\n<meta property=\"og:url\" content=\"https:\/\/reveil-info.net\/?p=45015\" \/>\n<meta property=\"og:site_name\" content=\"R\u00e9veil Info\" \/>\n<meta property=\"article:published_time\" content=\"2026-02-25T08:43:47+00:00\" \/>\n<meta property=\"og:image\" content=\"https:\/\/reveil-info.net\/wp-content\/uploads\/2026\/02\/IMG-20260225-WA0001.jpg\" \/>\n\t<meta property=\"og:image:width\" content=\"720\" \/>\n\t<meta property=\"og:image:height\" content=\"480\" \/>\n\t<meta property=\"og:image:type\" content=\"image\/jpeg\" \/>\n<meta name=\"author\" content=\"R\u00e9veil info\" \/>\n<meta name=\"twitter:card\" content=\"summary_large_image\" \/>\n<meta name=\"twitter:label1\" content=\"\u00c9crit par\" \/>\n\t<meta name=\"twitter:data1\" content=\"R\u00e9veil info\" \/>\n\t<meta name=\"twitter:label2\" content=\"Dur\u00e9e de lecture estim\u00e9e\" \/>\n\t<meta name=\"twitter:data2\" content=\"3 minutes\" \/>\n<script type=\"application\/ld+json\" class=\"yoast-schema-graph\">{\"@context\":\"https:\\\/\\\/schema.org\",\"@graph\":[{\"@type\":\"Article\",\"@id\":\"https:\\\/\\\/reveil-info.net\\\/?p=45015#article\",\"isPartOf\":{\"@id\":\"https:\\\/\\\/reveil-info.net\\\/?p=45015\"},\"author\":{\"name\":\"R\u00e9veil info\",\"@id\":\"https:\\\/\\\/reveil-info.net\\\/#\\\/schema\\\/person\\\/ca0cc8e70088e0a2b5e92556c1ee60f5\"},\"headline\":\"Burkina : un citoyen \u00e9crit \u00e0 FASO MEBO\",\"datePublished\":\"2026-02-25T08:43:47+00:00\",\"mainEntityOfPage\":{\"@id\":\"https:\\\/\\\/reveil-info.net\\\/?p=45015\"},\"wordCount\":436,\"commentCount\":0,\"publisher\":{\"@id\":\"https:\\\/\\\/reveil-info.net\\\/#organization\"},\"image\":{\"@id\":\"https:\\\/\\\/reveil-info.net\\\/?p=45015#primaryimage\"},\"thumbnailUrl\":\"https:\\\/\\\/reveil-info.net\\\/wp-content\\\/uploads\\\/2026\\\/02\\\/IMG-20260225-WA0001.jpg\",\"articleSection\":[\"Actualit\u00e9\"],\"inLanguage\":\"fr-FR\",\"potentialAction\":[{\"@type\":\"CommentAction\",\"name\":\"Comment\",\"target\":[\"https:\\\/\\\/reveil-info.net\\\/?p=45015#respond\"]}]},{\"@type\":\"WebPage\",\"@id\":\"https:\\\/\\\/reveil-info.net\\\/?p=45015\",\"url\":\"https:\\\/\\\/reveil-info.net\\\/?p=45015\",\"name\":\"Burkina : un citoyen \u00e9crit \u00e0 FASO MEBO - R\u00e9veil Info\",\"isPartOf\":{\"@id\":\"https:\\\/\\\/reveil-info.net\\\/#website\"},\"primaryImageOfPage\":{\"@id\":\"https:\\\/\\\/reveil-info.net\\\/?p=45015#primaryimage\"},\"image\":{\"@id\":\"https:\\\/\\\/reveil-info.net\\\/?p=45015#primaryimage\"},\"thumbnailUrl\":\"https:\\\/\\\/reveil-info.net\\\/wp-content\\\/uploads\\\/2026\\\/02\\\/IMG-20260225-WA0001.jpg\",\"datePublished\":\"2026-02-25T08:43:47+00:00\",\"breadcrumb\":{\"@id\":\"https:\\\/\\\/reveil-info.net\\\/?p=45015#breadcrumb\"},\"inLanguage\":\"fr-FR\",\"potentialAction\":[{\"@type\":\"ReadAction\",\"target\":[\"https:\\\/\\\/reveil-info.net\\\/?p=45015\"]}]},{\"@type\":\"ImageObject\",\"inLanguage\":\"fr-FR\",\"@id\":\"https:\\\/\\\/reveil-info.net\\\/?p=45015#primaryimage\",\"url\":\"https:\\\/\\\/reveil-info.net\\\/wp-content\\\/uploads\\\/2026\\\/02\\\/IMG-20260225-WA0001.jpg\",\"contentUrl\":\"https:\\\/\\\/reveil-info.net\\\/wp-content\\\/uploads\\\/2026\\\/02\\\/IMG-20260225-WA0001.jpg\",\"width\":720,\"height\":480},{\"@type\":\"BreadcrumbList\",\"@id\":\"https:\\\/\\\/reveil-info.net\\\/?p=45015#breadcrumb\",\"itemListElement\":[{\"@type\":\"ListItem\",\"position\":1,\"name\":\"Home\",\"item\":\"https:\\\/\\\/reveil-info.net\\\/\"},{\"@type\":\"ListItem\",\"position\":2,\"name\":\"Burkina : un citoyen \u00e9crit \u00e0 FASO MEBO\"}]},{\"@type\":\"WebSite\",\"@id\":\"https:\\\/\\\/reveil-info.net\\\/#website\",\"url\":\"https:\\\/\\\/reveil-info.net\\\/\",\"name\":\"R\u00e9veil Info\",\"description\":\"Le devoir d&#039;informer!\",\"publisher\":{\"@id\":\"https:\\\/\\\/reveil-info.net\\\/#organization\"},\"potentialAction\":[{\"@type\":\"SearchAction\",\"target\":{\"@type\":\"EntryPoint\",\"urlTemplate\":\"https:\\\/\\\/reveil-info.net\\\/?s={search_term_string}\"},\"query-input\":{\"@type\":\"PropertyValueSpecification\",\"valueRequired\":true,\"valueName\":\"search_term_string\"}}],\"inLanguage\":\"fr-FR\"},{\"@type\":\"Organization\",\"@id\":\"https:\\\/\\\/reveil-info.net\\\/#organization\",\"name\":\"R\u00e9veil Info\",\"url\":\"https:\\\/\\\/reveil-info.net\\\/\",\"logo\":{\"@type\":\"ImageObject\",\"inLanguage\":\"fr-FR\",\"@id\":\"https:\\\/\\\/reveil-info.net\\\/#\\\/schema\\\/logo\\\/image\\\/\",\"url\":\"https:\\\/\\\/reveil-info.net\\\/wp-content\\\/uploads\\\/2024\\\/07\\\/bnddd1.jpg\",\"contentUrl\":\"https:\\\/\\\/reveil-info.net\\\/wp-content\\\/uploads\\\/2024\\\/07\\\/bnddd1.jpg\",\"width\":903,\"height\":125,\"caption\":\"R\u00e9veil Info\"},\"image\":{\"@id\":\"https:\\\/\\\/reveil-info.net\\\/#\\\/schema\\\/logo\\\/image\\\/\"}},{\"@type\":\"Person\",\"@id\":\"https:\\\/\\\/reveil-info.net\\\/#\\\/schema\\\/person\\\/ca0cc8e70088e0a2b5e92556c1ee60f5\",\"name\":\"R\u00e9veil info\",\"image\":{\"@type\":\"ImageObject\",\"inLanguage\":\"fr-FR\",\"@id\":\"https:\\\/\\\/secure.gravatar.com\\\/avatar\\\/e4ad5bb743c8b6cb174d9df6c7d30a8a16f6889731241345fc6444e6485f02af?s=96&d=mm&r=g\",\"url\":\"https:\\\/\\\/secure.gravatar.com\\\/avatar\\\/e4ad5bb743c8b6cb174d9df6c7d30a8a16f6889731241345fc6444e6485f02af?s=96&d=mm&r=g\",\"contentUrl\":\"https:\\\/\\\/secure.gravatar.com\\\/avatar\\\/e4ad5bb743c8b6cb174d9df6c7d30a8a16f6889731241345fc6444e6485f02af?s=96&d=mm&r=g\",\"caption\":\"R\u00e9veil info\"},\"sameAs\":[\"https:\\\/\\\/reveil-info.net\"],\"url\":\"https:\\\/\\\/reveil-info.net\\\/?author=1\"}]}<\/script>\n<!-- \/ Yoast SEO plugin. -->","yoast_head_json":{"title":"Burkina : un citoyen \u00e9crit \u00e0 FASO MEBO - R\u00e9veil Info","robots":{"index":"noindex","follow":"follow","max-snippet":"max-snippet:-1","max-image-preview":"max-image-preview:large","max-video-preview":"max-video-preview:-1"},"og_locale":"fr_FR","og_type":"article","og_title":"Burkina : un citoyen \u00e9crit \u00e0 FASO MEBO - R\u00e9veil Info","og_description":"Monsieur le Responsable de Faso MEBO, Permettez-moi, en tant que citoyen et Manager HSE (Hygi\u00e8ne","og_url":"https:\/\/reveil-info.net\/?p=45015","og_site_name":"R\u00e9veil Info","article_published_time":"2026-02-25T08:43:47+00:00","og_image":[{"width":720,"height":480,"url":"https:\/\/reveil-info.net\/wp-content\/uploads\/2026\/02\/IMG-20260225-WA0001.jpg","type":"image\/jpeg"}],"author":"R\u00e9veil info","twitter_card":"summary_large_image","twitter_misc":{"\u00c9crit par":"R\u00e9veil info","Dur\u00e9e de lecture estim\u00e9e":"3 minutes"},"schema":{"@context":"https:\/\/schema.org","@graph":[{"@type":"Article","@id":"https:\/\/reveil-info.net\/?p=45015#article","isPartOf":{"@id":"https:\/\/reveil-info.net\/?p=45015"},"author":{"name":"R\u00e9veil info","@id":"https:\/\/reveil-info.net\/#\/schema\/person\/ca0cc8e70088e0a2b5e92556c1ee60f5"},"headline":"Burkina : un citoyen \u00e9crit \u00e0 FASO MEBO","datePublished":"2026-02-25T08:43:47+00:00","mainEntityOfPage":{"@id":"https:\/\/reveil-info.net\/?p=45015"},"wordCount":436,"commentCount":0,"publisher":{"@id":"https:\/\/reveil-info.net\/#organization"},"image":{"@id":"https:\/\/reveil-info.net\/?p=45015#primaryimage"},"thumbnailUrl":"https:\/\/reveil-info.net\/wp-content\/uploads\/2026\/02\/IMG-20260225-WA0001.jpg","articleSection":["Actualit\u00e9"],"inLanguage":"fr-FR","potentialAction":[{"@type":"CommentAction","name":"Comment","target":["https:\/\/reveil-info.net\/?p=45015#respond"]}]},{"@type":"WebPage","@id":"https:\/\/reveil-info.net\/?p=45015","url":"https:\/\/reveil-info.net\/?p=45015","name":"Burkina : un citoyen \u00e9crit \u00e0 FASO MEBO - R\u00e9veil Info","isPartOf":{"@id":"https:\/\/reveil-info.net\/#website"},"primaryImageOfPage":{"@id":"https:\/\/reveil-info.net\/?p=45015#primaryimage"},"image":{"@id":"https:\/\/reveil-info.net\/?p=45015#primaryimage"},"thumbnailUrl":"https:\/\/reveil-info.net\/wp-content\/uploads\/2026\/02\/IMG-20260225-WA0001.jpg","datePublished":"2026-02-25T08:43:47+00:00","breadcrumb":{"@id":"https:\/\/reveil-info.net\/?p=45015#breadcrumb"},"inLanguage":"fr-FR","potentialAction":[{"@type":"ReadAction","target":["https:\/\/reveil-info.net\/?p=45015"]}]},{"@type":"ImageObject","inLanguage":"fr-FR","@id":"https:\/\/reveil-info.net\/?p=45015#primaryimage","url":"https:\/\/reveil-info.net\/wp-content\/uploads\/2026\/02\/IMG-20260225-WA0001.jpg","contentUrl":"https:\/\/reveil-info.net\/wp-content\/uploads\/2026\/02\/IMG-20260225-WA0001.jpg","width":720,"height":480},{"@type":"BreadcrumbList","@id":"https:\/\/reveil-info.net\/?p=45015#breadcrumb","itemListElement":[{"@type":"ListItem","position":1,"name":"Home","item":"https:\/\/reveil-info.net\/"},{"@type":"ListItem","position":2,"name":"Burkina : un citoyen \u00e9crit \u00e0 FASO MEBO"}]},{"@type":"WebSite","@id":"https:\/\/reveil-info.net\/#website","url":"https:\/\/reveil-info.net\/","name":"R\u00e9veil Info","description":"Le devoir d&#039;informer!","publisher":{"@id":"https:\/\/reveil-info.net\/#organization"},"potentialAction":[{"@type":"SearchAction","target":{"@type":"EntryPoint","urlTemplate":"https:\/\/reveil-info.net\/?s={search_term_string}"},"query-input":{"@type":"PropertyValueSpecification","valueRequired":true,"valueName":"search_term_string"}}],"inLanguage":"fr-FR"},{"@type":"Organization","@id":"https:\/\/reveil-info.net\/#organization","name":"R\u00e9veil Info","url":"https:\/\/reveil-info.net\/","logo":{"@type":"ImageObject","inLanguage":"fr-FR","@id":"https:\/\/reveil-info.net\/#\/schema\/logo\/image\/","url":"https:\/\/reveil-info.net\/wp-content\/uploads\/2024\/07\/bnddd1.jpg","contentUrl":"https:\/\/reveil-info.net\/wp-content\/uploads\/2024\/07\/bnddd1.jpg","width":903,"height":125,"caption":"R\u00e9veil Info"},"image":{"@id":"https:\/\/reveil-info.net\/#\/schema\/logo\/image\/"}},{"@type":"Person","@id":"https:\/\/reveil-info.net\/#\/schema\/person\/ca0cc8e70088e0a2b5e92556c1ee60f5","name":"R\u00e9veil info","image":{"@type":"ImageObject","inLanguage":"fr-FR","@id":"https:\/\/secure.gravatar.com\/avatar\/e4ad5bb743c8b6cb174d9df6c7d30a8a16f6889731241345fc6444e6485f02af?s=96&d=mm&r=g","url":"https:\/\/secure.gravatar.com\/avatar\/e4ad5bb743c8b6cb174d9df6c7d30a8a16f6889731241345fc6444e6485f02af?s=96&d=mm&r=g","contentUrl":"https:\/\/secure.gravatar.com\/avatar\/e4ad5bb743c8b6cb174d9df6c7d30a8a16f6889731241345fc6444e6485f02af?s=96&d=mm&r=g","caption":"R\u00e9veil info"},"sameAs":["https:\/\/reveil-info.net"],"url":"https:\/\/reveil-info.net\/?author=1"}]}},"jetpack_featured_media_url":"","featured_image_urls":{"full":"","thumbnail":"","medium":"","medium_large":"","large":"","1536x1536":"","2048x2048":"","chromenews-featured":"","chromenews-large":"","chromenews-medium":""},"author_info":{"display_name":"R\u00e9veil info","author_link":"https:\/\/reveil-info.net\/?author=1"},"category_info":"<a href=\"https:\/\/reveil-info.net\/?cat=2\" rel=\"category\">Actualit\u00e9<\/a>","tag_info":"Actualit\u00e9","comment_count":"0","_links":{"self":[{"href":"https:\/\/reveil-info.net\/index.php?rest_route=\/wp\/v2\/posts\/45015","targetHints":{"allow":["GET"]}}],"collection":[{"href":"https:\/\/reveil-info.net\/index.php?rest_route=\/wp\/v2\/posts"}],"about":[{"href":"https:\/\/reveil-info.net\/index.php?rest_route=\/wp\/v2\/types\/post"}],"author":[{"embeddable":true,"href":"https:\/\/reveil-info.net\/index.php?rest_route=\/wp\/v2\/users\/1"}],"replies":[{"embeddable":true,"href":"https:\/\/reveil-info.net\/index.php?rest_route=%2Fwp%2Fv2%2Fcomments&post=45015"}],"version-history":[{"count":2,"href":"https:\/\/reveil-info.net\/index.php?rest_route=\/wp\/v2\/posts\/45015\/revisions"}],"predecessor-version":[{"id":45018,"href":"https:\/\/reveil-info.net\/index.php?rest_route=\/wp\/v2\/posts\/45015\/revisions\/45018"}],"wp:attachment":[{"href":"https:\/\/reveil-info.net\/index.php?rest_route=%2Fwp%2Fv2%2Fmedia&parent=45015"}],"wp:term":[{"taxonomy":"category","embeddable":true,"href":"https:\/\/reveil-info.net\/index.php?rest_route=%2Fwp%2Fv2%2Fcategories&post=45015"},{"taxonomy":"post_tag","embeddable":true,"href":"https:\/\/reveil-info.net\/index.php?rest_route=%2Fwp%2Fv2%2Ftags&post=45015"}],"curies":[{"name":"wp","href":"https:\/\/api.w.org\/{rel}","templated":true}]}}