{"id":45010,"date":"2026-02-25T08:39:46","date_gmt":"2026-02-25T08:39:46","guid":{"rendered":"https:\/\/reveil-info.net\/?p=45010"},"modified":"2026-02-25T08:39:46","modified_gmt":"2026-02-25T08:39:46","slug":"afrique-la-disparition-de-haile-selassie","status":"publish","type":"post","link":"https:\/\/reveil-info.net\/?p=45010","title":{"rendered":"Afrique : la disparition de Hail\u00e9 S\u00e9lassi\u00e9"},"content":{"rendered":"<hr \/>\n<p>HA\u00cfL\u00c9 S\u00c9LASSI\u00c9&#8230; UNE MORT QUI A MARQU\u00c9 L\u2019AFRIQUE<\/p>\n<p><img loading=\"lazy\" decoding=\"async\" class=\"alignnone size-full wp-image-45012\" src=\"https:\/\/reveil-info.net\/wp-content\/uploads\/2026\/02\/1772005444804.jpg\" alt=\"\" width=\"720\" height=\"900\" srcset=\"https:\/\/reveil-info.net\/wp-content\/uploads\/2026\/02\/1772005444804.jpg 720w, https:\/\/reveil-info.net\/wp-content\/uploads\/2026\/02\/1772005444804-240x300.jpg 240w\" sizes=\"auto, (max-width: 720px) 100vw, 720px\" \/><\/p>\n<p>Le 27 ao\u00fbt 1975, Ha\u00efl\u00e9 S\u00e9lassi\u00e9 quitte ce monde dans des circonstances encore controvers\u00e9es, apr\u00e8s avoir \u00e9t\u00e9 renvers\u00e9 par le r\u00e9gime militaire du Derg.<\/p>\n<p>Officiellement, il serait mort de causes naturelles. Mais dans le c\u0153ur de nombreux Africains, le doute est rest\u00e9 vivant.<br \/>\nSa mort ne fut pas seulement celle d\u2019un empereur.<\/p>\n<p>Elle fut la fin d\u2019une \u00e8re.<br \/>\nPendant plus de quarante ans, il avait incarn\u00e9 l\u2019ind\u00e9pendance et la dignit\u00e9 de l\u2019\u00c9thiopie, l\u2019un des rares pays africains \u00e0 avoir r\u00e9sist\u00e9 durablement \u00e0 la colonisation. Il fut aussi une voix puissante pour l\u2019unit\u00e9 du continent et un acteur majeur dans la cr\u00e9ation de l\u2019Organisation de l\u2019Unit\u00e9 Africaine.<\/p>\n<p>Apr\u00e8s sa disparition, l\u2019\u00c9thiopie entra dans une p\u00e9riode sombre : r\u00e9pression politique, instabilit\u00e9, conflits internes. Le pays changea profond\u00e9ment, et l\u2019image du \u00ab Roi des rois \u00bb devint un souvenir charg\u00e9 de nostalgie, mais aussi de d\u00e9bats.<br \/>\nAu-del\u00e0 de la politique, son impact a d\u00e9pass\u00e9 les fronti\u00e8res africaines. Pour le mouvement rastafari, il reste une figure spirituelle majeure, symbole de fiert\u00e9 noire, de r\u00e9sistance et d\u2019espoir. M\u00eame apr\u00e8s sa mort, son nom continue d\u2019\u00eatre chant\u00e9, invoqu\u00e9 et honor\u00e9 dans le monde entier.<\/p>\n<p>Son h\u00e9ritage reste complexe : \u2013 Pour certains, il est un modernisateur et un b\u00e2tisseur.<br \/>\n\u2013 Pour d\u2019autres, un dirigeant d\u00e9pass\u00e9 par les crises de son \u00e9poque.<\/p>\n<p>Mais une chose est certaine :<\/p>\n<p>Sa mort n\u2019a pas effac\u00e9 son influence.<br \/>\nElle a transform\u00e9 un empereur en symbole.<\/p>\n<p>Un grand leader meurt-il vraiment lorsque son peuple continue de prononcer son nom avec respect ?<\/p>\n<p>Reveil-info<\/p>\n","protected":false},"excerpt":{"rendered":"<p>HA\u00cfL\u00c9 S\u00c9LASSI\u00c9&#8230; UNE MORT QUI A MARQU\u00c9 L\u2019AFRIQUE Le 27 ao\u00fbt 1975, Ha\u00efl\u00e9 S\u00e9lassi\u00e9 quitte<\/p>\n","protected":false},"author":1,"featured_media":0,"comment_status":"open","ping_status":"open","sticky":false,"template":"","format":"standard","meta":{"footnotes":""},"categories":[38],"tags":[],"class_list":["post-45010","post","type-post","status-publish","format-standard","hentry","category-retour-sur-le-passe"],"yoast_head":"<!-- This site is optimized with the Yoast SEO plugin v27.5 - https:\/\/yoast.com\/product\/yoast-seo-wordpress\/ -->\n<title>Afrique : la disparition de Hail\u00e9 S\u00e9lassi\u00e9 - R\u00e9veil Info<\/title>\n<meta name=\"robots\" content=\"noindex, follow, max-snippet:-1, max-image-preview:large, max-video-preview:-1\" \/>\n<meta property=\"og:locale\" content=\"fr_FR\" \/>\n<meta property=\"og:type\" content=\"article\" \/>\n<meta property=\"og:title\" content=\"Afrique : la disparition de Hail\u00e9 S\u00e9lassi\u00e9 - R\u00e9veil Info\" \/>\n<meta property=\"og:description\" content=\"HA\u00cfL\u00c9 S\u00c9LASSI\u00c9&#8230; UNE MORT QUI A MARQU\u00c9 L\u2019AFRIQUE Le 27 ao\u00fbt 1975, Ha\u00efl\u00e9 S\u00e9lassi\u00e9 quitte\" \/>\n<meta property=\"og:url\" content=\"https:\/\/reveil-info.net\/?p=45010\" \/>\n<meta property=\"og:site_name\" content=\"R\u00e9veil Info\" \/>\n<meta property=\"article:published_time\" content=\"2026-02-25T08:39:46+00:00\" \/>\n<meta property=\"og:image\" content=\"https:\/\/reveil-info.net\/wp-content\/uploads\/2026\/02\/1772005444804.jpg\" \/>\n\t<meta property=\"og:image:width\" content=\"720\" \/>\n\t<meta property=\"og:image:height\" content=\"900\" \/>\n\t<meta property=\"og:image:type\" content=\"image\/jpeg\" \/>\n<meta name=\"author\" content=\"R\u00e9veil info\" \/>\n<meta name=\"twitter:card\" content=\"summary_large_image\" \/>\n<meta name=\"twitter:label1\" content=\"\u00c9crit par\" \/>\n\t<meta name=\"twitter:data1\" content=\"R\u00e9veil info\" \/>\n\t<meta name=\"twitter:label2\" content=\"Dur\u00e9e de lecture estim\u00e9e\" \/>\n\t<meta name=\"twitter:data2\" content=\"2 minutes\" \/>\n<script type=\"application\/ld+json\" class=\"yoast-schema-graph\">{\"@context\":\"https:\\\/\\\/schema.org\",\"@graph\":[{\"@type\":\"Article\",\"@id\":\"https:\\\/\\\/reveil-info.net\\\/?p=45010#article\",\"isPartOf\":{\"@id\":\"https:\\\/\\\/reveil-info.net\\\/?p=45010\"},\"author\":{\"name\":\"R\u00e9veil info\",\"@id\":\"https:\\\/\\\/reveil-info.net\\\/#\\\/schema\\\/person\\\/ca0cc8e70088e0a2b5e92556c1ee60f5\"},\"headline\":\"Afrique : la disparition de Hail\u00e9 S\u00e9lassi\u00e9\",\"datePublished\":\"2026-02-25T08:39:46+00:00\",\"mainEntityOfPage\":{\"@id\":\"https:\\\/\\\/reveil-info.net\\\/?p=45010\"},\"wordCount\":295,\"commentCount\":0,\"publisher\":{\"@id\":\"https:\\\/\\\/reveil-info.net\\\/#organization\"},\"image\":{\"@id\":\"https:\\\/\\\/reveil-info.net\\\/?p=45010#primaryimage\"},\"thumbnailUrl\":\"https:\\\/\\\/reveil-info.net\\\/wp-content\\\/uploads\\\/2026\\\/02\\\/1772005444804.jpg\",\"articleSection\":[\"Retour sur le Pass\u00e9\"],\"inLanguage\":\"fr-FR\",\"potentialAction\":[{\"@type\":\"CommentAction\",\"name\":\"Comment\",\"target\":[\"https:\\\/\\\/reveil-info.net\\\/?p=45010#respond\"]}]},{\"@type\":\"WebPage\",\"@id\":\"https:\\\/\\\/reveil-info.net\\\/?p=45010\",\"url\":\"https:\\\/\\\/reveil-info.net\\\/?p=45010\",\"name\":\"Afrique : la disparition de Hail\u00e9 S\u00e9lassi\u00e9 - R\u00e9veil Info\",\"isPartOf\":{\"@id\":\"https:\\\/\\\/reveil-info.net\\\/#website\"},\"primaryImageOfPage\":{\"@id\":\"https:\\\/\\\/reveil-info.net\\\/?p=45010#primaryimage\"},\"image\":{\"@id\":\"https:\\\/\\\/reveil-info.net\\\/?p=45010#primaryimage\"},\"thumbnailUrl\":\"https:\\\/\\\/reveil-info.net\\\/wp-content\\\/uploads\\\/2026\\\/02\\\/1772005444804.jpg\",\"datePublished\":\"2026-02-25T08:39:46+00:00\",\"breadcrumb\":{\"@id\":\"https:\\\/\\\/reveil-info.net\\\/?p=45010#breadcrumb\"},\"inLanguage\":\"fr-FR\",\"potentialAction\":[{\"@type\":\"ReadAction\",\"target\":[\"https:\\\/\\\/reveil-info.net\\\/?p=45010\"]}]},{\"@type\":\"ImageObject\",\"inLanguage\":\"fr-FR\",\"@id\":\"https:\\\/\\\/reveil-info.net\\\/?p=45010#primaryimage\",\"url\":\"https:\\\/\\\/reveil-info.net\\\/wp-content\\\/uploads\\\/2026\\\/02\\\/1772005444804.jpg\",\"contentUrl\":\"https:\\\/\\\/reveil-info.net\\\/wp-content\\\/uploads\\\/2026\\\/02\\\/1772005444804.jpg\",\"width\":720,\"height\":900},{\"@type\":\"BreadcrumbList\",\"@id\":\"https:\\\/\\\/reveil-info.net\\\/?p=45010#breadcrumb\",\"itemListElement\":[{\"@type\":\"ListItem\",\"position\":1,\"name\":\"Home\",\"item\":\"https:\\\/\\\/reveil-info.net\\\/\"},{\"@type\":\"ListItem\",\"position\":2,\"name\":\"Afrique : la disparition de Hail\u00e9 S\u00e9lassi\u00e9\"}]},{\"@type\":\"WebSite\",\"@id\":\"https:\\\/\\\/reveil-info.net\\\/#website\",\"url\":\"https:\\\/\\\/reveil-info.net\\\/\",\"name\":\"R\u00e9veil Info\",\"description\":\"Le devoir d&#039;informer!\",\"publisher\":{\"@id\":\"https:\\\/\\\/reveil-info.net\\\/#organization\"},\"potentialAction\":[{\"@type\":\"SearchAction\",\"target\":{\"@type\":\"EntryPoint\",\"urlTemplate\":\"https:\\\/\\\/reveil-info.net\\\/?s={search_term_string}\"},\"query-input\":{\"@type\":\"PropertyValueSpecification\",\"valueRequired\":true,\"valueName\":\"search_term_string\"}}],\"inLanguage\":\"fr-FR\"},{\"@type\":\"Organization\",\"@id\":\"https:\\\/\\\/reveil-info.net\\\/#organization\",\"name\":\"R\u00e9veil Info\",\"url\":\"https:\\\/\\\/reveil-info.net\\\/\",\"logo\":{\"@type\":\"ImageObject\",\"inLanguage\":\"fr-FR\",\"@id\":\"https:\\\/\\\/reveil-info.net\\\/#\\\/schema\\\/logo\\\/image\\\/\",\"url\":\"https:\\\/\\\/reveil-info.net\\\/wp-content\\\/uploads\\\/2024\\\/07\\\/bnddd1.jpg\",\"contentUrl\":\"https:\\\/\\\/reveil-info.net\\\/wp-content\\\/uploads\\\/2024\\\/07\\\/bnddd1.jpg\",\"width\":903,\"height\":125,\"caption\":\"R\u00e9veil Info\"},\"image\":{\"@id\":\"https:\\\/\\\/reveil-info.net\\\/#\\\/schema\\\/logo\\\/image\\\/\"}},{\"@type\":\"Person\",\"@id\":\"https:\\\/\\\/reveil-info.net\\\/#\\\/schema\\\/person\\\/ca0cc8e70088e0a2b5e92556c1ee60f5\",\"name\":\"R\u00e9veil info\",\"image\":{\"@type\":\"ImageObject\",\"inLanguage\":\"fr-FR\",\"@id\":\"https:\\\/\\\/secure.gravatar.com\\\/avatar\\\/e4ad5bb743c8b6cb174d9df6c7d30a8a16f6889731241345fc6444e6485f02af?s=96&d=mm&r=g\",\"url\":\"https:\\\/\\\/secure.gravatar.com\\\/avatar\\\/e4ad5bb743c8b6cb174d9df6c7d30a8a16f6889731241345fc6444e6485f02af?s=96&d=mm&r=g\",\"contentUrl\":\"https:\\\/\\\/secure.gravatar.com\\\/avatar\\\/e4ad5bb743c8b6cb174d9df6c7d30a8a16f6889731241345fc6444e6485f02af?s=96&d=mm&r=g\",\"caption\":\"R\u00e9veil info\"},\"sameAs\":[\"https:\\\/\\\/reveil-info.net\"],\"url\":\"https:\\\/\\\/reveil-info.net\\\/?author=1\"}]}<\/script>\n<!-- \/ Yoast SEO plugin. -->","yoast_head_json":{"title":"Afrique : la disparition de Hail\u00e9 S\u00e9lassi\u00e9 - R\u00e9veil Info","robots":{"index":"noindex","follow":"follow","max-snippet":"max-snippet:-1","max-image-preview":"max-image-preview:large","max-video-preview":"max-video-preview:-1"},"og_locale":"fr_FR","og_type":"article","og_title":"Afrique : la disparition de Hail\u00e9 S\u00e9lassi\u00e9 - R\u00e9veil Info","og_description":"HA\u00cfL\u00c9 S\u00c9LASSI\u00c9&#8230; UNE MORT QUI A MARQU\u00c9 L\u2019AFRIQUE Le 27 ao\u00fbt 1975, Ha\u00efl\u00e9 S\u00e9lassi\u00e9 quitte","og_url":"https:\/\/reveil-info.net\/?p=45010","og_site_name":"R\u00e9veil Info","article_published_time":"2026-02-25T08:39:46+00:00","og_image":[{"width":720,"height":900,"url":"https:\/\/reveil-info.net\/wp-content\/uploads\/2026\/02\/1772005444804.jpg","type":"image\/jpeg"}],"author":"R\u00e9veil info","twitter_card":"summary_large_image","twitter_misc":{"\u00c9crit par":"R\u00e9veil info","Dur\u00e9e de lecture estim\u00e9e":"2 minutes"},"schema":{"@context":"https:\/\/schema.org","@graph":[{"@type":"Article","@id":"https:\/\/reveil-info.net\/?p=45010#article","isPartOf":{"@id":"https:\/\/reveil-info.net\/?p=45010"},"author":{"name":"R\u00e9veil info","@id":"https:\/\/reveil-info.net\/#\/schema\/person\/ca0cc8e70088e0a2b5e92556c1ee60f5"},"headline":"Afrique : la disparition de Hail\u00e9 S\u00e9lassi\u00e9","datePublished":"2026-02-25T08:39:46+00:00","mainEntityOfPage":{"@id":"https:\/\/reveil-info.net\/?p=45010"},"wordCount":295,"commentCount":0,"publisher":{"@id":"https:\/\/reveil-info.net\/#organization"},"image":{"@id":"https:\/\/reveil-info.net\/?p=45010#primaryimage"},"thumbnailUrl":"https:\/\/reveil-info.net\/wp-content\/uploads\/2026\/02\/1772005444804.jpg","articleSection":["Retour sur le Pass\u00e9"],"inLanguage":"fr-FR","potentialAction":[{"@type":"CommentAction","name":"Comment","target":["https:\/\/reveil-info.net\/?p=45010#respond"]}]},{"@type":"WebPage","@id":"https:\/\/reveil-info.net\/?p=45010","url":"https:\/\/reveil-info.net\/?p=45010","name":"Afrique : la disparition de Hail\u00e9 S\u00e9lassi\u00e9 - R\u00e9veil Info","isPartOf":{"@id":"https:\/\/reveil-info.net\/#website"},"primaryImageOfPage":{"@id":"https:\/\/reveil-info.net\/?p=45010#primaryimage"},"image":{"@id":"https:\/\/reveil-info.net\/?p=45010#primaryimage"},"thumbnailUrl":"https:\/\/reveil-info.net\/wp-content\/uploads\/2026\/02\/1772005444804.jpg","datePublished":"2026-02-25T08:39:46+00:00","breadcrumb":{"@id":"https:\/\/reveil-info.net\/?p=45010#breadcrumb"},"inLanguage":"fr-FR","potentialAction":[{"@type":"ReadAction","target":["https:\/\/reveil-info.net\/?p=45010"]}]},{"@type":"ImageObject","inLanguage":"fr-FR","@id":"https:\/\/reveil-info.net\/?p=45010#primaryimage","url":"https:\/\/reveil-info.net\/wp-content\/uploads\/2026\/02\/1772005444804.jpg","contentUrl":"https:\/\/reveil-info.net\/wp-content\/uploads\/2026\/02\/1772005444804.jpg","width":720,"height":900},{"@type":"BreadcrumbList","@id":"https:\/\/reveil-info.net\/?p=45010#breadcrumb","itemListElement":[{"@type":"ListItem","position":1,"name":"Home","item":"https:\/\/reveil-info.net\/"},{"@type":"ListItem","position":2,"name":"Afrique : la disparition de Hail\u00e9 S\u00e9lassi\u00e9"}]},{"@type":"WebSite","@id":"https:\/\/reveil-info.net\/#website","url":"https:\/\/reveil-info.net\/","name":"R\u00e9veil Info","description":"Le devoir d&#039;informer!","publisher":{"@id":"https:\/\/reveil-info.net\/#organization"},"potentialAction":[{"@type":"SearchAction","target":{"@type":"EntryPoint","urlTemplate":"https:\/\/reveil-info.net\/?s={search_term_string}"},"query-input":{"@type":"PropertyValueSpecification","valueRequired":true,"valueName":"search_term_string"}}],"inLanguage":"fr-FR"},{"@type":"Organization","@id":"https:\/\/reveil-info.net\/#organization","name":"R\u00e9veil Info","url":"https:\/\/reveil-info.net\/","logo":{"@type":"ImageObject","inLanguage":"fr-FR","@id":"https:\/\/reveil-info.net\/#\/schema\/logo\/image\/","url":"https:\/\/reveil-info.net\/wp-content\/uploads\/2024\/07\/bnddd1.jpg","contentUrl":"https:\/\/reveil-info.net\/wp-content\/uploads\/2024\/07\/bnddd1.jpg","width":903,"height":125,"caption":"R\u00e9veil Info"},"image":{"@id":"https:\/\/reveil-info.net\/#\/schema\/logo\/image\/"}},{"@type":"Person","@id":"https:\/\/reveil-info.net\/#\/schema\/person\/ca0cc8e70088e0a2b5e92556c1ee60f5","name":"R\u00e9veil info","image":{"@type":"ImageObject","inLanguage":"fr-FR","@id":"https:\/\/secure.gravatar.com\/avatar\/e4ad5bb743c8b6cb174d9df6c7d30a8a16f6889731241345fc6444e6485f02af?s=96&d=mm&r=g","url":"https:\/\/secure.gravatar.com\/avatar\/e4ad5bb743c8b6cb174d9df6c7d30a8a16f6889731241345fc6444e6485f02af?s=96&d=mm&r=g","contentUrl":"https:\/\/secure.gravatar.com\/avatar\/e4ad5bb743c8b6cb174d9df6c7d30a8a16f6889731241345fc6444e6485f02af?s=96&d=mm&r=g","caption":"R\u00e9veil info"},"sameAs":["https:\/\/reveil-info.net"],"url":"https:\/\/reveil-info.net\/?author=1"}]}},"jetpack_featured_media_url":"","featured_image_urls":{"full":"","thumbnail":"","medium":"","medium_large":"","large":"","1536x1536":"","2048x2048":"","chromenews-featured":"","chromenews-large":"","chromenews-medium":""},"author_info":{"display_name":"R\u00e9veil info","author_link":"https:\/\/reveil-info.net\/?author=1"},"category_info":"<a href=\"https:\/\/reveil-info.net\/?cat=38\" rel=\"category\">Retour sur le Pass\u00e9<\/a>","tag_info":"Retour sur le Pass\u00e9","comment_count":"0","_links":{"self":[{"href":"https:\/\/reveil-info.net\/index.php?rest_route=\/wp\/v2\/posts\/45010","targetHints":{"allow":["GET"]}}],"collection":[{"href":"https:\/\/reveil-info.net\/index.php?rest_route=\/wp\/v2\/posts"}],"about":[{"href":"https:\/\/reveil-info.net\/index.php?rest_route=\/wp\/v2\/types\/post"}],"author":[{"embeddable":true,"href":"https:\/\/reveil-info.net\/index.php?rest_route=\/wp\/v2\/users\/1"}],"replies":[{"embeddable":true,"href":"https:\/\/reveil-info.net\/index.php?rest_route=%2Fwp%2Fv2%2Fcomments&post=45010"}],"version-history":[{"count":3,"href":"https:\/\/reveil-info.net\/index.php?rest_route=\/wp\/v2\/posts\/45010\/revisions"}],"predecessor-version":[{"id":45014,"href":"https:\/\/reveil-info.net\/index.php?rest_route=\/wp\/v2\/posts\/45010\/revisions\/45014"}],"wp:attachment":[{"href":"https:\/\/reveil-info.net\/index.php?rest_route=%2Fwp%2Fv2%2Fmedia&parent=45010"}],"wp:term":[{"taxonomy":"category","embeddable":true,"href":"https:\/\/reveil-info.net\/index.php?rest_route=%2Fwp%2Fv2%2Fcategories&post=45010"},{"taxonomy":"post_tag","embeddable":true,"href":"https:\/\/reveil-info.net\/index.php?rest_route=%2Fwp%2Fv2%2Ftags&post=45010"}],"curies":[{"name":"wp","href":"https:\/\/api.w.org\/{rel}","templated":true}]}}