{"id":45006,"date":"2026-02-24T20:11:54","date_gmt":"2026-02-24T20:11:54","guid":{"rendered":"https:\/\/reveil-info.net\/?p=45006"},"modified":"2026-02-24T20:11:54","modified_gmt":"2026-02-24T20:11:54","slug":"dakar-le-premier-ministre-sonko-sen-prend-au-fmi","status":"publish","type":"post","link":"https:\/\/reveil-info.net\/?p=45006","title":{"rendered":"Dakar : le premier ministre Sonko s&rsquo;en prend au FMI"},"content":{"rendered":"<p>Dakar \u2013 Le Premier ministre s\u00e9n\u00e9galais Ousmane Sonko a vivement critiqu\u00e9 le Fonds mon\u00e9taire international, d\u00e9clarant : \u00ab Le FMI ne veut pas votre d\u00e9veloppement, mais que vous restiez pauvres et sages ! \u00bb, une formule qu\u2019il attribue \u00e0 l\u2019\u00e9conomiste am\u00e9ricain Jeffrey Sachs.<\/p>\n<p><img loading=\"lazy\" decoding=\"async\" class=\"alignnone size-full wp-image-45008\" src=\"https:\/\/reveil-info.net\/wp-content\/uploads\/2026\/02\/FB_IMG_1771963777546.jpg\" alt=\"\" width=\"1080\" height=\"1350\" srcset=\"https:\/\/reveil-info.net\/wp-content\/uploads\/2026\/02\/FB_IMG_1771963777546.jpg 1080w, https:\/\/reveil-info.net\/wp-content\/uploads\/2026\/02\/FB_IMG_1771963777546-240x300.jpg 240w, https:\/\/reveil-info.net\/wp-content\/uploads\/2026\/02\/FB_IMG_1771963777546-819x1024.jpg 819w, https:\/\/reveil-info.net\/wp-content\/uploads\/2026\/02\/FB_IMG_1771963777546-768x960.jpg 768w, https:\/\/reveil-info.net\/wp-content\/uploads\/2026\/02\/FB_IMG_1771963777546-1024x1280.jpg 1024w\" sizes=\"auto, (max-width: 1080px) 100vw, 1080px\" \/><\/p>\n<p>Cette sortie, au ton frontal, s\u2019inscrit dans un contexte de d\u00e9bats r\u00e9currents sur l\u2019impact des programmes du FMI dans les pays africains. Les autorit\u00e9s s\u00e9n\u00e9galaises plaident pour une approche \u00e9conomique davantage ax\u00e9e sur la souverainet\u00e9 et l\u2019industrialisation, tandis que les institutions financi\u00e8res internationales d\u00e9fendent leurs politiques comme des leviers de stabilit\u00e9 macro\u00e9conomique.<\/p>\n<p>La d\u00e9claration de M. Sonko relance ainsi la controverse sur le r\u00f4le du FMI dans le d\u00e9veloppement du continent et sur les marges de man\u0153uvre dont disposent les \u00c9tats africains face aux exigences des bailleurs internationaux.<\/p>\n<p>Russya Afrique<\/p>\n<p>Reveil-info<\/p>\n","protected":false},"excerpt":{"rendered":"<p>Dakar \u2013 Le Premier ministre s\u00e9n\u00e9galais Ousmane Sonko a vivement critiqu\u00e9 le Fonds mon\u00e9taire international,<\/p>\n","protected":false},"author":1,"featured_media":0,"comment_status":"open","ping_status":"open","sticky":false,"template":"","format":"standard","meta":{"footnotes":""},"categories":[2,8],"tags":[],"class_list":["post-45006","post","type-post","status-publish","format-standard","hentry","category-actu","category-international"],"yoast_head":"<!-- This site is optimized with the Yoast SEO plugin v27.5 - https:\/\/yoast.com\/product\/yoast-seo-wordpress\/ -->\n<title>Dakar : le premier ministre Sonko s&#039;en prend au FMI - R\u00e9veil Info<\/title>\n<meta name=\"robots\" content=\"noindex, follow, max-snippet:-1, max-image-preview:large, max-video-preview:-1\" \/>\n<meta property=\"og:locale\" content=\"fr_FR\" \/>\n<meta property=\"og:type\" content=\"article\" \/>\n<meta property=\"og:title\" content=\"Dakar : le premier ministre Sonko s&#039;en prend au FMI - R\u00e9veil Info\" \/>\n<meta property=\"og:description\" content=\"Dakar \u2013 Le Premier ministre s\u00e9n\u00e9galais Ousmane Sonko a vivement critiqu\u00e9 le Fonds mon\u00e9taire international,\" \/>\n<meta property=\"og:url\" content=\"https:\/\/reveil-info.net\/?p=45006\" \/>\n<meta property=\"og:site_name\" content=\"R\u00e9veil Info\" \/>\n<meta property=\"article:published_time\" content=\"2026-02-24T20:11:54+00:00\" \/>\n<meta property=\"og:image\" content=\"https:\/\/reveil-info.net\/wp-content\/uploads\/2026\/02\/FB_IMG_1771963777546.jpg\" \/>\n\t<meta property=\"og:image:width\" content=\"1080\" \/>\n\t<meta property=\"og:image:height\" content=\"1350\" \/>\n\t<meta property=\"og:image:type\" content=\"image\/jpeg\" \/>\n<meta name=\"author\" content=\"R\u00e9veil info\" \/>\n<meta name=\"twitter:card\" content=\"summary_large_image\" \/>\n<meta name=\"twitter:label1\" content=\"\u00c9crit par\" \/>\n\t<meta name=\"twitter:data1\" content=\"R\u00e9veil info\" \/>\n\t<meta name=\"twitter:label2\" content=\"Dur\u00e9e de lecture estim\u00e9e\" \/>\n\t<meta name=\"twitter:data2\" content=\"1 minute\" \/>\n<script type=\"application\/ld+json\" class=\"yoast-schema-graph\">{\"@context\":\"https:\\\/\\\/schema.org\",\"@graph\":[{\"@type\":\"Article\",\"@id\":\"https:\\\/\\\/reveil-info.net\\\/?p=45006#article\",\"isPartOf\":{\"@id\":\"https:\\\/\\\/reveil-info.net\\\/?p=45006\"},\"author\":{\"name\":\"R\u00e9veil info\",\"@id\":\"https:\\\/\\\/reveil-info.net\\\/#\\\/schema\\\/person\\\/ca0cc8e70088e0a2b5e92556c1ee60f5\"},\"headline\":\"Dakar : le premier ministre Sonko s&rsquo;en prend au FMI\",\"datePublished\":\"2026-02-24T20:11:54+00:00\",\"mainEntityOfPage\":{\"@id\":\"https:\\\/\\\/reveil-info.net\\\/?p=45006\"},\"wordCount\":162,\"commentCount\":0,\"publisher\":{\"@id\":\"https:\\\/\\\/reveil-info.net\\\/#organization\"},\"image\":{\"@id\":\"https:\\\/\\\/reveil-info.net\\\/?p=45006#primaryimage\"},\"thumbnailUrl\":\"https:\\\/\\\/reveil-info.net\\\/wp-content\\\/uploads\\\/2026\\\/02\\\/FB_IMG_1771963777546.jpg\",\"articleSection\":[\"Actualit\u00e9\",\"International\"],\"inLanguage\":\"fr-FR\",\"potentialAction\":[{\"@type\":\"CommentAction\",\"name\":\"Comment\",\"target\":[\"https:\\\/\\\/reveil-info.net\\\/?p=45006#respond\"]}]},{\"@type\":\"WebPage\",\"@id\":\"https:\\\/\\\/reveil-info.net\\\/?p=45006\",\"url\":\"https:\\\/\\\/reveil-info.net\\\/?p=45006\",\"name\":\"Dakar : le premier ministre Sonko s'en prend au FMI - R\u00e9veil Info\",\"isPartOf\":{\"@id\":\"https:\\\/\\\/reveil-info.net\\\/#website\"},\"primaryImageOfPage\":{\"@id\":\"https:\\\/\\\/reveil-info.net\\\/?p=45006#primaryimage\"},\"image\":{\"@id\":\"https:\\\/\\\/reveil-info.net\\\/?p=45006#primaryimage\"},\"thumbnailUrl\":\"https:\\\/\\\/reveil-info.net\\\/wp-content\\\/uploads\\\/2026\\\/02\\\/FB_IMG_1771963777546.jpg\",\"datePublished\":\"2026-02-24T20:11:54+00:00\",\"breadcrumb\":{\"@id\":\"https:\\\/\\\/reveil-info.net\\\/?p=45006#breadcrumb\"},\"inLanguage\":\"fr-FR\",\"potentialAction\":[{\"@type\":\"ReadAction\",\"target\":[\"https:\\\/\\\/reveil-info.net\\\/?p=45006\"]}]},{\"@type\":\"ImageObject\",\"inLanguage\":\"fr-FR\",\"@id\":\"https:\\\/\\\/reveil-info.net\\\/?p=45006#primaryimage\",\"url\":\"https:\\\/\\\/reveil-info.net\\\/wp-content\\\/uploads\\\/2026\\\/02\\\/FB_IMG_1771963777546.jpg\",\"contentUrl\":\"https:\\\/\\\/reveil-info.net\\\/wp-content\\\/uploads\\\/2026\\\/02\\\/FB_IMG_1771963777546.jpg\",\"width\":1080,\"height\":1350},{\"@type\":\"BreadcrumbList\",\"@id\":\"https:\\\/\\\/reveil-info.net\\\/?p=45006#breadcrumb\",\"itemListElement\":[{\"@type\":\"ListItem\",\"position\":1,\"name\":\"Home\",\"item\":\"https:\\\/\\\/reveil-info.net\\\/\"},{\"@type\":\"ListItem\",\"position\":2,\"name\":\"Dakar : le premier ministre Sonko s&rsquo;en prend au FMI\"}]},{\"@type\":\"WebSite\",\"@id\":\"https:\\\/\\\/reveil-info.net\\\/#website\",\"url\":\"https:\\\/\\\/reveil-info.net\\\/\",\"name\":\"R\u00e9veil Info\",\"description\":\"Le devoir d&#039;informer!\",\"publisher\":{\"@id\":\"https:\\\/\\\/reveil-info.net\\\/#organization\"},\"potentialAction\":[{\"@type\":\"SearchAction\",\"target\":{\"@type\":\"EntryPoint\",\"urlTemplate\":\"https:\\\/\\\/reveil-info.net\\\/?s={search_term_string}\"},\"query-input\":{\"@type\":\"PropertyValueSpecification\",\"valueRequired\":true,\"valueName\":\"search_term_string\"}}],\"inLanguage\":\"fr-FR\"},{\"@type\":\"Organization\",\"@id\":\"https:\\\/\\\/reveil-info.net\\\/#organization\",\"name\":\"R\u00e9veil Info\",\"url\":\"https:\\\/\\\/reveil-info.net\\\/\",\"logo\":{\"@type\":\"ImageObject\",\"inLanguage\":\"fr-FR\",\"@id\":\"https:\\\/\\\/reveil-info.net\\\/#\\\/schema\\\/logo\\\/image\\\/\",\"url\":\"https:\\\/\\\/reveil-info.net\\\/wp-content\\\/uploads\\\/2024\\\/07\\\/bnddd1.jpg\",\"contentUrl\":\"https:\\\/\\\/reveil-info.net\\\/wp-content\\\/uploads\\\/2024\\\/07\\\/bnddd1.jpg\",\"width\":903,\"height\":125,\"caption\":\"R\u00e9veil Info\"},\"image\":{\"@id\":\"https:\\\/\\\/reveil-info.net\\\/#\\\/schema\\\/logo\\\/image\\\/\"}},{\"@type\":\"Person\",\"@id\":\"https:\\\/\\\/reveil-info.net\\\/#\\\/schema\\\/person\\\/ca0cc8e70088e0a2b5e92556c1ee60f5\",\"name\":\"R\u00e9veil info\",\"image\":{\"@type\":\"ImageObject\",\"inLanguage\":\"fr-FR\",\"@id\":\"https:\\\/\\\/secure.gravatar.com\\\/avatar\\\/e4ad5bb743c8b6cb174d9df6c7d30a8a16f6889731241345fc6444e6485f02af?s=96&d=mm&r=g\",\"url\":\"https:\\\/\\\/secure.gravatar.com\\\/avatar\\\/e4ad5bb743c8b6cb174d9df6c7d30a8a16f6889731241345fc6444e6485f02af?s=96&d=mm&r=g\",\"contentUrl\":\"https:\\\/\\\/secure.gravatar.com\\\/avatar\\\/e4ad5bb743c8b6cb174d9df6c7d30a8a16f6889731241345fc6444e6485f02af?s=96&d=mm&r=g\",\"caption\":\"R\u00e9veil info\"},\"sameAs\":[\"https:\\\/\\\/reveil-info.net\"],\"url\":\"https:\\\/\\\/reveil-info.net\\\/?author=1\"}]}<\/script>\n<!-- \/ Yoast SEO plugin. -->","yoast_head_json":{"title":"Dakar : le premier ministre Sonko s'en prend au FMI - R\u00e9veil Info","robots":{"index":"noindex","follow":"follow","max-snippet":"max-snippet:-1","max-image-preview":"max-image-preview:large","max-video-preview":"max-video-preview:-1"},"og_locale":"fr_FR","og_type":"article","og_title":"Dakar : le premier ministre Sonko s'en prend au FMI - R\u00e9veil Info","og_description":"Dakar \u2013 Le Premier ministre s\u00e9n\u00e9galais Ousmane Sonko a vivement critiqu\u00e9 le Fonds mon\u00e9taire international,","og_url":"https:\/\/reveil-info.net\/?p=45006","og_site_name":"R\u00e9veil Info","article_published_time":"2026-02-24T20:11:54+00:00","og_image":[{"width":1080,"height":1350,"url":"https:\/\/reveil-info.net\/wp-content\/uploads\/2026\/02\/FB_IMG_1771963777546.jpg","type":"image\/jpeg"}],"author":"R\u00e9veil info","twitter_card":"summary_large_image","twitter_misc":{"\u00c9crit par":"R\u00e9veil info","Dur\u00e9e de lecture estim\u00e9e":"1 minute"},"schema":{"@context":"https:\/\/schema.org","@graph":[{"@type":"Article","@id":"https:\/\/reveil-info.net\/?p=45006#article","isPartOf":{"@id":"https:\/\/reveil-info.net\/?p=45006"},"author":{"name":"R\u00e9veil info","@id":"https:\/\/reveil-info.net\/#\/schema\/person\/ca0cc8e70088e0a2b5e92556c1ee60f5"},"headline":"Dakar : le premier ministre Sonko s&rsquo;en prend au FMI","datePublished":"2026-02-24T20:11:54+00:00","mainEntityOfPage":{"@id":"https:\/\/reveil-info.net\/?p=45006"},"wordCount":162,"commentCount":0,"publisher":{"@id":"https:\/\/reveil-info.net\/#organization"},"image":{"@id":"https:\/\/reveil-info.net\/?p=45006#primaryimage"},"thumbnailUrl":"https:\/\/reveil-info.net\/wp-content\/uploads\/2026\/02\/FB_IMG_1771963777546.jpg","articleSection":["Actualit\u00e9","International"],"inLanguage":"fr-FR","potentialAction":[{"@type":"CommentAction","name":"Comment","target":["https:\/\/reveil-info.net\/?p=45006#respond"]}]},{"@type":"WebPage","@id":"https:\/\/reveil-info.net\/?p=45006","url":"https:\/\/reveil-info.net\/?p=45006","name":"Dakar : le premier ministre Sonko s'en prend au FMI - R\u00e9veil Info","isPartOf":{"@id":"https:\/\/reveil-info.net\/#website"},"primaryImageOfPage":{"@id":"https:\/\/reveil-info.net\/?p=45006#primaryimage"},"image":{"@id":"https:\/\/reveil-info.net\/?p=45006#primaryimage"},"thumbnailUrl":"https:\/\/reveil-info.net\/wp-content\/uploads\/2026\/02\/FB_IMG_1771963777546.jpg","datePublished":"2026-02-24T20:11:54+00:00","breadcrumb":{"@id":"https:\/\/reveil-info.net\/?p=45006#breadcrumb"},"inLanguage":"fr-FR","potentialAction":[{"@type":"ReadAction","target":["https:\/\/reveil-info.net\/?p=45006"]}]},{"@type":"ImageObject","inLanguage":"fr-FR","@id":"https:\/\/reveil-info.net\/?p=45006#primaryimage","url":"https:\/\/reveil-info.net\/wp-content\/uploads\/2026\/02\/FB_IMG_1771963777546.jpg","contentUrl":"https:\/\/reveil-info.net\/wp-content\/uploads\/2026\/02\/FB_IMG_1771963777546.jpg","width":1080,"height":1350},{"@type":"BreadcrumbList","@id":"https:\/\/reveil-info.net\/?p=45006#breadcrumb","itemListElement":[{"@type":"ListItem","position":1,"name":"Home","item":"https:\/\/reveil-info.net\/"},{"@type":"ListItem","position":2,"name":"Dakar : le premier ministre Sonko s&rsquo;en prend au FMI"}]},{"@type":"WebSite","@id":"https:\/\/reveil-info.net\/#website","url":"https:\/\/reveil-info.net\/","name":"R\u00e9veil Info","description":"Le devoir d&#039;informer!","publisher":{"@id":"https:\/\/reveil-info.net\/#organization"},"potentialAction":[{"@type":"SearchAction","target":{"@type":"EntryPoint","urlTemplate":"https:\/\/reveil-info.net\/?s={search_term_string}"},"query-input":{"@type":"PropertyValueSpecification","valueRequired":true,"valueName":"search_term_string"}}],"inLanguage":"fr-FR"},{"@type":"Organization","@id":"https:\/\/reveil-info.net\/#organization","name":"R\u00e9veil Info","url":"https:\/\/reveil-info.net\/","logo":{"@type":"ImageObject","inLanguage":"fr-FR","@id":"https:\/\/reveil-info.net\/#\/schema\/logo\/image\/","url":"https:\/\/reveil-info.net\/wp-content\/uploads\/2024\/07\/bnddd1.jpg","contentUrl":"https:\/\/reveil-info.net\/wp-content\/uploads\/2024\/07\/bnddd1.jpg","width":903,"height":125,"caption":"R\u00e9veil Info"},"image":{"@id":"https:\/\/reveil-info.net\/#\/schema\/logo\/image\/"}},{"@type":"Person","@id":"https:\/\/reveil-info.net\/#\/schema\/person\/ca0cc8e70088e0a2b5e92556c1ee60f5","name":"R\u00e9veil info","image":{"@type":"ImageObject","inLanguage":"fr-FR","@id":"https:\/\/secure.gravatar.com\/avatar\/e4ad5bb743c8b6cb174d9df6c7d30a8a16f6889731241345fc6444e6485f02af?s=96&d=mm&r=g","url":"https:\/\/secure.gravatar.com\/avatar\/e4ad5bb743c8b6cb174d9df6c7d30a8a16f6889731241345fc6444e6485f02af?s=96&d=mm&r=g","contentUrl":"https:\/\/secure.gravatar.com\/avatar\/e4ad5bb743c8b6cb174d9df6c7d30a8a16f6889731241345fc6444e6485f02af?s=96&d=mm&r=g","caption":"R\u00e9veil info"},"sameAs":["https:\/\/reveil-info.net"],"url":"https:\/\/reveil-info.net\/?author=1"}]}},"jetpack_featured_media_url":"","featured_image_urls":{"full":"","thumbnail":"","medium":"","medium_large":"","large":"","1536x1536":"","2048x2048":"","chromenews-featured":"","chromenews-large":"","chromenews-medium":""},"author_info":{"display_name":"R\u00e9veil info","author_link":"https:\/\/reveil-info.net\/?author=1"},"category_info":"<a href=\"https:\/\/reveil-info.net\/?cat=2\" rel=\"category\">Actualit\u00e9<\/a> <a href=\"https:\/\/reveil-info.net\/?cat=8\" rel=\"category\">International<\/a>","tag_info":"International","comment_count":"0","_links":{"self":[{"href":"https:\/\/reveil-info.net\/index.php?rest_route=\/wp\/v2\/posts\/45006","targetHints":{"allow":["GET"]}}],"collection":[{"href":"https:\/\/reveil-info.net\/index.php?rest_route=\/wp\/v2\/posts"}],"about":[{"href":"https:\/\/reveil-info.net\/index.php?rest_route=\/wp\/v2\/types\/post"}],"author":[{"embeddable":true,"href":"https:\/\/reveil-info.net\/index.php?rest_route=\/wp\/v2\/users\/1"}],"replies":[{"embeddable":true,"href":"https:\/\/reveil-info.net\/index.php?rest_route=%2Fwp%2Fv2%2Fcomments&post=45006"}],"version-history":[{"count":2,"href":"https:\/\/reveil-info.net\/index.php?rest_route=\/wp\/v2\/posts\/45006\/revisions"}],"predecessor-version":[{"id":45009,"href":"https:\/\/reveil-info.net\/index.php?rest_route=\/wp\/v2\/posts\/45006\/revisions\/45009"}],"wp:attachment":[{"href":"https:\/\/reveil-info.net\/index.php?rest_route=%2Fwp%2Fv2%2Fmedia&parent=45006"}],"wp:term":[{"taxonomy":"category","embeddable":true,"href":"https:\/\/reveil-info.net\/index.php?rest_route=%2Fwp%2Fv2%2Fcategories&post=45006"},{"taxonomy":"post_tag","embeddable":true,"href":"https:\/\/reveil-info.net\/index.php?rest_route=%2Fwp%2Fv2%2Ftags&post=45006"}],"curies":[{"name":"wp","href":"https:\/\/api.w.org\/{rel}","templated":true}]}}