{"id":44923,"date":"2026-02-24T13:07:43","date_gmt":"2026-02-24T13:07:43","guid":{"rendered":"https:\/\/reveil-info.net\/?p=44923"},"modified":"2026-02-24T13:09:21","modified_gmt":"2026-02-24T13:09:21","slug":"formation-professionnelle-au-burkina-la-cooperation-suisse-mise-plus-de-2-milliards-de-francs-cfa-en-soutien-au-secteur-prive","status":"publish","type":"post","link":"https:\/\/reveil-info.net\/?p=44923","title":{"rendered":"Formation professionnelle au Burkina : la coop\u00e9ration Suisse mise plus de 2 milliards de francs CFA pour le secteur priv\u00e9"},"content":{"rendered":"<p>Formation professionnelle au Burkina Faso : La Coop\u00e9ration Suisse soutient le secteur priv\u00e9 avec une enveloppe de 2,6 milliards de FCFA.<\/p>\n<p><img loading=\"lazy\" decoding=\"async\" class=\"alignnone size-full wp-image-44926\" src=\"https:\/\/reveil-info.net\/wp-content\/uploads\/2026\/02\/1771938185447.jpg\" alt=\"\" width=\"720\" height=\"480\" srcset=\"https:\/\/reveil-info.net\/wp-content\/uploads\/2026\/02\/1771938185447.jpg 720w, https:\/\/reveil-info.net\/wp-content\/uploads\/2026\/02\/1771938185447-300x200.jpg 300w\" sizes=\"auto, (max-width: 720px) 100vw, 720px\" \/><\/p>\n<p>Sous le leadership du Professeur Moumouni Zoungrana, le Minist\u00e8re de l\u2019Enseignement secondaire, de la Formation Professionnelle et Technique (MESFPT), le Patronat burkinab\u00e8 et la Coop\u00e9ration suisse ont proc\u00e9d\u00e9, le 17 f\u00e9vrier 2026, \u00e0 la signature d\u2019un accord tripartite de financement du Projet de Renforcement de la Formation et de l\u2019Insertion Professionnelles des Jeunes et des Femmes (PREFIP-JF).<\/p>\n<p><img loading=\"lazy\" decoding=\"async\" class=\"alignnone size-full wp-image-44927\" src=\"https:\/\/reveil-info.net\/wp-content\/uploads\/2026\/02\/1771938188261.jpg\" alt=\"\" width=\"720\" height=\"509\" srcset=\"https:\/\/reveil-info.net\/wp-content\/uploads\/2026\/02\/1771938188261.jpg 720w, https:\/\/reveil-info.net\/wp-content\/uploads\/2026\/02\/1771938188261-300x212.jpg 300w\" sizes=\"auto, (max-width: 720px) 100vw, 720px\" \/><br \/>\nCette signature marque une \u00e9tape d\u00e9terminante dans l&rsquo;engagement du Patronat burkinab\u00e8 en faveur de la formation, de l\u2019emploi des jeunes et de l\u2019autonomisation des femmes au Burkina Faso.<\/p>\n<p>D\u2019un montant global de plus de 2,6 milliards de F CFA, le projet PREFIP JF contribuera \u00e0 renforcer l\u2019ad\u00e9quation formation\u2013emploi, \u00e0 am\u00e9liorer les comp\u00e9tences des b\u00e9n\u00e9ficiaires et \u00e0 faciliter leur int\u00e9gration dans le tissu \u00e9conomique national.<\/p>\n<p>\u00c0 travers ce partenariat strat\u00e9gique entre la Conf\u00e9d\u00e9ration G\u00e9n\u00e9rale des Entreprises du Faso, le Gouvernement burkinab\u00e8 et la Coop\u00e9ration Suisse, nous affirmons une conviction forte : le secteur priv\u00e9 est un levier central pour transformer durablement la formation professionnelle en opportunit\u00e9s r\u00e9elles d\u2019insertion professionnelle et de cr\u00e9ation de valeur.<\/p>\n<p><img loading=\"lazy\" decoding=\"async\" class=\"alignnone size-full wp-image-44928\" src=\"https:\/\/reveil-info.net\/wp-content\/uploads\/2026\/02\/1771938191078.jpg\" alt=\"\" width=\"720\" height=\"455\" srcset=\"https:\/\/reveil-info.net\/wp-content\/uploads\/2026\/02\/1771938191078.jpg 720w, https:\/\/reveil-info.net\/wp-content\/uploads\/2026\/02\/1771938191078-300x190.jpg 300w\" sizes=\"auto, (max-width: 720px) 100vw, 720px\" \/><\/p>\n<p>Je remercie le Gouvernement, \u00e0 travers le MESFPT, pour son accompagnement constant, ainsi que la Coop\u00e9ration suisse pour son appui financier et technique.<\/p>\n<p>Je suis convaincu que la mise en \u0153uvre du Projet PREFIP-JF tiendra toutes ses promesses en faveur d\u2019une formation professionnelle de qualit\u00e9, mieux arrim\u00e9e aux besoins des entreprises, et cr\u00e9atrice d\u2019opportunit\u00e9s durables pour les jeunes et les femmes de notre pays.<\/p>\n<p>Conf\u00e9d\u00e9ration G\u00e9n\u00e9rale des Entreprises du Faso, COGEF<br \/>\nSource : Idrissa Nassa<\/p>\n","protected":false},"excerpt":{"rendered":"<p>Formation professionnelle au Burkina Faso : La Coop\u00e9ration Suisse soutient le secteur priv\u00e9 avec une<\/p>\n","protected":false},"author":1,"featured_media":0,"comment_status":"open","ping_status":"open","sticky":false,"template":"","format":"standard","meta":{"footnotes":""},"categories":[2],"tags":[],"class_list":["post-44923","post","type-post","status-publish","format-standard","hentry","category-actu"],"yoast_head":"<!-- This site is optimized with the Yoast SEO plugin v27.5 - https:\/\/yoast.com\/product\/yoast-seo-wordpress\/ -->\n<title>Formation professionnelle au Burkina : la coop\u00e9ration Suisse mise plus de 2 milliards de francs CFA pour le secteur priv\u00e9 - R\u00e9veil Info<\/title>\n<meta name=\"robots\" content=\"noindex, follow, max-snippet:-1, max-image-preview:large, max-video-preview:-1\" \/>\n<meta property=\"og:locale\" content=\"fr_FR\" \/>\n<meta property=\"og:type\" content=\"article\" \/>\n<meta property=\"og:title\" content=\"Formation professionnelle au Burkina : la coop\u00e9ration Suisse mise plus de 2 milliards de francs CFA pour le secteur priv\u00e9 - R\u00e9veil Info\" \/>\n<meta property=\"og:description\" content=\"Formation professionnelle au Burkina Faso : La Coop\u00e9ration Suisse soutient le secteur priv\u00e9 avec une\" \/>\n<meta property=\"og:url\" content=\"https:\/\/reveil-info.net\/?p=44923\" \/>\n<meta property=\"og:site_name\" content=\"R\u00e9veil Info\" \/>\n<meta property=\"article:published_time\" content=\"2026-02-24T13:07:43+00:00\" \/>\n<meta property=\"article:modified_time\" content=\"2026-02-24T13:09:21+00:00\" \/>\n<meta property=\"og:image\" content=\"https:\/\/reveil-info.net\/wp-content\/uploads\/2026\/02\/1771938185447.jpg\" \/>\n\t<meta property=\"og:image:width\" content=\"720\" \/>\n\t<meta property=\"og:image:height\" content=\"480\" \/>\n\t<meta property=\"og:image:type\" content=\"image\/jpeg\" \/>\n<meta name=\"author\" content=\"R\u00e9veil info\" \/>\n<meta name=\"twitter:card\" content=\"summary_large_image\" \/>\n<meta name=\"twitter:label1\" content=\"\u00c9crit par\" \/>\n\t<meta name=\"twitter:data1\" content=\"R\u00e9veil info\" \/>\n\t<meta name=\"twitter:label2\" content=\"Dur\u00e9e de lecture estim\u00e9e\" \/>\n\t<meta name=\"twitter:data2\" content=\"2 minutes\" \/>\n<script type=\"application\/ld+json\" class=\"yoast-schema-graph\">{\"@context\":\"https:\\\/\\\/schema.org\",\"@graph\":[{\"@type\":\"Article\",\"@id\":\"https:\\\/\\\/reveil-info.net\\\/?p=44923#article\",\"isPartOf\":{\"@id\":\"https:\\\/\\\/reveil-info.net\\\/?p=44923\"},\"author\":{\"name\":\"R\u00e9veil info\",\"@id\":\"https:\\\/\\\/reveil-info.net\\\/#\\\/schema\\\/person\\\/ca0cc8e70088e0a2b5e92556c1ee60f5\"},\"headline\":\"Formation professionnelle au Burkina : la coop\u00e9ration Suisse mise plus de 2 milliards de francs CFA pour le secteur priv\u00e9\",\"datePublished\":\"2026-02-24T13:07:43+00:00\",\"dateModified\":\"2026-02-24T13:09:21+00:00\",\"mainEntityOfPage\":{\"@id\":\"https:\\\/\\\/reveil-info.net\\\/?p=44923\"},\"wordCount\":313,\"commentCount\":0,\"publisher\":{\"@id\":\"https:\\\/\\\/reveil-info.net\\\/#organization\"},\"image\":{\"@id\":\"https:\\\/\\\/reveil-info.net\\\/?p=44923#primaryimage\"},\"thumbnailUrl\":\"https:\\\/\\\/reveil-info.net\\\/wp-content\\\/uploads\\\/2026\\\/02\\\/1771938185447.jpg\",\"articleSection\":[\"Actualit\u00e9\"],\"inLanguage\":\"fr-FR\",\"potentialAction\":[{\"@type\":\"CommentAction\",\"name\":\"Comment\",\"target\":[\"https:\\\/\\\/reveil-info.net\\\/?p=44923#respond\"]}]},{\"@type\":\"WebPage\",\"@id\":\"https:\\\/\\\/reveil-info.net\\\/?p=44923\",\"url\":\"https:\\\/\\\/reveil-info.net\\\/?p=44923\",\"name\":\"Formation professionnelle au Burkina : la coop\u00e9ration Suisse mise plus de 2 milliards de francs CFA pour le secteur priv\u00e9 - R\u00e9veil Info\",\"isPartOf\":{\"@id\":\"https:\\\/\\\/reveil-info.net\\\/#website\"},\"primaryImageOfPage\":{\"@id\":\"https:\\\/\\\/reveil-info.net\\\/?p=44923#primaryimage\"},\"image\":{\"@id\":\"https:\\\/\\\/reveil-info.net\\\/?p=44923#primaryimage\"},\"thumbnailUrl\":\"https:\\\/\\\/reveil-info.net\\\/wp-content\\\/uploads\\\/2026\\\/02\\\/1771938185447.jpg\",\"datePublished\":\"2026-02-24T13:07:43+00:00\",\"dateModified\":\"2026-02-24T13:09:21+00:00\",\"breadcrumb\":{\"@id\":\"https:\\\/\\\/reveil-info.net\\\/?p=44923#breadcrumb\"},\"inLanguage\":\"fr-FR\",\"potentialAction\":[{\"@type\":\"ReadAction\",\"target\":[\"https:\\\/\\\/reveil-info.net\\\/?p=44923\"]}]},{\"@type\":\"ImageObject\",\"inLanguage\":\"fr-FR\",\"@id\":\"https:\\\/\\\/reveil-info.net\\\/?p=44923#primaryimage\",\"url\":\"https:\\\/\\\/reveil-info.net\\\/wp-content\\\/uploads\\\/2026\\\/02\\\/1771938185447.jpg\",\"contentUrl\":\"https:\\\/\\\/reveil-info.net\\\/wp-content\\\/uploads\\\/2026\\\/02\\\/1771938185447.jpg\",\"width\":720,\"height\":480},{\"@type\":\"BreadcrumbList\",\"@id\":\"https:\\\/\\\/reveil-info.net\\\/?p=44923#breadcrumb\",\"itemListElement\":[{\"@type\":\"ListItem\",\"position\":1,\"name\":\"Home\",\"item\":\"https:\\\/\\\/reveil-info.net\\\/\"},{\"@type\":\"ListItem\",\"position\":2,\"name\":\"Formation professionnelle au Burkina : la coop\u00e9ration Suisse mise plus de 2 milliards de francs CFA pour le secteur priv\u00e9\"}]},{\"@type\":\"WebSite\",\"@id\":\"https:\\\/\\\/reveil-info.net\\\/#website\",\"url\":\"https:\\\/\\\/reveil-info.net\\\/\",\"name\":\"R\u00e9veil Info\",\"description\":\"Le devoir d&#039;informer!\",\"publisher\":{\"@id\":\"https:\\\/\\\/reveil-info.net\\\/#organization\"},\"potentialAction\":[{\"@type\":\"SearchAction\",\"target\":{\"@type\":\"EntryPoint\",\"urlTemplate\":\"https:\\\/\\\/reveil-info.net\\\/?s={search_term_string}\"},\"query-input\":{\"@type\":\"PropertyValueSpecification\",\"valueRequired\":true,\"valueName\":\"search_term_string\"}}],\"inLanguage\":\"fr-FR\"},{\"@type\":\"Organization\",\"@id\":\"https:\\\/\\\/reveil-info.net\\\/#organization\",\"name\":\"R\u00e9veil Info\",\"url\":\"https:\\\/\\\/reveil-info.net\\\/\",\"logo\":{\"@type\":\"ImageObject\",\"inLanguage\":\"fr-FR\",\"@id\":\"https:\\\/\\\/reveil-info.net\\\/#\\\/schema\\\/logo\\\/image\\\/\",\"url\":\"https:\\\/\\\/reveil-info.net\\\/wp-content\\\/uploads\\\/2024\\\/07\\\/bnddd1.jpg\",\"contentUrl\":\"https:\\\/\\\/reveil-info.net\\\/wp-content\\\/uploads\\\/2024\\\/07\\\/bnddd1.jpg\",\"width\":903,\"height\":125,\"caption\":\"R\u00e9veil Info\"},\"image\":{\"@id\":\"https:\\\/\\\/reveil-info.net\\\/#\\\/schema\\\/logo\\\/image\\\/\"}},{\"@type\":\"Person\",\"@id\":\"https:\\\/\\\/reveil-info.net\\\/#\\\/schema\\\/person\\\/ca0cc8e70088e0a2b5e92556c1ee60f5\",\"name\":\"R\u00e9veil info\",\"image\":{\"@type\":\"ImageObject\",\"inLanguage\":\"fr-FR\",\"@id\":\"https:\\\/\\\/secure.gravatar.com\\\/avatar\\\/e4ad5bb743c8b6cb174d9df6c7d30a8a16f6889731241345fc6444e6485f02af?s=96&d=mm&r=g\",\"url\":\"https:\\\/\\\/secure.gravatar.com\\\/avatar\\\/e4ad5bb743c8b6cb174d9df6c7d30a8a16f6889731241345fc6444e6485f02af?s=96&d=mm&r=g\",\"contentUrl\":\"https:\\\/\\\/secure.gravatar.com\\\/avatar\\\/e4ad5bb743c8b6cb174d9df6c7d30a8a16f6889731241345fc6444e6485f02af?s=96&d=mm&r=g\",\"caption\":\"R\u00e9veil info\"},\"sameAs\":[\"https:\\\/\\\/reveil-info.net\"],\"url\":\"https:\\\/\\\/reveil-info.net\\\/?author=1\"}]}<\/script>\n<!-- \/ Yoast SEO plugin. -->","yoast_head_json":{"title":"Formation professionnelle au Burkina : la coop\u00e9ration Suisse mise plus de 2 milliards de francs CFA pour le secteur priv\u00e9 - R\u00e9veil Info","robots":{"index":"noindex","follow":"follow","max-snippet":"max-snippet:-1","max-image-preview":"max-image-preview:large","max-video-preview":"max-video-preview:-1"},"og_locale":"fr_FR","og_type":"article","og_title":"Formation professionnelle au Burkina : la coop\u00e9ration Suisse mise plus de 2 milliards de francs CFA pour le secteur priv\u00e9 - R\u00e9veil Info","og_description":"Formation professionnelle au Burkina Faso : La Coop\u00e9ration Suisse soutient le secteur priv\u00e9 avec une","og_url":"https:\/\/reveil-info.net\/?p=44923","og_site_name":"R\u00e9veil Info","article_published_time":"2026-02-24T13:07:43+00:00","article_modified_time":"2026-02-24T13:09:21+00:00","og_image":[{"width":720,"height":480,"url":"https:\/\/reveil-info.net\/wp-content\/uploads\/2026\/02\/1771938185447.jpg","type":"image\/jpeg"}],"author":"R\u00e9veil info","twitter_card":"summary_large_image","twitter_misc":{"\u00c9crit par":"R\u00e9veil info","Dur\u00e9e de lecture estim\u00e9e":"2 minutes"},"schema":{"@context":"https:\/\/schema.org","@graph":[{"@type":"Article","@id":"https:\/\/reveil-info.net\/?p=44923#article","isPartOf":{"@id":"https:\/\/reveil-info.net\/?p=44923"},"author":{"name":"R\u00e9veil info","@id":"https:\/\/reveil-info.net\/#\/schema\/person\/ca0cc8e70088e0a2b5e92556c1ee60f5"},"headline":"Formation professionnelle au Burkina : la coop\u00e9ration Suisse mise plus de 2 milliards de francs CFA pour le secteur priv\u00e9","datePublished":"2026-02-24T13:07:43+00:00","dateModified":"2026-02-24T13:09:21+00:00","mainEntityOfPage":{"@id":"https:\/\/reveil-info.net\/?p=44923"},"wordCount":313,"commentCount":0,"publisher":{"@id":"https:\/\/reveil-info.net\/#organization"},"image":{"@id":"https:\/\/reveil-info.net\/?p=44923#primaryimage"},"thumbnailUrl":"https:\/\/reveil-info.net\/wp-content\/uploads\/2026\/02\/1771938185447.jpg","articleSection":["Actualit\u00e9"],"inLanguage":"fr-FR","potentialAction":[{"@type":"CommentAction","name":"Comment","target":["https:\/\/reveil-info.net\/?p=44923#respond"]}]},{"@type":"WebPage","@id":"https:\/\/reveil-info.net\/?p=44923","url":"https:\/\/reveil-info.net\/?p=44923","name":"Formation professionnelle au Burkina : la coop\u00e9ration Suisse mise plus de 2 milliards de francs CFA pour le secteur priv\u00e9 - R\u00e9veil Info","isPartOf":{"@id":"https:\/\/reveil-info.net\/#website"},"primaryImageOfPage":{"@id":"https:\/\/reveil-info.net\/?p=44923#primaryimage"},"image":{"@id":"https:\/\/reveil-info.net\/?p=44923#primaryimage"},"thumbnailUrl":"https:\/\/reveil-info.net\/wp-content\/uploads\/2026\/02\/1771938185447.jpg","datePublished":"2026-02-24T13:07:43+00:00","dateModified":"2026-02-24T13:09:21+00:00","breadcrumb":{"@id":"https:\/\/reveil-info.net\/?p=44923#breadcrumb"},"inLanguage":"fr-FR","potentialAction":[{"@type":"ReadAction","target":["https:\/\/reveil-info.net\/?p=44923"]}]},{"@type":"ImageObject","inLanguage":"fr-FR","@id":"https:\/\/reveil-info.net\/?p=44923#primaryimage","url":"https:\/\/reveil-info.net\/wp-content\/uploads\/2026\/02\/1771938185447.jpg","contentUrl":"https:\/\/reveil-info.net\/wp-content\/uploads\/2026\/02\/1771938185447.jpg","width":720,"height":480},{"@type":"BreadcrumbList","@id":"https:\/\/reveil-info.net\/?p=44923#breadcrumb","itemListElement":[{"@type":"ListItem","position":1,"name":"Home","item":"https:\/\/reveil-info.net\/"},{"@type":"ListItem","position":2,"name":"Formation professionnelle au Burkina : la coop\u00e9ration Suisse mise plus de 2 milliards de francs CFA pour le secteur priv\u00e9"}]},{"@type":"WebSite","@id":"https:\/\/reveil-info.net\/#website","url":"https:\/\/reveil-info.net\/","name":"R\u00e9veil Info","description":"Le devoir d&#039;informer!","publisher":{"@id":"https:\/\/reveil-info.net\/#organization"},"potentialAction":[{"@type":"SearchAction","target":{"@type":"EntryPoint","urlTemplate":"https:\/\/reveil-info.net\/?s={search_term_string}"},"query-input":{"@type":"PropertyValueSpecification","valueRequired":true,"valueName":"search_term_string"}}],"inLanguage":"fr-FR"},{"@type":"Organization","@id":"https:\/\/reveil-info.net\/#organization","name":"R\u00e9veil Info","url":"https:\/\/reveil-info.net\/","logo":{"@type":"ImageObject","inLanguage":"fr-FR","@id":"https:\/\/reveil-info.net\/#\/schema\/logo\/image\/","url":"https:\/\/reveil-info.net\/wp-content\/uploads\/2024\/07\/bnddd1.jpg","contentUrl":"https:\/\/reveil-info.net\/wp-content\/uploads\/2024\/07\/bnddd1.jpg","width":903,"height":125,"caption":"R\u00e9veil Info"},"image":{"@id":"https:\/\/reveil-info.net\/#\/schema\/logo\/image\/"}},{"@type":"Person","@id":"https:\/\/reveil-info.net\/#\/schema\/person\/ca0cc8e70088e0a2b5e92556c1ee60f5","name":"R\u00e9veil info","image":{"@type":"ImageObject","inLanguage":"fr-FR","@id":"https:\/\/secure.gravatar.com\/avatar\/e4ad5bb743c8b6cb174d9df6c7d30a8a16f6889731241345fc6444e6485f02af?s=96&d=mm&r=g","url":"https:\/\/secure.gravatar.com\/avatar\/e4ad5bb743c8b6cb174d9df6c7d30a8a16f6889731241345fc6444e6485f02af?s=96&d=mm&r=g","contentUrl":"https:\/\/secure.gravatar.com\/avatar\/e4ad5bb743c8b6cb174d9df6c7d30a8a16f6889731241345fc6444e6485f02af?s=96&d=mm&r=g","caption":"R\u00e9veil info"},"sameAs":["https:\/\/reveil-info.net"],"url":"https:\/\/reveil-info.net\/?author=1"}]}},"jetpack_featured_media_url":"","featured_image_urls":{"full":"","thumbnail":"","medium":"","medium_large":"","large":"","1536x1536":"","2048x2048":"","chromenews-featured":"","chromenews-large":"","chromenews-medium":""},"author_info":{"display_name":"R\u00e9veil info","author_link":"https:\/\/reveil-info.net\/?author=1"},"category_info":"<a href=\"https:\/\/reveil-info.net\/?cat=2\" rel=\"category\">Actualit\u00e9<\/a>","tag_info":"Actualit\u00e9","comment_count":"0","_links":{"self":[{"href":"https:\/\/reveil-info.net\/index.php?rest_route=\/wp\/v2\/posts\/44923","targetHints":{"allow":["GET"]}}],"collection":[{"href":"https:\/\/reveil-info.net\/index.php?rest_route=\/wp\/v2\/posts"}],"about":[{"href":"https:\/\/reveil-info.net\/index.php?rest_route=\/wp\/v2\/types\/post"}],"author":[{"embeddable":true,"href":"https:\/\/reveil-info.net\/index.php?rest_route=\/wp\/v2\/users\/1"}],"replies":[{"embeddable":true,"href":"https:\/\/reveil-info.net\/index.php?rest_route=%2Fwp%2Fv2%2Fcomments&post=44923"}],"version-history":[{"count":5,"href":"https:\/\/reveil-info.net\/index.php?rest_route=\/wp\/v2\/posts\/44923\/revisions"}],"predecessor-version":[{"id":44931,"href":"https:\/\/reveil-info.net\/index.php?rest_route=\/wp\/v2\/posts\/44923\/revisions\/44931"}],"wp:attachment":[{"href":"https:\/\/reveil-info.net\/index.php?rest_route=%2Fwp%2Fv2%2Fmedia&parent=44923"}],"wp:term":[{"taxonomy":"category","embeddable":true,"href":"https:\/\/reveil-info.net\/index.php?rest_route=%2Fwp%2Fv2%2Fcategories&post=44923"},{"taxonomy":"post_tag","embeddable":true,"href":"https:\/\/reveil-info.net\/index.php?rest_route=%2Fwp%2Fv2%2Ftags&post=44923"}],"curies":[{"name":"wp","href":"https:\/\/api.w.org\/{rel}","templated":true}]}}