{"id":44834,"date":"2026-02-23T22:17:06","date_gmt":"2026-02-23T22:17:06","guid":{"rendered":"https:\/\/reveil-info.net\/?p=44834"},"modified":"2026-02-23T22:17:06","modified_gmt":"2026-02-23T22:17:06","slug":"secteur-minier-le-ministre-gouba-salue-lengagement-de-long-orcade","status":"publish","type":"post","link":"https:\/\/reveil-info.net\/?p=44834","title":{"rendered":"Secteur minier : le ministre Gouba salue l&rsquo;engagement de l&rsquo;ONG ORCADE"},"content":{"rendered":"<p>Souverainet\u00e9 du secteur minier burkinab\u00e8<\/p>\n<p>Le ministre Yacouba Zabr\u00e9 GOUBA salue l\u2019engagement de l\u2019ONG ORCADE<\/p>\n<p><img loading=\"lazy\" decoding=\"async\" class=\"alignnone size-full wp-image-44836\" src=\"https:\/\/reveil-info.net\/wp-content\/uploads\/2026\/02\/1771884764505.jpg\" alt=\"\" width=\"720\" height=\"575\" srcset=\"https:\/\/reveil-info.net\/wp-content\/uploads\/2026\/02\/1771884764505.jpg 720w, https:\/\/reveil-info.net\/wp-content\/uploads\/2026\/02\/1771884764505-300x240.jpg 300w\" sizes=\"auto, (max-width: 720px) 100vw, 720px\" \/><\/p>\n<p>Le ministre de l\u2019Energie, des Mines et des Carri\u00e8res, Yacouba Zabr\u00e9 GOUBA a effectu\u00e9 le lundi 23 f\u00e9vrier 2026, une visite de courtoisie au si\u00e8ge de l\u2019Organisation pour le Renforcement des Capacit\u00e9s de D\u00e9veloppement (ORCADE), une structure de la soci\u00e9t\u00e9 civile engag\u00e9e pour une gouvernance vertueuse du secteur minier.<\/p>\n<p><img loading=\"lazy\" decoding=\"async\" class=\"alignnone size-full wp-image-44838\" src=\"https:\/\/reveil-info.net\/wp-content\/uploads\/2026\/02\/1771884771315.jpg\" alt=\"\" width=\"720\" height=\"362\" srcset=\"https:\/\/reveil-info.net\/wp-content\/uploads\/2026\/02\/1771884771315.jpg 720w, https:\/\/reveil-info.net\/wp-content\/uploads\/2026\/02\/1771884771315-300x151.jpg 300w\" sizes=\"auto, (max-width: 720px) 100vw, 720px\" \/><\/p>\n<p>Accueilli par Jonas HIEN, charg\u00e9 des programmes de l\u2019Organisation, le ministre a salu\u00e9 un travail qu\u2019il a lui-m\u00eame qualifi\u00e9 d\u2019immense au service du pays.<\/p>\n<p>Cette visite \u00e0 l\u2019ONG ORCADE s\u2019est voulue ouverte et constructive. L\u2019occasion fut belle pour le ministre GOUBA d&rsquo;exprimer sa reconnaissance \u00e0 ORCADE pour sa contribution aux innovations apport\u00e9es au secteur \u00e0 travers les lois sur le Code minier et le Contenu local.<br \/>\n\u00ab Je tenais personnellement \u00e0 effectuer cette visite afin de vous pr\u00e9senter notre gratitude pour le travail que vous accomplissez \u00bb, a-t-il affirm\u00e9. Pour lui, ORCADE est per\u00e7ue aujourd\u2019hui comme une organisation de r\u00e9f\u00e9rence dont l\u2019action d\u00e9passe l\u2019accompagnement du secteur minier et repr\u00e9sente un appui utile pour le pays.<\/p>\n<p><img loading=\"lazy\" decoding=\"async\" class=\"alignnone size-full wp-image-44839\" src=\"https:\/\/reveil-info.net\/wp-content\/uploads\/2026\/02\/1771884775268.jpg\" alt=\"\" width=\"720\" height=\"480\" srcset=\"https:\/\/reveil-info.net\/wp-content\/uploads\/2026\/02\/1771884775268.jpg 720w, https:\/\/reveil-info.net\/wp-content\/uploads\/2026\/02\/1771884775268-300x200.jpg 300w\" sizes=\"auto, (max-width: 720px) 100vw, 720px\" \/><\/p>\n<p><img loading=\"lazy\" decoding=\"async\" class=\"alignnone size-full wp-image-44840\" src=\"https:\/\/reveil-info.net\/wp-content\/uploads\/2026\/02\/1771884784207.jpg\" alt=\"\" width=\"720\" height=\"417\" srcset=\"https:\/\/reveil-info.net\/wp-content\/uploads\/2026\/02\/1771884784207.jpg 720w, https:\/\/reveil-info.net\/wp-content\/uploads\/2026\/02\/1771884784207-300x174.jpg 300w\" sizes=\"auto, (max-width: 720px) 100vw, 720px\" \/><\/p>\n<p>Lors des \u00e9changes, le ministre a pr\u00e9sent\u00e9 la vision de son d\u00e9partement ainsi que les attentes des plus hautes autorit\u00e9s pour le secteur minier. Il a rappel\u00e9 la n\u00e9cessit\u00e9 d\u2019une gouvernance plus rigoureuse, d\u2019une meilleure valorisation des ressources nationales et d\u2019un renforcement du contenu local afin que les retomb\u00e9es profitent davantage aux populations. Selon lui, le secteur minier, en tant que levier strat\u00e9gique, reste un maillon important pour le d\u00e9veloppement national et pour la souverainet\u00e9 du pays.<br \/>\n\u00ab C\u2019est un levier sur lequel nous devons b\u00e2tir notre souverainet\u00e9 \u00bb, a-t-il indiqu\u00e9, en \u00e9voquant la diversit\u00e9 et les enjeux du secteur.<\/p>\n<p>La rencontre a \u00e9galement permis au premier responsable d\u2019ORCADE de pr\u00e9senter les actions men\u00e9es. Il a notamment \u00e9voqu\u00e9 le suivi de la gouvernance mini\u00e8re, le renforcement des capacit\u00e9s des acteurs locaux, le plaidoyer pour plus de transparence et l\u2019accompagnement des communaut\u00e9s affect\u00e9es par l\u2019activit\u00e9 extractive. Jonas HIEN a mis en avant un chantier en cours : la traduction en langage accessible du Code minier et de la loi sur le contenu local afin de permettre au plus grand nombre de citoyens de les comprendre. Il a \u00e9galement annonc\u00e9 la pr\u00e9paration de la deuxi\u00e8me conf\u00e9rence sur le secteur minier, qui doit r\u00e9unir acteurs institutionnels, soci\u00e9t\u00e9 civile, experts et repr\u00e9sentants communautaires autour des enjeux de r\u00e9habilitation.<br \/>\nCette visite illustre la volont\u00e9 du chef du d\u00e9partement en charge des mines de f\u00e9d\u00e9rer les efforts en faveur d&rsquo;une meilleure gouvernance du secteur minier. Entre reconnaissance institutionnelle et engagement citoyen, ORCADE appara\u00eet comme un acteur impliqu\u00e9, \u00e0 la jonction entre politiques publiques et r\u00e9alit\u00e9s locales. Au-del\u00e0 des d\u00e9clarations, cette d\u00e9marche marque un signal d\u2019ouverture et de dialogue autour d\u2019un secteur strat\u00e9gique appel\u00e9 \u00e0 contribuer \u00e0 un d\u00e9veloppement durable du Burkina.<\/p>\n<p>Direction de la Communication et des Relations Presse<\/p>\n<p>Reveil-info<\/p>\n","protected":false},"excerpt":{"rendered":"<p>Souverainet\u00e9 du secteur minier burkinab\u00e8 Le ministre Yacouba Zabr\u00e9 GOUBA salue l\u2019engagement de l\u2019ONG ORCADE<\/p>\n","protected":false},"author":1,"featured_media":0,"comment_status":"open","ping_status":"open","sticky":false,"template":"","format":"standard","meta":{"footnotes":""},"categories":[2],"tags":[],"class_list":["post-44834","post","type-post","status-publish","format-standard","hentry","category-actu"],"yoast_head":"<!-- This site is optimized with the Yoast SEO plugin v27.5 - https:\/\/yoast.com\/product\/yoast-seo-wordpress\/ -->\n<title>Secteur minier : le ministre Gouba salue l&#039;engagement de l&#039;ONG ORCADE - R\u00e9veil Info<\/title>\n<meta name=\"robots\" content=\"noindex, follow, max-snippet:-1, max-image-preview:large, max-video-preview:-1\" \/>\n<meta property=\"og:locale\" content=\"fr_FR\" \/>\n<meta property=\"og:type\" content=\"article\" \/>\n<meta property=\"og:title\" content=\"Secteur minier : le ministre Gouba salue l&#039;engagement de l&#039;ONG ORCADE - R\u00e9veil Info\" \/>\n<meta property=\"og:description\" content=\"Souverainet\u00e9 du secteur minier burkinab\u00e8 Le ministre Yacouba Zabr\u00e9 GOUBA salue l\u2019engagement de l\u2019ONG ORCADE\" \/>\n<meta property=\"og:url\" content=\"https:\/\/reveil-info.net\/?p=44834\" \/>\n<meta property=\"og:site_name\" content=\"R\u00e9veil Info\" \/>\n<meta property=\"article:published_time\" content=\"2026-02-23T22:17:06+00:00\" \/>\n<meta property=\"og:image\" content=\"https:\/\/reveil-info.net\/wp-content\/uploads\/2026\/02\/1771884764505.jpg\" \/>\n\t<meta property=\"og:image:width\" content=\"720\" \/>\n\t<meta property=\"og:image:height\" content=\"575\" \/>\n\t<meta property=\"og:image:type\" content=\"image\/jpeg\" \/>\n<meta name=\"author\" content=\"R\u00e9veil info\" \/>\n<meta name=\"twitter:card\" content=\"summary_large_image\" \/>\n<meta name=\"twitter:label1\" content=\"\u00c9crit par\" \/>\n\t<meta name=\"twitter:data1\" content=\"R\u00e9veil info\" \/>\n\t<meta name=\"twitter:label2\" content=\"Dur\u00e9e de lecture estim\u00e9e\" \/>\n\t<meta name=\"twitter:data2\" content=\"4 minutes\" \/>\n<script type=\"application\/ld+json\" class=\"yoast-schema-graph\">{\"@context\":\"https:\\\/\\\/schema.org\",\"@graph\":[{\"@type\":\"Article\",\"@id\":\"https:\\\/\\\/reveil-info.net\\\/?p=44834#article\",\"isPartOf\":{\"@id\":\"https:\\\/\\\/reveil-info.net\\\/?p=44834\"},\"author\":{\"name\":\"R\u00e9veil info\",\"@id\":\"https:\\\/\\\/reveil-info.net\\\/#\\\/schema\\\/person\\\/ca0cc8e70088e0a2b5e92556c1ee60f5\"},\"headline\":\"Secteur minier : le ministre Gouba salue l&rsquo;engagement de l&rsquo;ONG ORCADE\",\"datePublished\":\"2026-02-23T22:17:06+00:00\",\"mainEntityOfPage\":{\"@id\":\"https:\\\/\\\/reveil-info.net\\\/?p=44834\"},\"wordCount\":541,\"commentCount\":0,\"publisher\":{\"@id\":\"https:\\\/\\\/reveil-info.net\\\/#organization\"},\"image\":{\"@id\":\"https:\\\/\\\/reveil-info.net\\\/?p=44834#primaryimage\"},\"thumbnailUrl\":\"https:\\\/\\\/reveil-info.net\\\/wp-content\\\/uploads\\\/2026\\\/02\\\/1771884764505.jpg\",\"articleSection\":[\"Actualit\u00e9\"],\"inLanguage\":\"fr-FR\",\"potentialAction\":[{\"@type\":\"CommentAction\",\"name\":\"Comment\",\"target\":[\"https:\\\/\\\/reveil-info.net\\\/?p=44834#respond\"]}]},{\"@type\":\"WebPage\",\"@id\":\"https:\\\/\\\/reveil-info.net\\\/?p=44834\",\"url\":\"https:\\\/\\\/reveil-info.net\\\/?p=44834\",\"name\":\"Secteur minier : le ministre Gouba salue l'engagement de l'ONG ORCADE - R\u00e9veil Info\",\"isPartOf\":{\"@id\":\"https:\\\/\\\/reveil-info.net\\\/#website\"},\"primaryImageOfPage\":{\"@id\":\"https:\\\/\\\/reveil-info.net\\\/?p=44834#primaryimage\"},\"image\":{\"@id\":\"https:\\\/\\\/reveil-info.net\\\/?p=44834#primaryimage\"},\"thumbnailUrl\":\"https:\\\/\\\/reveil-info.net\\\/wp-content\\\/uploads\\\/2026\\\/02\\\/1771884764505.jpg\",\"datePublished\":\"2026-02-23T22:17:06+00:00\",\"breadcrumb\":{\"@id\":\"https:\\\/\\\/reveil-info.net\\\/?p=44834#breadcrumb\"},\"inLanguage\":\"fr-FR\",\"potentialAction\":[{\"@type\":\"ReadAction\",\"target\":[\"https:\\\/\\\/reveil-info.net\\\/?p=44834\"]}]},{\"@type\":\"ImageObject\",\"inLanguage\":\"fr-FR\",\"@id\":\"https:\\\/\\\/reveil-info.net\\\/?p=44834#primaryimage\",\"url\":\"https:\\\/\\\/reveil-info.net\\\/wp-content\\\/uploads\\\/2026\\\/02\\\/1771884764505.jpg\",\"contentUrl\":\"https:\\\/\\\/reveil-info.net\\\/wp-content\\\/uploads\\\/2026\\\/02\\\/1771884764505.jpg\",\"width\":720,\"height\":575},{\"@type\":\"BreadcrumbList\",\"@id\":\"https:\\\/\\\/reveil-info.net\\\/?p=44834#breadcrumb\",\"itemListElement\":[{\"@type\":\"ListItem\",\"position\":1,\"name\":\"Home\",\"item\":\"https:\\\/\\\/reveil-info.net\\\/\"},{\"@type\":\"ListItem\",\"position\":2,\"name\":\"Secteur minier : le ministre Gouba salue l&rsquo;engagement de l&rsquo;ONG ORCADE\"}]},{\"@type\":\"WebSite\",\"@id\":\"https:\\\/\\\/reveil-info.net\\\/#website\",\"url\":\"https:\\\/\\\/reveil-info.net\\\/\",\"name\":\"R\u00e9veil Info\",\"description\":\"Le devoir d&#039;informer!\",\"publisher\":{\"@id\":\"https:\\\/\\\/reveil-info.net\\\/#organization\"},\"potentialAction\":[{\"@type\":\"SearchAction\",\"target\":{\"@type\":\"EntryPoint\",\"urlTemplate\":\"https:\\\/\\\/reveil-info.net\\\/?s={search_term_string}\"},\"query-input\":{\"@type\":\"PropertyValueSpecification\",\"valueRequired\":true,\"valueName\":\"search_term_string\"}}],\"inLanguage\":\"fr-FR\"},{\"@type\":\"Organization\",\"@id\":\"https:\\\/\\\/reveil-info.net\\\/#organization\",\"name\":\"R\u00e9veil Info\",\"url\":\"https:\\\/\\\/reveil-info.net\\\/\",\"logo\":{\"@type\":\"ImageObject\",\"inLanguage\":\"fr-FR\",\"@id\":\"https:\\\/\\\/reveil-info.net\\\/#\\\/schema\\\/logo\\\/image\\\/\",\"url\":\"https:\\\/\\\/reveil-info.net\\\/wp-content\\\/uploads\\\/2024\\\/07\\\/bnddd1.jpg\",\"contentUrl\":\"https:\\\/\\\/reveil-info.net\\\/wp-content\\\/uploads\\\/2024\\\/07\\\/bnddd1.jpg\",\"width\":903,\"height\":125,\"caption\":\"R\u00e9veil Info\"},\"image\":{\"@id\":\"https:\\\/\\\/reveil-info.net\\\/#\\\/schema\\\/logo\\\/image\\\/\"}},{\"@type\":\"Person\",\"@id\":\"https:\\\/\\\/reveil-info.net\\\/#\\\/schema\\\/person\\\/ca0cc8e70088e0a2b5e92556c1ee60f5\",\"name\":\"R\u00e9veil info\",\"image\":{\"@type\":\"ImageObject\",\"inLanguage\":\"fr-FR\",\"@id\":\"https:\\\/\\\/secure.gravatar.com\\\/avatar\\\/e4ad5bb743c8b6cb174d9df6c7d30a8a16f6889731241345fc6444e6485f02af?s=96&d=mm&r=g\",\"url\":\"https:\\\/\\\/secure.gravatar.com\\\/avatar\\\/e4ad5bb743c8b6cb174d9df6c7d30a8a16f6889731241345fc6444e6485f02af?s=96&d=mm&r=g\",\"contentUrl\":\"https:\\\/\\\/secure.gravatar.com\\\/avatar\\\/e4ad5bb743c8b6cb174d9df6c7d30a8a16f6889731241345fc6444e6485f02af?s=96&d=mm&r=g\",\"caption\":\"R\u00e9veil info\"},\"sameAs\":[\"https:\\\/\\\/reveil-info.net\"],\"url\":\"https:\\\/\\\/reveil-info.net\\\/?author=1\"}]}<\/script>\n<!-- \/ Yoast SEO plugin. -->","yoast_head_json":{"title":"Secteur minier : le ministre Gouba salue l'engagement de l'ONG ORCADE - R\u00e9veil Info","robots":{"index":"noindex","follow":"follow","max-snippet":"max-snippet:-1","max-image-preview":"max-image-preview:large","max-video-preview":"max-video-preview:-1"},"og_locale":"fr_FR","og_type":"article","og_title":"Secteur minier : le ministre Gouba salue l'engagement de l'ONG ORCADE - R\u00e9veil Info","og_description":"Souverainet\u00e9 du secteur minier burkinab\u00e8 Le ministre Yacouba Zabr\u00e9 GOUBA salue l\u2019engagement de l\u2019ONG ORCADE","og_url":"https:\/\/reveil-info.net\/?p=44834","og_site_name":"R\u00e9veil Info","article_published_time":"2026-02-23T22:17:06+00:00","og_image":[{"width":720,"height":575,"url":"https:\/\/reveil-info.net\/wp-content\/uploads\/2026\/02\/1771884764505.jpg","type":"image\/jpeg"}],"author":"R\u00e9veil info","twitter_card":"summary_large_image","twitter_misc":{"\u00c9crit par":"R\u00e9veil info","Dur\u00e9e de lecture estim\u00e9e":"4 minutes"},"schema":{"@context":"https:\/\/schema.org","@graph":[{"@type":"Article","@id":"https:\/\/reveil-info.net\/?p=44834#article","isPartOf":{"@id":"https:\/\/reveil-info.net\/?p=44834"},"author":{"name":"R\u00e9veil info","@id":"https:\/\/reveil-info.net\/#\/schema\/person\/ca0cc8e70088e0a2b5e92556c1ee60f5"},"headline":"Secteur minier : le ministre Gouba salue l&rsquo;engagement de l&rsquo;ONG ORCADE","datePublished":"2026-02-23T22:17:06+00:00","mainEntityOfPage":{"@id":"https:\/\/reveil-info.net\/?p=44834"},"wordCount":541,"commentCount":0,"publisher":{"@id":"https:\/\/reveil-info.net\/#organization"},"image":{"@id":"https:\/\/reveil-info.net\/?p=44834#primaryimage"},"thumbnailUrl":"https:\/\/reveil-info.net\/wp-content\/uploads\/2026\/02\/1771884764505.jpg","articleSection":["Actualit\u00e9"],"inLanguage":"fr-FR","potentialAction":[{"@type":"CommentAction","name":"Comment","target":["https:\/\/reveil-info.net\/?p=44834#respond"]}]},{"@type":"WebPage","@id":"https:\/\/reveil-info.net\/?p=44834","url":"https:\/\/reveil-info.net\/?p=44834","name":"Secteur minier : le ministre Gouba salue l'engagement de l'ONG ORCADE - R\u00e9veil Info","isPartOf":{"@id":"https:\/\/reveil-info.net\/#website"},"primaryImageOfPage":{"@id":"https:\/\/reveil-info.net\/?p=44834#primaryimage"},"image":{"@id":"https:\/\/reveil-info.net\/?p=44834#primaryimage"},"thumbnailUrl":"https:\/\/reveil-info.net\/wp-content\/uploads\/2026\/02\/1771884764505.jpg","datePublished":"2026-02-23T22:17:06+00:00","breadcrumb":{"@id":"https:\/\/reveil-info.net\/?p=44834#breadcrumb"},"inLanguage":"fr-FR","potentialAction":[{"@type":"ReadAction","target":["https:\/\/reveil-info.net\/?p=44834"]}]},{"@type":"ImageObject","inLanguage":"fr-FR","@id":"https:\/\/reveil-info.net\/?p=44834#primaryimage","url":"https:\/\/reveil-info.net\/wp-content\/uploads\/2026\/02\/1771884764505.jpg","contentUrl":"https:\/\/reveil-info.net\/wp-content\/uploads\/2026\/02\/1771884764505.jpg","width":720,"height":575},{"@type":"BreadcrumbList","@id":"https:\/\/reveil-info.net\/?p=44834#breadcrumb","itemListElement":[{"@type":"ListItem","position":1,"name":"Home","item":"https:\/\/reveil-info.net\/"},{"@type":"ListItem","position":2,"name":"Secteur minier : le ministre Gouba salue l&rsquo;engagement de l&rsquo;ONG ORCADE"}]},{"@type":"WebSite","@id":"https:\/\/reveil-info.net\/#website","url":"https:\/\/reveil-info.net\/","name":"R\u00e9veil Info","description":"Le devoir d&#039;informer!","publisher":{"@id":"https:\/\/reveil-info.net\/#organization"},"potentialAction":[{"@type":"SearchAction","target":{"@type":"EntryPoint","urlTemplate":"https:\/\/reveil-info.net\/?s={search_term_string}"},"query-input":{"@type":"PropertyValueSpecification","valueRequired":true,"valueName":"search_term_string"}}],"inLanguage":"fr-FR"},{"@type":"Organization","@id":"https:\/\/reveil-info.net\/#organization","name":"R\u00e9veil Info","url":"https:\/\/reveil-info.net\/","logo":{"@type":"ImageObject","inLanguage":"fr-FR","@id":"https:\/\/reveil-info.net\/#\/schema\/logo\/image\/","url":"https:\/\/reveil-info.net\/wp-content\/uploads\/2024\/07\/bnddd1.jpg","contentUrl":"https:\/\/reveil-info.net\/wp-content\/uploads\/2024\/07\/bnddd1.jpg","width":903,"height":125,"caption":"R\u00e9veil Info"},"image":{"@id":"https:\/\/reveil-info.net\/#\/schema\/logo\/image\/"}},{"@type":"Person","@id":"https:\/\/reveil-info.net\/#\/schema\/person\/ca0cc8e70088e0a2b5e92556c1ee60f5","name":"R\u00e9veil info","image":{"@type":"ImageObject","inLanguage":"fr-FR","@id":"https:\/\/secure.gravatar.com\/avatar\/e4ad5bb743c8b6cb174d9df6c7d30a8a16f6889731241345fc6444e6485f02af?s=96&d=mm&r=g","url":"https:\/\/secure.gravatar.com\/avatar\/e4ad5bb743c8b6cb174d9df6c7d30a8a16f6889731241345fc6444e6485f02af?s=96&d=mm&r=g","contentUrl":"https:\/\/secure.gravatar.com\/avatar\/e4ad5bb743c8b6cb174d9df6c7d30a8a16f6889731241345fc6444e6485f02af?s=96&d=mm&r=g","caption":"R\u00e9veil info"},"sameAs":["https:\/\/reveil-info.net"],"url":"https:\/\/reveil-info.net\/?author=1"}]}},"jetpack_featured_media_url":"","featured_image_urls":{"full":"","thumbnail":"","medium":"","medium_large":"","large":"","1536x1536":"","2048x2048":"","chromenews-featured":"","chromenews-large":"","chromenews-medium":""},"author_info":{"display_name":"R\u00e9veil info","author_link":"https:\/\/reveil-info.net\/?author=1"},"category_info":"<a href=\"https:\/\/reveil-info.net\/?cat=2\" rel=\"category\">Actualit\u00e9<\/a>","tag_info":"Actualit\u00e9","comment_count":"0","_links":{"self":[{"href":"https:\/\/reveil-info.net\/index.php?rest_route=\/wp\/v2\/posts\/44834","targetHints":{"allow":["GET"]}}],"collection":[{"href":"https:\/\/reveil-info.net\/index.php?rest_route=\/wp\/v2\/posts"}],"about":[{"href":"https:\/\/reveil-info.net\/index.php?rest_route=\/wp\/v2\/types\/post"}],"author":[{"embeddable":true,"href":"https:\/\/reveil-info.net\/index.php?rest_route=\/wp\/v2\/users\/1"}],"replies":[{"embeddable":true,"href":"https:\/\/reveil-info.net\/index.php?rest_route=%2Fwp%2Fv2%2Fcomments&post=44834"}],"version-history":[{"count":4,"href":"https:\/\/reveil-info.net\/index.php?rest_route=\/wp\/v2\/posts\/44834\/revisions"}],"predecessor-version":[{"id":44842,"href":"https:\/\/reveil-info.net\/index.php?rest_route=\/wp\/v2\/posts\/44834\/revisions\/44842"}],"wp:attachment":[{"href":"https:\/\/reveil-info.net\/index.php?rest_route=%2Fwp%2Fv2%2Fmedia&parent=44834"}],"wp:term":[{"taxonomy":"category","embeddable":true,"href":"https:\/\/reveil-info.net\/index.php?rest_route=%2Fwp%2Fv2%2Fcategories&post=44834"},{"taxonomy":"post_tag","embeddable":true,"href":"https:\/\/reveil-info.net\/index.php?rest_route=%2Fwp%2Fv2%2Ftags&post=44834"}],"curies":[{"name":"wp","href":"https:\/\/api.w.org\/{rel}","templated":true}]}}