{"id":44720,"date":"2026-02-23T08:44:30","date_gmt":"2026-02-23T08:44:30","guid":{"rendered":"https:\/\/reveil-info.net\/?p=44720"},"modified":"2026-02-23T08:44:30","modified_gmt":"2026-02-23T08:44:30","slug":"mali-preference-nationale-dans-la-commande-publique","status":"publish","type":"post","link":"https:\/\/reveil-info.net\/?p=44720","title":{"rendered":"Mali: pr\u00e9f\u00e9rence nationale dans la commande publique"},"content":{"rendered":"<p>Mali : Le Ministre Alouss\u00e9ni Sanou impose la \u00ab\u00a0Pr\u00e9f\u00e9rence Nationale\u00a0\u00bb dans la commande publique<\/p>\n<p><img loading=\"lazy\" decoding=\"async\" class=\"alignnone size-full wp-image-44722\" src=\"https:\/\/reveil-info.net\/wp-content\/uploads\/2026\/02\/FB_IMG_1771836088446.jpg\" alt=\"\" width=\"474\" height=\"496\" srcset=\"https:\/\/reveil-info.net\/wp-content\/uploads\/2026\/02\/FB_IMG_1771836088446.jpg 474w, https:\/\/reveil-info.net\/wp-content\/uploads\/2026\/02\/FB_IMG_1771836088446-287x300.jpg 287w\" sizes=\"auto, (max-width: 474px) 100vw, 474px\" \/><\/p>\n<p>Par une circulaire dat\u00e9e du 13 f\u00e9vrier 2026, le Ministre de l\u2019\u00c9conomie et des Finances, Alouss\u00e9ni Sanou, a franchi une \u00e9tape d\u00e9cisive dans la souverainet\u00e9 \u00e9conomique du Mali. En orientant d\u00e9sormais la commande publique vers les productions locales, Bamako fait le choix audacieux du patriotisme \u00e9conomique.<\/p>\n<p>Un tournant vers le \u00ab Consommer Malien \u00bb<\/p>\n<p>C\u2019est une d\u00e9cision qui fera date. Fid\u00e8le aux recommandations des Assises Nationales de la Refondation (ANR), le Ministre de l\u2019\u00c9conomie et des Finances, M. Alouss\u00e9ni Sanou, vient d\u2019officialiser une mesure structurelle majeure : l\u2019\u00e9quipement et l\u2019approvisionnement des minist\u00e8res maliens devront d\u00e9sormais se faire prioritairement aupr\u00e8s des Petites et Moyennes Entreprises (PME) locales.<\/p>\n<p>L\u2019objectif est limpide : transformer la puissance de l&rsquo;achat public en un moteur de croissance pour les entrepreneurs nationaux. Il ne s\u2019agit plus seulement de discours, mais d\u2019actes budg\u00e9taires concrets. Chaque minist\u00e8re est d\u00e9sormais tenu de r\u00e9server une enveloppe de 100 millions de FCFA au titre de l\u2019exercice 2026 pour le financement exclusif de ces acquisitions locales.<\/p>\n<p>Les secteurs cl\u00e9s de la relance locale<\/p>\n<p>La note circulaire n\u00b00313\/MEF-SG d\u00e9taille les domaines d&rsquo;application imm\u00e9diats de cette directive :<\/p>\n<p>Le Mobilier et la D\u00e9coration : Les bureaux minist\u00e9riels seront d\u00e9sormais meubl\u00e9s par des artisans locaux. Tableaux, tissus d\u00e9coratifs et rideaux porteront le sceau du savoir-faire malien.<br \/>\nL&rsquo;Agro-industrie : Priorit\u00e9 absolue est donn\u00e9e aux productions nationales pour les boissons, jus de fruits et th\u00e9s, stimulant ainsi nos fili\u00e8res de transformation.<br \/>\nL&rsquo;Hygi\u00e8ne et les Produits Sanitaires : Savons, d\u00e9tergents et papiers hygi\u00e9niques devront \u00eatre issus des usines de fabrication nationale.<\/p>\n<p>L\u2019audace d\u2019un Ministre au service de la r\u00e9silience<\/p>\n<p>Il faut saluer ici la vision pragmatique d&rsquo;Alouss\u00e9ni Sanou. En imposant un calendrier serr\u00e9 avec une r\u00e9ponse attendue des d\u00e9partements minist\u00e9riels avant le 20 f\u00e9vrier 2026 le Ministre d\u00e9montre une volont\u00e9 d&rsquo;ex\u00e9cution rapide et efficace.<\/p>\n<p>Cette initiative est une bouff\u00e9e d\u2019oxyg\u00e8ne pour nos PME, souvent fragiles face \u00e0 la concurrence internationale. En s\u00e9curisant des d\u00e9bouch\u00e9s au sommet de l&rsquo;\u00c9tat, le Minist\u00e8re de l\u2019\u00c9conomie et des Finances ne se contente pas de g\u00e9rer des chiffres ; il b\u00e2tit un \u00e9cosyst\u00e8me industriel r\u00e9silient et cr\u00e9ateur d\u2019emplois pour la jeunesse malienne.<\/p>\n<p>Un impact socio-\u00e9conomique majeur<\/p>\n<p>Au-del\u00e0 de l&rsquo;aspect symbolique, cette mesure de \u00ab discrimination positive \u00bb en faveur des produits maliens va permettre de r\u00e9duire la fuite des capitaux et de renforcer la balance commerciale. C&rsquo;est un signal fort envoy\u00e9 aux investisseurs : au Mali, l\u2019\u00c9tat croit en son industrie.<\/p>\n<p>Sous l&rsquo;impulsion de M. Sanou, le Mali s\u2019engage sur la voie de l\u2019autonomie. Le \u00ab\u00a0Consommer Malien\u00a0\u00bb n&rsquo;est plus un slogan, c&rsquo;est d\u00e9sormais une r\u00e8gle d&rsquo;or de la gouvernance publique. Un exemple de patriotisme \u00e9conomique qui, on l&rsquo;esp\u00e8re, fera \u00e9cole dans toute la sous-r\u00e9gion.<\/p>\n<p>Actu Mali<\/p>\n<p>Reveil-info<\/p>\n","protected":false},"excerpt":{"rendered":"<p>Mali : Le Ministre Alouss\u00e9ni Sanou impose la \u00ab\u00a0Pr\u00e9f\u00e9rence Nationale\u00a0\u00bb dans la commande publique Par<\/p>\n","protected":false},"author":1,"featured_media":0,"comment_status":"open","ping_status":"open","sticky":false,"template":"","format":"standard","meta":{"footnotes":""},"categories":[2,47],"tags":[],"class_list":["post-44720","post","type-post","status-publish","format-standard","hentry","category-actu","category-aes"],"yoast_head":"<!-- This site is optimized with the Yoast SEO plugin v27.5 - https:\/\/yoast.com\/product\/yoast-seo-wordpress\/ -->\n<title>Mali: pr\u00e9f\u00e9rence nationale dans la commande publique - R\u00e9veil Info<\/title>\n<meta name=\"robots\" content=\"noindex, follow, max-snippet:-1, max-image-preview:large, max-video-preview:-1\" \/>\n<meta property=\"og:locale\" content=\"fr_FR\" \/>\n<meta property=\"og:type\" content=\"article\" \/>\n<meta property=\"og:title\" content=\"Mali: pr\u00e9f\u00e9rence nationale dans la commande publique - R\u00e9veil Info\" \/>\n<meta property=\"og:description\" content=\"Mali : Le Ministre Alouss\u00e9ni Sanou impose la \u00ab\u00a0Pr\u00e9f\u00e9rence Nationale\u00a0\u00bb dans la commande publique Par\" \/>\n<meta property=\"og:url\" content=\"https:\/\/reveil-info.net\/?p=44720\" \/>\n<meta property=\"og:site_name\" content=\"R\u00e9veil Info\" \/>\n<meta property=\"article:published_time\" content=\"2026-02-23T08:44:30+00:00\" \/>\n<meta property=\"og:image\" content=\"https:\/\/reveil-info.net\/wp-content\/uploads\/2026\/02\/FB_IMG_1771836088446.jpg\" \/>\n\t<meta property=\"og:image:width\" content=\"474\" \/>\n\t<meta property=\"og:image:height\" content=\"496\" \/>\n\t<meta property=\"og:image:type\" content=\"image\/jpeg\" \/>\n<meta name=\"author\" content=\"R\u00e9veil info\" \/>\n<meta name=\"twitter:card\" content=\"summary_large_image\" \/>\n<meta name=\"twitter:label1\" content=\"\u00c9crit par\" \/>\n\t<meta name=\"twitter:data1\" content=\"R\u00e9veil info\" \/>\n\t<meta name=\"twitter:label2\" content=\"Dur\u00e9e de lecture estim\u00e9e\" \/>\n\t<meta name=\"twitter:data2\" content=\"3 minutes\" \/>\n<script type=\"application\/ld+json\" class=\"yoast-schema-graph\">{\"@context\":\"https:\\\/\\\/schema.org\",\"@graph\":[{\"@type\":\"Article\",\"@id\":\"https:\\\/\\\/reveil-info.net\\\/?p=44720#article\",\"isPartOf\":{\"@id\":\"https:\\\/\\\/reveil-info.net\\\/?p=44720\"},\"author\":{\"name\":\"R\u00e9veil info\",\"@id\":\"https:\\\/\\\/reveil-info.net\\\/#\\\/schema\\\/person\\\/ca0cc8e70088e0a2b5e92556c1ee60f5\"},\"headline\":\"Mali: pr\u00e9f\u00e9rence nationale dans la commande publique\",\"datePublished\":\"2026-02-23T08:44:30+00:00\",\"mainEntityOfPage\":{\"@id\":\"https:\\\/\\\/reveil-info.net\\\/?p=44720\"},\"wordCount\":536,\"commentCount\":0,\"publisher\":{\"@id\":\"https:\\\/\\\/reveil-info.net\\\/#organization\"},\"image\":{\"@id\":\"https:\\\/\\\/reveil-info.net\\\/?p=44720#primaryimage\"},\"thumbnailUrl\":\"https:\\\/\\\/reveil-info.net\\\/wp-content\\\/uploads\\\/2026\\\/02\\\/FB_IMG_1771836088446.jpg\",\"articleSection\":[\"Actualit\u00e9\",\"AES\"],\"inLanguage\":\"fr-FR\",\"potentialAction\":[{\"@type\":\"CommentAction\",\"name\":\"Comment\",\"target\":[\"https:\\\/\\\/reveil-info.net\\\/?p=44720#respond\"]}]},{\"@type\":\"WebPage\",\"@id\":\"https:\\\/\\\/reveil-info.net\\\/?p=44720\",\"url\":\"https:\\\/\\\/reveil-info.net\\\/?p=44720\",\"name\":\"Mali: pr\u00e9f\u00e9rence nationale dans la commande publique - R\u00e9veil Info\",\"isPartOf\":{\"@id\":\"https:\\\/\\\/reveil-info.net\\\/#website\"},\"primaryImageOfPage\":{\"@id\":\"https:\\\/\\\/reveil-info.net\\\/?p=44720#primaryimage\"},\"image\":{\"@id\":\"https:\\\/\\\/reveil-info.net\\\/?p=44720#primaryimage\"},\"thumbnailUrl\":\"https:\\\/\\\/reveil-info.net\\\/wp-content\\\/uploads\\\/2026\\\/02\\\/FB_IMG_1771836088446.jpg\",\"datePublished\":\"2026-02-23T08:44:30+00:00\",\"breadcrumb\":{\"@id\":\"https:\\\/\\\/reveil-info.net\\\/?p=44720#breadcrumb\"},\"inLanguage\":\"fr-FR\",\"potentialAction\":[{\"@type\":\"ReadAction\",\"target\":[\"https:\\\/\\\/reveil-info.net\\\/?p=44720\"]}]},{\"@type\":\"ImageObject\",\"inLanguage\":\"fr-FR\",\"@id\":\"https:\\\/\\\/reveil-info.net\\\/?p=44720#primaryimage\",\"url\":\"https:\\\/\\\/reveil-info.net\\\/wp-content\\\/uploads\\\/2026\\\/02\\\/FB_IMG_1771836088446.jpg\",\"contentUrl\":\"https:\\\/\\\/reveil-info.net\\\/wp-content\\\/uploads\\\/2026\\\/02\\\/FB_IMG_1771836088446.jpg\",\"width\":474,\"height\":496},{\"@type\":\"BreadcrumbList\",\"@id\":\"https:\\\/\\\/reveil-info.net\\\/?p=44720#breadcrumb\",\"itemListElement\":[{\"@type\":\"ListItem\",\"position\":1,\"name\":\"Home\",\"item\":\"https:\\\/\\\/reveil-info.net\\\/\"},{\"@type\":\"ListItem\",\"position\":2,\"name\":\"Mali: pr\u00e9f\u00e9rence nationale dans la commande publique\"}]},{\"@type\":\"WebSite\",\"@id\":\"https:\\\/\\\/reveil-info.net\\\/#website\",\"url\":\"https:\\\/\\\/reveil-info.net\\\/\",\"name\":\"R\u00e9veil Info\",\"description\":\"Le devoir d&#039;informer!\",\"publisher\":{\"@id\":\"https:\\\/\\\/reveil-info.net\\\/#organization\"},\"potentialAction\":[{\"@type\":\"SearchAction\",\"target\":{\"@type\":\"EntryPoint\",\"urlTemplate\":\"https:\\\/\\\/reveil-info.net\\\/?s={search_term_string}\"},\"query-input\":{\"@type\":\"PropertyValueSpecification\",\"valueRequired\":true,\"valueName\":\"search_term_string\"}}],\"inLanguage\":\"fr-FR\"},{\"@type\":\"Organization\",\"@id\":\"https:\\\/\\\/reveil-info.net\\\/#organization\",\"name\":\"R\u00e9veil Info\",\"url\":\"https:\\\/\\\/reveil-info.net\\\/\",\"logo\":{\"@type\":\"ImageObject\",\"inLanguage\":\"fr-FR\",\"@id\":\"https:\\\/\\\/reveil-info.net\\\/#\\\/schema\\\/logo\\\/image\\\/\",\"url\":\"https:\\\/\\\/reveil-info.net\\\/wp-content\\\/uploads\\\/2024\\\/07\\\/bnddd1.jpg\",\"contentUrl\":\"https:\\\/\\\/reveil-info.net\\\/wp-content\\\/uploads\\\/2024\\\/07\\\/bnddd1.jpg\",\"width\":903,\"height\":125,\"caption\":\"R\u00e9veil Info\"},\"image\":{\"@id\":\"https:\\\/\\\/reveil-info.net\\\/#\\\/schema\\\/logo\\\/image\\\/\"}},{\"@type\":\"Person\",\"@id\":\"https:\\\/\\\/reveil-info.net\\\/#\\\/schema\\\/person\\\/ca0cc8e70088e0a2b5e92556c1ee60f5\",\"name\":\"R\u00e9veil info\",\"image\":{\"@type\":\"ImageObject\",\"inLanguage\":\"fr-FR\",\"@id\":\"https:\\\/\\\/secure.gravatar.com\\\/avatar\\\/e4ad5bb743c8b6cb174d9df6c7d30a8a16f6889731241345fc6444e6485f02af?s=96&d=mm&r=g\",\"url\":\"https:\\\/\\\/secure.gravatar.com\\\/avatar\\\/e4ad5bb743c8b6cb174d9df6c7d30a8a16f6889731241345fc6444e6485f02af?s=96&d=mm&r=g\",\"contentUrl\":\"https:\\\/\\\/secure.gravatar.com\\\/avatar\\\/e4ad5bb743c8b6cb174d9df6c7d30a8a16f6889731241345fc6444e6485f02af?s=96&d=mm&r=g\",\"caption\":\"R\u00e9veil info\"},\"sameAs\":[\"https:\\\/\\\/reveil-info.net\"],\"url\":\"https:\\\/\\\/reveil-info.net\\\/?author=1\"}]}<\/script>\n<!-- \/ Yoast SEO plugin. -->","yoast_head_json":{"title":"Mali: pr\u00e9f\u00e9rence nationale dans la commande publique - R\u00e9veil Info","robots":{"index":"noindex","follow":"follow","max-snippet":"max-snippet:-1","max-image-preview":"max-image-preview:large","max-video-preview":"max-video-preview:-1"},"og_locale":"fr_FR","og_type":"article","og_title":"Mali: pr\u00e9f\u00e9rence nationale dans la commande publique - R\u00e9veil Info","og_description":"Mali : Le Ministre Alouss\u00e9ni Sanou impose la \u00ab\u00a0Pr\u00e9f\u00e9rence Nationale\u00a0\u00bb dans la commande publique Par","og_url":"https:\/\/reveil-info.net\/?p=44720","og_site_name":"R\u00e9veil Info","article_published_time":"2026-02-23T08:44:30+00:00","og_image":[{"width":474,"height":496,"url":"https:\/\/reveil-info.net\/wp-content\/uploads\/2026\/02\/FB_IMG_1771836088446.jpg","type":"image\/jpeg"}],"author":"R\u00e9veil info","twitter_card":"summary_large_image","twitter_misc":{"\u00c9crit par":"R\u00e9veil info","Dur\u00e9e de lecture estim\u00e9e":"3 minutes"},"schema":{"@context":"https:\/\/schema.org","@graph":[{"@type":"Article","@id":"https:\/\/reveil-info.net\/?p=44720#article","isPartOf":{"@id":"https:\/\/reveil-info.net\/?p=44720"},"author":{"name":"R\u00e9veil info","@id":"https:\/\/reveil-info.net\/#\/schema\/person\/ca0cc8e70088e0a2b5e92556c1ee60f5"},"headline":"Mali: pr\u00e9f\u00e9rence nationale dans la commande publique","datePublished":"2026-02-23T08:44:30+00:00","mainEntityOfPage":{"@id":"https:\/\/reveil-info.net\/?p=44720"},"wordCount":536,"commentCount":0,"publisher":{"@id":"https:\/\/reveil-info.net\/#organization"},"image":{"@id":"https:\/\/reveil-info.net\/?p=44720#primaryimage"},"thumbnailUrl":"https:\/\/reveil-info.net\/wp-content\/uploads\/2026\/02\/FB_IMG_1771836088446.jpg","articleSection":["Actualit\u00e9","AES"],"inLanguage":"fr-FR","potentialAction":[{"@type":"CommentAction","name":"Comment","target":["https:\/\/reveil-info.net\/?p=44720#respond"]}]},{"@type":"WebPage","@id":"https:\/\/reveil-info.net\/?p=44720","url":"https:\/\/reveil-info.net\/?p=44720","name":"Mali: pr\u00e9f\u00e9rence nationale dans la commande publique - R\u00e9veil Info","isPartOf":{"@id":"https:\/\/reveil-info.net\/#website"},"primaryImageOfPage":{"@id":"https:\/\/reveil-info.net\/?p=44720#primaryimage"},"image":{"@id":"https:\/\/reveil-info.net\/?p=44720#primaryimage"},"thumbnailUrl":"https:\/\/reveil-info.net\/wp-content\/uploads\/2026\/02\/FB_IMG_1771836088446.jpg","datePublished":"2026-02-23T08:44:30+00:00","breadcrumb":{"@id":"https:\/\/reveil-info.net\/?p=44720#breadcrumb"},"inLanguage":"fr-FR","potentialAction":[{"@type":"ReadAction","target":["https:\/\/reveil-info.net\/?p=44720"]}]},{"@type":"ImageObject","inLanguage":"fr-FR","@id":"https:\/\/reveil-info.net\/?p=44720#primaryimage","url":"https:\/\/reveil-info.net\/wp-content\/uploads\/2026\/02\/FB_IMG_1771836088446.jpg","contentUrl":"https:\/\/reveil-info.net\/wp-content\/uploads\/2026\/02\/FB_IMG_1771836088446.jpg","width":474,"height":496},{"@type":"BreadcrumbList","@id":"https:\/\/reveil-info.net\/?p=44720#breadcrumb","itemListElement":[{"@type":"ListItem","position":1,"name":"Home","item":"https:\/\/reveil-info.net\/"},{"@type":"ListItem","position":2,"name":"Mali: pr\u00e9f\u00e9rence nationale dans la commande publique"}]},{"@type":"WebSite","@id":"https:\/\/reveil-info.net\/#website","url":"https:\/\/reveil-info.net\/","name":"R\u00e9veil Info","description":"Le devoir d&#039;informer!","publisher":{"@id":"https:\/\/reveil-info.net\/#organization"},"potentialAction":[{"@type":"SearchAction","target":{"@type":"EntryPoint","urlTemplate":"https:\/\/reveil-info.net\/?s={search_term_string}"},"query-input":{"@type":"PropertyValueSpecification","valueRequired":true,"valueName":"search_term_string"}}],"inLanguage":"fr-FR"},{"@type":"Organization","@id":"https:\/\/reveil-info.net\/#organization","name":"R\u00e9veil Info","url":"https:\/\/reveil-info.net\/","logo":{"@type":"ImageObject","inLanguage":"fr-FR","@id":"https:\/\/reveil-info.net\/#\/schema\/logo\/image\/","url":"https:\/\/reveil-info.net\/wp-content\/uploads\/2024\/07\/bnddd1.jpg","contentUrl":"https:\/\/reveil-info.net\/wp-content\/uploads\/2024\/07\/bnddd1.jpg","width":903,"height":125,"caption":"R\u00e9veil Info"},"image":{"@id":"https:\/\/reveil-info.net\/#\/schema\/logo\/image\/"}},{"@type":"Person","@id":"https:\/\/reveil-info.net\/#\/schema\/person\/ca0cc8e70088e0a2b5e92556c1ee60f5","name":"R\u00e9veil info","image":{"@type":"ImageObject","inLanguage":"fr-FR","@id":"https:\/\/secure.gravatar.com\/avatar\/e4ad5bb743c8b6cb174d9df6c7d30a8a16f6889731241345fc6444e6485f02af?s=96&d=mm&r=g","url":"https:\/\/secure.gravatar.com\/avatar\/e4ad5bb743c8b6cb174d9df6c7d30a8a16f6889731241345fc6444e6485f02af?s=96&d=mm&r=g","contentUrl":"https:\/\/secure.gravatar.com\/avatar\/e4ad5bb743c8b6cb174d9df6c7d30a8a16f6889731241345fc6444e6485f02af?s=96&d=mm&r=g","caption":"R\u00e9veil info"},"sameAs":["https:\/\/reveil-info.net"],"url":"https:\/\/reveil-info.net\/?author=1"}]}},"jetpack_featured_media_url":"","featured_image_urls":{"full":"","thumbnail":"","medium":"","medium_large":"","large":"","1536x1536":"","2048x2048":"","chromenews-featured":"","chromenews-large":"","chromenews-medium":""},"author_info":{"display_name":"R\u00e9veil info","author_link":"https:\/\/reveil-info.net\/?author=1"},"category_info":"<a href=\"https:\/\/reveil-info.net\/?cat=2\" rel=\"category\">Actualit\u00e9<\/a> <a href=\"https:\/\/reveil-info.net\/?cat=47\" rel=\"category\">AES<\/a>","tag_info":"AES","comment_count":"0","_links":{"self":[{"href":"https:\/\/reveil-info.net\/index.php?rest_route=\/wp\/v2\/posts\/44720","targetHints":{"allow":["GET"]}}],"collection":[{"href":"https:\/\/reveil-info.net\/index.php?rest_route=\/wp\/v2\/posts"}],"about":[{"href":"https:\/\/reveil-info.net\/index.php?rest_route=\/wp\/v2\/types\/post"}],"author":[{"embeddable":true,"href":"https:\/\/reveil-info.net\/index.php?rest_route=\/wp\/v2\/users\/1"}],"replies":[{"embeddable":true,"href":"https:\/\/reveil-info.net\/index.php?rest_route=%2Fwp%2Fv2%2Fcomments&post=44720"}],"version-history":[{"count":3,"href":"https:\/\/reveil-info.net\/index.php?rest_route=\/wp\/v2\/posts\/44720\/revisions"}],"predecessor-version":[{"id":44724,"href":"https:\/\/reveil-info.net\/index.php?rest_route=\/wp\/v2\/posts\/44720\/revisions\/44724"}],"wp:attachment":[{"href":"https:\/\/reveil-info.net\/index.php?rest_route=%2Fwp%2Fv2%2Fmedia&parent=44720"}],"wp:term":[{"taxonomy":"category","embeddable":true,"href":"https:\/\/reveil-info.net\/index.php?rest_route=%2Fwp%2Fv2%2Fcategories&post=44720"},{"taxonomy":"post_tag","embeddable":true,"href":"https:\/\/reveil-info.net\/index.php?rest_route=%2Fwp%2Fv2%2Ftags&post=44720"}],"curies":[{"name":"wp","href":"https:\/\/api.w.org\/{rel}","templated":true}]}}