{"id":44695,"date":"2026-02-23T07:35:42","date_gmt":"2026-02-23T07:35:42","guid":{"rendered":"https:\/\/reveil-info.net\/?p=44695"},"modified":"2026-02-23T07:35:42","modified_gmt":"2026-02-23T07:35:42","slug":"cote-divoire-duekoue-un-affrontement-entre-communautes-fait-un-mort","status":"publish","type":"post","link":"https:\/\/reveil-info.net\/?p=44695","title":{"rendered":"C\u00f4te d&rsquo;Ivoire -Du\u00e9kou\u00e9: un affrontement entre communaut\u00e9s fait un mort"},"content":{"rendered":"<p>Duekou\u00e9 : affrontements communautaires entre jeunes gu\u00e9r\u00e9 et Maliens<\/p>\n<p><img loading=\"lazy\" decoding=\"async\" class=\"alignnone size-full wp-image-44697\" src=\"https:\/\/reveil-info.net\/wp-content\/uploads\/2026\/02\/1771831871344.jpg\" alt=\"\" width=\"533\" height=\"300\" srcset=\"https:\/\/reveil-info.net\/wp-content\/uploads\/2026\/02\/1771831871344.jpg 533w, https:\/\/reveil-info.net\/wp-content\/uploads\/2026\/02\/1771831871344-300x169.jpg 300w\" sizes=\"auto, (max-width: 533px) 100vw, 533px\" \/><\/p>\n<p><img loading=\"lazy\" decoding=\"async\" class=\"alignnone size-full wp-image-44699\" src=\"https:\/\/reveil-info.net\/wp-content\/uploads\/2026\/02\/1771831865947.jpg\" alt=\"\" width=\"533\" height=\"300\" srcset=\"https:\/\/reveil-info.net\/wp-content\/uploads\/2026\/02\/1771831865947.jpg 533w, https:\/\/reveil-info.net\/wp-content\/uploads\/2026\/02\/1771831865947-300x169.jpg 300w\" sizes=\"auto, (max-width: 533px) 100vw, 533px\" \/><\/p>\n<p>-1 mort et plusieurs maisons incendi\u00e9es<\/p>\n<p>Un affrontement communautaire a eu lieu entre des jeunes Gu\u00e9r\u00e9 de Bagohouo \u00e0 Du\u00e9kou\u00e9 et des ressortissants maliens.Selon le sous-pr\u00e9fet de Bagohouo, Foul\u00e9 Marius Kouame, tout serait parti d&rsquo;un diff\u00e9rend entre un jeunes des deux communaut\u00e9s. Le jeune gu\u00e9r\u00e9, Balli\u00e9 Jocelyn a voulu mettre aux arr\u00eats une moto appartenant au Malien. Il s&rsquo;en est suivi une bagarre entre les deux individus.<\/p>\n<p><img loading=\"lazy\" decoding=\"async\" class=\"alignnone size-full wp-image-44700\" src=\"https:\/\/reveil-info.net\/wp-content\/uploads\/2026\/02\/1771831861049.jpg\" alt=\"\" width=\"700\" height=\"370\" srcset=\"https:\/\/reveil-info.net\/wp-content\/uploads\/2026\/02\/1771831861049.jpg 700w, https:\/\/reveil-info.net\/wp-content\/uploads\/2026\/02\/1771831861049-300x159.jpg 300w\" sizes=\"auto, (max-width: 700px) 100vw, 700px\" \/><\/p>\n<p>Des membres de la communaut\u00e9 malienne ont tent\u00e9 d\u00e9fendre leur compatriote. La bagarre a pris une autre tournure, quand ceux-ci se sont rendus sur les lieux. Le jeune autochtone a \u00e9t\u00e9 tabass\u00e9 \u00e0 l&rsquo;aide de bois par ses adversaires. \u00c9vacu\u00e9 \u00e0 l&rsquo;h\u00f4pital de Nidrou, il a succomb\u00e9 \u00e0 ses blessures le lendemain aux environs de 10h. Inform\u00e9e, la communaut\u00e9 villageoise de Bagohouo n\u2019a voulu entendre raison. Elle a ripost\u00e9 de mani\u00e8re drastique.<\/p>\n<p>Des repr\u00e9sailles cibl\u00e9es, en s&rsquo;attaquant aux parents et proches des jeunes malink\u00e9s impliqu\u00e9s dans le conflit et le d\u00e9c\u00e8s de leur fr\u00e8re. Ce sont 26 maisons et des champs de caf\u00e9, de cacao, ma\u00efs, riz qui ont \u00e9t\u00e9 incendi\u00e9s. Le sous-pr\u00e9fet et le chef du village ont inform\u00e9s la gendarmerie pour limiter les d\u00e9g\u00e2ts.<\/p>\n<p>Des bless\u00e9s et le d\u00e9c\u00e8s de Balli\u00e9 Jocelyn. Vingt trois personnes ont \u00e9t\u00e9 interpell\u00e9es par la gendarmerie en vue de faire la lumi\u00e8re sur l\u2019affaire. Le chef du village de Bagohouo, Dj\u00e9hi Lessiehi Etienne d\u00e9clare avoir \u00e9t\u00e9 surpris par ses \u00e9v\u00e9nements. \u00ab\u00a0Je n&rsquo;\u00e9tais au courant de rien. Je n&rsquo;ai fait que constater les d\u00e9g\u00e2ts\u00a0\u00bb, a-t-il dit.<\/p>\n<p>Lavenir.ci<\/p>\n<p>Reveil-info<\/p>\n","protected":false},"excerpt":{"rendered":"<p>Duekou\u00e9 : affrontements communautaires entre jeunes gu\u00e9r\u00e9 et Maliens -1 mort et plusieurs maisons incendi\u00e9es<\/p>\n","protected":false},"author":1,"featured_media":0,"comment_status":"open","ping_status":"open","sticky":false,"template":"","format":"standard","meta":{"footnotes":""},"categories":[7,8],"tags":[],"class_list":["post-44695","post","type-post","status-publish","format-standard","hentry","category-faits","category-international"],"yoast_head":"<!-- This site is optimized with the Yoast SEO plugin v27.5 - https:\/\/yoast.com\/product\/yoast-seo-wordpress\/ -->\n<title>C\u00f4te d&#039;Ivoire -Du\u00e9kou\u00e9: un affrontement entre communaut\u00e9s fait un mort - R\u00e9veil Info<\/title>\n<meta name=\"robots\" content=\"noindex, follow, max-snippet:-1, max-image-preview:large, max-video-preview:-1\" \/>\n<meta property=\"og:locale\" content=\"fr_FR\" \/>\n<meta property=\"og:type\" content=\"article\" \/>\n<meta property=\"og:title\" content=\"C\u00f4te d&#039;Ivoire -Du\u00e9kou\u00e9: un affrontement entre communaut\u00e9s fait un mort - R\u00e9veil Info\" \/>\n<meta property=\"og:description\" content=\"Duekou\u00e9 : affrontements communautaires entre jeunes gu\u00e9r\u00e9 et Maliens -1 mort et plusieurs maisons incendi\u00e9es\" \/>\n<meta property=\"og:url\" content=\"https:\/\/reveil-info.net\/?p=44695\" \/>\n<meta property=\"og:site_name\" content=\"R\u00e9veil Info\" \/>\n<meta property=\"article:published_time\" content=\"2026-02-23T07:35:42+00:00\" \/>\n<meta property=\"og:image\" content=\"https:\/\/reveil-info.net\/wp-content\/uploads\/2026\/02\/1771831871344.jpg\" \/>\n\t<meta property=\"og:image:width\" content=\"533\" \/>\n\t<meta property=\"og:image:height\" content=\"300\" \/>\n\t<meta property=\"og:image:type\" content=\"image\/jpeg\" \/>\n<meta name=\"author\" content=\"R\u00e9veil info\" \/>\n<meta name=\"twitter:card\" content=\"summary_large_image\" \/>\n<meta name=\"twitter:label1\" content=\"\u00c9crit par\" \/>\n\t<meta name=\"twitter:data1\" content=\"R\u00e9veil info\" \/>\n\t<meta name=\"twitter:label2\" content=\"Dur\u00e9e de lecture estim\u00e9e\" \/>\n\t<meta name=\"twitter:data2\" content=\"2 minutes\" \/>\n<script type=\"application\/ld+json\" class=\"yoast-schema-graph\">{\"@context\":\"https:\\\/\\\/schema.org\",\"@graph\":[{\"@type\":\"Article\",\"@id\":\"https:\\\/\\\/reveil-info.net\\\/?p=44695#article\",\"isPartOf\":{\"@id\":\"https:\\\/\\\/reveil-info.net\\\/?p=44695\"},\"author\":{\"name\":\"R\u00e9veil info\",\"@id\":\"https:\\\/\\\/reveil-info.net\\\/#\\\/schema\\\/person\\\/ca0cc8e70088e0a2b5e92556c1ee60f5\"},\"headline\":\"C\u00f4te d&rsquo;Ivoire -Du\u00e9kou\u00e9: un affrontement entre communaut\u00e9s fait un mort\",\"datePublished\":\"2026-02-23T07:35:42+00:00\",\"mainEntityOfPage\":{\"@id\":\"https:\\\/\\\/reveil-info.net\\\/?p=44695\"},\"wordCount\":315,\"commentCount\":0,\"publisher\":{\"@id\":\"https:\\\/\\\/reveil-info.net\\\/#organization\"},\"image\":{\"@id\":\"https:\\\/\\\/reveil-info.net\\\/?p=44695#primaryimage\"},\"thumbnailUrl\":\"https:\\\/\\\/reveil-info.net\\\/wp-content\\\/uploads\\\/2026\\\/02\\\/1771831871344.jpg\",\"articleSection\":[\"Faits divers\",\"International\"],\"inLanguage\":\"fr-FR\",\"potentialAction\":[{\"@type\":\"CommentAction\",\"name\":\"Comment\",\"target\":[\"https:\\\/\\\/reveil-info.net\\\/?p=44695#respond\"]}]},{\"@type\":\"WebPage\",\"@id\":\"https:\\\/\\\/reveil-info.net\\\/?p=44695\",\"url\":\"https:\\\/\\\/reveil-info.net\\\/?p=44695\",\"name\":\"C\u00f4te d'Ivoire -Du\u00e9kou\u00e9: un affrontement entre communaut\u00e9s fait un mort - R\u00e9veil Info\",\"isPartOf\":{\"@id\":\"https:\\\/\\\/reveil-info.net\\\/#website\"},\"primaryImageOfPage\":{\"@id\":\"https:\\\/\\\/reveil-info.net\\\/?p=44695#primaryimage\"},\"image\":{\"@id\":\"https:\\\/\\\/reveil-info.net\\\/?p=44695#primaryimage\"},\"thumbnailUrl\":\"https:\\\/\\\/reveil-info.net\\\/wp-content\\\/uploads\\\/2026\\\/02\\\/1771831871344.jpg\",\"datePublished\":\"2026-02-23T07:35:42+00:00\",\"breadcrumb\":{\"@id\":\"https:\\\/\\\/reveil-info.net\\\/?p=44695#breadcrumb\"},\"inLanguage\":\"fr-FR\",\"potentialAction\":[{\"@type\":\"ReadAction\",\"target\":[\"https:\\\/\\\/reveil-info.net\\\/?p=44695\"]}]},{\"@type\":\"ImageObject\",\"inLanguage\":\"fr-FR\",\"@id\":\"https:\\\/\\\/reveil-info.net\\\/?p=44695#primaryimage\",\"url\":\"https:\\\/\\\/reveil-info.net\\\/wp-content\\\/uploads\\\/2026\\\/02\\\/1771831871344.jpg\",\"contentUrl\":\"https:\\\/\\\/reveil-info.net\\\/wp-content\\\/uploads\\\/2026\\\/02\\\/1771831871344.jpg\",\"width\":533,\"height\":300},{\"@type\":\"BreadcrumbList\",\"@id\":\"https:\\\/\\\/reveil-info.net\\\/?p=44695#breadcrumb\",\"itemListElement\":[{\"@type\":\"ListItem\",\"position\":1,\"name\":\"Home\",\"item\":\"https:\\\/\\\/reveil-info.net\\\/\"},{\"@type\":\"ListItem\",\"position\":2,\"name\":\"C\u00f4te d&rsquo;Ivoire -Du\u00e9kou\u00e9: un affrontement entre communaut\u00e9s fait un mort\"}]},{\"@type\":\"WebSite\",\"@id\":\"https:\\\/\\\/reveil-info.net\\\/#website\",\"url\":\"https:\\\/\\\/reveil-info.net\\\/\",\"name\":\"R\u00e9veil Info\",\"description\":\"Le devoir d&#039;informer!\",\"publisher\":{\"@id\":\"https:\\\/\\\/reveil-info.net\\\/#organization\"},\"potentialAction\":[{\"@type\":\"SearchAction\",\"target\":{\"@type\":\"EntryPoint\",\"urlTemplate\":\"https:\\\/\\\/reveil-info.net\\\/?s={search_term_string}\"},\"query-input\":{\"@type\":\"PropertyValueSpecification\",\"valueRequired\":true,\"valueName\":\"search_term_string\"}}],\"inLanguage\":\"fr-FR\"},{\"@type\":\"Organization\",\"@id\":\"https:\\\/\\\/reveil-info.net\\\/#organization\",\"name\":\"R\u00e9veil Info\",\"url\":\"https:\\\/\\\/reveil-info.net\\\/\",\"logo\":{\"@type\":\"ImageObject\",\"inLanguage\":\"fr-FR\",\"@id\":\"https:\\\/\\\/reveil-info.net\\\/#\\\/schema\\\/logo\\\/image\\\/\",\"url\":\"https:\\\/\\\/reveil-info.net\\\/wp-content\\\/uploads\\\/2024\\\/07\\\/bnddd1.jpg\",\"contentUrl\":\"https:\\\/\\\/reveil-info.net\\\/wp-content\\\/uploads\\\/2024\\\/07\\\/bnddd1.jpg\",\"width\":903,\"height\":125,\"caption\":\"R\u00e9veil Info\"},\"image\":{\"@id\":\"https:\\\/\\\/reveil-info.net\\\/#\\\/schema\\\/logo\\\/image\\\/\"}},{\"@type\":\"Person\",\"@id\":\"https:\\\/\\\/reveil-info.net\\\/#\\\/schema\\\/person\\\/ca0cc8e70088e0a2b5e92556c1ee60f5\",\"name\":\"R\u00e9veil info\",\"image\":{\"@type\":\"ImageObject\",\"inLanguage\":\"fr-FR\",\"@id\":\"https:\\\/\\\/secure.gravatar.com\\\/avatar\\\/e4ad5bb743c8b6cb174d9df6c7d30a8a16f6889731241345fc6444e6485f02af?s=96&d=mm&r=g\",\"url\":\"https:\\\/\\\/secure.gravatar.com\\\/avatar\\\/e4ad5bb743c8b6cb174d9df6c7d30a8a16f6889731241345fc6444e6485f02af?s=96&d=mm&r=g\",\"contentUrl\":\"https:\\\/\\\/secure.gravatar.com\\\/avatar\\\/e4ad5bb743c8b6cb174d9df6c7d30a8a16f6889731241345fc6444e6485f02af?s=96&d=mm&r=g\",\"caption\":\"R\u00e9veil info\"},\"sameAs\":[\"https:\\\/\\\/reveil-info.net\"],\"url\":\"https:\\\/\\\/reveil-info.net\\\/?author=1\"}]}<\/script>\n<!-- \/ Yoast SEO plugin. -->","yoast_head_json":{"title":"C\u00f4te d'Ivoire -Du\u00e9kou\u00e9: un affrontement entre communaut\u00e9s fait un mort - R\u00e9veil Info","robots":{"index":"noindex","follow":"follow","max-snippet":"max-snippet:-1","max-image-preview":"max-image-preview:large","max-video-preview":"max-video-preview:-1"},"og_locale":"fr_FR","og_type":"article","og_title":"C\u00f4te d'Ivoire -Du\u00e9kou\u00e9: un affrontement entre communaut\u00e9s fait un mort - R\u00e9veil Info","og_description":"Duekou\u00e9 : affrontements communautaires entre jeunes gu\u00e9r\u00e9 et Maliens -1 mort et plusieurs maisons incendi\u00e9es","og_url":"https:\/\/reveil-info.net\/?p=44695","og_site_name":"R\u00e9veil Info","article_published_time":"2026-02-23T07:35:42+00:00","og_image":[{"width":533,"height":300,"url":"https:\/\/reveil-info.net\/wp-content\/uploads\/2026\/02\/1771831871344.jpg","type":"image\/jpeg"}],"author":"R\u00e9veil info","twitter_card":"summary_large_image","twitter_misc":{"\u00c9crit par":"R\u00e9veil info","Dur\u00e9e de lecture estim\u00e9e":"2 minutes"},"schema":{"@context":"https:\/\/schema.org","@graph":[{"@type":"Article","@id":"https:\/\/reveil-info.net\/?p=44695#article","isPartOf":{"@id":"https:\/\/reveil-info.net\/?p=44695"},"author":{"name":"R\u00e9veil info","@id":"https:\/\/reveil-info.net\/#\/schema\/person\/ca0cc8e70088e0a2b5e92556c1ee60f5"},"headline":"C\u00f4te d&rsquo;Ivoire -Du\u00e9kou\u00e9: un affrontement entre communaut\u00e9s fait un mort","datePublished":"2026-02-23T07:35:42+00:00","mainEntityOfPage":{"@id":"https:\/\/reveil-info.net\/?p=44695"},"wordCount":315,"commentCount":0,"publisher":{"@id":"https:\/\/reveil-info.net\/#organization"},"image":{"@id":"https:\/\/reveil-info.net\/?p=44695#primaryimage"},"thumbnailUrl":"https:\/\/reveil-info.net\/wp-content\/uploads\/2026\/02\/1771831871344.jpg","articleSection":["Faits divers","International"],"inLanguage":"fr-FR","potentialAction":[{"@type":"CommentAction","name":"Comment","target":["https:\/\/reveil-info.net\/?p=44695#respond"]}]},{"@type":"WebPage","@id":"https:\/\/reveil-info.net\/?p=44695","url":"https:\/\/reveil-info.net\/?p=44695","name":"C\u00f4te d'Ivoire -Du\u00e9kou\u00e9: un affrontement entre communaut\u00e9s fait un mort - R\u00e9veil Info","isPartOf":{"@id":"https:\/\/reveil-info.net\/#website"},"primaryImageOfPage":{"@id":"https:\/\/reveil-info.net\/?p=44695#primaryimage"},"image":{"@id":"https:\/\/reveil-info.net\/?p=44695#primaryimage"},"thumbnailUrl":"https:\/\/reveil-info.net\/wp-content\/uploads\/2026\/02\/1771831871344.jpg","datePublished":"2026-02-23T07:35:42+00:00","breadcrumb":{"@id":"https:\/\/reveil-info.net\/?p=44695#breadcrumb"},"inLanguage":"fr-FR","potentialAction":[{"@type":"ReadAction","target":["https:\/\/reveil-info.net\/?p=44695"]}]},{"@type":"ImageObject","inLanguage":"fr-FR","@id":"https:\/\/reveil-info.net\/?p=44695#primaryimage","url":"https:\/\/reveil-info.net\/wp-content\/uploads\/2026\/02\/1771831871344.jpg","contentUrl":"https:\/\/reveil-info.net\/wp-content\/uploads\/2026\/02\/1771831871344.jpg","width":533,"height":300},{"@type":"BreadcrumbList","@id":"https:\/\/reveil-info.net\/?p=44695#breadcrumb","itemListElement":[{"@type":"ListItem","position":1,"name":"Home","item":"https:\/\/reveil-info.net\/"},{"@type":"ListItem","position":2,"name":"C\u00f4te d&rsquo;Ivoire -Du\u00e9kou\u00e9: un affrontement entre communaut\u00e9s fait un mort"}]},{"@type":"WebSite","@id":"https:\/\/reveil-info.net\/#website","url":"https:\/\/reveil-info.net\/","name":"R\u00e9veil Info","description":"Le devoir d&#039;informer!","publisher":{"@id":"https:\/\/reveil-info.net\/#organization"},"potentialAction":[{"@type":"SearchAction","target":{"@type":"EntryPoint","urlTemplate":"https:\/\/reveil-info.net\/?s={search_term_string}"},"query-input":{"@type":"PropertyValueSpecification","valueRequired":true,"valueName":"search_term_string"}}],"inLanguage":"fr-FR"},{"@type":"Organization","@id":"https:\/\/reveil-info.net\/#organization","name":"R\u00e9veil Info","url":"https:\/\/reveil-info.net\/","logo":{"@type":"ImageObject","inLanguage":"fr-FR","@id":"https:\/\/reveil-info.net\/#\/schema\/logo\/image\/","url":"https:\/\/reveil-info.net\/wp-content\/uploads\/2024\/07\/bnddd1.jpg","contentUrl":"https:\/\/reveil-info.net\/wp-content\/uploads\/2024\/07\/bnddd1.jpg","width":903,"height":125,"caption":"R\u00e9veil Info"},"image":{"@id":"https:\/\/reveil-info.net\/#\/schema\/logo\/image\/"}},{"@type":"Person","@id":"https:\/\/reveil-info.net\/#\/schema\/person\/ca0cc8e70088e0a2b5e92556c1ee60f5","name":"R\u00e9veil info","image":{"@type":"ImageObject","inLanguage":"fr-FR","@id":"https:\/\/secure.gravatar.com\/avatar\/e4ad5bb743c8b6cb174d9df6c7d30a8a16f6889731241345fc6444e6485f02af?s=96&d=mm&r=g","url":"https:\/\/secure.gravatar.com\/avatar\/e4ad5bb743c8b6cb174d9df6c7d30a8a16f6889731241345fc6444e6485f02af?s=96&d=mm&r=g","contentUrl":"https:\/\/secure.gravatar.com\/avatar\/e4ad5bb743c8b6cb174d9df6c7d30a8a16f6889731241345fc6444e6485f02af?s=96&d=mm&r=g","caption":"R\u00e9veil info"},"sameAs":["https:\/\/reveil-info.net"],"url":"https:\/\/reveil-info.net\/?author=1"}]}},"jetpack_featured_media_url":"","featured_image_urls":{"full":"","thumbnail":"","medium":"","medium_large":"","large":"","1536x1536":"","2048x2048":"","chromenews-featured":"","chromenews-large":"","chromenews-medium":""},"author_info":{"display_name":"R\u00e9veil info","author_link":"https:\/\/reveil-info.net\/?author=1"},"category_info":"<a href=\"https:\/\/reveil-info.net\/?cat=7\" rel=\"category\">Faits divers<\/a> <a href=\"https:\/\/reveil-info.net\/?cat=8\" rel=\"category\">International<\/a>","tag_info":"International","comment_count":"0","_links":{"self":[{"href":"https:\/\/reveil-info.net\/index.php?rest_route=\/wp\/v2\/posts\/44695","targetHints":{"allow":["GET"]}}],"collection":[{"href":"https:\/\/reveil-info.net\/index.php?rest_route=\/wp\/v2\/posts"}],"about":[{"href":"https:\/\/reveil-info.net\/index.php?rest_route=\/wp\/v2\/types\/post"}],"author":[{"embeddable":true,"href":"https:\/\/reveil-info.net\/index.php?rest_route=\/wp\/v2\/users\/1"}],"replies":[{"embeddable":true,"href":"https:\/\/reveil-info.net\/index.php?rest_route=%2Fwp%2Fv2%2Fcomments&post=44695"}],"version-history":[{"count":4,"href":"https:\/\/reveil-info.net\/index.php?rest_route=\/wp\/v2\/posts\/44695\/revisions"}],"predecessor-version":[{"id":44702,"href":"https:\/\/reveil-info.net\/index.php?rest_route=\/wp\/v2\/posts\/44695\/revisions\/44702"}],"wp:attachment":[{"href":"https:\/\/reveil-info.net\/index.php?rest_route=%2Fwp%2Fv2%2Fmedia&parent=44695"}],"wp:term":[{"taxonomy":"category","embeddable":true,"href":"https:\/\/reveil-info.net\/index.php?rest_route=%2Fwp%2Fv2%2Fcategories&post=44695"},{"taxonomy":"post_tag","embeddable":true,"href":"https:\/\/reveil-info.net\/index.php?rest_route=%2Fwp%2Fv2%2Ftags&post=44695"}],"curies":[{"name":"wp","href":"https:\/\/api.w.org\/{rel}","templated":true}]}}