{"id":44592,"date":"2026-02-21T13:01:28","date_gmt":"2026-02-21T13:01:28","guid":{"rendered":"https:\/\/reveil-info.net\/?p=44592"},"modified":"2026-02-21T13:01:28","modified_gmt":"2026-02-21T13:01:28","slug":"decision-de-justice-un-ancien-daf-relaxe-par-la-cour-des-comptes","status":"publish","type":"post","link":"https:\/\/reveil-info.net\/?p=44592","title":{"rendered":"D\u00e9cision de justice : un ancien DAF relax\u00e9 par la cour des comptes"},"content":{"rendered":"<p>D\u00e9cision de justice : la Cour des comptes relaxe un ancien directeur financier du Minist\u00e8re de la Jeunesse<\/p>\n<p><img loading=\"lazy\" decoding=\"async\" class=\"alignnone size-full wp-image-44594\" src=\"https:\/\/reveil-info.net\/wp-content\/uploads\/2026\/02\/1771678715397.jpg\" alt=\"\" width=\"720\" height=\"303\" srcset=\"https:\/\/reveil-info.net\/wp-content\/uploads\/2026\/02\/1771678715397.jpg 720w, https:\/\/reveil-info.net\/wp-content\/uploads\/2026\/02\/1771678715397-300x126.jpg 300w\" sizes=\"auto, (max-width: 720px) 100vw, 720px\" \/><\/p>\n<p><img loading=\"lazy\" decoding=\"async\" class=\"alignnone size-full wp-image-44596\" src=\"https:\/\/reveil-info.net\/wp-content\/uploads\/2026\/02\/1771678719917.jpg\" alt=\"\" width=\"720\" height=\"341\" srcset=\"https:\/\/reveil-info.net\/wp-content\/uploads\/2026\/02\/1771678719917.jpg 720w, https:\/\/reveil-info.net\/wp-content\/uploads\/2026\/02\/1771678719917-300x142.jpg 300w\" sizes=\"auto, (max-width: 720px) 100vw, 720px\" \/><\/p>\n<p>La Cour des comptes du Burkina Faso a rendu, jeudi 26 d\u00e9cembre 2024, un arr\u00eat de relaxe en faveur de M. K M P, ancien directeur de l\u2019administration et des finances du Minist\u00e8re de la Jeunesse, de la Formation et de l\u2019Insertion Professionnelles (MJFPE). Il \u00e9tait poursuivi pour des pr\u00e9somptions de fautes de gestion commises en 2016 dans le cadre de la gestion du \u00ab Fonds Intervention Emploi \u00bb.<\/p>\n<p>Cette d\u00e9cision illustre la rigueur des m\u00e9canismes de contr\u00f4le et la pertinence du r\u00f4le de l\u2019ASCE-LC, qui veille \u00e0 ce que chaque pr\u00e9somption de faute soit examin\u00e9e avec impartialit\u00e9 et transparence.<\/p>\n<p>En rappel selon l\u2019article 6 de la loi organique N\u00b0 082-2015\/CNT du 24 novembre 2015 l\u2019ASCE-LC : \u00ab re\u00e7oit copie de tous les rapports \u00e9tablis par les organes administratifs de contr\u00f4le interne des d\u00e9partements minist\u00e9riels, des institutions, des \u00e9tablissements publics de l\u2019Etat des collectivit\u00e9s territoriales et des projets et programmes de d\u00e9veloppement \u00bb. En outre selon l\u2019article 9 de la m\u00eame loi l\u2019ASCE-LC est charg\u00e9e de \u00ab saisir la justice de toute violation commise par les services du secteur public ainsi que par leurs agents, des textes l\u00e9gislatifs et r\u00e8glementaires qui en r\u00e9gissent le fonctionnement administratif, financier et comptable \u00bb ;<\/p>\n<p>Suite \u00e0 l\u2019examen du rapport d\u2019audit du Minist\u00e8re de la Jeunesse, de la Formation et de l\u2019Insertion Professionnelles (MJFPE), l\u2019ASCE-LC a proc\u00e9d\u00e9 \u00e0 une analyse approfondie et conclu \u00e0 l\u2019existence de faits pr\u00e9somptifs de fautes de gestion. Fid\u00e8le \u00e0 sa mission de d\u00e9tection et de pr\u00e9vention, elle a transmis le rapport au Procureur g\u00e9n\u00e9ral pr\u00e8s la Cour des Comptes, d\u00e9montrant sa vigilance constante dans la protection des finances publiques.<\/p>\n<p>Les faits reproch\u00e9s \u00e0 M. K M P concernaient notamment le paiement en esp\u00e8ces de deux factures d\u2019un montant total de 1 319 000 FCFA, d\u00e9passant le plafond l\u00e9gal de 100 000 FCFA, ainsi que le r\u00e8glement de factures non timbr\u00e9es pour un total de 1 066 000 FCFA. Ces agissements \u00e9taient susceptibles de constituer des infractions aux r\u00e8gles de la comptabilit\u00e9 publique et au code g\u00e9n\u00e9ral des imp\u00f4ts.<\/p>\n<p>Au cours de la proc\u00e9dure, M. K M P a reconnu que les paiements avaient \u00e9t\u00e9 effectu\u00e9s par ses collaborateurs, mais a assum\u00e9 sa responsabilit\u00e9 en tant que sup\u00e9rieur hi\u00e9rarchique. Concernant l\u2019absence de timbres sur les factures, il a soutenu que ceux-ci \u00e9taient normalement appos\u00e9s et qu\u2019ils avaient pu s\u2019\u00e9garer lors de la manipulation des dossiers.<\/p>\n<p>La Cour a estim\u00e9 que les faits n\u2019\u00e9taient pas mat\u00e9riellement imputables \u00e0 l\u2019int\u00e9ress\u00e9, rappelant le principe selon lequel une personne ne peut \u00eatre condamn\u00e9e pour des actes qu\u2019elle n\u2019a pas personnellement commis. Elle a \u00e9galement not\u00e9 que les irr\u00e9gularit\u00e9s avaient \u00e9t\u00e9 corrig\u00e9es a posteriori, sans incidence financi\u00e8re pour le budget du minist\u00e8re.<\/p>\n<p>Apr\u00e8s avoir examin\u00e9 les moyens de d\u00e9fense et les pi\u00e8ces du dossier, la Cour a d\u00e9clar\u00e9 la proc\u00e9dure r\u00e9guli\u00e8re et les faits non prescrits, mais a conclu \u00e0 l\u2019absence d\u2019infraction constitu\u00e9e.<\/p>\n<p>M. K M P est donc relax\u00e9 sans sanction.<\/p>\n<p>Cet arr\u00eat, notifi\u00e9 au Contr\u00f4leur G\u00e9n\u00e9ral d&rsquo;Etat le 13 novembre 2025, confirme que les transmissions op\u00e9r\u00e9es par l\u2019ASCE-LC ne visent pas uniquement \u00e0 sanctionner, mais aussi \u00e0 garantir l\u2019\u00e9quit\u00e9 et la transparence dans le traitement des dossiers. La relaxe prononc\u00e9e d\u00e9montre que l\u2019Autorit\u00e9 tout comme la Cour contribuent \u00e0 instaurer une gouvernance \u00e9quilibr\u00e9e, o\u00f9 la responsabilit\u00e9 est recherch\u00e9e avec rigueur mais sans exc\u00e8s, renfor\u00e7ant ainsi la confiance des citoyens dans les institutions.<\/p>\n<p>DCP \/ ASCE-LC<\/p>\n<p>Reveil-info<\/p>\n","protected":false},"excerpt":{"rendered":"<p>D\u00e9cision de justice : la Cour des comptes relaxe un ancien directeur financier du Minist\u00e8re<\/p>\n","protected":false},"author":1,"featured_media":0,"comment_status":"open","ping_status":"open","sticky":false,"template":"","format":"standard","meta":{"footnotes":""},"categories":[45,16],"tags":[],"class_list":["post-44592","post","type-post","status-publish","format-standard","hentry","category-justice","category-societe"],"yoast_head":"<!-- This site is optimized with the Yoast SEO plugin v27.5 - https:\/\/yoast.com\/product\/yoast-seo-wordpress\/ -->\n<title>D\u00e9cision de justice : un ancien DAF relax\u00e9 par la cour des comptes - R\u00e9veil Info<\/title>\n<meta name=\"robots\" content=\"noindex, follow, max-snippet:-1, max-image-preview:large, max-video-preview:-1\" \/>\n<meta property=\"og:locale\" content=\"fr_FR\" \/>\n<meta property=\"og:type\" content=\"article\" \/>\n<meta property=\"og:title\" content=\"D\u00e9cision de justice : un ancien DAF relax\u00e9 par la cour des comptes - R\u00e9veil Info\" \/>\n<meta property=\"og:description\" content=\"D\u00e9cision de justice : la Cour des comptes relaxe un ancien directeur financier du Minist\u00e8re\" \/>\n<meta property=\"og:url\" content=\"https:\/\/reveil-info.net\/?p=44592\" \/>\n<meta property=\"og:site_name\" content=\"R\u00e9veil Info\" \/>\n<meta property=\"article:published_time\" content=\"2026-02-21T13:01:28+00:00\" \/>\n<meta property=\"og:image\" content=\"https:\/\/reveil-info.net\/wp-content\/uploads\/2026\/02\/1771678715397.jpg\" \/>\n\t<meta property=\"og:image:width\" content=\"720\" \/>\n\t<meta property=\"og:image:height\" content=\"303\" \/>\n\t<meta property=\"og:image:type\" content=\"image\/jpeg\" \/>\n<meta name=\"author\" content=\"R\u00e9veil info\" \/>\n<meta name=\"twitter:card\" content=\"summary_large_image\" \/>\n<meta name=\"twitter:label1\" content=\"\u00c9crit par\" \/>\n\t<meta name=\"twitter:data1\" content=\"R\u00e9veil info\" \/>\n\t<meta name=\"twitter:label2\" content=\"Dur\u00e9e de lecture estim\u00e9e\" \/>\n\t<meta name=\"twitter:data2\" content=\"4 minutes\" \/>\n<script type=\"application\/ld+json\" class=\"yoast-schema-graph\">{\"@context\":\"https:\\\/\\\/schema.org\",\"@graph\":[{\"@type\":\"Article\",\"@id\":\"https:\\\/\\\/reveil-info.net\\\/?p=44592#article\",\"isPartOf\":{\"@id\":\"https:\\\/\\\/reveil-info.net\\\/?p=44592\"},\"author\":{\"name\":\"R\u00e9veil info\",\"@id\":\"https:\\\/\\\/reveil-info.net\\\/#\\\/schema\\\/person\\\/ca0cc8e70088e0a2b5e92556c1ee60f5\"},\"headline\":\"D\u00e9cision de justice : un ancien DAF relax\u00e9 par la cour des comptes\",\"datePublished\":\"2026-02-21T13:01:28+00:00\",\"mainEntityOfPage\":{\"@id\":\"https:\\\/\\\/reveil-info.net\\\/?p=44592\"},\"wordCount\":660,\"commentCount\":0,\"publisher\":{\"@id\":\"https:\\\/\\\/reveil-info.net\\\/#organization\"},\"image\":{\"@id\":\"https:\\\/\\\/reveil-info.net\\\/?p=44592#primaryimage\"},\"thumbnailUrl\":\"https:\\\/\\\/reveil-info.net\\\/wp-content\\\/uploads\\\/2026\\\/02\\\/1771678715397.jpg\",\"articleSection\":[\"Justice\",\"Soci\u00e9t\u00e9\"],\"inLanguage\":\"fr-FR\",\"potentialAction\":[{\"@type\":\"CommentAction\",\"name\":\"Comment\",\"target\":[\"https:\\\/\\\/reveil-info.net\\\/?p=44592#respond\"]}]},{\"@type\":\"WebPage\",\"@id\":\"https:\\\/\\\/reveil-info.net\\\/?p=44592\",\"url\":\"https:\\\/\\\/reveil-info.net\\\/?p=44592\",\"name\":\"D\u00e9cision de justice : un ancien DAF relax\u00e9 par la cour des comptes - R\u00e9veil Info\",\"isPartOf\":{\"@id\":\"https:\\\/\\\/reveil-info.net\\\/#website\"},\"primaryImageOfPage\":{\"@id\":\"https:\\\/\\\/reveil-info.net\\\/?p=44592#primaryimage\"},\"image\":{\"@id\":\"https:\\\/\\\/reveil-info.net\\\/?p=44592#primaryimage\"},\"thumbnailUrl\":\"https:\\\/\\\/reveil-info.net\\\/wp-content\\\/uploads\\\/2026\\\/02\\\/1771678715397.jpg\",\"datePublished\":\"2026-02-21T13:01:28+00:00\",\"breadcrumb\":{\"@id\":\"https:\\\/\\\/reveil-info.net\\\/?p=44592#breadcrumb\"},\"inLanguage\":\"fr-FR\",\"potentialAction\":[{\"@type\":\"ReadAction\",\"target\":[\"https:\\\/\\\/reveil-info.net\\\/?p=44592\"]}]},{\"@type\":\"ImageObject\",\"inLanguage\":\"fr-FR\",\"@id\":\"https:\\\/\\\/reveil-info.net\\\/?p=44592#primaryimage\",\"url\":\"https:\\\/\\\/reveil-info.net\\\/wp-content\\\/uploads\\\/2026\\\/02\\\/1771678715397.jpg\",\"contentUrl\":\"https:\\\/\\\/reveil-info.net\\\/wp-content\\\/uploads\\\/2026\\\/02\\\/1771678715397.jpg\",\"width\":720,\"height\":303},{\"@type\":\"BreadcrumbList\",\"@id\":\"https:\\\/\\\/reveil-info.net\\\/?p=44592#breadcrumb\",\"itemListElement\":[{\"@type\":\"ListItem\",\"position\":1,\"name\":\"Home\",\"item\":\"https:\\\/\\\/reveil-info.net\\\/\"},{\"@type\":\"ListItem\",\"position\":2,\"name\":\"D\u00e9cision de justice : un ancien DAF relax\u00e9 par la cour des comptes\"}]},{\"@type\":\"WebSite\",\"@id\":\"https:\\\/\\\/reveil-info.net\\\/#website\",\"url\":\"https:\\\/\\\/reveil-info.net\\\/\",\"name\":\"R\u00e9veil Info\",\"description\":\"Le devoir d&#039;informer!\",\"publisher\":{\"@id\":\"https:\\\/\\\/reveil-info.net\\\/#organization\"},\"potentialAction\":[{\"@type\":\"SearchAction\",\"target\":{\"@type\":\"EntryPoint\",\"urlTemplate\":\"https:\\\/\\\/reveil-info.net\\\/?s={search_term_string}\"},\"query-input\":{\"@type\":\"PropertyValueSpecification\",\"valueRequired\":true,\"valueName\":\"search_term_string\"}}],\"inLanguage\":\"fr-FR\"},{\"@type\":\"Organization\",\"@id\":\"https:\\\/\\\/reveil-info.net\\\/#organization\",\"name\":\"R\u00e9veil Info\",\"url\":\"https:\\\/\\\/reveil-info.net\\\/\",\"logo\":{\"@type\":\"ImageObject\",\"inLanguage\":\"fr-FR\",\"@id\":\"https:\\\/\\\/reveil-info.net\\\/#\\\/schema\\\/logo\\\/image\\\/\",\"url\":\"https:\\\/\\\/reveil-info.net\\\/wp-content\\\/uploads\\\/2024\\\/07\\\/bnddd1.jpg\",\"contentUrl\":\"https:\\\/\\\/reveil-info.net\\\/wp-content\\\/uploads\\\/2024\\\/07\\\/bnddd1.jpg\",\"width\":903,\"height\":125,\"caption\":\"R\u00e9veil Info\"},\"image\":{\"@id\":\"https:\\\/\\\/reveil-info.net\\\/#\\\/schema\\\/logo\\\/image\\\/\"}},{\"@type\":\"Person\",\"@id\":\"https:\\\/\\\/reveil-info.net\\\/#\\\/schema\\\/person\\\/ca0cc8e70088e0a2b5e92556c1ee60f5\",\"name\":\"R\u00e9veil info\",\"image\":{\"@type\":\"ImageObject\",\"inLanguage\":\"fr-FR\",\"@id\":\"https:\\\/\\\/secure.gravatar.com\\\/avatar\\\/e4ad5bb743c8b6cb174d9df6c7d30a8a16f6889731241345fc6444e6485f02af?s=96&d=mm&r=g\",\"url\":\"https:\\\/\\\/secure.gravatar.com\\\/avatar\\\/e4ad5bb743c8b6cb174d9df6c7d30a8a16f6889731241345fc6444e6485f02af?s=96&d=mm&r=g\",\"contentUrl\":\"https:\\\/\\\/secure.gravatar.com\\\/avatar\\\/e4ad5bb743c8b6cb174d9df6c7d30a8a16f6889731241345fc6444e6485f02af?s=96&d=mm&r=g\",\"caption\":\"R\u00e9veil info\"},\"sameAs\":[\"https:\\\/\\\/reveil-info.net\"],\"url\":\"https:\\\/\\\/reveil-info.net\\\/?author=1\"}]}<\/script>\n<!-- \/ Yoast SEO plugin. -->","yoast_head_json":{"title":"D\u00e9cision de justice : un ancien DAF relax\u00e9 par la cour des comptes - R\u00e9veil Info","robots":{"index":"noindex","follow":"follow","max-snippet":"max-snippet:-1","max-image-preview":"max-image-preview:large","max-video-preview":"max-video-preview:-1"},"og_locale":"fr_FR","og_type":"article","og_title":"D\u00e9cision de justice : un ancien DAF relax\u00e9 par la cour des comptes - R\u00e9veil Info","og_description":"D\u00e9cision de justice : la Cour des comptes relaxe un ancien directeur financier du Minist\u00e8re","og_url":"https:\/\/reveil-info.net\/?p=44592","og_site_name":"R\u00e9veil Info","article_published_time":"2026-02-21T13:01:28+00:00","og_image":[{"width":720,"height":303,"url":"https:\/\/reveil-info.net\/wp-content\/uploads\/2026\/02\/1771678715397.jpg","type":"image\/jpeg"}],"author":"R\u00e9veil info","twitter_card":"summary_large_image","twitter_misc":{"\u00c9crit par":"R\u00e9veil info","Dur\u00e9e de lecture estim\u00e9e":"4 minutes"},"schema":{"@context":"https:\/\/schema.org","@graph":[{"@type":"Article","@id":"https:\/\/reveil-info.net\/?p=44592#article","isPartOf":{"@id":"https:\/\/reveil-info.net\/?p=44592"},"author":{"name":"R\u00e9veil info","@id":"https:\/\/reveil-info.net\/#\/schema\/person\/ca0cc8e70088e0a2b5e92556c1ee60f5"},"headline":"D\u00e9cision de justice : un ancien DAF relax\u00e9 par la cour des comptes","datePublished":"2026-02-21T13:01:28+00:00","mainEntityOfPage":{"@id":"https:\/\/reveil-info.net\/?p=44592"},"wordCount":660,"commentCount":0,"publisher":{"@id":"https:\/\/reveil-info.net\/#organization"},"image":{"@id":"https:\/\/reveil-info.net\/?p=44592#primaryimage"},"thumbnailUrl":"https:\/\/reveil-info.net\/wp-content\/uploads\/2026\/02\/1771678715397.jpg","articleSection":["Justice","Soci\u00e9t\u00e9"],"inLanguage":"fr-FR","potentialAction":[{"@type":"CommentAction","name":"Comment","target":["https:\/\/reveil-info.net\/?p=44592#respond"]}]},{"@type":"WebPage","@id":"https:\/\/reveil-info.net\/?p=44592","url":"https:\/\/reveil-info.net\/?p=44592","name":"D\u00e9cision de justice : un ancien DAF relax\u00e9 par la cour des comptes - R\u00e9veil Info","isPartOf":{"@id":"https:\/\/reveil-info.net\/#website"},"primaryImageOfPage":{"@id":"https:\/\/reveil-info.net\/?p=44592#primaryimage"},"image":{"@id":"https:\/\/reveil-info.net\/?p=44592#primaryimage"},"thumbnailUrl":"https:\/\/reveil-info.net\/wp-content\/uploads\/2026\/02\/1771678715397.jpg","datePublished":"2026-02-21T13:01:28+00:00","breadcrumb":{"@id":"https:\/\/reveil-info.net\/?p=44592#breadcrumb"},"inLanguage":"fr-FR","potentialAction":[{"@type":"ReadAction","target":["https:\/\/reveil-info.net\/?p=44592"]}]},{"@type":"ImageObject","inLanguage":"fr-FR","@id":"https:\/\/reveil-info.net\/?p=44592#primaryimage","url":"https:\/\/reveil-info.net\/wp-content\/uploads\/2026\/02\/1771678715397.jpg","contentUrl":"https:\/\/reveil-info.net\/wp-content\/uploads\/2026\/02\/1771678715397.jpg","width":720,"height":303},{"@type":"BreadcrumbList","@id":"https:\/\/reveil-info.net\/?p=44592#breadcrumb","itemListElement":[{"@type":"ListItem","position":1,"name":"Home","item":"https:\/\/reveil-info.net\/"},{"@type":"ListItem","position":2,"name":"D\u00e9cision de justice : un ancien DAF relax\u00e9 par la cour des comptes"}]},{"@type":"WebSite","@id":"https:\/\/reveil-info.net\/#website","url":"https:\/\/reveil-info.net\/","name":"R\u00e9veil Info","description":"Le devoir d&#039;informer!","publisher":{"@id":"https:\/\/reveil-info.net\/#organization"},"potentialAction":[{"@type":"SearchAction","target":{"@type":"EntryPoint","urlTemplate":"https:\/\/reveil-info.net\/?s={search_term_string}"},"query-input":{"@type":"PropertyValueSpecification","valueRequired":true,"valueName":"search_term_string"}}],"inLanguage":"fr-FR"},{"@type":"Organization","@id":"https:\/\/reveil-info.net\/#organization","name":"R\u00e9veil Info","url":"https:\/\/reveil-info.net\/","logo":{"@type":"ImageObject","inLanguage":"fr-FR","@id":"https:\/\/reveil-info.net\/#\/schema\/logo\/image\/","url":"https:\/\/reveil-info.net\/wp-content\/uploads\/2024\/07\/bnddd1.jpg","contentUrl":"https:\/\/reveil-info.net\/wp-content\/uploads\/2024\/07\/bnddd1.jpg","width":903,"height":125,"caption":"R\u00e9veil Info"},"image":{"@id":"https:\/\/reveil-info.net\/#\/schema\/logo\/image\/"}},{"@type":"Person","@id":"https:\/\/reveil-info.net\/#\/schema\/person\/ca0cc8e70088e0a2b5e92556c1ee60f5","name":"R\u00e9veil info","image":{"@type":"ImageObject","inLanguage":"fr-FR","@id":"https:\/\/secure.gravatar.com\/avatar\/e4ad5bb743c8b6cb174d9df6c7d30a8a16f6889731241345fc6444e6485f02af?s=96&d=mm&r=g","url":"https:\/\/secure.gravatar.com\/avatar\/e4ad5bb743c8b6cb174d9df6c7d30a8a16f6889731241345fc6444e6485f02af?s=96&d=mm&r=g","contentUrl":"https:\/\/secure.gravatar.com\/avatar\/e4ad5bb743c8b6cb174d9df6c7d30a8a16f6889731241345fc6444e6485f02af?s=96&d=mm&r=g","caption":"R\u00e9veil info"},"sameAs":["https:\/\/reveil-info.net"],"url":"https:\/\/reveil-info.net\/?author=1"}]}},"jetpack_featured_media_url":"","featured_image_urls":{"full":"","thumbnail":"","medium":"","medium_large":"","large":"","1536x1536":"","2048x2048":"","chromenews-featured":"","chromenews-large":"","chromenews-medium":""},"author_info":{"display_name":"R\u00e9veil info","author_link":"https:\/\/reveil-info.net\/?author=1"},"category_info":"<a href=\"https:\/\/reveil-info.net\/?cat=45\" rel=\"category\">Justice<\/a> <a href=\"https:\/\/reveil-info.net\/?cat=16\" rel=\"category\">Soci\u00e9t\u00e9<\/a>","tag_info":"Soci\u00e9t\u00e9","comment_count":"0","_links":{"self":[{"href":"https:\/\/reveil-info.net\/index.php?rest_route=\/wp\/v2\/posts\/44592","targetHints":{"allow":["GET"]}}],"collection":[{"href":"https:\/\/reveil-info.net\/index.php?rest_route=\/wp\/v2\/posts"}],"about":[{"href":"https:\/\/reveil-info.net\/index.php?rest_route=\/wp\/v2\/types\/post"}],"author":[{"embeddable":true,"href":"https:\/\/reveil-info.net\/index.php?rest_route=\/wp\/v2\/users\/1"}],"replies":[{"embeddable":true,"href":"https:\/\/reveil-info.net\/index.php?rest_route=%2Fwp%2Fv2%2Fcomments&post=44592"}],"version-history":[{"count":3,"href":"https:\/\/reveil-info.net\/index.php?rest_route=\/wp\/v2\/posts\/44592\/revisions"}],"predecessor-version":[{"id":44597,"href":"https:\/\/reveil-info.net\/index.php?rest_route=\/wp\/v2\/posts\/44592\/revisions\/44597"}],"wp:attachment":[{"href":"https:\/\/reveil-info.net\/index.php?rest_route=%2Fwp%2Fv2%2Fmedia&parent=44592"}],"wp:term":[{"taxonomy":"category","embeddable":true,"href":"https:\/\/reveil-info.net\/index.php?rest_route=%2Fwp%2Fv2%2Fcategories&post=44592"},{"taxonomy":"post_tag","embeddable":true,"href":"https:\/\/reveil-info.net\/index.php?rest_route=%2Fwp%2Fv2%2Ftags&post=44592"}],"curies":[{"name":"wp","href":"https:\/\/api.w.org\/{rel}","templated":true}]}}