{"id":44538,"date":"2026-02-21T10:55:06","date_gmt":"2026-02-21T10:55:06","guid":{"rendered":"https:\/\/reveil-info.net\/?p=44538"},"modified":"2026-02-21T10:55:06","modified_gmt":"2026-02-21T10:55:06","slug":"casem-du-mfs-les-populations-vulnerables-en-ligne-de-mire","status":"publish","type":"post","link":"https:\/\/reveil-info.net\/?p=44538","title":{"rendered":"CASEM du MFS: les populations vuln\u00e9rables en ligne de mire"},"content":{"rendered":"<p>1\u00e8re session 2026 du CASEM du MFS : consolider et dynamiser les services sociaux de proximit\u00e9 au b\u00e9n\u00e9fice des populations vuln\u00e9rables<\/p>\n<p><img loading=\"lazy\" decoding=\"async\" class=\"alignnone size-full wp-image-44540\" src=\"https:\/\/reveil-info.net\/wp-content\/uploads\/2026\/02\/1771671001844.jpg\" alt=\"\" width=\"720\" height=\"480\" srcset=\"https:\/\/reveil-info.net\/wp-content\/uploads\/2026\/02\/1771671001844.jpg 720w, https:\/\/reveil-info.net\/wp-content\/uploads\/2026\/02\/1771671001844-300x200.jpg 300w\" sizes=\"auto, (max-width: 720px) 100vw, 720px\" \/><\/p>\n<p><img loading=\"lazy\" decoding=\"async\" class=\"alignnone size-full wp-image-44542\" src=\"https:\/\/reveil-info.net\/wp-content\/uploads\/2026\/02\/1771670994832.jpg\" alt=\"\" width=\"720\" height=\"480\" srcset=\"https:\/\/reveil-info.net\/wp-content\/uploads\/2026\/02\/1771670994832.jpg 720w, https:\/\/reveil-info.net\/wp-content\/uploads\/2026\/02\/1771670994832-300x200.jpg 300w\" sizes=\"auto, (max-width: 720px) 100vw, 720px\" \/><\/p>\n<p>(Ouagadougou, 20 f\u00e9vrier 2026)<\/p>\n<p>Le Minist\u00e8re de la Famille et de la Solidarit\u00e9 a tenu, le 20 f\u00e9vrier 2026 \u00e0 Ouagadougou, la premi\u00e8re session ordinaire de son Conseil d\u2019administration du Secteur minist\u00e9riel (CASEM), sous la pr\u00e9sidence du Lieutenant-colonel Passowend\u00e9 P\u00e9lagie KABOR\u00c9.<\/p>\n<p><img loading=\"lazy\" decoding=\"async\" class=\"alignnone size-full wp-image-44543\" src=\"https:\/\/reveil-info.net\/wp-content\/uploads\/2026\/02\/1771670966410.jpg\" alt=\"\" width=\"720\" height=\"480\" srcset=\"https:\/\/reveil-info.net\/wp-content\/uploads\/2026\/02\/1771670966410.jpg 720w, https:\/\/reveil-info.net\/wp-content\/uploads\/2026\/02\/1771670966410-300x200.jpg 300w\" sizes=\"auto, (max-width: 720px) 100vw, 720px\" \/><\/p>\n<p><img loading=\"lazy\" decoding=\"async\" class=\"alignnone size-full wp-image-44545\" src=\"https:\/\/reveil-info.net\/wp-content\/uploads\/2026\/02\/1771670985293.jpg\" alt=\"\" width=\"720\" height=\"480\" srcset=\"https:\/\/reveil-info.net\/wp-content\/uploads\/2026\/02\/1771670985293.jpg 720w, https:\/\/reveil-info.net\/wp-content\/uploads\/2026\/02\/1771670985293-300x200.jpg 300w\" sizes=\"auto, (max-width: 720px) 100vw, 720px\" \/><br \/>\nApr\u00e8s plusieurs d\u00e9cennies de mise en \u0153uvre du dispositif des services sociaux de proximit\u00e9, le minist\u00e8re a jug\u00e9 n\u00e9cessaire de marquer un temps d\u2019arr\u00eat strat\u00e9gique afin d\u2019en \u00e9tablir un diagnostic approfondi et d\u2019identifier les leviers d\u2019am\u00e9lioration susceptibles de renforcer son efficacit\u00e9 et son efficience. C\u2019est dans cette dynamique que s\u2019inscrit cette session plac\u00e9e sous le th\u00e8me :<br \/>\n\u00ab Services sociaux de proximit\u00e9 : \u00e9tats des lieux, d\u00e9fis et perspectives \u00bb.<\/p>\n<p>Cette rencontre statutaire a r\u00e9uni les directeurs g\u00e9n\u00e9raux, directeurs centraux et r\u00e9gionaux, responsables de programmes et projets, partenaires techniques et financiers ainsi que partenaires sociaux. Les travaux ont permis :<br \/>\nd\u2019examiner et d\u2019adopter le rapport d\u2019activit\u00e9s 2025 du minist\u00e8re ;<br \/>\nd\u2019engager une r\u00e9flexion strat\u00e9gique sur le renforcement des services sociaux de proximit\u00e9 ;<br \/>\nd\u2019adopter des recommandations structurantes pour une am\u00e9lioration continue des performances du d\u00e9partement.<\/p>\n<p><img loading=\"lazy\" decoding=\"async\" class=\"alignnone size-full wp-image-44546\" src=\"https:\/\/reveil-info.net\/wp-content\/uploads\/2026\/02\/1771670992160.jpg\" alt=\"\" width=\"720\" height=\"480\" srcset=\"https:\/\/reveil-info.net\/wp-content\/uploads\/2026\/02\/1771670992160.jpg 720w, https:\/\/reveil-info.net\/wp-content\/uploads\/2026\/02\/1771670992160-300x200.jpg 300w\" sizes=\"auto, (max-width: 720px) 100vw, 720px\" \/><\/p>\n<p>Ce premier CASEM s\u2019est affirm\u00e9 comme un cadre de dialogue constructif, de redevabilit\u00e9 et de co-construction. Comme l\u2019a soulign\u00e9 Madame la Ministre, il s\u2019agit de croiser les expertises, d\u2019unifier les approches et de d\u00e9finir des orientations strat\u00e9giques claires pour guider l\u2019action minist\u00e9rielle en 2026.<\/p>\n<p>Cette session intervient dans un contexte marqu\u00e9 par la nouvelle d\u00e9nomination du d\u00e9partement, d\u00e9sormais plac\u00e9 sous la banni\u00e8re de la Famille et de la Solidarit\u00e9. Ce repositionnement institutionnel traduit la volont\u00e9 de replacer la famille au c\u0153ur du projet de reconstruction de la soci\u00e9t\u00e9 port\u00e9 par le Capitaine Ibrahim TRAOR\u00c9, Pr\u00e9sident du Faso, Chef de l\u2019\u00c9tat.<\/p>\n<p>Les r\u00e9flexions ont particuli\u00e8rement port\u00e9 sur les services sociaux communaux et les services sociaux sp\u00e9cialis\u00e9s, dont la mission essentielle est d\u2019assurer une prise en charge rapproch\u00e9e des populations, notamment des groupes vuln\u00e9rables.<br \/>\nTrois communications majeures ont rythm\u00e9 les travaux notamment la pr\u00e9sentation du rapport annuel d\u2019activit\u00e9s 2025, l\u2019expos\u00e9 sur le th\u00e8me central du CASEM et la restitution des principales insuffisances relev\u00e9es lors des missions de contr\u00f4le des structures centrales et d\u00e9concentr\u00e9es.<\/p>\n<p>Les r\u00e9sultats enregistr\u00e9s en 2025 t\u00e9moignent d\u2019une dynamique encourageante. Selon le Directeur g\u00e9n\u00e9ral des \u00e9tudes et des statistiques sectorielles, Ousseini SORO, le taux physique de r\u00e9alisation des 724 activit\u00e9s programm\u00e9es a atteint 89,79 %, avec un taux de consommation financi\u00e8re de 92,57 % du budget mobilis\u00e9 aupr\u00e8s de l\u2019\u00c9tat et des partenaires techniques et financiers. Ces performances traduisent l\u2019engagement constant des travailleurs sociaux et de l\u2019ensemble des acteurs \u00e0 am\u00e9liorer les conditions de vie des populations vuln\u00e9rables.<\/p>\n<p>Pour 2026, le Minist\u00e8re de la Famille et de la Solidarit\u00e9 entend incarner une solidarit\u00e9 plus vivante, plus concr\u00e8te et davantage perceptible dans le quotidien des citoyens. Cette premi\u00e8re session du CASEM constitue ainsi une \u00e9tape fondatrice vers des services sociaux plus dynamiques, plus proches des communaut\u00e9s et r\u00e9solument centr\u00e9s sur l\u2019humain.<\/p>\n<p>&nbsp;<\/p>\n<p>DCRP\/MFS<\/p>\n<p>Reveil-info<\/p>\n","protected":false},"excerpt":{"rendered":"<p>1\u00e8re session 2026 du CASEM du MFS : consolider et dynamiser les services sociaux de<\/p>\n","protected":false},"author":1,"featured_media":0,"comment_status":"open","ping_status":"open","sticky":false,"template":"","format":"standard","meta":{"footnotes":""},"categories":[2,16],"tags":[],"class_list":["post-44538","post","type-post","status-publish","format-standard","hentry","category-actu","category-societe"],"yoast_head":"<!-- This site is optimized with the Yoast SEO plugin v27.5 - https:\/\/yoast.com\/product\/yoast-seo-wordpress\/ -->\n<title>CASEM du MFS: les populations vuln\u00e9rables en ligne de mire - R\u00e9veil Info<\/title>\n<meta name=\"robots\" content=\"noindex, follow, max-snippet:-1, max-image-preview:large, max-video-preview:-1\" \/>\n<meta property=\"og:locale\" content=\"fr_FR\" \/>\n<meta property=\"og:type\" content=\"article\" \/>\n<meta property=\"og:title\" content=\"CASEM du MFS: les populations vuln\u00e9rables en ligne de mire - R\u00e9veil Info\" \/>\n<meta property=\"og:description\" content=\"1\u00e8re session 2026 du CASEM du MFS : consolider et dynamiser les services sociaux de\" \/>\n<meta property=\"og:url\" content=\"https:\/\/reveil-info.net\/?p=44538\" \/>\n<meta property=\"og:site_name\" content=\"R\u00e9veil Info\" \/>\n<meta property=\"article:published_time\" content=\"2026-02-21T10:55:06+00:00\" \/>\n<meta property=\"og:image\" content=\"https:\/\/reveil-info.net\/wp-content\/uploads\/2026\/02\/1771671001844.jpg\" \/>\n\t<meta property=\"og:image:width\" content=\"720\" \/>\n\t<meta property=\"og:image:height\" content=\"480\" \/>\n\t<meta property=\"og:image:type\" content=\"image\/jpeg\" \/>\n<meta name=\"author\" content=\"R\u00e9veil info\" \/>\n<meta name=\"twitter:card\" content=\"summary_large_image\" \/>\n<meta name=\"twitter:label1\" content=\"\u00c9crit par\" \/>\n\t<meta name=\"twitter:data1\" content=\"R\u00e9veil info\" \/>\n\t<meta name=\"twitter:label2\" content=\"Dur\u00e9e de lecture estim\u00e9e\" \/>\n\t<meta name=\"twitter:data2\" content=\"4 minutes\" \/>\n<script type=\"application\/ld+json\" class=\"yoast-schema-graph\">{\"@context\":\"https:\\\/\\\/schema.org\",\"@graph\":[{\"@type\":\"Article\",\"@id\":\"https:\\\/\\\/reveil-info.net\\\/?p=44538#article\",\"isPartOf\":{\"@id\":\"https:\\\/\\\/reveil-info.net\\\/?p=44538\"},\"author\":{\"name\":\"R\u00e9veil info\",\"@id\":\"https:\\\/\\\/reveil-info.net\\\/#\\\/schema\\\/person\\\/ca0cc8e70088e0a2b5e92556c1ee60f5\"},\"headline\":\"CASEM du MFS: les populations vuln\u00e9rables en ligne de mire\",\"datePublished\":\"2026-02-21T10:55:06+00:00\",\"mainEntityOfPage\":{\"@id\":\"https:\\\/\\\/reveil-info.net\\\/?p=44538\"},\"wordCount\":584,\"commentCount\":0,\"publisher\":{\"@id\":\"https:\\\/\\\/reveil-info.net\\\/#organization\"},\"image\":{\"@id\":\"https:\\\/\\\/reveil-info.net\\\/?p=44538#primaryimage\"},\"thumbnailUrl\":\"https:\\\/\\\/reveil-info.net\\\/wp-content\\\/uploads\\\/2026\\\/02\\\/1771671001844.jpg\",\"articleSection\":[\"Actualit\u00e9\",\"Soci\u00e9t\u00e9\"],\"inLanguage\":\"fr-FR\",\"potentialAction\":[{\"@type\":\"CommentAction\",\"name\":\"Comment\",\"target\":[\"https:\\\/\\\/reveil-info.net\\\/?p=44538#respond\"]}]},{\"@type\":\"WebPage\",\"@id\":\"https:\\\/\\\/reveil-info.net\\\/?p=44538\",\"url\":\"https:\\\/\\\/reveil-info.net\\\/?p=44538\",\"name\":\"CASEM du MFS: les populations vuln\u00e9rables en ligne de mire - R\u00e9veil Info\",\"isPartOf\":{\"@id\":\"https:\\\/\\\/reveil-info.net\\\/#website\"},\"primaryImageOfPage\":{\"@id\":\"https:\\\/\\\/reveil-info.net\\\/?p=44538#primaryimage\"},\"image\":{\"@id\":\"https:\\\/\\\/reveil-info.net\\\/?p=44538#primaryimage\"},\"thumbnailUrl\":\"https:\\\/\\\/reveil-info.net\\\/wp-content\\\/uploads\\\/2026\\\/02\\\/1771671001844.jpg\",\"datePublished\":\"2026-02-21T10:55:06+00:00\",\"breadcrumb\":{\"@id\":\"https:\\\/\\\/reveil-info.net\\\/?p=44538#breadcrumb\"},\"inLanguage\":\"fr-FR\",\"potentialAction\":[{\"@type\":\"ReadAction\",\"target\":[\"https:\\\/\\\/reveil-info.net\\\/?p=44538\"]}]},{\"@type\":\"ImageObject\",\"inLanguage\":\"fr-FR\",\"@id\":\"https:\\\/\\\/reveil-info.net\\\/?p=44538#primaryimage\",\"url\":\"https:\\\/\\\/reveil-info.net\\\/wp-content\\\/uploads\\\/2026\\\/02\\\/1771671001844.jpg\",\"contentUrl\":\"https:\\\/\\\/reveil-info.net\\\/wp-content\\\/uploads\\\/2026\\\/02\\\/1771671001844.jpg\",\"width\":720,\"height\":480},{\"@type\":\"BreadcrumbList\",\"@id\":\"https:\\\/\\\/reveil-info.net\\\/?p=44538#breadcrumb\",\"itemListElement\":[{\"@type\":\"ListItem\",\"position\":1,\"name\":\"Home\",\"item\":\"https:\\\/\\\/reveil-info.net\\\/\"},{\"@type\":\"ListItem\",\"position\":2,\"name\":\"CASEM du MFS: les populations vuln\u00e9rables en ligne de mire\"}]},{\"@type\":\"WebSite\",\"@id\":\"https:\\\/\\\/reveil-info.net\\\/#website\",\"url\":\"https:\\\/\\\/reveil-info.net\\\/\",\"name\":\"R\u00e9veil Info\",\"description\":\"Le devoir d&#039;informer!\",\"publisher\":{\"@id\":\"https:\\\/\\\/reveil-info.net\\\/#organization\"},\"potentialAction\":[{\"@type\":\"SearchAction\",\"target\":{\"@type\":\"EntryPoint\",\"urlTemplate\":\"https:\\\/\\\/reveil-info.net\\\/?s={search_term_string}\"},\"query-input\":{\"@type\":\"PropertyValueSpecification\",\"valueRequired\":true,\"valueName\":\"search_term_string\"}}],\"inLanguage\":\"fr-FR\"},{\"@type\":\"Organization\",\"@id\":\"https:\\\/\\\/reveil-info.net\\\/#organization\",\"name\":\"R\u00e9veil Info\",\"url\":\"https:\\\/\\\/reveil-info.net\\\/\",\"logo\":{\"@type\":\"ImageObject\",\"inLanguage\":\"fr-FR\",\"@id\":\"https:\\\/\\\/reveil-info.net\\\/#\\\/schema\\\/logo\\\/image\\\/\",\"url\":\"https:\\\/\\\/reveil-info.net\\\/wp-content\\\/uploads\\\/2024\\\/07\\\/bnddd1.jpg\",\"contentUrl\":\"https:\\\/\\\/reveil-info.net\\\/wp-content\\\/uploads\\\/2024\\\/07\\\/bnddd1.jpg\",\"width\":903,\"height\":125,\"caption\":\"R\u00e9veil Info\"},\"image\":{\"@id\":\"https:\\\/\\\/reveil-info.net\\\/#\\\/schema\\\/logo\\\/image\\\/\"}},{\"@type\":\"Person\",\"@id\":\"https:\\\/\\\/reveil-info.net\\\/#\\\/schema\\\/person\\\/ca0cc8e70088e0a2b5e92556c1ee60f5\",\"name\":\"R\u00e9veil info\",\"image\":{\"@type\":\"ImageObject\",\"inLanguage\":\"fr-FR\",\"@id\":\"https:\\\/\\\/secure.gravatar.com\\\/avatar\\\/e4ad5bb743c8b6cb174d9df6c7d30a8a16f6889731241345fc6444e6485f02af?s=96&d=mm&r=g\",\"url\":\"https:\\\/\\\/secure.gravatar.com\\\/avatar\\\/e4ad5bb743c8b6cb174d9df6c7d30a8a16f6889731241345fc6444e6485f02af?s=96&d=mm&r=g\",\"contentUrl\":\"https:\\\/\\\/secure.gravatar.com\\\/avatar\\\/e4ad5bb743c8b6cb174d9df6c7d30a8a16f6889731241345fc6444e6485f02af?s=96&d=mm&r=g\",\"caption\":\"R\u00e9veil info\"},\"sameAs\":[\"https:\\\/\\\/reveil-info.net\"],\"url\":\"https:\\\/\\\/reveil-info.net\\\/?author=1\"}]}<\/script>\n<!-- \/ Yoast SEO plugin. -->","yoast_head_json":{"title":"CASEM du MFS: les populations vuln\u00e9rables en ligne de mire - R\u00e9veil Info","robots":{"index":"noindex","follow":"follow","max-snippet":"max-snippet:-1","max-image-preview":"max-image-preview:large","max-video-preview":"max-video-preview:-1"},"og_locale":"fr_FR","og_type":"article","og_title":"CASEM du MFS: les populations vuln\u00e9rables en ligne de mire - R\u00e9veil Info","og_description":"1\u00e8re session 2026 du CASEM du MFS : consolider et dynamiser les services sociaux de","og_url":"https:\/\/reveil-info.net\/?p=44538","og_site_name":"R\u00e9veil Info","article_published_time":"2026-02-21T10:55:06+00:00","og_image":[{"width":720,"height":480,"url":"https:\/\/reveil-info.net\/wp-content\/uploads\/2026\/02\/1771671001844.jpg","type":"image\/jpeg"}],"author":"R\u00e9veil info","twitter_card":"summary_large_image","twitter_misc":{"\u00c9crit par":"R\u00e9veil info","Dur\u00e9e de lecture estim\u00e9e":"4 minutes"},"schema":{"@context":"https:\/\/schema.org","@graph":[{"@type":"Article","@id":"https:\/\/reveil-info.net\/?p=44538#article","isPartOf":{"@id":"https:\/\/reveil-info.net\/?p=44538"},"author":{"name":"R\u00e9veil info","@id":"https:\/\/reveil-info.net\/#\/schema\/person\/ca0cc8e70088e0a2b5e92556c1ee60f5"},"headline":"CASEM du MFS: les populations vuln\u00e9rables en ligne de mire","datePublished":"2026-02-21T10:55:06+00:00","mainEntityOfPage":{"@id":"https:\/\/reveil-info.net\/?p=44538"},"wordCount":584,"commentCount":0,"publisher":{"@id":"https:\/\/reveil-info.net\/#organization"},"image":{"@id":"https:\/\/reveil-info.net\/?p=44538#primaryimage"},"thumbnailUrl":"https:\/\/reveil-info.net\/wp-content\/uploads\/2026\/02\/1771671001844.jpg","articleSection":["Actualit\u00e9","Soci\u00e9t\u00e9"],"inLanguage":"fr-FR","potentialAction":[{"@type":"CommentAction","name":"Comment","target":["https:\/\/reveil-info.net\/?p=44538#respond"]}]},{"@type":"WebPage","@id":"https:\/\/reveil-info.net\/?p=44538","url":"https:\/\/reveil-info.net\/?p=44538","name":"CASEM du MFS: les populations vuln\u00e9rables en ligne de mire - R\u00e9veil Info","isPartOf":{"@id":"https:\/\/reveil-info.net\/#website"},"primaryImageOfPage":{"@id":"https:\/\/reveil-info.net\/?p=44538#primaryimage"},"image":{"@id":"https:\/\/reveil-info.net\/?p=44538#primaryimage"},"thumbnailUrl":"https:\/\/reveil-info.net\/wp-content\/uploads\/2026\/02\/1771671001844.jpg","datePublished":"2026-02-21T10:55:06+00:00","breadcrumb":{"@id":"https:\/\/reveil-info.net\/?p=44538#breadcrumb"},"inLanguage":"fr-FR","potentialAction":[{"@type":"ReadAction","target":["https:\/\/reveil-info.net\/?p=44538"]}]},{"@type":"ImageObject","inLanguage":"fr-FR","@id":"https:\/\/reveil-info.net\/?p=44538#primaryimage","url":"https:\/\/reveil-info.net\/wp-content\/uploads\/2026\/02\/1771671001844.jpg","contentUrl":"https:\/\/reveil-info.net\/wp-content\/uploads\/2026\/02\/1771671001844.jpg","width":720,"height":480},{"@type":"BreadcrumbList","@id":"https:\/\/reveil-info.net\/?p=44538#breadcrumb","itemListElement":[{"@type":"ListItem","position":1,"name":"Home","item":"https:\/\/reveil-info.net\/"},{"@type":"ListItem","position":2,"name":"CASEM du MFS: les populations vuln\u00e9rables en ligne de mire"}]},{"@type":"WebSite","@id":"https:\/\/reveil-info.net\/#website","url":"https:\/\/reveil-info.net\/","name":"R\u00e9veil Info","description":"Le devoir d&#039;informer!","publisher":{"@id":"https:\/\/reveil-info.net\/#organization"},"potentialAction":[{"@type":"SearchAction","target":{"@type":"EntryPoint","urlTemplate":"https:\/\/reveil-info.net\/?s={search_term_string}"},"query-input":{"@type":"PropertyValueSpecification","valueRequired":true,"valueName":"search_term_string"}}],"inLanguage":"fr-FR"},{"@type":"Organization","@id":"https:\/\/reveil-info.net\/#organization","name":"R\u00e9veil Info","url":"https:\/\/reveil-info.net\/","logo":{"@type":"ImageObject","inLanguage":"fr-FR","@id":"https:\/\/reveil-info.net\/#\/schema\/logo\/image\/","url":"https:\/\/reveil-info.net\/wp-content\/uploads\/2024\/07\/bnddd1.jpg","contentUrl":"https:\/\/reveil-info.net\/wp-content\/uploads\/2024\/07\/bnddd1.jpg","width":903,"height":125,"caption":"R\u00e9veil Info"},"image":{"@id":"https:\/\/reveil-info.net\/#\/schema\/logo\/image\/"}},{"@type":"Person","@id":"https:\/\/reveil-info.net\/#\/schema\/person\/ca0cc8e70088e0a2b5e92556c1ee60f5","name":"R\u00e9veil info","image":{"@type":"ImageObject","inLanguage":"fr-FR","@id":"https:\/\/secure.gravatar.com\/avatar\/e4ad5bb743c8b6cb174d9df6c7d30a8a16f6889731241345fc6444e6485f02af?s=96&d=mm&r=g","url":"https:\/\/secure.gravatar.com\/avatar\/e4ad5bb743c8b6cb174d9df6c7d30a8a16f6889731241345fc6444e6485f02af?s=96&d=mm&r=g","contentUrl":"https:\/\/secure.gravatar.com\/avatar\/e4ad5bb743c8b6cb174d9df6c7d30a8a16f6889731241345fc6444e6485f02af?s=96&d=mm&r=g","caption":"R\u00e9veil info"},"sameAs":["https:\/\/reveil-info.net"],"url":"https:\/\/reveil-info.net\/?author=1"}]}},"jetpack_featured_media_url":"","featured_image_urls":{"full":"","thumbnail":"","medium":"","medium_large":"","large":"","1536x1536":"","2048x2048":"","chromenews-featured":"","chromenews-large":"","chromenews-medium":""},"author_info":{"display_name":"R\u00e9veil info","author_link":"https:\/\/reveil-info.net\/?author=1"},"category_info":"<a href=\"https:\/\/reveil-info.net\/?cat=2\" rel=\"category\">Actualit\u00e9<\/a> <a href=\"https:\/\/reveil-info.net\/?cat=16\" rel=\"category\">Soci\u00e9t\u00e9<\/a>","tag_info":"Soci\u00e9t\u00e9","comment_count":"0","_links":{"self":[{"href":"https:\/\/reveil-info.net\/index.php?rest_route=\/wp\/v2\/posts\/44538","targetHints":{"allow":["GET"]}}],"collection":[{"href":"https:\/\/reveil-info.net\/index.php?rest_route=\/wp\/v2\/posts"}],"about":[{"href":"https:\/\/reveil-info.net\/index.php?rest_route=\/wp\/v2\/types\/post"}],"author":[{"embeddable":true,"href":"https:\/\/reveil-info.net\/index.php?rest_route=\/wp\/v2\/users\/1"}],"replies":[{"embeddable":true,"href":"https:\/\/reveil-info.net\/index.php?rest_route=%2Fwp%2Fv2%2Fcomments&post=44538"}],"version-history":[{"count":5,"href":"https:\/\/reveil-info.net\/index.php?rest_route=\/wp\/v2\/posts\/44538\/revisions"}],"predecessor-version":[{"id":44548,"href":"https:\/\/reveil-info.net\/index.php?rest_route=\/wp\/v2\/posts\/44538\/revisions\/44548"}],"wp:attachment":[{"href":"https:\/\/reveil-info.net\/index.php?rest_route=%2Fwp%2Fv2%2Fmedia&parent=44538"}],"wp:term":[{"taxonomy":"category","embeddable":true,"href":"https:\/\/reveil-info.net\/index.php?rest_route=%2Fwp%2Fv2%2Fcategories&post=44538"},{"taxonomy":"post_tag","embeddable":true,"href":"https:\/\/reveil-info.net\/index.php?rest_route=%2Fwp%2Fv2%2Ftags&post=44538"}],"curies":[{"name":"wp","href":"https:\/\/api.w.org\/{rel}","templated":true}]}}