{"id":44501,"date":"2026-02-21T08:44:45","date_gmt":"2026-02-21T08:44:45","guid":{"rendered":"https:\/\/reveil-info.net\/?p=44501"},"modified":"2026-02-21T08:45:53","modified_gmt":"2026-02-21T08:45:53","slug":"baisse-drastique-des-cas-et-deces-dus-au-paludisme-en-2025-le-ministre-de-la-sante-face-aux-journalistes","status":"publish","type":"post","link":"https:\/\/reveil-info.net\/?p=44501","title":{"rendered":"Baisse drastique des cas et d\u00e9c\u00e8s dus au paludisme en 2025: le ministre de la sant\u00e9 face aux journalistes"},"content":{"rendered":"<p>\ud835\udc01\ud835\udc1a\ud835\udc22\ud835\udc2c\ud835\udc2c\ud835\udc1e \ud835\udc1d\ud835\udc2b\ud835\udc1a\ud835\udc2c\ud835\udc2d\ud835\udc22\ud835\udc2a\ud835\udc2e\ud835\udc1e \ud835\udc1d\ud835\udc1e\ud835\udc2c \ud835\udc1c\ud835\udc1a\ud835\udc2c \ud835\udc1e\ud835\udc2d \ud835\udc1d\u00e9\ud835\udc1c\u00e8\ud835\udc2c \ud835\udc1d\ud835\udc2e\ud835\udc2c \ud835\udc1a\ud835\udc2e \ud835\udc29\ud835\udc1a\ud835\udc25\ud835\udc2e\ud835\udc1d\ud835\udc22\ud835\udc2c\ud835\udc26\ud835\udc1e \ud835\udc1e\ud835\udc27 2025 : \ud835\udc25\ud835\udc1e \ud835\udc26\ud835\udc22\ud835\udc27\ud835\udc22\ud835\udc2c\ud835\udc2d\ud835\udc2b\ud835\udc1e \ud835\udc0a\ud835\udc1a\ud835\udc2b\ud835\udc20\ud835\udc28\ud835\udc2e\ud835\udc20\ud835\udc28\ud835\udc2e \ud835\udc1f\ud835\udc1a\ud835\udc22\ud835\udc2d \ud835\udc25\ud835\udc1e \ud835\udc29\ud835\udc28\ud835\udc22\ud835\udc27\ud835\udc2d \ud835\udc1a\ud835\udc2e\ud835\udc31 \ud835\udc21\ud835\udc28\ud835\udc26\ud835\udc26\ud835\udc1e\ud835\udc2c \ud835\udc1e\ud835\udc2d \ud835\udc1f\ud835\udc1e\ud835\udc26\ud835\udc26\ud835\udc1e\ud835\udc2c \ud835\udc1d\ud835\udc1e \ud835\udc26\u00e9\ud835\udc1d\ud835\udc22\ud835\udc1a<\/p>\n<p><img loading=\"lazy\" decoding=\"async\" class=\"alignnone size-full wp-image-44504\" src=\"https:\/\/reveil-info.net\/wp-content\/uploads\/2026\/02\/1771663151157.jpg\" alt=\"\" width=\"720\" height=\"389\" srcset=\"https:\/\/reveil-info.net\/wp-content\/uploads\/2026\/02\/1771663151157.jpg 720w, https:\/\/reveil-info.net\/wp-content\/uploads\/2026\/02\/1771663151157-300x162.jpg 300w\" sizes=\"auto, (max-width: 720px) 100vw, 720px\" \/><\/p>\n<p>Ce vendredi 20 f\u00e9vrier 2026, le ministre de la Sant\u00e9, Robert Lucien Jean-Claude Kargougou, a anim\u00e9, \u00e0 Ouagadougou, une conf\u00e9rence de presse sur la baisse historique des cas et d\u00e9c\u00e8s li\u00e9s au paludisme en 2025 au Burkina Faso.<\/p>\n<p>Cette rencontre avec les hommes et femmes de m\u00e9dias avait pour objectif de pr\u00e9senter les r\u00e9sultats obtenus, d\u2019expliquer les facteurs ayant contribu\u00e9 \u00e0 cette \u00e9volution positive et de r\u00e9affirmer l\u2019engagement du gouvernement dans la lutte contre le paludisme au Burkina Faso.<\/p>\n<p><img loading=\"lazy\" decoding=\"async\" class=\"alignnone size-full wp-image-44506\" src=\"https:\/\/reveil-info.net\/wp-content\/uploads\/2026\/02\/1771663156327.jpg\" alt=\"\" width=\"720\" height=\"480\" srcset=\"https:\/\/reveil-info.net\/wp-content\/uploads\/2026\/02\/1771663156327.jpg 720w, https:\/\/reveil-info.net\/wp-content\/uploads\/2026\/02\/1771663156327-300x200.jpg 300w\" sizes=\"auto, (max-width: 720px) 100vw, 720px\" \/><\/p>\n<p>Dans sa d\u00e9claration liminaire, le ministre Kargougou a salu\u00e9 un tournant majeur dans la lutte contre le paludisme, en qualifiant d\u2019\u00ab historiques \u00bb les r\u00e9sultats enregistr\u00e9s en 2025.<\/p>\n<p>Selon les statistiques, le nombre total de cas est pass\u00e9 de 10 805 020 en 2024 \u00e0 7 329 278 en 2025, soit une baisse de plus de 32 %, repr\u00e9sentant plus de 3,4 millions de cas \u00e9vit\u00e9s en une seule ann\u00e9e. Chez les enfants de moins de cinq ans, les plus vuln\u00e9rables, la r\u00e9duction atteint pr\u00e8s de 39 %. La mortalit\u00e9 a \u00e9galement recul\u00e9 de pr\u00e8s de 44 %, avec environ 1 917 d\u00e9c\u00e8s \u00e9vit\u00e9s. Ces performances rompent nettement avec la tendance observ\u00e9e entre 2020 et 2024.<\/p>\n<p>Pour Dr Robert Kargougou, ces avanc\u00e9es sont le fruit d\u2019une volont\u00e9 politique affirm\u00e9e, impuls\u00e9e par le Pr\u00e9sident du Faso, Ibrahim Traor\u00e9, \u00e0 travers son appel \u00e0 l\u2019assainissement et \u00e0 l\u2019appropriation communautaire lanc\u00e9 fin 2023 et d\u2019une mobilisation nationale renforc\u00e9e.<\/p>\n<p><img loading=\"lazy\" decoding=\"async\" class=\"alignnone size-full wp-image-44507\" src=\"https:\/\/reveil-info.net\/wp-content\/uploads\/2026\/02\/1771663178717.jpg\" alt=\"\" width=\"720\" height=\"480\" srcset=\"https:\/\/reveil-info.net\/wp-content\/uploads\/2026\/02\/1771663178717.jpg 720w, https:\/\/reveil-info.net\/wp-content\/uploads\/2026\/02\/1771663178717-300x200.jpg 300w\" sizes=\"auto, (max-width: 720px) 100vw, 720px\" \/><\/p>\n<p>\u00ab Parmi les actions structurantes de 2025 figure la cr\u00e9ation du Comit\u00e9 national multisectoriel de lutte contre le paludisme (CONAMEP), destin\u00e9 \u00e0 am\u00e9liorer la coordination des interventions. La campagne nationale de distribution gratuite de pr\u00e8s de 15 millions de moustiquaires impr\u00e9gn\u00e9es d\u2019insecticide de nouvelle g\u00e9n\u00e9ration a constitu\u00e9 un pilier central de cette strat\u00e9gie. Lanc\u00e9e \u00e0 Komsilga par le Premier ministre, cette campagne a mobilis\u00e9 plus de 33 000 volontaires communautaires et 7 000 agents de sant\u00e9, y compris dans des zones \u00e0 d\u00e9fi s\u00e9curitaire \u00bb, a-t-il soulign\u00e9.<\/p>\n<p><img loading=\"lazy\" decoding=\"async\" class=\"alignnone size-full wp-image-44509\" src=\"https:\/\/reveil-info.net\/wp-content\/uploads\/2026\/02\/1771663160306.jpg\" alt=\"\" width=\"720\" height=\"554\" srcset=\"https:\/\/reveil-info.net\/wp-content\/uploads\/2026\/02\/1771663160306.jpg 720w, https:\/\/reveil-info.net\/wp-content\/uploads\/2026\/02\/1771663160306-300x231.jpg 300w\" sizes=\"auto, (max-width: 720px) 100vw, 720px\" \/><\/p>\n<p>Il a aussi martel\u00e9 que les efforts ciblant les groupes vuln\u00e9rables ont \u00e9galement \u00e9t\u00e9 d\u00e9terminants. Pr\u00e8s de 4,9 millions d\u2019enfants de moins de cinq ans ont b\u00e9n\u00e9fici\u00e9 de la chimio-pr\u00e9vention saisonni\u00e8re pendant 5 mois durant la saison de haute transmission. La vaccination gratuite contre le paludisme a \u00e9t\u00e9 \u00e9tendue aux 70 districts sanitaires depuis ao\u00fbt 2025. \u00c0 cela s\u2019ajoutent le traitement pr\u00e9ventif intermittent chez les femmes enceintes, le renforcement du diagnostic pr\u00e9coce et l\u2019am\u00e9lioration de la prise en charge des cas.<\/p>\n<p>Au-del\u00e0 de l\u2019impact sanitaire, le premier responsable du d\u00e9partement de la sant\u00e9 indique que les retomb\u00e9es sont aussi sociales et \u00e9conomiques. Les \u00e9conomies r\u00e9alis\u00e9es par les m\u00e9nages en co\u00fbts directs de sant\u00e9 sont estim\u00e9es \u00e0 plus de 15 milliards de francs CFA selon les premi\u00e8res estimations sans compter les d\u00e9penses indirectes \u00e9vit\u00e9es, telles que le transport ou les pertes de revenus.<\/p>\n<p>Fort de ces r\u00e9sultats, le gouvernement affiche un objectif ambitieux : \u00e9liminer le paludisme au Burkina Faso d\u2019ici 2030. Pour y parvenir, les autorit\u00e9s entendent consolider les interventions \u00e0 fort impact, intensifier l\u2019assainissement du cadre de vie et garantir un financement durable de la lutte.<\/p>\n<p>\ud835\ude3f\ud835\ude3e\ud835\ude4d\ud835\ude4b-\ud835\ude48\ud835\ude4e<\/p>\n<p>Reveil-info<\/p>\n","protected":false},"excerpt":{"rendered":"<p>\ud835\udc01\ud835\udc1a\ud835\udc22\ud835\udc2c\ud835\udc2c\ud835\udc1e \ud835\udc1d\ud835\udc2b\ud835\udc1a\ud835\udc2c\ud835\udc2d\ud835\udc22\ud835\udc2a\ud835\udc2e\ud835\udc1e \ud835\udc1d\ud835\udc1e\ud835\udc2c \ud835\udc1c\ud835\udc1a\ud835\udc2c \ud835\udc1e\ud835\udc2d \ud835\udc1d\u00e9\ud835\udc1c\u00e8\ud835\udc2c \ud835\udc1d\ud835\udc2e\ud835\udc2c \ud835\udc1a\ud835\udc2e \ud835\udc29\ud835\udc1a\ud835\udc25\ud835\udc2e\ud835\udc1d\ud835\udc22\ud835\udc2c\ud835\udc26\ud835\udc1e \ud835\udc1e\ud835\udc27 2025 : \ud835\udc25\ud835\udc1e \ud835\udc26\ud835\udc22\ud835\udc27\ud835\udc22\ud835\udc2c\ud835\udc2d\ud835\udc2b\ud835\udc1e \ud835\udc0a\ud835\udc1a\ud835\udc2b\ud835\udc20\ud835\udc28\ud835\udc2e\ud835\udc20\ud835\udc28\ud835\udc2e<\/p>\n","protected":false},"author":1,"featured_media":0,"comment_status":"open","ping_status":"open","sticky":false,"template":"","format":"standard","meta":{"footnotes":""},"categories":[14],"tags":[],"class_list":["post-44501","post","type-post","status-publish","format-standard","hentry","category-sante"],"yoast_head":"<!-- This site is optimized with the Yoast SEO plugin v27.5 - https:\/\/yoast.com\/product\/yoast-seo-wordpress\/ -->\n<title>Baisse drastique des cas et d\u00e9c\u00e8s dus au paludisme en 2025: le ministre de la sant\u00e9 face aux journalistes - R\u00e9veil Info<\/title>\n<meta name=\"robots\" content=\"noindex, follow, max-snippet:-1, max-image-preview:large, max-video-preview:-1\" \/>\n<meta property=\"og:locale\" content=\"fr_FR\" \/>\n<meta property=\"og:type\" content=\"article\" \/>\n<meta property=\"og:title\" content=\"Baisse drastique des cas et d\u00e9c\u00e8s dus au paludisme en 2025: le ministre de la sant\u00e9 face aux journalistes - R\u00e9veil Info\" \/>\n<meta property=\"og:description\" content=\"\ud835\udc01\ud835\udc1a\ud835\udc22\ud835\udc2c\ud835\udc2c\ud835\udc1e \ud835\udc1d\ud835\udc2b\ud835\udc1a\ud835\udc2c\ud835\udc2d\ud835\udc22\ud835\udc2a\ud835\udc2e\ud835\udc1e \ud835\udc1d\ud835\udc1e\ud835\udc2c \ud835\udc1c\ud835\udc1a\ud835\udc2c \ud835\udc1e\ud835\udc2d \ud835\udc1d\u00e9\ud835\udc1c\u00e8\ud835\udc2c \ud835\udc1d\ud835\udc2e\ud835\udc2c \ud835\udc1a\ud835\udc2e \ud835\udc29\ud835\udc1a\ud835\udc25\ud835\udc2e\ud835\udc1d\ud835\udc22\ud835\udc2c\ud835\udc26\ud835\udc1e \ud835\udc1e\ud835\udc27 2025 : \ud835\udc25\ud835\udc1e \ud835\udc26\ud835\udc22\ud835\udc27\ud835\udc22\ud835\udc2c\ud835\udc2d\ud835\udc2b\ud835\udc1e \ud835\udc0a\ud835\udc1a\ud835\udc2b\ud835\udc20\ud835\udc28\ud835\udc2e\ud835\udc20\ud835\udc28\ud835\udc2e\" \/>\n<meta property=\"og:url\" content=\"https:\/\/reveil-info.net\/?p=44501\" \/>\n<meta property=\"og:site_name\" content=\"R\u00e9veil Info\" \/>\n<meta property=\"article:published_time\" content=\"2026-02-21T08:44:45+00:00\" \/>\n<meta property=\"article:modified_time\" content=\"2026-02-21T08:45:53+00:00\" \/>\n<meta property=\"og:image\" content=\"https:\/\/reveil-info.net\/wp-content\/uploads\/2026\/02\/1771663151157.jpg\" \/>\n\t<meta property=\"og:image:width\" content=\"720\" \/>\n\t<meta property=\"og:image:height\" content=\"389\" \/>\n\t<meta property=\"og:image:type\" content=\"image\/jpeg\" \/>\n<meta name=\"author\" content=\"R\u00e9veil info\" \/>\n<meta name=\"twitter:card\" content=\"summary_large_image\" \/>\n<meta name=\"twitter:label1\" content=\"\u00c9crit par\" \/>\n\t<meta name=\"twitter:data1\" content=\"R\u00e9veil info\" \/>\n\t<meta name=\"twitter:label2\" content=\"Dur\u00e9e de lecture estim\u00e9e\" \/>\n\t<meta name=\"twitter:data2\" content=\"4 minutes\" \/>\n<script type=\"application\/ld+json\" class=\"yoast-schema-graph\">{\"@context\":\"https:\\\/\\\/schema.org\",\"@graph\":[{\"@type\":\"Article\",\"@id\":\"https:\\\/\\\/reveil-info.net\\\/?p=44501#article\",\"isPartOf\":{\"@id\":\"https:\\\/\\\/reveil-info.net\\\/?p=44501\"},\"author\":{\"name\":\"R\u00e9veil info\",\"@id\":\"https:\\\/\\\/reveil-info.net\\\/#\\\/schema\\\/person\\\/ca0cc8e70088e0a2b5e92556c1ee60f5\"},\"headline\":\"Baisse drastique des cas et d\u00e9c\u00e8s dus au paludisme en 2025: le ministre de la sant\u00e9 face aux journalistes\",\"datePublished\":\"2026-02-21T08:44:45+00:00\",\"dateModified\":\"2026-02-21T08:45:53+00:00\",\"mainEntityOfPage\":{\"@id\":\"https:\\\/\\\/reveil-info.net\\\/?p=44501\"},\"wordCount\":553,\"commentCount\":0,\"publisher\":{\"@id\":\"https:\\\/\\\/reveil-info.net\\\/#organization\"},\"image\":{\"@id\":\"https:\\\/\\\/reveil-info.net\\\/?p=44501#primaryimage\"},\"thumbnailUrl\":\"https:\\\/\\\/reveil-info.net\\\/wp-content\\\/uploads\\\/2026\\\/02\\\/1771663151157.jpg\",\"articleSection\":[\"Sant\u00e9\"],\"inLanguage\":\"fr-FR\",\"potentialAction\":[{\"@type\":\"CommentAction\",\"name\":\"Comment\",\"target\":[\"https:\\\/\\\/reveil-info.net\\\/?p=44501#respond\"]}]},{\"@type\":\"WebPage\",\"@id\":\"https:\\\/\\\/reveil-info.net\\\/?p=44501\",\"url\":\"https:\\\/\\\/reveil-info.net\\\/?p=44501\",\"name\":\"Baisse drastique des cas et d\u00e9c\u00e8s dus au paludisme en 2025: le ministre de la sant\u00e9 face aux journalistes - R\u00e9veil Info\",\"isPartOf\":{\"@id\":\"https:\\\/\\\/reveil-info.net\\\/#website\"},\"primaryImageOfPage\":{\"@id\":\"https:\\\/\\\/reveil-info.net\\\/?p=44501#primaryimage\"},\"image\":{\"@id\":\"https:\\\/\\\/reveil-info.net\\\/?p=44501#primaryimage\"},\"thumbnailUrl\":\"https:\\\/\\\/reveil-info.net\\\/wp-content\\\/uploads\\\/2026\\\/02\\\/1771663151157.jpg\",\"datePublished\":\"2026-02-21T08:44:45+00:00\",\"dateModified\":\"2026-02-21T08:45:53+00:00\",\"breadcrumb\":{\"@id\":\"https:\\\/\\\/reveil-info.net\\\/?p=44501#breadcrumb\"},\"inLanguage\":\"fr-FR\",\"potentialAction\":[{\"@type\":\"ReadAction\",\"target\":[\"https:\\\/\\\/reveil-info.net\\\/?p=44501\"]}]},{\"@type\":\"ImageObject\",\"inLanguage\":\"fr-FR\",\"@id\":\"https:\\\/\\\/reveil-info.net\\\/?p=44501#primaryimage\",\"url\":\"https:\\\/\\\/reveil-info.net\\\/wp-content\\\/uploads\\\/2026\\\/02\\\/1771663151157.jpg\",\"contentUrl\":\"https:\\\/\\\/reveil-info.net\\\/wp-content\\\/uploads\\\/2026\\\/02\\\/1771663151157.jpg\",\"width\":720,\"height\":389},{\"@type\":\"BreadcrumbList\",\"@id\":\"https:\\\/\\\/reveil-info.net\\\/?p=44501#breadcrumb\",\"itemListElement\":[{\"@type\":\"ListItem\",\"position\":1,\"name\":\"Home\",\"item\":\"https:\\\/\\\/reveil-info.net\\\/\"},{\"@type\":\"ListItem\",\"position\":2,\"name\":\"Baisse drastique des cas et d\u00e9c\u00e8s dus au paludisme en 2025: le ministre de la sant\u00e9 face aux journalistes\"}]},{\"@type\":\"WebSite\",\"@id\":\"https:\\\/\\\/reveil-info.net\\\/#website\",\"url\":\"https:\\\/\\\/reveil-info.net\\\/\",\"name\":\"R\u00e9veil Info\",\"description\":\"Le devoir d&#039;informer!\",\"publisher\":{\"@id\":\"https:\\\/\\\/reveil-info.net\\\/#organization\"},\"potentialAction\":[{\"@type\":\"SearchAction\",\"target\":{\"@type\":\"EntryPoint\",\"urlTemplate\":\"https:\\\/\\\/reveil-info.net\\\/?s={search_term_string}\"},\"query-input\":{\"@type\":\"PropertyValueSpecification\",\"valueRequired\":true,\"valueName\":\"search_term_string\"}}],\"inLanguage\":\"fr-FR\"},{\"@type\":\"Organization\",\"@id\":\"https:\\\/\\\/reveil-info.net\\\/#organization\",\"name\":\"R\u00e9veil Info\",\"url\":\"https:\\\/\\\/reveil-info.net\\\/\",\"logo\":{\"@type\":\"ImageObject\",\"inLanguage\":\"fr-FR\",\"@id\":\"https:\\\/\\\/reveil-info.net\\\/#\\\/schema\\\/logo\\\/image\\\/\",\"url\":\"https:\\\/\\\/reveil-info.net\\\/wp-content\\\/uploads\\\/2024\\\/07\\\/bnddd1.jpg\",\"contentUrl\":\"https:\\\/\\\/reveil-info.net\\\/wp-content\\\/uploads\\\/2024\\\/07\\\/bnddd1.jpg\",\"width\":903,\"height\":125,\"caption\":\"R\u00e9veil Info\"},\"image\":{\"@id\":\"https:\\\/\\\/reveil-info.net\\\/#\\\/schema\\\/logo\\\/image\\\/\"}},{\"@type\":\"Person\",\"@id\":\"https:\\\/\\\/reveil-info.net\\\/#\\\/schema\\\/person\\\/ca0cc8e70088e0a2b5e92556c1ee60f5\",\"name\":\"R\u00e9veil info\",\"image\":{\"@type\":\"ImageObject\",\"inLanguage\":\"fr-FR\",\"@id\":\"https:\\\/\\\/secure.gravatar.com\\\/avatar\\\/e4ad5bb743c8b6cb174d9df6c7d30a8a16f6889731241345fc6444e6485f02af?s=96&d=mm&r=g\",\"url\":\"https:\\\/\\\/secure.gravatar.com\\\/avatar\\\/e4ad5bb743c8b6cb174d9df6c7d30a8a16f6889731241345fc6444e6485f02af?s=96&d=mm&r=g\",\"contentUrl\":\"https:\\\/\\\/secure.gravatar.com\\\/avatar\\\/e4ad5bb743c8b6cb174d9df6c7d30a8a16f6889731241345fc6444e6485f02af?s=96&d=mm&r=g\",\"caption\":\"R\u00e9veil info\"},\"sameAs\":[\"https:\\\/\\\/reveil-info.net\"],\"url\":\"https:\\\/\\\/reveil-info.net\\\/?author=1\"}]}<\/script>\n<!-- \/ Yoast SEO plugin. -->","yoast_head_json":{"title":"Baisse drastique des cas et d\u00e9c\u00e8s dus au paludisme en 2025: le ministre de la sant\u00e9 face aux journalistes - R\u00e9veil Info","robots":{"index":"noindex","follow":"follow","max-snippet":"max-snippet:-1","max-image-preview":"max-image-preview:large","max-video-preview":"max-video-preview:-1"},"og_locale":"fr_FR","og_type":"article","og_title":"Baisse drastique des cas et d\u00e9c\u00e8s dus au paludisme en 2025: le ministre de la sant\u00e9 face aux journalistes - R\u00e9veil Info","og_description":"\ud835\udc01\ud835\udc1a\ud835\udc22\ud835\udc2c\ud835\udc2c\ud835\udc1e \ud835\udc1d\ud835\udc2b\ud835\udc1a\ud835\udc2c\ud835\udc2d\ud835\udc22\ud835\udc2a\ud835\udc2e\ud835\udc1e \ud835\udc1d\ud835\udc1e\ud835\udc2c \ud835\udc1c\ud835\udc1a\ud835\udc2c \ud835\udc1e\ud835\udc2d \ud835\udc1d\u00e9\ud835\udc1c\u00e8\ud835\udc2c \ud835\udc1d\ud835\udc2e\ud835\udc2c \ud835\udc1a\ud835\udc2e \ud835\udc29\ud835\udc1a\ud835\udc25\ud835\udc2e\ud835\udc1d\ud835\udc22\ud835\udc2c\ud835\udc26\ud835\udc1e \ud835\udc1e\ud835\udc27 2025 : \ud835\udc25\ud835\udc1e \ud835\udc26\ud835\udc22\ud835\udc27\ud835\udc22\ud835\udc2c\ud835\udc2d\ud835\udc2b\ud835\udc1e \ud835\udc0a\ud835\udc1a\ud835\udc2b\ud835\udc20\ud835\udc28\ud835\udc2e\ud835\udc20\ud835\udc28\ud835\udc2e","og_url":"https:\/\/reveil-info.net\/?p=44501","og_site_name":"R\u00e9veil Info","article_published_time":"2026-02-21T08:44:45+00:00","article_modified_time":"2026-02-21T08:45:53+00:00","og_image":[{"width":720,"height":389,"url":"https:\/\/reveil-info.net\/wp-content\/uploads\/2026\/02\/1771663151157.jpg","type":"image\/jpeg"}],"author":"R\u00e9veil info","twitter_card":"summary_large_image","twitter_misc":{"\u00c9crit par":"R\u00e9veil info","Dur\u00e9e de lecture estim\u00e9e":"4 minutes"},"schema":{"@context":"https:\/\/schema.org","@graph":[{"@type":"Article","@id":"https:\/\/reveil-info.net\/?p=44501#article","isPartOf":{"@id":"https:\/\/reveil-info.net\/?p=44501"},"author":{"name":"R\u00e9veil info","@id":"https:\/\/reveil-info.net\/#\/schema\/person\/ca0cc8e70088e0a2b5e92556c1ee60f5"},"headline":"Baisse drastique des cas et d\u00e9c\u00e8s dus au paludisme en 2025: le ministre de la sant\u00e9 face aux journalistes","datePublished":"2026-02-21T08:44:45+00:00","dateModified":"2026-02-21T08:45:53+00:00","mainEntityOfPage":{"@id":"https:\/\/reveil-info.net\/?p=44501"},"wordCount":553,"commentCount":0,"publisher":{"@id":"https:\/\/reveil-info.net\/#organization"},"image":{"@id":"https:\/\/reveil-info.net\/?p=44501#primaryimage"},"thumbnailUrl":"https:\/\/reveil-info.net\/wp-content\/uploads\/2026\/02\/1771663151157.jpg","articleSection":["Sant\u00e9"],"inLanguage":"fr-FR","potentialAction":[{"@type":"CommentAction","name":"Comment","target":["https:\/\/reveil-info.net\/?p=44501#respond"]}]},{"@type":"WebPage","@id":"https:\/\/reveil-info.net\/?p=44501","url":"https:\/\/reveil-info.net\/?p=44501","name":"Baisse drastique des cas et d\u00e9c\u00e8s dus au paludisme en 2025: le ministre de la sant\u00e9 face aux journalistes - R\u00e9veil Info","isPartOf":{"@id":"https:\/\/reveil-info.net\/#website"},"primaryImageOfPage":{"@id":"https:\/\/reveil-info.net\/?p=44501#primaryimage"},"image":{"@id":"https:\/\/reveil-info.net\/?p=44501#primaryimage"},"thumbnailUrl":"https:\/\/reveil-info.net\/wp-content\/uploads\/2026\/02\/1771663151157.jpg","datePublished":"2026-02-21T08:44:45+00:00","dateModified":"2026-02-21T08:45:53+00:00","breadcrumb":{"@id":"https:\/\/reveil-info.net\/?p=44501#breadcrumb"},"inLanguage":"fr-FR","potentialAction":[{"@type":"ReadAction","target":["https:\/\/reveil-info.net\/?p=44501"]}]},{"@type":"ImageObject","inLanguage":"fr-FR","@id":"https:\/\/reveil-info.net\/?p=44501#primaryimage","url":"https:\/\/reveil-info.net\/wp-content\/uploads\/2026\/02\/1771663151157.jpg","contentUrl":"https:\/\/reveil-info.net\/wp-content\/uploads\/2026\/02\/1771663151157.jpg","width":720,"height":389},{"@type":"BreadcrumbList","@id":"https:\/\/reveil-info.net\/?p=44501#breadcrumb","itemListElement":[{"@type":"ListItem","position":1,"name":"Home","item":"https:\/\/reveil-info.net\/"},{"@type":"ListItem","position":2,"name":"Baisse drastique des cas et d\u00e9c\u00e8s dus au paludisme en 2025: le ministre de la sant\u00e9 face aux journalistes"}]},{"@type":"WebSite","@id":"https:\/\/reveil-info.net\/#website","url":"https:\/\/reveil-info.net\/","name":"R\u00e9veil Info","description":"Le devoir d&#039;informer!","publisher":{"@id":"https:\/\/reveil-info.net\/#organization"},"potentialAction":[{"@type":"SearchAction","target":{"@type":"EntryPoint","urlTemplate":"https:\/\/reveil-info.net\/?s={search_term_string}"},"query-input":{"@type":"PropertyValueSpecification","valueRequired":true,"valueName":"search_term_string"}}],"inLanguage":"fr-FR"},{"@type":"Organization","@id":"https:\/\/reveil-info.net\/#organization","name":"R\u00e9veil Info","url":"https:\/\/reveil-info.net\/","logo":{"@type":"ImageObject","inLanguage":"fr-FR","@id":"https:\/\/reveil-info.net\/#\/schema\/logo\/image\/","url":"https:\/\/reveil-info.net\/wp-content\/uploads\/2024\/07\/bnddd1.jpg","contentUrl":"https:\/\/reveil-info.net\/wp-content\/uploads\/2024\/07\/bnddd1.jpg","width":903,"height":125,"caption":"R\u00e9veil Info"},"image":{"@id":"https:\/\/reveil-info.net\/#\/schema\/logo\/image\/"}},{"@type":"Person","@id":"https:\/\/reveil-info.net\/#\/schema\/person\/ca0cc8e70088e0a2b5e92556c1ee60f5","name":"R\u00e9veil info","image":{"@type":"ImageObject","inLanguage":"fr-FR","@id":"https:\/\/secure.gravatar.com\/avatar\/e4ad5bb743c8b6cb174d9df6c7d30a8a16f6889731241345fc6444e6485f02af?s=96&d=mm&r=g","url":"https:\/\/secure.gravatar.com\/avatar\/e4ad5bb743c8b6cb174d9df6c7d30a8a16f6889731241345fc6444e6485f02af?s=96&d=mm&r=g","contentUrl":"https:\/\/secure.gravatar.com\/avatar\/e4ad5bb743c8b6cb174d9df6c7d30a8a16f6889731241345fc6444e6485f02af?s=96&d=mm&r=g","caption":"R\u00e9veil info"},"sameAs":["https:\/\/reveil-info.net"],"url":"https:\/\/reveil-info.net\/?author=1"}]}},"jetpack_featured_media_url":"","featured_image_urls":{"full":"","thumbnail":"","medium":"","medium_large":"","large":"","1536x1536":"","2048x2048":"","chromenews-featured":"","chromenews-large":"","chromenews-medium":""},"author_info":{"display_name":"R\u00e9veil info","author_link":"https:\/\/reveil-info.net\/?author=1"},"category_info":"<a href=\"https:\/\/reveil-info.net\/?cat=14\" rel=\"category\">Sant\u00e9<\/a>","tag_info":"Sant\u00e9","comment_count":"0","_links":{"self":[{"href":"https:\/\/reveil-info.net\/index.php?rest_route=\/wp\/v2\/posts\/44501","targetHints":{"allow":["GET"]}}],"collection":[{"href":"https:\/\/reveil-info.net\/index.php?rest_route=\/wp\/v2\/posts"}],"about":[{"href":"https:\/\/reveil-info.net\/index.php?rest_route=\/wp\/v2\/types\/post"}],"author":[{"embeddable":true,"href":"https:\/\/reveil-info.net\/index.php?rest_route=\/wp\/v2\/users\/1"}],"replies":[{"embeddable":true,"href":"https:\/\/reveil-info.net\/index.php?rest_route=%2Fwp%2Fv2%2Fcomments&post=44501"}],"version-history":[{"count":6,"href":"https:\/\/reveil-info.net\/index.php?rest_route=\/wp\/v2\/posts\/44501\/revisions"}],"predecessor-version":[{"id":44511,"href":"https:\/\/reveil-info.net\/index.php?rest_route=\/wp\/v2\/posts\/44501\/revisions\/44511"}],"wp:attachment":[{"href":"https:\/\/reveil-info.net\/index.php?rest_route=%2Fwp%2Fv2%2Fmedia&parent=44501"}],"wp:term":[{"taxonomy":"category","embeddable":true,"href":"https:\/\/reveil-info.net\/index.php?rest_route=%2Fwp%2Fv2%2Fcategories&post=44501"},{"taxonomy":"post_tag","embeddable":true,"href":"https:\/\/reveil-info.net\/index.php?rest_route=%2Fwp%2Fv2%2Ftags&post=44501"}],"curies":[{"name":"wp","href":"https:\/\/api.w.org\/{rel}","templated":true}]}}