{"id":44319,"date":"2026-02-19T19:05:54","date_gmt":"2026-02-19T19:05:54","guid":{"rendered":"https:\/\/reveil-info.net\/?p=44319"},"modified":"2026-02-19T19:05:54","modified_gmt":"2026-02-19T19:05:54","slug":"solidarite-nationale-en-action-la-sercom-renforce-lappui-logistique-des-vdp","status":"publish","type":"post","link":"https:\/\/reveil-info.net\/?p=44319","title":{"rendered":"Solidarit\u00e9 nationale en action : la SERCOM renforce l&rsquo;appui logistique des VDP"},"content":{"rendered":"<p>\ud835\udc12\ud835\udc28\ud835\udc25\ud835\udc22\ud835\udc1d\ud835\udc1a\ud835\udc2b\ud835\udc22\ud835\udc2d\u00e9 \ud835\udc27\ud835\udc1a\ud835\udc2d\ud835\udc22\ud835\udc28\ud835\udc27\ud835\udc1a\ud835\udc25\ud835\udc1e \ud835\udc1e\ud835\udc27 \ud835\udc1a\ud835\udc1c\ud835\udc2d\ud835\udc22\ud835\udc28\ud835\udc27 : \ud835\udc25\ud835\udc1a \ud835\udc12\ud835\udc04\ud835\udc11\ud835\udc02\ud835\udc0e\ud835\udc0c \ud835\udc2b\ud835\udc1e\ud835\udc27\ud835\udc1f\ud835\udc28\ud835\udc2b\ud835\udc1c\ud835\udc1e \ud835\udc25\u2019\ud835\udc1a\ud835\udc29\ud835\udc29\ud835\udc2e\ud835\udc22 \ud835\udc25\ud835\udc28\ud835\udc20\ud835\udc22\ud835\udc2c\ud835\udc2d\ud835\udc22\ud835\udc2a\ud835\udc2e\ud835\udc1e \ud835\udc1a\ud835\udc2e\ud835\udc31 \ud835\udc15\ud835\udc03\ud835\udc0f<\/p>\n<p><img loading=\"lazy\" decoding=\"async\" class=\"alignnone size-full wp-image-44322\" src=\"https:\/\/reveil-info.net\/wp-content\/uploads\/2026\/02\/1771527449662.jpg\" alt=\"\" width=\"720\" height=\"348\" srcset=\"https:\/\/reveil-info.net\/wp-content\/uploads\/2026\/02\/1771527449662.jpg 720w, https:\/\/reveil-info.net\/wp-content\/uploads\/2026\/02\/1771527449662-300x145.jpg 300w\" sizes=\"auto, (max-width: 720px) 100vw, 720px\" \/><\/p>\n<p>La Brigade des Volontaires pour la D\u00e9fense de la Patrie a vibr\u00e9 au rythme d\u2019une solidarit\u00e9 agissante le 18 f\u00e9vrier 2026. En cette p\u00e9riode d\u2019\u00e9l\u00e9vation spirituelle, marqu\u00e9e conjointement par le je\u00fbne musulman et le Car\u00eame chr\u00e9tien, la Soci\u00e9t\u00e9 d\u2019\u00c9quipement et de Repr\u00e9sentation Commerciale (SERCOM) a proc\u00e9d\u00e9 \u00e0 la remise d\u2019un important lot de mat\u00e9riel au profit des Volontaires pour la D\u00e9fense de la Patrie (VDP).<\/p>\n<p><img loading=\"lazy\" decoding=\"async\" class=\"alignnone size-full wp-image-44324\" src=\"https:\/\/reveil-info.net\/wp-content\/uploads\/2026\/02\/1771527454222.jpg\" alt=\"\" width=\"720\" height=\"614\" srcset=\"https:\/\/reveil-info.net\/wp-content\/uploads\/2026\/02\/1771527454222.jpg 720w, https:\/\/reveil-info.net\/wp-content\/uploads\/2026\/02\/1771527454222-300x256.jpg 300w\" sizes=\"auto, (max-width: 720px) 100vw, 720px\" \/><\/p>\n<p>Compos\u00e9 de 24 000 litres d\u2019huile de vidange et de deux tricycles mod\u00e8le citerne, ce don, selon M. Seydou Traor\u00e9, Directeur technique de la SERCOM, vise \u00e0 soutenir les VDP engag\u00e9s quotidiennement dans la reconqu\u00eate du territoire national ainsi que dans la protection des populations et de leurs biens.<\/p>\n<p>Pour le Lieutenant-colonel Mahamady Sawadogo, Commandant de la Brigade des Volontaires pour la D\u00e9fense de la Patrie (BVDP), ce geste suscite un profond sentiment de reconnaissance et de satisfaction. Saluant l\u2019engagement patriotique de la SERCOM, il a soulign\u00e9 la port\u00e9e significative de cette contribution en ces temps particuli\u00e8rement \u00e9prouvants :\u00ab En ces moments difficiles, il n\u2019est pas ais\u00e9 pour une entreprise de consentir un don d\u2019une telle envergure. Je tiens \u00e0 saluer, \u00e0 sa juste valeur, ce geste hautement patriotique et cet \u00e9lan de solidarit\u00e9 \u00bb, a-t-il d\u00e9clar\u00e9.<\/p>\n<p><img loading=\"lazy\" decoding=\"async\" class=\"alignnone size-full wp-image-44324\" src=\"https:\/\/reveil-info.net\/wp-content\/uploads\/2026\/02\/1771527454222.jpg\" alt=\"\" width=\"720\" height=\"614\" srcset=\"https:\/\/reveil-info.net\/wp-content\/uploads\/2026\/02\/1771527454222.jpg 720w, https:\/\/reveil-info.net\/wp-content\/uploads\/2026\/02\/1771527454222-300x256.jpg 300w\" sizes=\"auto, (max-width: 720px) 100vw, 720px\" \/><\/p>\n<p>Le Commandant de la BVDP a, par ailleurs, assur\u00e9 que ce mat\u00e9riel sera destin\u00e9 aux VDP d\u00e9ploy\u00e9s sur les diff\u00e9rents th\u00e9\u00e2tres d\u2019op\u00e9rations, en vue de renforcer leurs capacit\u00e9s logistiques et d\u2019optimiser l\u2019ex\u00e9cution de leurs missions.<\/p>\n<p><img loading=\"lazy\" decoding=\"async\" class=\"alignnone size-full wp-image-44326\" src=\"https:\/\/reveil-info.net\/wp-content\/uploads\/2026\/02\/1771527446757.jpg\" alt=\"\" width=\"719\" height=\"465\" srcset=\"https:\/\/reveil-info.net\/wp-content\/uploads\/2026\/02\/1771527446757.jpg 719w, https:\/\/reveil-info.net\/wp-content\/uploads\/2026\/02\/1771527446757-300x194.jpg 300w\" sizes=\"auto, (max-width: 719px) 100vw, 719px\" \/><\/p>\n<p>Saisissant cette occasion, le Directeur technique de la SERCOM a lanc\u00e9 un appel \u00e0 l\u2019endroit des entreprises nationales et internationales pr\u00e9sentes sur le territoire burkinab\u00e8, les invitant \u00e0 apporter leur contribution \u00e0 l\u2019effort national de lutte contre le terrorisme : \u00ab Nous exhortons les entreprises \u00e0 se mobiliser davantage aux c\u00f4t\u00e9s des forces engag\u00e9es. Certains de nos concitoyens d\u00e9fendent la patrie au p\u00e9ril de leur vie ; il incombe \u00e0 ceux qui participent \u00e0 la dynamique \u00e9conomique nationale d\u2019apporter, eux aussi, leur contribution afin qu\u2019ensemble, nous puissions bouter le terrorisme hors de notre territoire. \u00bb<\/p>\n<p>&nbsp;<\/p>\n<p>Bureau Communication et Relations Publiques\/BVDP<\/p>\n<p>Reveil-info<\/p>\n","protected":false},"excerpt":{"rendered":"<p>\ud835\udc12\ud835\udc28\ud835\udc25\ud835\udc22\ud835\udc1d\ud835\udc1a\ud835\udc2b\ud835\udc22\ud835\udc2d\u00e9 \ud835\udc27\ud835\udc1a\ud835\udc2d\ud835\udc22\ud835\udc28\ud835\udc27\ud835\udc1a\ud835\udc25\ud835\udc1e \ud835\udc1e\ud835\udc27 \ud835\udc1a\ud835\udc1c\ud835\udc2d\ud835\udc22\ud835\udc28\ud835\udc27 : \ud835\udc25\ud835\udc1a \ud835\udc12\ud835\udc04\ud835\udc11\ud835\udc02\ud835\udc0e\ud835\udc0c \ud835\udc2b\ud835\udc1e\ud835\udc27\ud835\udc1f\ud835\udc28\ud835\udc2b\ud835\udc1c\ud835\udc1e \ud835\udc25\u2019\ud835\udc1a\ud835\udc29\ud835\udc29\ud835\udc2e\ud835\udc22 \ud835\udc25\ud835\udc28\ud835\udc20\ud835\udc22\ud835\udc2c\ud835\udc2d\ud835\udc22\ud835\udc2a\ud835\udc2e\ud835\udc1e \ud835\udc1a\ud835\udc2e\ud835\udc31 \ud835\udc15\ud835\udc03\ud835\udc0f La Brigade des<\/p>\n","protected":false},"author":1,"featured_media":0,"comment_status":"open","ping_status":"open","sticky":false,"template":"","format":"standard","meta":{"footnotes":""},"categories":[2],"tags":[],"class_list":["post-44319","post","type-post","status-publish","format-standard","hentry","category-actu"],"yoast_head":"<!-- This site is optimized with the Yoast SEO plugin v27.5 - https:\/\/yoast.com\/product\/yoast-seo-wordpress\/ -->\n<title>Solidarit\u00e9 nationale en action : la SERCOM renforce l&#039;appui logistique des VDP - R\u00e9veil Info<\/title>\n<meta name=\"robots\" content=\"noindex, follow, max-snippet:-1, max-image-preview:large, max-video-preview:-1\" \/>\n<meta property=\"og:locale\" content=\"fr_FR\" \/>\n<meta property=\"og:type\" content=\"article\" \/>\n<meta property=\"og:title\" content=\"Solidarit\u00e9 nationale en action : la SERCOM renforce l&#039;appui logistique des VDP - R\u00e9veil Info\" \/>\n<meta property=\"og:description\" content=\"\ud835\udc12\ud835\udc28\ud835\udc25\ud835\udc22\ud835\udc1d\ud835\udc1a\ud835\udc2b\ud835\udc22\ud835\udc2d\u00e9 \ud835\udc27\ud835\udc1a\ud835\udc2d\ud835\udc22\ud835\udc28\ud835\udc27\ud835\udc1a\ud835\udc25\ud835\udc1e \ud835\udc1e\ud835\udc27 \ud835\udc1a\ud835\udc1c\ud835\udc2d\ud835\udc22\ud835\udc28\ud835\udc27 : \ud835\udc25\ud835\udc1a \ud835\udc12\ud835\udc04\ud835\udc11\ud835\udc02\ud835\udc0e\ud835\udc0c \ud835\udc2b\ud835\udc1e\ud835\udc27\ud835\udc1f\ud835\udc28\ud835\udc2b\ud835\udc1c\ud835\udc1e \ud835\udc25\u2019\ud835\udc1a\ud835\udc29\ud835\udc29\ud835\udc2e\ud835\udc22 \ud835\udc25\ud835\udc28\ud835\udc20\ud835\udc22\ud835\udc2c\ud835\udc2d\ud835\udc22\ud835\udc2a\ud835\udc2e\ud835\udc1e \ud835\udc1a\ud835\udc2e\ud835\udc31 \ud835\udc15\ud835\udc03\ud835\udc0f La Brigade des\" \/>\n<meta property=\"og:url\" content=\"https:\/\/reveil-info.net\/?p=44319\" \/>\n<meta property=\"og:site_name\" content=\"R\u00e9veil Info\" \/>\n<meta property=\"article:published_time\" content=\"2026-02-19T19:05:54+00:00\" \/>\n<meta property=\"og:image\" content=\"https:\/\/reveil-info.net\/wp-content\/uploads\/2026\/02\/1771527449662.jpg\" \/>\n\t<meta property=\"og:image:width\" content=\"720\" \/>\n\t<meta property=\"og:image:height\" content=\"348\" \/>\n\t<meta property=\"og:image:type\" content=\"image\/jpeg\" \/>\n<meta name=\"author\" content=\"R\u00e9veil info\" \/>\n<meta name=\"twitter:card\" content=\"summary_large_image\" \/>\n<meta name=\"twitter:label1\" content=\"\u00c9crit par\" \/>\n\t<meta name=\"twitter:data1\" content=\"R\u00e9veil info\" \/>\n\t<meta name=\"twitter:label2\" content=\"Dur\u00e9e de lecture estim\u00e9e\" \/>\n\t<meta name=\"twitter:data2\" content=\"3 minutes\" \/>\n<script type=\"application\/ld+json\" class=\"yoast-schema-graph\">{\"@context\":\"https:\\\/\\\/schema.org\",\"@graph\":[{\"@type\":\"Article\",\"@id\":\"https:\\\/\\\/reveil-info.net\\\/?p=44319#article\",\"isPartOf\":{\"@id\":\"https:\\\/\\\/reveil-info.net\\\/?p=44319\"},\"author\":{\"name\":\"R\u00e9veil info\",\"@id\":\"https:\\\/\\\/reveil-info.net\\\/#\\\/schema\\\/person\\\/ca0cc8e70088e0a2b5e92556c1ee60f5\"},\"headline\":\"Solidarit\u00e9 nationale en action : la SERCOM renforce l&rsquo;appui logistique des VDP\",\"datePublished\":\"2026-02-19T19:05:54+00:00\",\"mainEntityOfPage\":{\"@id\":\"https:\\\/\\\/reveil-info.net\\\/?p=44319\"},\"wordCount\":381,\"commentCount\":0,\"publisher\":{\"@id\":\"https:\\\/\\\/reveil-info.net\\\/#organization\"},\"image\":{\"@id\":\"https:\\\/\\\/reveil-info.net\\\/?p=44319#primaryimage\"},\"thumbnailUrl\":\"https:\\\/\\\/reveil-info.net\\\/wp-content\\\/uploads\\\/2026\\\/02\\\/1771527449662.jpg\",\"articleSection\":[\"Actualit\u00e9\"],\"inLanguage\":\"fr-FR\",\"potentialAction\":[{\"@type\":\"CommentAction\",\"name\":\"Comment\",\"target\":[\"https:\\\/\\\/reveil-info.net\\\/?p=44319#respond\"]}]},{\"@type\":\"WebPage\",\"@id\":\"https:\\\/\\\/reveil-info.net\\\/?p=44319\",\"url\":\"https:\\\/\\\/reveil-info.net\\\/?p=44319\",\"name\":\"Solidarit\u00e9 nationale en action : la SERCOM renforce l'appui logistique des VDP - R\u00e9veil Info\",\"isPartOf\":{\"@id\":\"https:\\\/\\\/reveil-info.net\\\/#website\"},\"primaryImageOfPage\":{\"@id\":\"https:\\\/\\\/reveil-info.net\\\/?p=44319#primaryimage\"},\"image\":{\"@id\":\"https:\\\/\\\/reveil-info.net\\\/?p=44319#primaryimage\"},\"thumbnailUrl\":\"https:\\\/\\\/reveil-info.net\\\/wp-content\\\/uploads\\\/2026\\\/02\\\/1771527449662.jpg\",\"datePublished\":\"2026-02-19T19:05:54+00:00\",\"breadcrumb\":{\"@id\":\"https:\\\/\\\/reveil-info.net\\\/?p=44319#breadcrumb\"},\"inLanguage\":\"fr-FR\",\"potentialAction\":[{\"@type\":\"ReadAction\",\"target\":[\"https:\\\/\\\/reveil-info.net\\\/?p=44319\"]}]},{\"@type\":\"ImageObject\",\"inLanguage\":\"fr-FR\",\"@id\":\"https:\\\/\\\/reveil-info.net\\\/?p=44319#primaryimage\",\"url\":\"https:\\\/\\\/reveil-info.net\\\/wp-content\\\/uploads\\\/2026\\\/02\\\/1771527449662.jpg\",\"contentUrl\":\"https:\\\/\\\/reveil-info.net\\\/wp-content\\\/uploads\\\/2026\\\/02\\\/1771527449662.jpg\",\"width\":720,\"height\":348},{\"@type\":\"BreadcrumbList\",\"@id\":\"https:\\\/\\\/reveil-info.net\\\/?p=44319#breadcrumb\",\"itemListElement\":[{\"@type\":\"ListItem\",\"position\":1,\"name\":\"Home\",\"item\":\"https:\\\/\\\/reveil-info.net\\\/\"},{\"@type\":\"ListItem\",\"position\":2,\"name\":\"Solidarit\u00e9 nationale en action : la SERCOM renforce l&rsquo;appui logistique des VDP\"}]},{\"@type\":\"WebSite\",\"@id\":\"https:\\\/\\\/reveil-info.net\\\/#website\",\"url\":\"https:\\\/\\\/reveil-info.net\\\/\",\"name\":\"R\u00e9veil Info\",\"description\":\"Le devoir d&#039;informer!\",\"publisher\":{\"@id\":\"https:\\\/\\\/reveil-info.net\\\/#organization\"},\"potentialAction\":[{\"@type\":\"SearchAction\",\"target\":{\"@type\":\"EntryPoint\",\"urlTemplate\":\"https:\\\/\\\/reveil-info.net\\\/?s={search_term_string}\"},\"query-input\":{\"@type\":\"PropertyValueSpecification\",\"valueRequired\":true,\"valueName\":\"search_term_string\"}}],\"inLanguage\":\"fr-FR\"},{\"@type\":\"Organization\",\"@id\":\"https:\\\/\\\/reveil-info.net\\\/#organization\",\"name\":\"R\u00e9veil Info\",\"url\":\"https:\\\/\\\/reveil-info.net\\\/\",\"logo\":{\"@type\":\"ImageObject\",\"inLanguage\":\"fr-FR\",\"@id\":\"https:\\\/\\\/reveil-info.net\\\/#\\\/schema\\\/logo\\\/image\\\/\",\"url\":\"https:\\\/\\\/reveil-info.net\\\/wp-content\\\/uploads\\\/2024\\\/07\\\/bnddd1.jpg\",\"contentUrl\":\"https:\\\/\\\/reveil-info.net\\\/wp-content\\\/uploads\\\/2024\\\/07\\\/bnddd1.jpg\",\"width\":903,\"height\":125,\"caption\":\"R\u00e9veil Info\"},\"image\":{\"@id\":\"https:\\\/\\\/reveil-info.net\\\/#\\\/schema\\\/logo\\\/image\\\/\"}},{\"@type\":\"Person\",\"@id\":\"https:\\\/\\\/reveil-info.net\\\/#\\\/schema\\\/person\\\/ca0cc8e70088e0a2b5e92556c1ee60f5\",\"name\":\"R\u00e9veil info\",\"image\":{\"@type\":\"ImageObject\",\"inLanguage\":\"fr-FR\",\"@id\":\"https:\\\/\\\/secure.gravatar.com\\\/avatar\\\/e4ad5bb743c8b6cb174d9df6c7d30a8a16f6889731241345fc6444e6485f02af?s=96&d=mm&r=g\",\"url\":\"https:\\\/\\\/secure.gravatar.com\\\/avatar\\\/e4ad5bb743c8b6cb174d9df6c7d30a8a16f6889731241345fc6444e6485f02af?s=96&d=mm&r=g\",\"contentUrl\":\"https:\\\/\\\/secure.gravatar.com\\\/avatar\\\/e4ad5bb743c8b6cb174d9df6c7d30a8a16f6889731241345fc6444e6485f02af?s=96&d=mm&r=g\",\"caption\":\"R\u00e9veil info\"},\"sameAs\":[\"https:\\\/\\\/reveil-info.net\"],\"url\":\"https:\\\/\\\/reveil-info.net\\\/?author=1\"}]}<\/script>\n<!-- \/ Yoast SEO plugin. -->","yoast_head_json":{"title":"Solidarit\u00e9 nationale en action : la SERCOM renforce l'appui logistique des VDP - R\u00e9veil Info","robots":{"index":"noindex","follow":"follow","max-snippet":"max-snippet:-1","max-image-preview":"max-image-preview:large","max-video-preview":"max-video-preview:-1"},"og_locale":"fr_FR","og_type":"article","og_title":"Solidarit\u00e9 nationale en action : la SERCOM renforce l'appui logistique des VDP - R\u00e9veil Info","og_description":"\ud835\udc12\ud835\udc28\ud835\udc25\ud835\udc22\ud835\udc1d\ud835\udc1a\ud835\udc2b\ud835\udc22\ud835\udc2d\u00e9 \ud835\udc27\ud835\udc1a\ud835\udc2d\ud835\udc22\ud835\udc28\ud835\udc27\ud835\udc1a\ud835\udc25\ud835\udc1e \ud835\udc1e\ud835\udc27 \ud835\udc1a\ud835\udc1c\ud835\udc2d\ud835\udc22\ud835\udc28\ud835\udc27 : \ud835\udc25\ud835\udc1a \ud835\udc12\ud835\udc04\ud835\udc11\ud835\udc02\ud835\udc0e\ud835\udc0c \ud835\udc2b\ud835\udc1e\ud835\udc27\ud835\udc1f\ud835\udc28\ud835\udc2b\ud835\udc1c\ud835\udc1e \ud835\udc25\u2019\ud835\udc1a\ud835\udc29\ud835\udc29\ud835\udc2e\ud835\udc22 \ud835\udc25\ud835\udc28\ud835\udc20\ud835\udc22\ud835\udc2c\ud835\udc2d\ud835\udc22\ud835\udc2a\ud835\udc2e\ud835\udc1e \ud835\udc1a\ud835\udc2e\ud835\udc31 \ud835\udc15\ud835\udc03\ud835\udc0f La Brigade des","og_url":"https:\/\/reveil-info.net\/?p=44319","og_site_name":"R\u00e9veil Info","article_published_time":"2026-02-19T19:05:54+00:00","og_image":[{"width":720,"height":348,"url":"https:\/\/reveil-info.net\/wp-content\/uploads\/2026\/02\/1771527449662.jpg","type":"image\/jpeg"}],"author":"R\u00e9veil info","twitter_card":"summary_large_image","twitter_misc":{"\u00c9crit par":"R\u00e9veil info","Dur\u00e9e de lecture estim\u00e9e":"3 minutes"},"schema":{"@context":"https:\/\/schema.org","@graph":[{"@type":"Article","@id":"https:\/\/reveil-info.net\/?p=44319#article","isPartOf":{"@id":"https:\/\/reveil-info.net\/?p=44319"},"author":{"name":"R\u00e9veil info","@id":"https:\/\/reveil-info.net\/#\/schema\/person\/ca0cc8e70088e0a2b5e92556c1ee60f5"},"headline":"Solidarit\u00e9 nationale en action : la SERCOM renforce l&rsquo;appui logistique des VDP","datePublished":"2026-02-19T19:05:54+00:00","mainEntityOfPage":{"@id":"https:\/\/reveil-info.net\/?p=44319"},"wordCount":381,"commentCount":0,"publisher":{"@id":"https:\/\/reveil-info.net\/#organization"},"image":{"@id":"https:\/\/reveil-info.net\/?p=44319#primaryimage"},"thumbnailUrl":"https:\/\/reveil-info.net\/wp-content\/uploads\/2026\/02\/1771527449662.jpg","articleSection":["Actualit\u00e9"],"inLanguage":"fr-FR","potentialAction":[{"@type":"CommentAction","name":"Comment","target":["https:\/\/reveil-info.net\/?p=44319#respond"]}]},{"@type":"WebPage","@id":"https:\/\/reveil-info.net\/?p=44319","url":"https:\/\/reveil-info.net\/?p=44319","name":"Solidarit\u00e9 nationale en action : la SERCOM renforce l'appui logistique des VDP - R\u00e9veil Info","isPartOf":{"@id":"https:\/\/reveil-info.net\/#website"},"primaryImageOfPage":{"@id":"https:\/\/reveil-info.net\/?p=44319#primaryimage"},"image":{"@id":"https:\/\/reveil-info.net\/?p=44319#primaryimage"},"thumbnailUrl":"https:\/\/reveil-info.net\/wp-content\/uploads\/2026\/02\/1771527449662.jpg","datePublished":"2026-02-19T19:05:54+00:00","breadcrumb":{"@id":"https:\/\/reveil-info.net\/?p=44319#breadcrumb"},"inLanguage":"fr-FR","potentialAction":[{"@type":"ReadAction","target":["https:\/\/reveil-info.net\/?p=44319"]}]},{"@type":"ImageObject","inLanguage":"fr-FR","@id":"https:\/\/reveil-info.net\/?p=44319#primaryimage","url":"https:\/\/reveil-info.net\/wp-content\/uploads\/2026\/02\/1771527449662.jpg","contentUrl":"https:\/\/reveil-info.net\/wp-content\/uploads\/2026\/02\/1771527449662.jpg","width":720,"height":348},{"@type":"BreadcrumbList","@id":"https:\/\/reveil-info.net\/?p=44319#breadcrumb","itemListElement":[{"@type":"ListItem","position":1,"name":"Home","item":"https:\/\/reveil-info.net\/"},{"@type":"ListItem","position":2,"name":"Solidarit\u00e9 nationale en action : la SERCOM renforce l&rsquo;appui logistique des VDP"}]},{"@type":"WebSite","@id":"https:\/\/reveil-info.net\/#website","url":"https:\/\/reveil-info.net\/","name":"R\u00e9veil Info","description":"Le devoir d&#039;informer!","publisher":{"@id":"https:\/\/reveil-info.net\/#organization"},"potentialAction":[{"@type":"SearchAction","target":{"@type":"EntryPoint","urlTemplate":"https:\/\/reveil-info.net\/?s={search_term_string}"},"query-input":{"@type":"PropertyValueSpecification","valueRequired":true,"valueName":"search_term_string"}}],"inLanguage":"fr-FR"},{"@type":"Organization","@id":"https:\/\/reveil-info.net\/#organization","name":"R\u00e9veil Info","url":"https:\/\/reveil-info.net\/","logo":{"@type":"ImageObject","inLanguage":"fr-FR","@id":"https:\/\/reveil-info.net\/#\/schema\/logo\/image\/","url":"https:\/\/reveil-info.net\/wp-content\/uploads\/2024\/07\/bnddd1.jpg","contentUrl":"https:\/\/reveil-info.net\/wp-content\/uploads\/2024\/07\/bnddd1.jpg","width":903,"height":125,"caption":"R\u00e9veil Info"},"image":{"@id":"https:\/\/reveil-info.net\/#\/schema\/logo\/image\/"}},{"@type":"Person","@id":"https:\/\/reveil-info.net\/#\/schema\/person\/ca0cc8e70088e0a2b5e92556c1ee60f5","name":"R\u00e9veil info","image":{"@type":"ImageObject","inLanguage":"fr-FR","@id":"https:\/\/secure.gravatar.com\/avatar\/e4ad5bb743c8b6cb174d9df6c7d30a8a16f6889731241345fc6444e6485f02af?s=96&d=mm&r=g","url":"https:\/\/secure.gravatar.com\/avatar\/e4ad5bb743c8b6cb174d9df6c7d30a8a16f6889731241345fc6444e6485f02af?s=96&d=mm&r=g","contentUrl":"https:\/\/secure.gravatar.com\/avatar\/e4ad5bb743c8b6cb174d9df6c7d30a8a16f6889731241345fc6444e6485f02af?s=96&d=mm&r=g","caption":"R\u00e9veil info"},"sameAs":["https:\/\/reveil-info.net"],"url":"https:\/\/reveil-info.net\/?author=1"}]}},"jetpack_featured_media_url":"","featured_image_urls":{"full":"","thumbnail":"","medium":"","medium_large":"","large":"","1536x1536":"","2048x2048":"","chromenews-featured":"","chromenews-large":"","chromenews-medium":""},"author_info":{"display_name":"R\u00e9veil info","author_link":"https:\/\/reveil-info.net\/?author=1"},"category_info":"<a href=\"https:\/\/reveil-info.net\/?cat=2\" rel=\"category\">Actualit\u00e9<\/a>","tag_info":"Actualit\u00e9","comment_count":"0","_links":{"self":[{"href":"https:\/\/reveil-info.net\/index.php?rest_route=\/wp\/v2\/posts\/44319","targetHints":{"allow":["GET"]}}],"collection":[{"href":"https:\/\/reveil-info.net\/index.php?rest_route=\/wp\/v2\/posts"}],"about":[{"href":"https:\/\/reveil-info.net\/index.php?rest_route=\/wp\/v2\/types\/post"}],"author":[{"embeddable":true,"href":"https:\/\/reveil-info.net\/index.php?rest_route=\/wp\/v2\/users\/1"}],"replies":[{"embeddable":true,"href":"https:\/\/reveil-info.net\/index.php?rest_route=%2Fwp%2Fv2%2Fcomments&post=44319"}],"version-history":[{"count":10,"href":"https:\/\/reveil-info.net\/index.php?rest_route=\/wp\/v2\/posts\/44319\/revisions"}],"predecessor-version":[{"id":44332,"href":"https:\/\/reveil-info.net\/index.php?rest_route=\/wp\/v2\/posts\/44319\/revisions\/44332"}],"wp:attachment":[{"href":"https:\/\/reveil-info.net\/index.php?rest_route=%2Fwp%2Fv2%2Fmedia&parent=44319"}],"wp:term":[{"taxonomy":"category","embeddable":true,"href":"https:\/\/reveil-info.net\/index.php?rest_route=%2Fwp%2Fv2%2Fcategories&post=44319"},{"taxonomy":"post_tag","embeddable":true,"href":"https:\/\/reveil-info.net\/index.php?rest_route=%2Fwp%2Fv2%2Ftags&post=44319"}],"curies":[{"name":"wp","href":"https:\/\/api.w.org\/{rel}","templated":true}]}}