{"id":44290,"date":"2026-02-19T17:25:56","date_gmt":"2026-02-19T17:25:56","guid":{"rendered":"https:\/\/reveil-info.net\/?p=44290"},"modified":"2026-02-19T17:25:56","modified_gmt":"2026-02-19T17:25:56","slug":"conseil-des-ministres-baisse-historique-des-cas-et-deces-lies-au-paludisme-en-2025-prise-en-compte-de-la-rpp-dans-la-charte-de-la-transition","status":"publish","type":"post","link":"https:\/\/reveil-info.net\/?p=44290","title":{"rendered":"Conseil des ministres : baisse historique des cas et d\u00e9c\u00e8s li\u00e9s au paludisme en 2025- prise en compte de la RPP dans la charte de la Transition"},"content":{"rendered":"<p>CONSEIL DES MINISTRES DU JEUDI 19 F\u00c9VRIER 2026<\/p>\n<p><img loading=\"lazy\" decoding=\"async\" class=\"alignnone size-full wp-image-44293\" src=\"https:\/\/reveil-info.net\/wp-content\/uploads\/2026\/02\/FB_IMG_1771521663046.jpg\" alt=\"\" width=\"1280\" height=\"969\" srcset=\"https:\/\/reveil-info.net\/wp-content\/uploads\/2026\/02\/FB_IMG_1771521663046.jpg 1280w, https:\/\/reveil-info.net\/wp-content\/uploads\/2026\/02\/FB_IMG_1771521663046-300x227.jpg 300w, https:\/\/reveil-info.net\/wp-content\/uploads\/2026\/02\/FB_IMG_1771521663046-1024x775.jpg 1024w, https:\/\/reveil-info.net\/wp-content\/uploads\/2026\/02\/FB_IMG_1771521663046-768x581.jpg 768w\" sizes=\"auto, (max-width: 1280px) 100vw, 1280px\" \/><\/p>\n<p>&#8211; Baisse historique des cas et d\u00e9c\u00e8s li\u00e9s au paludisme en 2025<br \/>\n&#8211; Prise en compte de la RPP dans la Charte de la Transition<br \/>\n&#8211; Nouvelles compositions et modalit\u00e9s d\u2019installation des d\u00e9l\u00e9gations sp\u00e9ciales<\/p>\n<p>(Ouagadougou, 19 f\u00e9vrier 2026). Le Pr\u00e9sident du Faso, Chef de l\u2019\u00c9tat, Son Excellence le Capitaine Ibrahim TRAOR\u00c9, a pr\u00e9sid\u00e9, ce jeudi, l\u2019hebdomadaire Conseil des Ministres. Selon le Ministre Porte-parole du Gouvernement M. Pingdwend\u00e9 Gilbert OU\u00c9DRAOGO, le Conseil a examin\u00e9 et adopt\u00e9 plusieurs dossiers et a pris d&rsquo;importantes d\u00e9cisions pour l&rsquo;am\u00e9lioration des conditions de vie du Peuple burkinab\u00e8 conform\u00e9ment \u00e0 la R\u00e9volution Progressiste Populaire.<\/p>\n<p><img loading=\"lazy\" decoding=\"async\" class=\"alignnone size-full wp-image-44294\" src=\"https:\/\/reveil-info.net\/wp-content\/uploads\/2026\/02\/FB_IMG_1771521657760.jpg\" alt=\"\" width=\"1280\" height=\"959\" srcset=\"https:\/\/reveil-info.net\/wp-content\/uploads\/2026\/02\/FB_IMG_1771521657760.jpg 1280w, https:\/\/reveil-info.net\/wp-content\/uploads\/2026\/02\/FB_IMG_1771521657760-300x225.jpg 300w, https:\/\/reveil-info.net\/wp-content\/uploads\/2026\/02\/FB_IMG_1771521657760-1024x767.jpg 1024w, https:\/\/reveil-info.net\/wp-content\/uploads\/2026\/02\/FB_IMG_1771521657760-768x575.jpg 768w\" sizes=\"auto, (max-width: 1280px) 100vw, 1280px\" \/><\/p>\n<p>Le Ministre de la Sant\u00e9, Dr Robert Lucien Jean-Claude KARGOUGOU a fait une communication orale sur une baisse historique des cas et d\u00e9c\u00e8s li\u00e9s au paludisme en 2025. Il en ressort que le nombre de cas de paludisme est pass\u00e9 de 10 805 000 de cas en 2024 \u00e0 7 329 000 cas en 2025 soit une baisse de 32%. Chez les enfants de moins de 5 ans la r\u00e9duction s\u2019\u00e9tablit \u00e0 plus de 1 900 000 cas, soit environ 38%. Le nombre de d\u00e9c\u00e8s li\u00e9s au paludisme est pass\u00e9 de 3 523 cas en 2024 \u00e0 1 900 cas en 2025 soit une baisse de 48%. Chez les enfants de moins de 5 ans, le Ministre KARGOUGOU souligne une r\u00e9duction de 893 d\u00e9c\u00e8s enregistr\u00e9s en 2025.<br \/>\nPour le Ministre de la Sant\u00e9, Dr Robert Lucien Jean-Claude KARGOUGOU ces r\u00e9sultats sans pr\u00e9c\u00e9dent traduisent l\u2019impact du leadership national des plus hautes autorit\u00e9s, le renforcement de la gouvernance dans le cadre de la lutte contre le paludisme. Il y a \u00e9galement les efforts dans l\u2019assainissement du cadre de vie, surtout l\u2019appel Pr\u00e9sident du Faso, le Capitaine Ibrahim TRAOR\u00c9 \u00e0 assainir le cadre de vie. A cela s\u2019ajoute la distribution de 15 millions de moustiquaires impr\u00e9gn\u00e9es \u00e0 longue dur\u00e9e d\u2019action (MILDA).<\/p>\n<p>Prise en compte de la RPP dans la Charte de la Transition<br \/>\nAu titre du Minist\u00e8re de la Justice, le Conseil a adopt\u00e9 un projet de loi portant modification de la Charte de la Transition du 14 octobre 2022 ainsi que son modificatif du 25 mai 2024. Selon le Ministre de la Justice, Me Edasso Rodrigue BAYALA, cette modification d\u00e9coule de l\u2019adoption de la loi du 9 f\u00e9vrier 2026 qui a abrog\u00e9 les lois portant statut des partis et formation politiques, leur financement ainsi que l\u2019abrogation de la loi portant statut du chef de file de l\u2019opposition politique. Cette modification de la Charte prend en compte les id\u00e9aux de la R\u00e9volution Progressiste Populaire, proclam\u00e9e le 1er avril 2025 par le Pr\u00e9sident du Faso, le Capitaine Ibrahim TRAOR\u00c9. \u00ab Il y a l\u2019entr\u00e9e dans le pr\u00e9ambule de la Charte, du respect et de la valorisation de nos valeurs socioculturelles, du respect des engagements juridiques internationaux compatibles avec nos valeurs socioculturelles \u00bb a pr\u00e9cis\u00e9 le Ministre Edasso Rodrigue BAYALA.<\/p>\n<p><img loading=\"lazy\" decoding=\"async\" class=\"alignnone size-full wp-image-44296\" src=\"https:\/\/reveil-info.net\/wp-content\/uploads\/2026\/02\/IMG-20260219-WA0026.jpg\" alt=\"\" width=\"1197\" height=\"1280\" srcset=\"https:\/\/reveil-info.net\/wp-content\/uploads\/2026\/02\/IMG-20260219-WA0026.jpg 1197w, https:\/\/reveil-info.net\/wp-content\/uploads\/2026\/02\/IMG-20260219-WA0026-281x300.jpg 281w, https:\/\/reveil-info.net\/wp-content\/uploads\/2026\/02\/IMG-20260219-WA0026-958x1024.jpg 958w, https:\/\/reveil-info.net\/wp-content\/uploads\/2026\/02\/IMG-20260219-WA0026-768x821.jpg 768w, https:\/\/reveil-info.net\/wp-content\/uploads\/2026\/02\/IMG-20260219-WA0026-1024x1095.jpg 1024w\" sizes=\"auto, (max-width: 1197px) 100vw, 1197px\" \/><\/p>\n<p>Nouvelles compositions et modalit\u00e9s d\u2019installation des d\u00e9l\u00e9gations sp\u00e9ciales<\/p>\n<p>Pour le compte du Minist\u00e8re de l\u2019Administration territoriale et de la Mobilit\u00e9, le Conseil a adopt\u00e9 un d\u00e9cret portant composition et modalit\u00e9s d\u2019installation des d\u00e9l\u00e9gations sp\u00e9ciales. Pour le Ministre d\u2019\u00c9tat, Ministre de l\u2019Administration territoriale et de la Mobilit\u00e9, M. \u00c9mile ZERBO, ce d\u00e9cret est cons\u00e9cutif \u00e0 l\u2019adoption du nouveau code g\u00e9n\u00e9ral des collectivit\u00e9s territoriales, le 30 d\u00e9cembre 2025 par les d\u00e9put\u00e9s.<br \/>\nLes innovations majeures de ce d\u00e9cret sont entre autres :<br \/>\n&#8211; la d\u00e9finition de la d\u00e9l\u00e9gation sp\u00e9ciale comme une assembl\u00e9e locale en lieu et place de commission administrative ;<br \/>\n&#8211; le retrait des chefs de circonscriptions administratives des d\u00e9l\u00e9gations sp\u00e9ciales ;<br \/>\n&#8211; le retrait des repr\u00e9sentants des services techniques d\u00e9concentr\u00e9s, des autorit\u00e9s coutumi\u00e8res et religieuses ;<br \/>\n&#8211; la prise en compte des personnes en situation de handicap, des agriculteurs, des \u00e9leveurs, des conseils d\u2019\u00e9cole, des commer\u00e7ants, des acteurs de la transformation agrosylvopastorale, des artisans, des usagers de l\u2019eau et des comit\u00e9s de gestion des structures sanitaires.<\/p>\n<p>Direction de la communication de la Pr\u00e9sidence du Faso<\/p>\n","protected":false},"excerpt":{"rendered":"<p>CONSEIL DES MINISTRES DU JEUDI 19 F\u00c9VRIER 2026 &#8211; Baisse historique des cas et d\u00e9c\u00e8s<\/p>\n","protected":false},"author":1,"featured_media":0,"comment_status":"open","ping_status":"open","sticky":false,"template":"","format":"standard","meta":{"footnotes":""},"categories":[2,3],"tags":[],"class_list":["post-44290","post","type-post","status-publish","format-standard","hentry","category-actu","category-annonces-communiques"],"yoast_head":"<!-- This site is optimized with the Yoast SEO plugin v27.5 - https:\/\/yoast.com\/product\/yoast-seo-wordpress\/ -->\n<title>Conseil des ministres : baisse historique des cas et d\u00e9c\u00e8s li\u00e9s au paludisme en 2025- prise en compte de la RPP dans la charte de la Transition - R\u00e9veil Info<\/title>\n<meta name=\"robots\" content=\"noindex, follow, max-snippet:-1, max-image-preview:large, max-video-preview:-1\" \/>\n<meta property=\"og:locale\" content=\"fr_FR\" \/>\n<meta property=\"og:type\" content=\"article\" \/>\n<meta property=\"og:title\" content=\"Conseil des ministres : baisse historique des cas et d\u00e9c\u00e8s li\u00e9s au paludisme en 2025- prise en compte de la RPP dans la charte de la Transition - R\u00e9veil Info\" \/>\n<meta property=\"og:description\" content=\"CONSEIL DES MINISTRES DU JEUDI 19 F\u00c9VRIER 2026 &#8211; Baisse historique des cas et d\u00e9c\u00e8s\" \/>\n<meta property=\"og:url\" content=\"https:\/\/reveil-info.net\/?p=44290\" \/>\n<meta property=\"og:site_name\" content=\"R\u00e9veil Info\" \/>\n<meta property=\"article:published_time\" content=\"2026-02-19T17:25:56+00:00\" \/>\n<meta property=\"og:image\" content=\"https:\/\/reveil-info.net\/wp-content\/uploads\/2026\/02\/FB_IMG_1771521663046.jpg\" \/>\n\t<meta property=\"og:image:width\" content=\"1280\" \/>\n\t<meta property=\"og:image:height\" content=\"969\" \/>\n\t<meta property=\"og:image:type\" content=\"image\/jpeg\" \/>\n<meta name=\"author\" content=\"R\u00e9veil info\" \/>\n<meta name=\"twitter:card\" content=\"summary_large_image\" \/>\n<meta name=\"twitter:label1\" content=\"\u00c9crit par\" \/>\n\t<meta name=\"twitter:data1\" content=\"R\u00e9veil info\" \/>\n\t<meta name=\"twitter:label2\" content=\"Dur\u00e9e de lecture estim\u00e9e\" \/>\n\t<meta name=\"twitter:data2\" content=\"4 minutes\" \/>\n<script type=\"application\/ld+json\" class=\"yoast-schema-graph\">{\"@context\":\"https:\\\/\\\/schema.org\",\"@graph\":[{\"@type\":\"Article\",\"@id\":\"https:\\\/\\\/reveil-info.net\\\/?p=44290#article\",\"isPartOf\":{\"@id\":\"https:\\\/\\\/reveil-info.net\\\/?p=44290\"},\"author\":{\"name\":\"R\u00e9veil info\",\"@id\":\"https:\\\/\\\/reveil-info.net\\\/#\\\/schema\\\/person\\\/ca0cc8e70088e0a2b5e92556c1ee60f5\"},\"headline\":\"Conseil des ministres : baisse historique des cas et d\u00e9c\u00e8s li\u00e9s au paludisme en 2025- prise en compte de la RPP dans la charte de la Transition\",\"datePublished\":\"2026-02-19T17:25:56+00:00\",\"mainEntityOfPage\":{\"@id\":\"https:\\\/\\\/reveil-info.net\\\/?p=44290\"},\"wordCount\":733,\"commentCount\":0,\"publisher\":{\"@id\":\"https:\\\/\\\/reveil-info.net\\\/#organization\"},\"image\":{\"@id\":\"https:\\\/\\\/reveil-info.net\\\/?p=44290#primaryimage\"},\"thumbnailUrl\":\"https:\\\/\\\/reveil-info.net\\\/wp-content\\\/uploads\\\/2026\\\/02\\\/FB_IMG_1771521663046.jpg\",\"articleSection\":[\"Actualit\u00e9\",\"Annonces-Communiqu\u00e9s\"],\"inLanguage\":\"fr-FR\",\"potentialAction\":[{\"@type\":\"CommentAction\",\"name\":\"Comment\",\"target\":[\"https:\\\/\\\/reveil-info.net\\\/?p=44290#respond\"]}]},{\"@type\":\"WebPage\",\"@id\":\"https:\\\/\\\/reveil-info.net\\\/?p=44290\",\"url\":\"https:\\\/\\\/reveil-info.net\\\/?p=44290\",\"name\":\"Conseil des ministres : baisse historique des cas et d\u00e9c\u00e8s li\u00e9s au paludisme en 2025- prise en compte de la RPP dans la charte de la Transition - R\u00e9veil Info\",\"isPartOf\":{\"@id\":\"https:\\\/\\\/reveil-info.net\\\/#website\"},\"primaryImageOfPage\":{\"@id\":\"https:\\\/\\\/reveil-info.net\\\/?p=44290#primaryimage\"},\"image\":{\"@id\":\"https:\\\/\\\/reveil-info.net\\\/?p=44290#primaryimage\"},\"thumbnailUrl\":\"https:\\\/\\\/reveil-info.net\\\/wp-content\\\/uploads\\\/2026\\\/02\\\/FB_IMG_1771521663046.jpg\",\"datePublished\":\"2026-02-19T17:25:56+00:00\",\"breadcrumb\":{\"@id\":\"https:\\\/\\\/reveil-info.net\\\/?p=44290#breadcrumb\"},\"inLanguage\":\"fr-FR\",\"potentialAction\":[{\"@type\":\"ReadAction\",\"target\":[\"https:\\\/\\\/reveil-info.net\\\/?p=44290\"]}]},{\"@type\":\"ImageObject\",\"inLanguage\":\"fr-FR\",\"@id\":\"https:\\\/\\\/reveil-info.net\\\/?p=44290#primaryimage\",\"url\":\"https:\\\/\\\/reveil-info.net\\\/wp-content\\\/uploads\\\/2026\\\/02\\\/FB_IMG_1771521663046.jpg\",\"contentUrl\":\"https:\\\/\\\/reveil-info.net\\\/wp-content\\\/uploads\\\/2026\\\/02\\\/FB_IMG_1771521663046.jpg\",\"width\":1280,\"height\":969},{\"@type\":\"BreadcrumbList\",\"@id\":\"https:\\\/\\\/reveil-info.net\\\/?p=44290#breadcrumb\",\"itemListElement\":[{\"@type\":\"ListItem\",\"position\":1,\"name\":\"Home\",\"item\":\"https:\\\/\\\/reveil-info.net\\\/\"},{\"@type\":\"ListItem\",\"position\":2,\"name\":\"Conseil des ministres : baisse historique des cas et d\u00e9c\u00e8s li\u00e9s au paludisme en 2025- prise en compte de la RPP dans la charte de la Transition\"}]},{\"@type\":\"WebSite\",\"@id\":\"https:\\\/\\\/reveil-info.net\\\/#website\",\"url\":\"https:\\\/\\\/reveil-info.net\\\/\",\"name\":\"R\u00e9veil Info\",\"description\":\"Le devoir d&#039;informer!\",\"publisher\":{\"@id\":\"https:\\\/\\\/reveil-info.net\\\/#organization\"},\"potentialAction\":[{\"@type\":\"SearchAction\",\"target\":{\"@type\":\"EntryPoint\",\"urlTemplate\":\"https:\\\/\\\/reveil-info.net\\\/?s={search_term_string}\"},\"query-input\":{\"@type\":\"PropertyValueSpecification\",\"valueRequired\":true,\"valueName\":\"search_term_string\"}}],\"inLanguage\":\"fr-FR\"},{\"@type\":\"Organization\",\"@id\":\"https:\\\/\\\/reveil-info.net\\\/#organization\",\"name\":\"R\u00e9veil Info\",\"url\":\"https:\\\/\\\/reveil-info.net\\\/\",\"logo\":{\"@type\":\"ImageObject\",\"inLanguage\":\"fr-FR\",\"@id\":\"https:\\\/\\\/reveil-info.net\\\/#\\\/schema\\\/logo\\\/image\\\/\",\"url\":\"https:\\\/\\\/reveil-info.net\\\/wp-content\\\/uploads\\\/2024\\\/07\\\/bnddd1.jpg\",\"contentUrl\":\"https:\\\/\\\/reveil-info.net\\\/wp-content\\\/uploads\\\/2024\\\/07\\\/bnddd1.jpg\",\"width\":903,\"height\":125,\"caption\":\"R\u00e9veil Info\"},\"image\":{\"@id\":\"https:\\\/\\\/reveil-info.net\\\/#\\\/schema\\\/logo\\\/image\\\/\"}},{\"@type\":\"Person\",\"@id\":\"https:\\\/\\\/reveil-info.net\\\/#\\\/schema\\\/person\\\/ca0cc8e70088e0a2b5e92556c1ee60f5\",\"name\":\"R\u00e9veil info\",\"image\":{\"@type\":\"ImageObject\",\"inLanguage\":\"fr-FR\",\"@id\":\"https:\\\/\\\/secure.gravatar.com\\\/avatar\\\/e4ad5bb743c8b6cb174d9df6c7d30a8a16f6889731241345fc6444e6485f02af?s=96&d=mm&r=g\",\"url\":\"https:\\\/\\\/secure.gravatar.com\\\/avatar\\\/e4ad5bb743c8b6cb174d9df6c7d30a8a16f6889731241345fc6444e6485f02af?s=96&d=mm&r=g\",\"contentUrl\":\"https:\\\/\\\/secure.gravatar.com\\\/avatar\\\/e4ad5bb743c8b6cb174d9df6c7d30a8a16f6889731241345fc6444e6485f02af?s=96&d=mm&r=g\",\"caption\":\"R\u00e9veil info\"},\"sameAs\":[\"https:\\\/\\\/reveil-info.net\"],\"url\":\"https:\\\/\\\/reveil-info.net\\\/?author=1\"}]}<\/script>\n<!-- \/ Yoast SEO plugin. -->","yoast_head_json":{"title":"Conseil des ministres : baisse historique des cas et d\u00e9c\u00e8s li\u00e9s au paludisme en 2025- prise en compte de la RPP dans la charte de la Transition - R\u00e9veil Info","robots":{"index":"noindex","follow":"follow","max-snippet":"max-snippet:-1","max-image-preview":"max-image-preview:large","max-video-preview":"max-video-preview:-1"},"og_locale":"fr_FR","og_type":"article","og_title":"Conseil des ministres : baisse historique des cas et d\u00e9c\u00e8s li\u00e9s au paludisme en 2025- prise en compte de la RPP dans la charte de la Transition - R\u00e9veil Info","og_description":"CONSEIL DES MINISTRES DU JEUDI 19 F\u00c9VRIER 2026 &#8211; Baisse historique des cas et d\u00e9c\u00e8s","og_url":"https:\/\/reveil-info.net\/?p=44290","og_site_name":"R\u00e9veil Info","article_published_time":"2026-02-19T17:25:56+00:00","og_image":[{"width":1280,"height":969,"url":"https:\/\/reveil-info.net\/wp-content\/uploads\/2026\/02\/FB_IMG_1771521663046.jpg","type":"image\/jpeg"}],"author":"R\u00e9veil info","twitter_card":"summary_large_image","twitter_misc":{"\u00c9crit par":"R\u00e9veil info","Dur\u00e9e de lecture estim\u00e9e":"4 minutes"},"schema":{"@context":"https:\/\/schema.org","@graph":[{"@type":"Article","@id":"https:\/\/reveil-info.net\/?p=44290#article","isPartOf":{"@id":"https:\/\/reveil-info.net\/?p=44290"},"author":{"name":"R\u00e9veil info","@id":"https:\/\/reveil-info.net\/#\/schema\/person\/ca0cc8e70088e0a2b5e92556c1ee60f5"},"headline":"Conseil des ministres : baisse historique des cas et d\u00e9c\u00e8s li\u00e9s au paludisme en 2025- prise en compte de la RPP dans la charte de la Transition","datePublished":"2026-02-19T17:25:56+00:00","mainEntityOfPage":{"@id":"https:\/\/reveil-info.net\/?p=44290"},"wordCount":733,"commentCount":0,"publisher":{"@id":"https:\/\/reveil-info.net\/#organization"},"image":{"@id":"https:\/\/reveil-info.net\/?p=44290#primaryimage"},"thumbnailUrl":"https:\/\/reveil-info.net\/wp-content\/uploads\/2026\/02\/FB_IMG_1771521663046.jpg","articleSection":["Actualit\u00e9","Annonces-Communiqu\u00e9s"],"inLanguage":"fr-FR","potentialAction":[{"@type":"CommentAction","name":"Comment","target":["https:\/\/reveil-info.net\/?p=44290#respond"]}]},{"@type":"WebPage","@id":"https:\/\/reveil-info.net\/?p=44290","url":"https:\/\/reveil-info.net\/?p=44290","name":"Conseil des ministres : baisse historique des cas et d\u00e9c\u00e8s li\u00e9s au paludisme en 2025- prise en compte de la RPP dans la charte de la Transition - R\u00e9veil Info","isPartOf":{"@id":"https:\/\/reveil-info.net\/#website"},"primaryImageOfPage":{"@id":"https:\/\/reveil-info.net\/?p=44290#primaryimage"},"image":{"@id":"https:\/\/reveil-info.net\/?p=44290#primaryimage"},"thumbnailUrl":"https:\/\/reveil-info.net\/wp-content\/uploads\/2026\/02\/FB_IMG_1771521663046.jpg","datePublished":"2026-02-19T17:25:56+00:00","breadcrumb":{"@id":"https:\/\/reveil-info.net\/?p=44290#breadcrumb"},"inLanguage":"fr-FR","potentialAction":[{"@type":"ReadAction","target":["https:\/\/reveil-info.net\/?p=44290"]}]},{"@type":"ImageObject","inLanguage":"fr-FR","@id":"https:\/\/reveil-info.net\/?p=44290#primaryimage","url":"https:\/\/reveil-info.net\/wp-content\/uploads\/2026\/02\/FB_IMG_1771521663046.jpg","contentUrl":"https:\/\/reveil-info.net\/wp-content\/uploads\/2026\/02\/FB_IMG_1771521663046.jpg","width":1280,"height":969},{"@type":"BreadcrumbList","@id":"https:\/\/reveil-info.net\/?p=44290#breadcrumb","itemListElement":[{"@type":"ListItem","position":1,"name":"Home","item":"https:\/\/reveil-info.net\/"},{"@type":"ListItem","position":2,"name":"Conseil des ministres : baisse historique des cas et d\u00e9c\u00e8s li\u00e9s au paludisme en 2025- prise en compte de la RPP dans la charte de la Transition"}]},{"@type":"WebSite","@id":"https:\/\/reveil-info.net\/#website","url":"https:\/\/reveil-info.net\/","name":"R\u00e9veil Info","description":"Le devoir d&#039;informer!","publisher":{"@id":"https:\/\/reveil-info.net\/#organization"},"potentialAction":[{"@type":"SearchAction","target":{"@type":"EntryPoint","urlTemplate":"https:\/\/reveil-info.net\/?s={search_term_string}"},"query-input":{"@type":"PropertyValueSpecification","valueRequired":true,"valueName":"search_term_string"}}],"inLanguage":"fr-FR"},{"@type":"Organization","@id":"https:\/\/reveil-info.net\/#organization","name":"R\u00e9veil Info","url":"https:\/\/reveil-info.net\/","logo":{"@type":"ImageObject","inLanguage":"fr-FR","@id":"https:\/\/reveil-info.net\/#\/schema\/logo\/image\/","url":"https:\/\/reveil-info.net\/wp-content\/uploads\/2024\/07\/bnddd1.jpg","contentUrl":"https:\/\/reveil-info.net\/wp-content\/uploads\/2024\/07\/bnddd1.jpg","width":903,"height":125,"caption":"R\u00e9veil Info"},"image":{"@id":"https:\/\/reveil-info.net\/#\/schema\/logo\/image\/"}},{"@type":"Person","@id":"https:\/\/reveil-info.net\/#\/schema\/person\/ca0cc8e70088e0a2b5e92556c1ee60f5","name":"R\u00e9veil info","image":{"@type":"ImageObject","inLanguage":"fr-FR","@id":"https:\/\/secure.gravatar.com\/avatar\/e4ad5bb743c8b6cb174d9df6c7d30a8a16f6889731241345fc6444e6485f02af?s=96&d=mm&r=g","url":"https:\/\/secure.gravatar.com\/avatar\/e4ad5bb743c8b6cb174d9df6c7d30a8a16f6889731241345fc6444e6485f02af?s=96&d=mm&r=g","contentUrl":"https:\/\/secure.gravatar.com\/avatar\/e4ad5bb743c8b6cb174d9df6c7d30a8a16f6889731241345fc6444e6485f02af?s=96&d=mm&r=g","caption":"R\u00e9veil info"},"sameAs":["https:\/\/reveil-info.net"],"url":"https:\/\/reveil-info.net\/?author=1"}]}},"jetpack_featured_media_url":"","featured_image_urls":{"full":"","thumbnail":"","medium":"","medium_large":"","large":"","1536x1536":"","2048x2048":"","chromenews-featured":"","chromenews-large":"","chromenews-medium":""},"author_info":{"display_name":"R\u00e9veil info","author_link":"https:\/\/reveil-info.net\/?author=1"},"category_info":"<a href=\"https:\/\/reveil-info.net\/?cat=2\" rel=\"category\">Actualit\u00e9<\/a> <a href=\"https:\/\/reveil-info.net\/?cat=3\" rel=\"category\">Annonces-Communiqu\u00e9s<\/a>","tag_info":"Annonces-Communiqu\u00e9s","comment_count":"0","_links":{"self":[{"href":"https:\/\/reveil-info.net\/index.php?rest_route=\/wp\/v2\/posts\/44290","targetHints":{"allow":["GET"]}}],"collection":[{"href":"https:\/\/reveil-info.net\/index.php?rest_route=\/wp\/v2\/posts"}],"about":[{"href":"https:\/\/reveil-info.net\/index.php?rest_route=\/wp\/v2\/types\/post"}],"author":[{"embeddable":true,"href":"https:\/\/reveil-info.net\/index.php?rest_route=\/wp\/v2\/users\/1"}],"replies":[{"embeddable":true,"href":"https:\/\/reveil-info.net\/index.php?rest_route=%2Fwp%2Fv2%2Fcomments&post=44290"}],"version-history":[{"count":4,"href":"https:\/\/reveil-info.net\/index.php?rest_route=\/wp\/v2\/posts\/44290\/revisions"}],"predecessor-version":[{"id":44297,"href":"https:\/\/reveil-info.net\/index.php?rest_route=\/wp\/v2\/posts\/44290\/revisions\/44297"}],"wp:attachment":[{"href":"https:\/\/reveil-info.net\/index.php?rest_route=%2Fwp%2Fv2%2Fmedia&parent=44290"}],"wp:term":[{"taxonomy":"category","embeddable":true,"href":"https:\/\/reveil-info.net\/index.php?rest_route=%2Fwp%2Fv2%2Fcategories&post=44290"},{"taxonomy":"post_tag","embeddable":true,"href":"https:\/\/reveil-info.net\/index.php?rest_route=%2Fwp%2Fv2%2Ftags&post=44290"}],"curies":[{"name":"wp","href":"https:\/\/api.w.org\/{rel}","templated":true}]}}