{"id":44280,"date":"2026-02-19T17:11:38","date_gmt":"2026-02-19T17:11:38","guid":{"rendered":"https:\/\/reveil-info.net\/?p=44280"},"modified":"2026-02-19T17:11:38","modified_gmt":"2026-02-19T17:11:38","slug":"assassinat-de-viviane-compaore-le-proces-reprend-demain-20-fevrier","status":"publish","type":"post","link":"https:\/\/reveil-info.net\/?p=44280","title":{"rendered":"Assassinat de Viviane Compaor\u00e9 : le proc\u00e8s reprend demain 20 f\u00e9vrier"},"content":{"rendered":"<p>\ud835\uddd4\ud835\uddfb\ud835\uddfb\ud835\uddfc\ud835\uddfb\ud835\uddf0\ud835\uddf2 \ud835\uddfc\ud835\uddf3\ud835\uddf3\ud835\uddf6\ud835\uddf0\ud835\uddf6\ud835\uddf2\ud835\uddf9\ud835\uddf9\ud835\uddf2<\/p>\n<p>\ud835\udc0b\ud835\udc1e \ud835\udc29\ud835\udc2b\ud835\udc28\ud835\udc1c\u00e8\ud835\udc2c \ud835\udc1e\ud835\udc27 \ud835\udc1f\ud835\udc25\ud835\udc1a\ud835\udc20\ud835\udc2b\ud835\udc1a\ud835\udc27\ud835\udc2d \ud835\udc1c\ud835\udc2b\ud835\udc22\ud835\udc26\ud835\udc1e \ud835\udc2b\ud835\udc1e\ud835\udc25\ud835\udc1a\ud835\udc2d\ud835\udc22\ud835\udc1f \u00e0 \ud835\udc25\u2019\ud835\udc1a\ud835\udc2c\ud835\udc2c\ud835\udc1a\ud835\udc2c\ud835\udc2c\ud835\udc22\ud835\udc27\ud835\udc1a\ud835\udc2d \ud835\udc1d\ud835\udc1e \ud835\udc0c\ud835\udc1a\ud835\udc1d\ud835\udc1a\ud835\udc26\ud835\udc1e \ud835\udc02\ud835\udc28\ud835\udc26\ud835\udc29\ud835\udc1a\ud835\udc28\ud835\udc2b\u00e9 \ud835\udc15\ud835\udc22\ud835\udc2f\ud835\udc22\ud835\udc1a\ud835\udc27\ud835\udc1e \ud835\udc18\ud835\udc28\ud835\udc25\ud835\udc1a\ud835\udc27\ud835\udc1d\ud835\udc1e, \ud835\udc2c\ud835\udc1e\ud835\udc2b\ud835\udc1a \ud835\udc1a\ud835\udc29\ud835\udc29\ud835\udc1e\ud835\udc25\u00e9 \u00e0 \ud835\udc25\u2019\ud835\udc1a\ud835\udc2e\ud835\udc1d\ud835\udc22\ud835\udc1e\ud835\udc27\ud835\udc1c\ud835\udc1e \ud835\udc1d\ud835\udc2e \ud835\udc2f\ud835\udc1e\ud835\udc27\ud835\udc1d\ud835\udc2b\ud835\udc1e\ud835\udc1d\ud835\udc22 \ud835\udfd0\ud835\udfce \ud835\udc1f\u00e9\ud835\udc2f\ud835\udc2b\ud835\udc22\ud835\udc1e\ud835\udc2b \ud835\udfd0\ud835\udfce\ud835\udfd0\ud835\udfd4, \u00e0 \ud835\udc29\ud835\udc1a\ud835\udc2b\ud835\udc2d\ud835\udc22\ud835\udc2b \ud835\udc1d\ud835\udc1e \ud835\udfce\ud835\udfd7\ud835\udc21\ud835\udfce\ud835\udfce, \ud835\udc1a\ud835\udc2e \ud835\udc13\ud835\udc2b\ud835\udc22\ud835\udc1b\ud835\udc2e\ud835\udc27\ud835\udc1a\ud835\udc25 \ud835\udc1d\ud835\udc1e \ud835\udc06\ud835\udc2b\ud835\udc1a\ud835\udc27\ud835\udc1d\ud835\udc1e \ud835\udc08\ud835\udc27\ud835\udc2c\ud835\udc2d\ud835\udc1a\ud835\udc27\ud835\udc1c\ud835\udc1e \ud835\udc1d\ud835\udc1e \ud835\udc0e\ud835\udc2e\ud835\udc1a\ud835\udc20\ud835\udc1a \ud835\udc08\ud835\udc08, \ud835\udc2c\ud835\udc22\ud835\udc2c \u00e0 \ud835\udc0a\ud835\udc1a\ud835\udc2b\ud835\udc29\ud835\udc1a\ud835\udc25\ud835\udc1a.<\/p>\n<p><img loading=\"lazy\" decoding=\"async\" class=\"alignnone size-full wp-image-44282\" src=\"https:\/\/reveil-info.net\/wp-content\/uploads\/2026\/02\/1771519623254.jpg\" alt=\"\" width=\"488\" height=\"495\" srcset=\"https:\/\/reveil-info.net\/wp-content\/uploads\/2026\/02\/1771519623254.jpg 488w, https:\/\/reveil-info.net\/wp-content\/uploads\/2026\/02\/1771519623254-296x300.jpg 296w\" sizes=\"auto, (max-width: 488px) 100vw, 488px\" \/><\/p>\n<p><img loading=\"lazy\" decoding=\"async\" class=\"alignnone size-full wp-image-44283\" src=\"https:\/\/reveil-info.net\/wp-content\/uploads\/2026\/02\/1771519627626.jpg\" alt=\"\" width=\"720\" height=\"502\" srcset=\"https:\/\/reveil-info.net\/wp-content\/uploads\/2026\/02\/1771519627626.jpg 720w, https:\/\/reveil-info.net\/wp-content\/uploads\/2026\/02\/1771519627626-300x209.jpg 300w, https:\/\/reveil-info.net\/wp-content\/uploads\/2026\/02\/1771519627626-590x410.jpg 590w\" sizes=\"auto, (max-width: 720px) 100vw, 720px\" \/><\/p>\n<p>Pour rappel, le dossier avait \u00e9t\u00e9 appel\u00e9 \u00e0 l\u2019audience du 30 janvier 2026, puis renvoy\u00e9 afin de permettre \u00e0 la d\u00e9fense de mieux prendre connaissance du dossier.<\/p>\n<p>L\u2019audience est ouverte au public, dans la limite des places disponibles.<\/p>\n<p>Les citoyens ainsi que les professionnels des m\u00e9dias sont invit\u00e9s \u00e0 suivre cette \u00e9tape importante dans la manifestation de la v\u00e9rit\u00e9.<\/p>\n<p>\ud835\udc03\ud835\udc02\ud835\udc11\ud835\udc0f-\ud835\udc0c\ud835\udc09<\/p>\n<p>Reveil-info<\/p>\n","protected":false},"excerpt":{"rendered":"<p>\ud835\uddd4\ud835\uddfb\ud835\uddfb\ud835\uddfc\ud835\uddfb\ud835\uddf0\ud835\uddf2 \ud835\uddfc\ud835\uddf3\ud835\uddf3\ud835\uddf6\ud835\uddf0\ud835\uddf6\ud835\uddf2\ud835\uddf9\ud835\uddf9\ud835\uddf2 \ud835\udc0b\ud835\udc1e \ud835\udc29\ud835\udc2b\ud835\udc28\ud835\udc1c\u00e8\ud835\udc2c \ud835\udc1e\ud835\udc27 \ud835\udc1f\ud835\udc25\ud835\udc1a\ud835\udc20\ud835\udc2b\ud835\udc1a\ud835\udc27\ud835\udc2d \ud835\udc1c\ud835\udc2b\ud835\udc22\ud835\udc26\ud835\udc1e \ud835\udc2b\ud835\udc1e\ud835\udc25\ud835\udc1a\ud835\udc2d\ud835\udc22\ud835\udc1f \u00e0 \ud835\udc25\u2019\ud835\udc1a\ud835\udc2c\ud835\udc2c\ud835\udc1a\ud835\udc2c\ud835\udc2c\ud835\udc22\ud835\udc27\ud835\udc1a\ud835\udc2d \ud835\udc1d\ud835\udc1e \ud835\udc0c\ud835\udc1a\ud835\udc1d\ud835\udc1a\ud835\udc26\ud835\udc1e \ud835\udc02\ud835\udc28\ud835\udc26\ud835\udc29\ud835\udc1a\ud835\udc28\ud835\udc2b\u00e9 \ud835\udc15\ud835\udc22\ud835\udc2f\ud835\udc22\ud835\udc1a\ud835\udc27\ud835\udc1e \ud835\udc18\ud835\udc28\ud835\udc25\ud835\udc1a\ud835\udc27\ud835\udc1d\ud835\udc1e,<\/p>\n","protected":false},"author":1,"featured_media":0,"comment_status":"open","ping_status":"open","sticky":false,"template":"","format":"standard","meta":{"footnotes":""},"categories":[2],"tags":[],"class_list":["post-44280","post","type-post","status-publish","format-standard","hentry","category-actu"],"yoast_head":"<!-- This site is optimized with the Yoast SEO plugin v27.5 - https:\/\/yoast.com\/product\/yoast-seo-wordpress\/ -->\n<title>Assassinat de Viviane Compaor\u00e9 : le proc\u00e8s reprend demain 20 f\u00e9vrier - R\u00e9veil Info<\/title>\n<meta name=\"robots\" content=\"noindex, follow, max-snippet:-1, max-image-preview:large, max-video-preview:-1\" \/>\n<meta property=\"og:locale\" content=\"fr_FR\" \/>\n<meta property=\"og:type\" content=\"article\" \/>\n<meta property=\"og:title\" content=\"Assassinat de Viviane Compaor\u00e9 : le proc\u00e8s reprend demain 20 f\u00e9vrier - R\u00e9veil Info\" \/>\n<meta property=\"og:description\" content=\"\ud835\uddd4\ud835\uddfb\ud835\uddfb\ud835\uddfc\ud835\uddfb\ud835\uddf0\ud835\uddf2 \ud835\uddfc\ud835\uddf3\ud835\uddf3\ud835\uddf6\ud835\uddf0\ud835\uddf6\ud835\uddf2\ud835\uddf9\ud835\uddf9\ud835\uddf2 \ud835\udc0b\ud835\udc1e \ud835\udc29\ud835\udc2b\ud835\udc28\ud835\udc1c\u00e8\ud835\udc2c \ud835\udc1e\ud835\udc27 \ud835\udc1f\ud835\udc25\ud835\udc1a\ud835\udc20\ud835\udc2b\ud835\udc1a\ud835\udc27\ud835\udc2d \ud835\udc1c\ud835\udc2b\ud835\udc22\ud835\udc26\ud835\udc1e \ud835\udc2b\ud835\udc1e\ud835\udc25\ud835\udc1a\ud835\udc2d\ud835\udc22\ud835\udc1f \u00e0 \ud835\udc25\u2019\ud835\udc1a\ud835\udc2c\ud835\udc2c\ud835\udc1a\ud835\udc2c\ud835\udc2c\ud835\udc22\ud835\udc27\ud835\udc1a\ud835\udc2d \ud835\udc1d\ud835\udc1e \ud835\udc0c\ud835\udc1a\ud835\udc1d\ud835\udc1a\ud835\udc26\ud835\udc1e \ud835\udc02\ud835\udc28\ud835\udc26\ud835\udc29\ud835\udc1a\ud835\udc28\ud835\udc2b\u00e9 \ud835\udc15\ud835\udc22\ud835\udc2f\ud835\udc22\ud835\udc1a\ud835\udc27\ud835\udc1e \ud835\udc18\ud835\udc28\ud835\udc25\ud835\udc1a\ud835\udc27\ud835\udc1d\ud835\udc1e,\" \/>\n<meta property=\"og:url\" content=\"https:\/\/reveil-info.net\/?p=44280\" \/>\n<meta property=\"og:site_name\" content=\"R\u00e9veil Info\" \/>\n<meta property=\"article:published_time\" content=\"2026-02-19T17:11:38+00:00\" \/>\n<meta property=\"og:image\" content=\"https:\/\/reveil-info.net\/wp-content\/uploads\/2026\/02\/1771519623254.jpg\" \/>\n\t<meta property=\"og:image:width\" content=\"488\" \/>\n\t<meta property=\"og:image:height\" content=\"495\" \/>\n\t<meta property=\"og:image:type\" content=\"image\/jpeg\" \/>\n<meta name=\"author\" content=\"R\u00e9veil info\" \/>\n<meta name=\"twitter:card\" content=\"summary_large_image\" \/>\n<meta name=\"twitter:label1\" content=\"\u00c9crit par\" \/>\n\t<meta name=\"twitter:data1\" content=\"R\u00e9veil info\" \/>\n\t<meta name=\"twitter:label2\" content=\"Dur\u00e9e de lecture estim\u00e9e\" \/>\n\t<meta name=\"twitter:data2\" content=\"1 minute\" \/>\n<script type=\"application\/ld+json\" class=\"yoast-schema-graph\">{\"@context\":\"https:\\\/\\\/schema.org\",\"@graph\":[{\"@type\":\"Article\",\"@id\":\"https:\\\/\\\/reveil-info.net\\\/?p=44280#article\",\"isPartOf\":{\"@id\":\"https:\\\/\\\/reveil-info.net\\\/?p=44280\"},\"author\":{\"name\":\"R\u00e9veil info\",\"@id\":\"https:\\\/\\\/reveil-info.net\\\/#\\\/schema\\\/person\\\/ca0cc8e70088e0a2b5e92556c1ee60f5\"},\"headline\":\"Assassinat de Viviane Compaor\u00e9 : le proc\u00e8s reprend demain 20 f\u00e9vrier\",\"datePublished\":\"2026-02-19T17:11:38+00:00\",\"mainEntityOfPage\":{\"@id\":\"https:\\\/\\\/reveil-info.net\\\/?p=44280\"},\"wordCount\":73,\"commentCount\":0,\"publisher\":{\"@id\":\"https:\\\/\\\/reveil-info.net\\\/#organization\"},\"image\":{\"@id\":\"https:\\\/\\\/reveil-info.net\\\/?p=44280#primaryimage\"},\"thumbnailUrl\":\"https:\\\/\\\/reveil-info.net\\\/wp-content\\\/uploads\\\/2026\\\/02\\\/1771519623254.jpg\",\"articleSection\":[\"Actualit\u00e9\"],\"inLanguage\":\"fr-FR\",\"potentialAction\":[{\"@type\":\"CommentAction\",\"name\":\"Comment\",\"target\":[\"https:\\\/\\\/reveil-info.net\\\/?p=44280#respond\"]}]},{\"@type\":\"WebPage\",\"@id\":\"https:\\\/\\\/reveil-info.net\\\/?p=44280\",\"url\":\"https:\\\/\\\/reveil-info.net\\\/?p=44280\",\"name\":\"Assassinat de Viviane Compaor\u00e9 : le proc\u00e8s reprend demain 20 f\u00e9vrier - R\u00e9veil Info\",\"isPartOf\":{\"@id\":\"https:\\\/\\\/reveil-info.net\\\/#website\"},\"primaryImageOfPage\":{\"@id\":\"https:\\\/\\\/reveil-info.net\\\/?p=44280#primaryimage\"},\"image\":{\"@id\":\"https:\\\/\\\/reveil-info.net\\\/?p=44280#primaryimage\"},\"thumbnailUrl\":\"https:\\\/\\\/reveil-info.net\\\/wp-content\\\/uploads\\\/2026\\\/02\\\/1771519623254.jpg\",\"datePublished\":\"2026-02-19T17:11:38+00:00\",\"breadcrumb\":{\"@id\":\"https:\\\/\\\/reveil-info.net\\\/?p=44280#breadcrumb\"},\"inLanguage\":\"fr-FR\",\"potentialAction\":[{\"@type\":\"ReadAction\",\"target\":[\"https:\\\/\\\/reveil-info.net\\\/?p=44280\"]}]},{\"@type\":\"ImageObject\",\"inLanguage\":\"fr-FR\",\"@id\":\"https:\\\/\\\/reveil-info.net\\\/?p=44280#primaryimage\",\"url\":\"https:\\\/\\\/reveil-info.net\\\/wp-content\\\/uploads\\\/2026\\\/02\\\/1771519623254.jpg\",\"contentUrl\":\"https:\\\/\\\/reveil-info.net\\\/wp-content\\\/uploads\\\/2026\\\/02\\\/1771519623254.jpg\",\"width\":488,\"height\":495},{\"@type\":\"BreadcrumbList\",\"@id\":\"https:\\\/\\\/reveil-info.net\\\/?p=44280#breadcrumb\",\"itemListElement\":[{\"@type\":\"ListItem\",\"position\":1,\"name\":\"Home\",\"item\":\"https:\\\/\\\/reveil-info.net\\\/\"},{\"@type\":\"ListItem\",\"position\":2,\"name\":\"Assassinat de Viviane Compaor\u00e9 : le proc\u00e8s reprend demain 20 f\u00e9vrier\"}]},{\"@type\":\"WebSite\",\"@id\":\"https:\\\/\\\/reveil-info.net\\\/#website\",\"url\":\"https:\\\/\\\/reveil-info.net\\\/\",\"name\":\"R\u00e9veil Info\",\"description\":\"Le devoir d&#039;informer!\",\"publisher\":{\"@id\":\"https:\\\/\\\/reveil-info.net\\\/#organization\"},\"potentialAction\":[{\"@type\":\"SearchAction\",\"target\":{\"@type\":\"EntryPoint\",\"urlTemplate\":\"https:\\\/\\\/reveil-info.net\\\/?s={search_term_string}\"},\"query-input\":{\"@type\":\"PropertyValueSpecification\",\"valueRequired\":true,\"valueName\":\"search_term_string\"}}],\"inLanguage\":\"fr-FR\"},{\"@type\":\"Organization\",\"@id\":\"https:\\\/\\\/reveil-info.net\\\/#organization\",\"name\":\"R\u00e9veil Info\",\"url\":\"https:\\\/\\\/reveil-info.net\\\/\",\"logo\":{\"@type\":\"ImageObject\",\"inLanguage\":\"fr-FR\",\"@id\":\"https:\\\/\\\/reveil-info.net\\\/#\\\/schema\\\/logo\\\/image\\\/\",\"url\":\"https:\\\/\\\/reveil-info.net\\\/wp-content\\\/uploads\\\/2024\\\/07\\\/bnddd1.jpg\",\"contentUrl\":\"https:\\\/\\\/reveil-info.net\\\/wp-content\\\/uploads\\\/2024\\\/07\\\/bnddd1.jpg\",\"width\":903,\"height\":125,\"caption\":\"R\u00e9veil Info\"},\"image\":{\"@id\":\"https:\\\/\\\/reveil-info.net\\\/#\\\/schema\\\/logo\\\/image\\\/\"}},{\"@type\":\"Person\",\"@id\":\"https:\\\/\\\/reveil-info.net\\\/#\\\/schema\\\/person\\\/ca0cc8e70088e0a2b5e92556c1ee60f5\",\"name\":\"R\u00e9veil info\",\"image\":{\"@type\":\"ImageObject\",\"inLanguage\":\"fr-FR\",\"@id\":\"https:\\\/\\\/secure.gravatar.com\\\/avatar\\\/e4ad5bb743c8b6cb174d9df6c7d30a8a16f6889731241345fc6444e6485f02af?s=96&d=mm&r=g\",\"url\":\"https:\\\/\\\/secure.gravatar.com\\\/avatar\\\/e4ad5bb743c8b6cb174d9df6c7d30a8a16f6889731241345fc6444e6485f02af?s=96&d=mm&r=g\",\"contentUrl\":\"https:\\\/\\\/secure.gravatar.com\\\/avatar\\\/e4ad5bb743c8b6cb174d9df6c7d30a8a16f6889731241345fc6444e6485f02af?s=96&d=mm&r=g\",\"caption\":\"R\u00e9veil info\"},\"sameAs\":[\"https:\\\/\\\/reveil-info.net\"],\"url\":\"https:\\\/\\\/reveil-info.net\\\/?author=1\"}]}<\/script>\n<!-- \/ Yoast SEO plugin. -->","yoast_head_json":{"title":"Assassinat de Viviane Compaor\u00e9 : le proc\u00e8s reprend demain 20 f\u00e9vrier - R\u00e9veil Info","robots":{"index":"noindex","follow":"follow","max-snippet":"max-snippet:-1","max-image-preview":"max-image-preview:large","max-video-preview":"max-video-preview:-1"},"og_locale":"fr_FR","og_type":"article","og_title":"Assassinat de Viviane Compaor\u00e9 : le proc\u00e8s reprend demain 20 f\u00e9vrier - R\u00e9veil Info","og_description":"\ud835\uddd4\ud835\uddfb\ud835\uddfb\ud835\uddfc\ud835\uddfb\ud835\uddf0\ud835\uddf2 \ud835\uddfc\ud835\uddf3\ud835\uddf3\ud835\uddf6\ud835\uddf0\ud835\uddf6\ud835\uddf2\ud835\uddf9\ud835\uddf9\ud835\uddf2 \ud835\udc0b\ud835\udc1e \ud835\udc29\ud835\udc2b\ud835\udc28\ud835\udc1c\u00e8\ud835\udc2c \ud835\udc1e\ud835\udc27 \ud835\udc1f\ud835\udc25\ud835\udc1a\ud835\udc20\ud835\udc2b\ud835\udc1a\ud835\udc27\ud835\udc2d \ud835\udc1c\ud835\udc2b\ud835\udc22\ud835\udc26\ud835\udc1e \ud835\udc2b\ud835\udc1e\ud835\udc25\ud835\udc1a\ud835\udc2d\ud835\udc22\ud835\udc1f \u00e0 \ud835\udc25\u2019\ud835\udc1a\ud835\udc2c\ud835\udc2c\ud835\udc1a\ud835\udc2c\ud835\udc2c\ud835\udc22\ud835\udc27\ud835\udc1a\ud835\udc2d \ud835\udc1d\ud835\udc1e \ud835\udc0c\ud835\udc1a\ud835\udc1d\ud835\udc1a\ud835\udc26\ud835\udc1e \ud835\udc02\ud835\udc28\ud835\udc26\ud835\udc29\ud835\udc1a\ud835\udc28\ud835\udc2b\u00e9 \ud835\udc15\ud835\udc22\ud835\udc2f\ud835\udc22\ud835\udc1a\ud835\udc27\ud835\udc1e \ud835\udc18\ud835\udc28\ud835\udc25\ud835\udc1a\ud835\udc27\ud835\udc1d\ud835\udc1e,","og_url":"https:\/\/reveil-info.net\/?p=44280","og_site_name":"R\u00e9veil Info","article_published_time":"2026-02-19T17:11:38+00:00","og_image":[{"width":488,"height":495,"url":"https:\/\/reveil-info.net\/wp-content\/uploads\/2026\/02\/1771519623254.jpg","type":"image\/jpeg"}],"author":"R\u00e9veil info","twitter_card":"summary_large_image","twitter_misc":{"\u00c9crit par":"R\u00e9veil info","Dur\u00e9e de lecture estim\u00e9e":"1 minute"},"schema":{"@context":"https:\/\/schema.org","@graph":[{"@type":"Article","@id":"https:\/\/reveil-info.net\/?p=44280#article","isPartOf":{"@id":"https:\/\/reveil-info.net\/?p=44280"},"author":{"name":"R\u00e9veil info","@id":"https:\/\/reveil-info.net\/#\/schema\/person\/ca0cc8e70088e0a2b5e92556c1ee60f5"},"headline":"Assassinat de Viviane Compaor\u00e9 : le proc\u00e8s reprend demain 20 f\u00e9vrier","datePublished":"2026-02-19T17:11:38+00:00","mainEntityOfPage":{"@id":"https:\/\/reveil-info.net\/?p=44280"},"wordCount":73,"commentCount":0,"publisher":{"@id":"https:\/\/reveil-info.net\/#organization"},"image":{"@id":"https:\/\/reveil-info.net\/?p=44280#primaryimage"},"thumbnailUrl":"https:\/\/reveil-info.net\/wp-content\/uploads\/2026\/02\/1771519623254.jpg","articleSection":["Actualit\u00e9"],"inLanguage":"fr-FR","potentialAction":[{"@type":"CommentAction","name":"Comment","target":["https:\/\/reveil-info.net\/?p=44280#respond"]}]},{"@type":"WebPage","@id":"https:\/\/reveil-info.net\/?p=44280","url":"https:\/\/reveil-info.net\/?p=44280","name":"Assassinat de Viviane Compaor\u00e9 : le proc\u00e8s reprend demain 20 f\u00e9vrier - R\u00e9veil Info","isPartOf":{"@id":"https:\/\/reveil-info.net\/#website"},"primaryImageOfPage":{"@id":"https:\/\/reveil-info.net\/?p=44280#primaryimage"},"image":{"@id":"https:\/\/reveil-info.net\/?p=44280#primaryimage"},"thumbnailUrl":"https:\/\/reveil-info.net\/wp-content\/uploads\/2026\/02\/1771519623254.jpg","datePublished":"2026-02-19T17:11:38+00:00","breadcrumb":{"@id":"https:\/\/reveil-info.net\/?p=44280#breadcrumb"},"inLanguage":"fr-FR","potentialAction":[{"@type":"ReadAction","target":["https:\/\/reveil-info.net\/?p=44280"]}]},{"@type":"ImageObject","inLanguage":"fr-FR","@id":"https:\/\/reveil-info.net\/?p=44280#primaryimage","url":"https:\/\/reveil-info.net\/wp-content\/uploads\/2026\/02\/1771519623254.jpg","contentUrl":"https:\/\/reveil-info.net\/wp-content\/uploads\/2026\/02\/1771519623254.jpg","width":488,"height":495},{"@type":"BreadcrumbList","@id":"https:\/\/reveil-info.net\/?p=44280#breadcrumb","itemListElement":[{"@type":"ListItem","position":1,"name":"Home","item":"https:\/\/reveil-info.net\/"},{"@type":"ListItem","position":2,"name":"Assassinat de Viviane Compaor\u00e9 : le proc\u00e8s reprend demain 20 f\u00e9vrier"}]},{"@type":"WebSite","@id":"https:\/\/reveil-info.net\/#website","url":"https:\/\/reveil-info.net\/","name":"R\u00e9veil Info","description":"Le devoir d&#039;informer!","publisher":{"@id":"https:\/\/reveil-info.net\/#organization"},"potentialAction":[{"@type":"SearchAction","target":{"@type":"EntryPoint","urlTemplate":"https:\/\/reveil-info.net\/?s={search_term_string}"},"query-input":{"@type":"PropertyValueSpecification","valueRequired":true,"valueName":"search_term_string"}}],"inLanguage":"fr-FR"},{"@type":"Organization","@id":"https:\/\/reveil-info.net\/#organization","name":"R\u00e9veil Info","url":"https:\/\/reveil-info.net\/","logo":{"@type":"ImageObject","inLanguage":"fr-FR","@id":"https:\/\/reveil-info.net\/#\/schema\/logo\/image\/","url":"https:\/\/reveil-info.net\/wp-content\/uploads\/2024\/07\/bnddd1.jpg","contentUrl":"https:\/\/reveil-info.net\/wp-content\/uploads\/2024\/07\/bnddd1.jpg","width":903,"height":125,"caption":"R\u00e9veil Info"},"image":{"@id":"https:\/\/reveil-info.net\/#\/schema\/logo\/image\/"}},{"@type":"Person","@id":"https:\/\/reveil-info.net\/#\/schema\/person\/ca0cc8e70088e0a2b5e92556c1ee60f5","name":"R\u00e9veil info","image":{"@type":"ImageObject","inLanguage":"fr-FR","@id":"https:\/\/secure.gravatar.com\/avatar\/e4ad5bb743c8b6cb174d9df6c7d30a8a16f6889731241345fc6444e6485f02af?s=96&d=mm&r=g","url":"https:\/\/secure.gravatar.com\/avatar\/e4ad5bb743c8b6cb174d9df6c7d30a8a16f6889731241345fc6444e6485f02af?s=96&d=mm&r=g","contentUrl":"https:\/\/secure.gravatar.com\/avatar\/e4ad5bb743c8b6cb174d9df6c7d30a8a16f6889731241345fc6444e6485f02af?s=96&d=mm&r=g","caption":"R\u00e9veil info"},"sameAs":["https:\/\/reveil-info.net"],"url":"https:\/\/reveil-info.net\/?author=1"}]}},"jetpack_featured_media_url":"","featured_image_urls":{"full":"","thumbnail":"","medium":"","medium_large":"","large":"","1536x1536":"","2048x2048":"","chromenews-featured":"","chromenews-large":"","chromenews-medium":""},"author_info":{"display_name":"R\u00e9veil info","author_link":"https:\/\/reveil-info.net\/?author=1"},"category_info":"<a href=\"https:\/\/reveil-info.net\/?cat=2\" rel=\"category\">Actualit\u00e9<\/a>","tag_info":"Actualit\u00e9","comment_count":"0","_links":{"self":[{"href":"https:\/\/reveil-info.net\/index.php?rest_route=\/wp\/v2\/posts\/44280","targetHints":{"allow":["GET"]}}],"collection":[{"href":"https:\/\/reveil-info.net\/index.php?rest_route=\/wp\/v2\/posts"}],"about":[{"href":"https:\/\/reveil-info.net\/index.php?rest_route=\/wp\/v2\/types\/post"}],"author":[{"embeddable":true,"href":"https:\/\/reveil-info.net\/index.php?rest_route=\/wp\/v2\/users\/1"}],"replies":[{"embeddable":true,"href":"https:\/\/reveil-info.net\/index.php?rest_route=%2Fwp%2Fv2%2Fcomments&post=44280"}],"version-history":[{"count":2,"href":"https:\/\/reveil-info.net\/index.php?rest_route=\/wp\/v2\/posts\/44280\/revisions"}],"predecessor-version":[{"id":44284,"href":"https:\/\/reveil-info.net\/index.php?rest_route=\/wp\/v2\/posts\/44280\/revisions\/44284"}],"wp:attachment":[{"href":"https:\/\/reveil-info.net\/index.php?rest_route=%2Fwp%2Fv2%2Fmedia&parent=44280"}],"wp:term":[{"taxonomy":"category","embeddable":true,"href":"https:\/\/reveil-info.net\/index.php?rest_route=%2Fwp%2Fv2%2Fcategories&post=44280"},{"taxonomy":"post_tag","embeddable":true,"href":"https:\/\/reveil-info.net\/index.php?rest_route=%2Fwp%2Fv2%2Ftags&post=44280"}],"curies":[{"name":"wp","href":"https:\/\/api.w.org\/{rel}","templated":true}]}}