{"id":44272,"date":"2026-02-19T17:05:36","date_gmt":"2026-02-19T17:05:36","guid":{"rendered":"https:\/\/reveil-info.net\/?p=44272"},"modified":"2026-02-19T17:05:36","modified_gmt":"2026-02-19T17:05:36","slug":"burkina-ghana-le-chef-de-la-diplomatie-burkinabe-recoit-son-homologue-du-ghana","status":"publish","type":"post","link":"https:\/\/reveil-info.net\/?p=44272","title":{"rendered":"Burkina -Ghana : le chef de la diplomatie Burkinab\u00e8 re\u00e7oit son homologue du Ghana"},"content":{"rendered":"<p>Coop\u00e9ration Burkina Faso-R\u00e9publique du Ghana : le Chef de la diplomatie burkinab\u00e8 accueille son homologue ghan\u00e9en \u00e0 Ouagadougou<\/p>\n<p><img loading=\"lazy\" decoding=\"async\" class=\"alignnone size-full wp-image-44275\" src=\"https:\/\/reveil-info.net\/wp-content\/uploads\/2026\/02\/1771520478279.jpg\" alt=\"\" width=\"720\" height=\"958\" srcset=\"https:\/\/reveil-info.net\/wp-content\/uploads\/2026\/02\/1771520478279.jpg 720w, https:\/\/reveil-info.net\/wp-content\/uploads\/2026\/02\/1771520478279-225x300.jpg 225w\" sizes=\"auto, (max-width: 720px) 100vw, 720px\" \/><\/p>\n<p>Ouagadougou, le 19 f\u00e9vrier 2026<\/p>\n<p>Le ministre des Affaires \u00e9trang\u00e8res de la R\u00e9publique du Ghana, SEM Samuel Okudzeto ABLAKWA, accompagn\u00e9 de l\u2019Envoy\u00e9 sp\u00e9cial du Ghana pour l\u2019AES et d\u2019une forte d\u00e9l\u00e9gation, est arriv\u00e9 dans la capitale burkinab\u00e8 cet apr\u00e8s-midi du jeudi 19 f\u00e9vrier 2026.<\/p>\n<p>Ils ont \u00e9t\u00e9 accueillis \u00e0 l&rsquo;a\u00e9roport international de Ouagadougou par le ministre des Affaires \u00e9trang\u00e8res, SEM Karamoko Jean Marie TRAORE.<\/p>\n<p><img loading=\"lazy\" decoding=\"async\" class=\"alignnone size-full wp-image-44277\" src=\"https:\/\/reveil-info.net\/wp-content\/uploads\/2026\/02\/1771520484548.jpg\" alt=\"\" width=\"720\" height=\"497\" srcset=\"https:\/\/reveil-info.net\/wp-content\/uploads\/2026\/02\/1771520484548.jpg 720w, https:\/\/reveil-info.net\/wp-content\/uploads\/2026\/02\/1771520484548-300x207.jpg 300w\" sizes=\"auto, (max-width: 720px) 100vw, 720px\" \/><\/p>\n<p>La d\u00e9l\u00e9gation ghan\u00e9enne est en visite au Burkina Faso, dans le cadre de la r\u00e9union minist\u00e9rielle de la 13e Commission mixte de coop\u00e9ration entre le Burkina Faso et la R\u00e9publique du Ghana, qui se tiendra demain 20 f\u00e9vrier 2026.<\/p>\n<p><img loading=\"lazy\" decoding=\"async\" class=\"alignnone size-full wp-image-44278\" src=\"https:\/\/reveil-info.net\/wp-content\/uploads\/2026\/02\/1771520481408.jpg\" alt=\"\" width=\"719\" height=\"485\" srcset=\"https:\/\/reveil-info.net\/wp-content\/uploads\/2026\/02\/1771520481408.jpg 719w, https:\/\/reveil-info.net\/wp-content\/uploads\/2026\/02\/1771520481408-300x202.jpg 300w\" sizes=\"auto, (max-width: 719px) 100vw, 719px\" \/><\/p>\n<p>Cette rencontre devra permettre de formaliser les conclusions des travaux de la r\u00e9union pr\u00e9paratoire des experts tenue en octobre 2025, notamment la signature de plusieurs projets d\u2019accords et de documents officiels, pour davantage dynamiser la coop\u00e9ration et raffermir les liens forts d&rsquo;amiti\u00e9 et de fraternit\u00e9 qui lient les deux pays.<\/p>\n<p style=\"text-align: left;\">DCRP\/MAE<\/p>\n<p>Reveil-info<\/p>\n","protected":false},"excerpt":{"rendered":"<p>Coop\u00e9ration Burkina Faso-R\u00e9publique du Ghana : le Chef de la diplomatie burkinab\u00e8 accueille son homologue<\/p>\n","protected":false},"author":1,"featured_media":0,"comment_status":"open","ping_status":"open","sticky":false,"template":"","format":"standard","meta":{"footnotes":""},"categories":[2],"tags":[],"class_list":["post-44272","post","type-post","status-publish","format-standard","hentry","category-actu"],"yoast_head":"<!-- This site is optimized with the Yoast SEO plugin v27.5 - https:\/\/yoast.com\/product\/yoast-seo-wordpress\/ -->\n<title>Burkina -Ghana : le chef de la diplomatie Burkinab\u00e8 re\u00e7oit son homologue du Ghana - R\u00e9veil Info<\/title>\n<meta name=\"robots\" content=\"noindex, follow, max-snippet:-1, max-image-preview:large, max-video-preview:-1\" \/>\n<meta property=\"og:locale\" content=\"fr_FR\" \/>\n<meta property=\"og:type\" content=\"article\" \/>\n<meta property=\"og:title\" content=\"Burkina -Ghana : le chef de la diplomatie Burkinab\u00e8 re\u00e7oit son homologue du Ghana - R\u00e9veil Info\" \/>\n<meta property=\"og:description\" content=\"Coop\u00e9ration Burkina Faso-R\u00e9publique du Ghana : le Chef de la diplomatie burkinab\u00e8 accueille son homologue\" \/>\n<meta property=\"og:url\" content=\"https:\/\/reveil-info.net\/?p=44272\" \/>\n<meta property=\"og:site_name\" content=\"R\u00e9veil Info\" \/>\n<meta property=\"article:published_time\" content=\"2026-02-19T17:05:36+00:00\" \/>\n<meta property=\"og:image\" content=\"https:\/\/reveil-info.net\/wp-content\/uploads\/2026\/02\/1771520478279.jpg\" \/>\n\t<meta property=\"og:image:width\" content=\"720\" \/>\n\t<meta property=\"og:image:height\" content=\"958\" \/>\n\t<meta property=\"og:image:type\" content=\"image\/jpeg\" \/>\n<meta name=\"author\" content=\"R\u00e9veil info\" \/>\n<meta name=\"twitter:card\" content=\"summary_large_image\" \/>\n<meta name=\"twitter:label1\" content=\"\u00c9crit par\" \/>\n\t<meta name=\"twitter:data1\" content=\"R\u00e9veil info\" \/>\n\t<meta name=\"twitter:label2\" content=\"Dur\u00e9e de lecture estim\u00e9e\" \/>\n\t<meta name=\"twitter:data2\" content=\"2 minutes\" \/>\n<script type=\"application\/ld+json\" class=\"yoast-schema-graph\">{\"@context\":\"https:\\\/\\\/schema.org\",\"@graph\":[{\"@type\":\"Article\",\"@id\":\"https:\\\/\\\/reveil-info.net\\\/?p=44272#article\",\"isPartOf\":{\"@id\":\"https:\\\/\\\/reveil-info.net\\\/?p=44272\"},\"author\":{\"name\":\"R\u00e9veil info\",\"@id\":\"https:\\\/\\\/reveil-info.net\\\/#\\\/schema\\\/person\\\/ca0cc8e70088e0a2b5e92556c1ee60f5\"},\"headline\":\"Burkina -Ghana : le chef de la diplomatie Burkinab\u00e8 re\u00e7oit son homologue du Ghana\",\"datePublished\":\"2026-02-19T17:05:36+00:00\",\"mainEntityOfPage\":{\"@id\":\"https:\\\/\\\/reveil-info.net\\\/?p=44272\"},\"wordCount\":208,\"commentCount\":0,\"publisher\":{\"@id\":\"https:\\\/\\\/reveil-info.net\\\/#organization\"},\"image\":{\"@id\":\"https:\\\/\\\/reveil-info.net\\\/?p=44272#primaryimage\"},\"thumbnailUrl\":\"https:\\\/\\\/reveil-info.net\\\/wp-content\\\/uploads\\\/2026\\\/02\\\/1771520478279.jpg\",\"articleSection\":[\"Actualit\u00e9\"],\"inLanguage\":\"fr-FR\",\"potentialAction\":[{\"@type\":\"CommentAction\",\"name\":\"Comment\",\"target\":[\"https:\\\/\\\/reveil-info.net\\\/?p=44272#respond\"]}]},{\"@type\":\"WebPage\",\"@id\":\"https:\\\/\\\/reveil-info.net\\\/?p=44272\",\"url\":\"https:\\\/\\\/reveil-info.net\\\/?p=44272\",\"name\":\"Burkina -Ghana : le chef de la diplomatie Burkinab\u00e8 re\u00e7oit son homologue du Ghana - R\u00e9veil Info\",\"isPartOf\":{\"@id\":\"https:\\\/\\\/reveil-info.net\\\/#website\"},\"primaryImageOfPage\":{\"@id\":\"https:\\\/\\\/reveil-info.net\\\/?p=44272#primaryimage\"},\"image\":{\"@id\":\"https:\\\/\\\/reveil-info.net\\\/?p=44272#primaryimage\"},\"thumbnailUrl\":\"https:\\\/\\\/reveil-info.net\\\/wp-content\\\/uploads\\\/2026\\\/02\\\/1771520478279.jpg\",\"datePublished\":\"2026-02-19T17:05:36+00:00\",\"breadcrumb\":{\"@id\":\"https:\\\/\\\/reveil-info.net\\\/?p=44272#breadcrumb\"},\"inLanguage\":\"fr-FR\",\"potentialAction\":[{\"@type\":\"ReadAction\",\"target\":[\"https:\\\/\\\/reveil-info.net\\\/?p=44272\"]}]},{\"@type\":\"ImageObject\",\"inLanguage\":\"fr-FR\",\"@id\":\"https:\\\/\\\/reveil-info.net\\\/?p=44272#primaryimage\",\"url\":\"https:\\\/\\\/reveil-info.net\\\/wp-content\\\/uploads\\\/2026\\\/02\\\/1771520478279.jpg\",\"contentUrl\":\"https:\\\/\\\/reveil-info.net\\\/wp-content\\\/uploads\\\/2026\\\/02\\\/1771520478279.jpg\",\"width\":720,\"height\":958},{\"@type\":\"BreadcrumbList\",\"@id\":\"https:\\\/\\\/reveil-info.net\\\/?p=44272#breadcrumb\",\"itemListElement\":[{\"@type\":\"ListItem\",\"position\":1,\"name\":\"Home\",\"item\":\"https:\\\/\\\/reveil-info.net\\\/\"},{\"@type\":\"ListItem\",\"position\":2,\"name\":\"Burkina -Ghana : le chef de la diplomatie Burkinab\u00e8 re\u00e7oit son homologue du Ghana\"}]},{\"@type\":\"WebSite\",\"@id\":\"https:\\\/\\\/reveil-info.net\\\/#website\",\"url\":\"https:\\\/\\\/reveil-info.net\\\/\",\"name\":\"R\u00e9veil Info\",\"description\":\"Le devoir d&#039;informer!\",\"publisher\":{\"@id\":\"https:\\\/\\\/reveil-info.net\\\/#organization\"},\"potentialAction\":[{\"@type\":\"SearchAction\",\"target\":{\"@type\":\"EntryPoint\",\"urlTemplate\":\"https:\\\/\\\/reveil-info.net\\\/?s={search_term_string}\"},\"query-input\":{\"@type\":\"PropertyValueSpecification\",\"valueRequired\":true,\"valueName\":\"search_term_string\"}}],\"inLanguage\":\"fr-FR\"},{\"@type\":\"Organization\",\"@id\":\"https:\\\/\\\/reveil-info.net\\\/#organization\",\"name\":\"R\u00e9veil Info\",\"url\":\"https:\\\/\\\/reveil-info.net\\\/\",\"logo\":{\"@type\":\"ImageObject\",\"inLanguage\":\"fr-FR\",\"@id\":\"https:\\\/\\\/reveil-info.net\\\/#\\\/schema\\\/logo\\\/image\\\/\",\"url\":\"https:\\\/\\\/reveil-info.net\\\/wp-content\\\/uploads\\\/2024\\\/07\\\/bnddd1.jpg\",\"contentUrl\":\"https:\\\/\\\/reveil-info.net\\\/wp-content\\\/uploads\\\/2024\\\/07\\\/bnddd1.jpg\",\"width\":903,\"height\":125,\"caption\":\"R\u00e9veil Info\"},\"image\":{\"@id\":\"https:\\\/\\\/reveil-info.net\\\/#\\\/schema\\\/logo\\\/image\\\/\"}},{\"@type\":\"Person\",\"@id\":\"https:\\\/\\\/reveil-info.net\\\/#\\\/schema\\\/person\\\/ca0cc8e70088e0a2b5e92556c1ee60f5\",\"name\":\"R\u00e9veil info\",\"image\":{\"@type\":\"ImageObject\",\"inLanguage\":\"fr-FR\",\"@id\":\"https:\\\/\\\/secure.gravatar.com\\\/avatar\\\/e4ad5bb743c8b6cb174d9df6c7d30a8a16f6889731241345fc6444e6485f02af?s=96&d=mm&r=g\",\"url\":\"https:\\\/\\\/secure.gravatar.com\\\/avatar\\\/e4ad5bb743c8b6cb174d9df6c7d30a8a16f6889731241345fc6444e6485f02af?s=96&d=mm&r=g\",\"contentUrl\":\"https:\\\/\\\/secure.gravatar.com\\\/avatar\\\/e4ad5bb743c8b6cb174d9df6c7d30a8a16f6889731241345fc6444e6485f02af?s=96&d=mm&r=g\",\"caption\":\"R\u00e9veil info\"},\"sameAs\":[\"https:\\\/\\\/reveil-info.net\"],\"url\":\"https:\\\/\\\/reveil-info.net\\\/?author=1\"}]}<\/script>\n<!-- \/ Yoast SEO plugin. -->","yoast_head_json":{"title":"Burkina -Ghana : le chef de la diplomatie Burkinab\u00e8 re\u00e7oit son homologue du Ghana - R\u00e9veil Info","robots":{"index":"noindex","follow":"follow","max-snippet":"max-snippet:-1","max-image-preview":"max-image-preview:large","max-video-preview":"max-video-preview:-1"},"og_locale":"fr_FR","og_type":"article","og_title":"Burkina -Ghana : le chef de la diplomatie Burkinab\u00e8 re\u00e7oit son homologue du Ghana - R\u00e9veil Info","og_description":"Coop\u00e9ration Burkina Faso-R\u00e9publique du Ghana : le Chef de la diplomatie burkinab\u00e8 accueille son homologue","og_url":"https:\/\/reveil-info.net\/?p=44272","og_site_name":"R\u00e9veil Info","article_published_time":"2026-02-19T17:05:36+00:00","og_image":[{"width":720,"height":958,"url":"https:\/\/reveil-info.net\/wp-content\/uploads\/2026\/02\/1771520478279.jpg","type":"image\/jpeg"}],"author":"R\u00e9veil info","twitter_card":"summary_large_image","twitter_misc":{"\u00c9crit par":"R\u00e9veil info","Dur\u00e9e de lecture estim\u00e9e":"2 minutes"},"schema":{"@context":"https:\/\/schema.org","@graph":[{"@type":"Article","@id":"https:\/\/reveil-info.net\/?p=44272#article","isPartOf":{"@id":"https:\/\/reveil-info.net\/?p=44272"},"author":{"name":"R\u00e9veil info","@id":"https:\/\/reveil-info.net\/#\/schema\/person\/ca0cc8e70088e0a2b5e92556c1ee60f5"},"headline":"Burkina -Ghana : le chef de la diplomatie Burkinab\u00e8 re\u00e7oit son homologue du Ghana","datePublished":"2026-02-19T17:05:36+00:00","mainEntityOfPage":{"@id":"https:\/\/reveil-info.net\/?p=44272"},"wordCount":208,"commentCount":0,"publisher":{"@id":"https:\/\/reveil-info.net\/#organization"},"image":{"@id":"https:\/\/reveil-info.net\/?p=44272#primaryimage"},"thumbnailUrl":"https:\/\/reveil-info.net\/wp-content\/uploads\/2026\/02\/1771520478279.jpg","articleSection":["Actualit\u00e9"],"inLanguage":"fr-FR","potentialAction":[{"@type":"CommentAction","name":"Comment","target":["https:\/\/reveil-info.net\/?p=44272#respond"]}]},{"@type":"WebPage","@id":"https:\/\/reveil-info.net\/?p=44272","url":"https:\/\/reveil-info.net\/?p=44272","name":"Burkina -Ghana : le chef de la diplomatie Burkinab\u00e8 re\u00e7oit son homologue du Ghana - R\u00e9veil Info","isPartOf":{"@id":"https:\/\/reveil-info.net\/#website"},"primaryImageOfPage":{"@id":"https:\/\/reveil-info.net\/?p=44272#primaryimage"},"image":{"@id":"https:\/\/reveil-info.net\/?p=44272#primaryimage"},"thumbnailUrl":"https:\/\/reveil-info.net\/wp-content\/uploads\/2026\/02\/1771520478279.jpg","datePublished":"2026-02-19T17:05:36+00:00","breadcrumb":{"@id":"https:\/\/reveil-info.net\/?p=44272#breadcrumb"},"inLanguage":"fr-FR","potentialAction":[{"@type":"ReadAction","target":["https:\/\/reveil-info.net\/?p=44272"]}]},{"@type":"ImageObject","inLanguage":"fr-FR","@id":"https:\/\/reveil-info.net\/?p=44272#primaryimage","url":"https:\/\/reveil-info.net\/wp-content\/uploads\/2026\/02\/1771520478279.jpg","contentUrl":"https:\/\/reveil-info.net\/wp-content\/uploads\/2026\/02\/1771520478279.jpg","width":720,"height":958},{"@type":"BreadcrumbList","@id":"https:\/\/reveil-info.net\/?p=44272#breadcrumb","itemListElement":[{"@type":"ListItem","position":1,"name":"Home","item":"https:\/\/reveil-info.net\/"},{"@type":"ListItem","position":2,"name":"Burkina -Ghana : le chef de la diplomatie Burkinab\u00e8 re\u00e7oit son homologue du Ghana"}]},{"@type":"WebSite","@id":"https:\/\/reveil-info.net\/#website","url":"https:\/\/reveil-info.net\/","name":"R\u00e9veil Info","description":"Le devoir d&#039;informer!","publisher":{"@id":"https:\/\/reveil-info.net\/#organization"},"potentialAction":[{"@type":"SearchAction","target":{"@type":"EntryPoint","urlTemplate":"https:\/\/reveil-info.net\/?s={search_term_string}"},"query-input":{"@type":"PropertyValueSpecification","valueRequired":true,"valueName":"search_term_string"}}],"inLanguage":"fr-FR"},{"@type":"Organization","@id":"https:\/\/reveil-info.net\/#organization","name":"R\u00e9veil Info","url":"https:\/\/reveil-info.net\/","logo":{"@type":"ImageObject","inLanguage":"fr-FR","@id":"https:\/\/reveil-info.net\/#\/schema\/logo\/image\/","url":"https:\/\/reveil-info.net\/wp-content\/uploads\/2024\/07\/bnddd1.jpg","contentUrl":"https:\/\/reveil-info.net\/wp-content\/uploads\/2024\/07\/bnddd1.jpg","width":903,"height":125,"caption":"R\u00e9veil Info"},"image":{"@id":"https:\/\/reveil-info.net\/#\/schema\/logo\/image\/"}},{"@type":"Person","@id":"https:\/\/reveil-info.net\/#\/schema\/person\/ca0cc8e70088e0a2b5e92556c1ee60f5","name":"R\u00e9veil info","image":{"@type":"ImageObject","inLanguage":"fr-FR","@id":"https:\/\/secure.gravatar.com\/avatar\/e4ad5bb743c8b6cb174d9df6c7d30a8a16f6889731241345fc6444e6485f02af?s=96&d=mm&r=g","url":"https:\/\/secure.gravatar.com\/avatar\/e4ad5bb743c8b6cb174d9df6c7d30a8a16f6889731241345fc6444e6485f02af?s=96&d=mm&r=g","contentUrl":"https:\/\/secure.gravatar.com\/avatar\/e4ad5bb743c8b6cb174d9df6c7d30a8a16f6889731241345fc6444e6485f02af?s=96&d=mm&r=g","caption":"R\u00e9veil info"},"sameAs":["https:\/\/reveil-info.net"],"url":"https:\/\/reveil-info.net\/?author=1"}]}},"jetpack_featured_media_url":"","featured_image_urls":{"full":"","thumbnail":"","medium":"","medium_large":"","large":"","1536x1536":"","2048x2048":"","chromenews-featured":"","chromenews-large":"","chromenews-medium":""},"author_info":{"display_name":"R\u00e9veil info","author_link":"https:\/\/reveil-info.net\/?author=1"},"category_info":"<a href=\"https:\/\/reveil-info.net\/?cat=2\" rel=\"category\">Actualit\u00e9<\/a>","tag_info":"Actualit\u00e9","comment_count":"0","_links":{"self":[{"href":"https:\/\/reveil-info.net\/index.php?rest_route=\/wp\/v2\/posts\/44272","targetHints":{"allow":["GET"]}}],"collection":[{"href":"https:\/\/reveil-info.net\/index.php?rest_route=\/wp\/v2\/posts"}],"about":[{"href":"https:\/\/reveil-info.net\/index.php?rest_route=\/wp\/v2\/types\/post"}],"author":[{"embeddable":true,"href":"https:\/\/reveil-info.net\/index.php?rest_route=\/wp\/v2\/users\/1"}],"replies":[{"embeddable":true,"href":"https:\/\/reveil-info.net\/index.php?rest_route=%2Fwp%2Fv2%2Fcomments&post=44272"}],"version-history":[{"count":4,"href":"https:\/\/reveil-info.net\/index.php?rest_route=\/wp\/v2\/posts\/44272\/revisions"}],"predecessor-version":[{"id":44279,"href":"https:\/\/reveil-info.net\/index.php?rest_route=\/wp\/v2\/posts\/44272\/revisions\/44279"}],"wp:attachment":[{"href":"https:\/\/reveil-info.net\/index.php?rest_route=%2Fwp%2Fv2%2Fmedia&parent=44272"}],"wp:term":[{"taxonomy":"category","embeddable":true,"href":"https:\/\/reveil-info.net\/index.php?rest_route=%2Fwp%2Fv2%2Fcategories&post=44272"},{"taxonomy":"post_tag","embeddable":true,"href":"https:\/\/reveil-info.net\/index.php?rest_route=%2Fwp%2Fv2%2Ftags&post=44272"}],"curies":[{"name":"wp","href":"https:\/\/api.w.org\/{rel}","templated":true}]}}