{"id":44125,"date":"2026-02-18T13:37:10","date_gmt":"2026-02-18T13:37:10","guid":{"rendered":"https:\/\/reveil-info.net\/?p=44125"},"modified":"2026-02-18T13:37:10","modified_gmt":"2026-02-18T13:37:10","slug":"acces-aux-produits-de-grande-consommation-et-careme-faso-yaar-a-la-rescousse","status":"publish","type":"post","link":"https:\/\/reveil-info.net\/?p=44125","title":{"rendered":"Acc\u00e8s aux produits de grande consommation et car\u00eame : Faso Yaar \u00e0 la rescousse"},"content":{"rendered":"<p>Le ministre en charge du Commerce, Serge Poda a officiellement lanc\u00e9 ce 18 fevrier 2026 l&rsquo;op\u00e9ration speciale de commercialisation de produits de grande consommation. Une op\u00e9ration conduite par Faso Yaar \u00e0 l&rsquo;occasion de ce mois de Car\u00eame .<\/p>\n<figure id=\"attachment_44130\" aria-describedby=\"caption-attachment-44130\" style=\"width: 1152px\" class=\"wp-caption alignnone\"><img loading=\"lazy\" decoding=\"async\" class=\"size-full wp-image-44130\" src=\"https:\/\/reveil-info.net\/wp-content\/uploads\/2026\/02\/IMG-20260218-WA0026.jpg\" alt=\"\" width=\"1152\" height=\"864\" srcset=\"https:\/\/reveil-info.net\/wp-content\/uploads\/2026\/02\/IMG-20260218-WA0026.jpg 1152w, https:\/\/reveil-info.net\/wp-content\/uploads\/2026\/02\/IMG-20260218-WA0026-300x225.jpg 300w, https:\/\/reveil-info.net\/wp-content\/uploads\/2026\/02\/IMG-20260218-WA0026-1024x768.jpg 1024w, https:\/\/reveil-info.net\/wp-content\/uploads\/2026\/02\/IMG-20260218-WA0026-768x576.jpg 768w\" sizes=\"auto, (max-width: 1152px) 100vw, 1152px\" \/><figcaption id=\"caption-attachment-44130\" class=\"wp-caption-text\">Le ministre Poda<\/figcaption><\/figure>\n<p>Pour le ministre, en cette p\u00e9riode de car\u00eame, la demande est tr\u00e8s forte et il s&rsquo;agit pour le gouvernement de travailler \u00e0 ce que les produits soient disponibles et \u00e0 des prix accessibles. \u00a0\u00bb Pour cette op\u00e9ration, nous avons instruit Faso Yaar pour l&rsquo;organisation sur tout le territoire \u00e0 travers une soixantaine de points de vente qui seront ouverts sur 30 localit\u00e9s.<\/p>\n<figure id=\"attachment_44132\" aria-describedby=\"caption-attachment-44132\" style=\"width: 1152px\" class=\"wp-caption alignnone\"><img loading=\"lazy\" decoding=\"async\" class=\"size-full wp-image-44132\" src=\"https:\/\/reveil-info.net\/wp-content\/uploads\/2026\/02\/IMG-20260218-WA0025.jpg\" alt=\"\" width=\"1152\" height=\"864\" srcset=\"https:\/\/reveil-info.net\/wp-content\/uploads\/2026\/02\/IMG-20260218-WA0025.jpg 1152w, https:\/\/reveil-info.net\/wp-content\/uploads\/2026\/02\/IMG-20260218-WA0025-300x225.jpg 300w, https:\/\/reveil-info.net\/wp-content\/uploads\/2026\/02\/IMG-20260218-WA0025-1024x768.jpg 1024w, https:\/\/reveil-info.net\/wp-content\/uploads\/2026\/02\/IMG-20260218-WA0025-768x576.jpg 768w\" sizes=\"auto, (max-width: 1152px) 100vw, 1152px\" \/><figcaption id=\"caption-attachment-44132\" class=\"wp-caption-text\">Une vue de bidons d&rsquo;huile<\/figcaption><\/figure>\n<p>je voudrais pr\u00e9ciser qu&rsquo;il s&rsquo;agit d&rsquo;une op\u00e9ration provisoire port\u00e9e par Faso Yaar qui est en train de s&rsquo;implanter progressivement. Ici c&rsquo;est un point de vente qui a \u00e9t\u00e9 identifi\u00e9 en collaboration avec la Chambre de commerce et d&rsquo;autres soci\u00e9t\u00e9s telles que la SN Sosuco, le SN Sitec&#8230; qui ont collabor\u00e9 avec le minist\u00e8re en charge du Commerce pour la reussite de l&rsquo; op\u00e9ration \u00ab\u00a0, a laiss\u00e9 entendre le ministre en charge du Commerce, Serge Poda.<\/p>\n<figure id=\"attachment_44134\" aria-describedby=\"caption-attachment-44134\" style=\"width: 1152px\" class=\"wp-caption alignnone\"><img loading=\"lazy\" decoding=\"async\" class=\"size-full wp-image-44134\" src=\"https:\/\/reveil-info.net\/wp-content\/uploads\/2026\/02\/IMG-20260218-WA0024.jpg\" alt=\"\" width=\"1152\" height=\"864\" srcset=\"https:\/\/reveil-info.net\/wp-content\/uploads\/2026\/02\/IMG-20260218-WA0024.jpg 1152w, https:\/\/reveil-info.net\/wp-content\/uploads\/2026\/02\/IMG-20260218-WA0024-300x225.jpg 300w, https:\/\/reveil-info.net\/wp-content\/uploads\/2026\/02\/IMG-20260218-WA0024-1024x768.jpg 1024w, https:\/\/reveil-info.net\/wp-content\/uploads\/2026\/02\/IMG-20260218-WA0024-768x576.jpg 768w\" sizes=\"auto, (max-width: 1152px) 100vw, 1152px\" \/><figcaption id=\"caption-attachment-44134\" class=\"wp-caption-text\">Plusieurs produits sont disponibles<\/figcaption><\/figure>\n<p>les produits importants qui seront disponibles sont sont l&rsquo;huile, le sucre, les jus et tr\u00e8s bientot le savon, a d\u00e9clar\u00e9 le ministre qui a d&rsquo;ailleurs invit\u00e9 les consommateurs \u00e0 \u00ab\u00a0profiter de cette opportunit\u00e9 pour s&rsquo;approvisionner\u00a0\u00bb.<br \/>\nPar Alex Kabor\u00e9<br \/>\nReveil-info<\/p>\n","protected":false},"excerpt":{"rendered":"<p>Le ministre en charge du Commerce, Serge Poda a officiellement lanc\u00e9 ce 18 fevrier 2026<\/p>\n","protected":false},"author":1,"featured_media":0,"comment_status":"open","ping_status":"open","sticky":false,"template":"","format":"standard","meta":{"footnotes":""},"categories":[2,16],"tags":[],"class_list":["post-44125","post","type-post","status-publish","format-standard","hentry","category-actu","category-societe"],"yoast_head":"<!-- This site is optimized with the Yoast SEO plugin v27.5 - https:\/\/yoast.com\/product\/yoast-seo-wordpress\/ -->\n<title>Acc\u00e8s aux produits de grande consommation et car\u00eame : Faso Yaar \u00e0 la rescousse - R\u00e9veil Info<\/title>\n<meta name=\"robots\" content=\"noindex, follow, max-snippet:-1, max-image-preview:large, max-video-preview:-1\" \/>\n<meta property=\"og:locale\" content=\"fr_FR\" \/>\n<meta property=\"og:type\" content=\"article\" \/>\n<meta property=\"og:title\" content=\"Acc\u00e8s aux produits de grande consommation et car\u00eame : Faso Yaar \u00e0 la rescousse - R\u00e9veil Info\" \/>\n<meta property=\"og:description\" content=\"Le ministre en charge du Commerce, Serge Poda a officiellement lanc\u00e9 ce 18 fevrier 2026\" \/>\n<meta property=\"og:url\" content=\"https:\/\/reveil-info.net\/?p=44125\" \/>\n<meta property=\"og:site_name\" content=\"R\u00e9veil Info\" \/>\n<meta property=\"article:published_time\" content=\"2026-02-18T13:37:10+00:00\" \/>\n<meta property=\"og:image\" content=\"https:\/\/reveil-info.net\/wp-content\/uploads\/2026\/02\/IMG-20260218-WA0026.jpg\" \/>\n\t<meta property=\"og:image:width\" content=\"1152\" \/>\n\t<meta property=\"og:image:height\" content=\"864\" \/>\n\t<meta property=\"og:image:type\" content=\"image\/jpeg\" \/>\n<meta name=\"author\" content=\"R\u00e9veil info\" \/>\n<meta name=\"twitter:card\" content=\"summary_large_image\" \/>\n<meta name=\"twitter:label1\" content=\"\u00c9crit par\" \/>\n\t<meta name=\"twitter:data1\" content=\"R\u00e9veil info\" \/>\n\t<meta name=\"twitter:label2\" content=\"Dur\u00e9e de lecture estim\u00e9e\" \/>\n\t<meta name=\"twitter:data2\" content=\"2 minutes\" \/>\n<script type=\"application\/ld+json\" class=\"yoast-schema-graph\">{\"@context\":\"https:\\\/\\\/schema.org\",\"@graph\":[{\"@type\":\"Article\",\"@id\":\"https:\\\/\\\/reveil-info.net\\\/?p=44125#article\",\"isPartOf\":{\"@id\":\"https:\\\/\\\/reveil-info.net\\\/?p=44125\"},\"author\":{\"name\":\"R\u00e9veil info\",\"@id\":\"https:\\\/\\\/reveil-info.net\\\/#\\\/schema\\\/person\\\/ca0cc8e70088e0a2b5e92556c1ee60f5\"},\"headline\":\"Acc\u00e8s aux produits de grande consommation et car\u00eame : Faso Yaar \u00e0 la rescousse\",\"datePublished\":\"2026-02-18T13:37:10+00:00\",\"mainEntityOfPage\":{\"@id\":\"https:\\\/\\\/reveil-info.net\\\/?p=44125\"},\"wordCount\":281,\"commentCount\":0,\"publisher\":{\"@id\":\"https:\\\/\\\/reveil-info.net\\\/#organization\"},\"image\":{\"@id\":\"https:\\\/\\\/reveil-info.net\\\/?p=44125#primaryimage\"},\"thumbnailUrl\":\"https:\\\/\\\/reveil-info.net\\\/wp-content\\\/uploads\\\/2026\\\/02\\\/IMG-20260218-WA0026.jpg\",\"articleSection\":[\"Actualit\u00e9\",\"Soci\u00e9t\u00e9\"],\"inLanguage\":\"fr-FR\",\"potentialAction\":[{\"@type\":\"CommentAction\",\"name\":\"Comment\",\"target\":[\"https:\\\/\\\/reveil-info.net\\\/?p=44125#respond\"]}]},{\"@type\":\"WebPage\",\"@id\":\"https:\\\/\\\/reveil-info.net\\\/?p=44125\",\"url\":\"https:\\\/\\\/reveil-info.net\\\/?p=44125\",\"name\":\"Acc\u00e8s aux produits de grande consommation et car\u00eame : Faso Yaar \u00e0 la rescousse - R\u00e9veil Info\",\"isPartOf\":{\"@id\":\"https:\\\/\\\/reveil-info.net\\\/#website\"},\"primaryImageOfPage\":{\"@id\":\"https:\\\/\\\/reveil-info.net\\\/?p=44125#primaryimage\"},\"image\":{\"@id\":\"https:\\\/\\\/reveil-info.net\\\/?p=44125#primaryimage\"},\"thumbnailUrl\":\"https:\\\/\\\/reveil-info.net\\\/wp-content\\\/uploads\\\/2026\\\/02\\\/IMG-20260218-WA0026.jpg\",\"datePublished\":\"2026-02-18T13:37:10+00:00\",\"breadcrumb\":{\"@id\":\"https:\\\/\\\/reveil-info.net\\\/?p=44125#breadcrumb\"},\"inLanguage\":\"fr-FR\",\"potentialAction\":[{\"@type\":\"ReadAction\",\"target\":[\"https:\\\/\\\/reveil-info.net\\\/?p=44125\"]}]},{\"@type\":\"ImageObject\",\"inLanguage\":\"fr-FR\",\"@id\":\"https:\\\/\\\/reveil-info.net\\\/?p=44125#primaryimage\",\"url\":\"https:\\\/\\\/reveil-info.net\\\/wp-content\\\/uploads\\\/2026\\\/02\\\/IMG-20260218-WA0026.jpg\",\"contentUrl\":\"https:\\\/\\\/reveil-info.net\\\/wp-content\\\/uploads\\\/2026\\\/02\\\/IMG-20260218-WA0026.jpg\",\"width\":1152,\"height\":864,\"caption\":\"Le ministre Poda\"},{\"@type\":\"BreadcrumbList\",\"@id\":\"https:\\\/\\\/reveil-info.net\\\/?p=44125#breadcrumb\",\"itemListElement\":[{\"@type\":\"ListItem\",\"position\":1,\"name\":\"Home\",\"item\":\"https:\\\/\\\/reveil-info.net\\\/\"},{\"@type\":\"ListItem\",\"position\":2,\"name\":\"Acc\u00e8s aux produits de grande consommation et car\u00eame : Faso Yaar \u00e0 la rescousse\"}]},{\"@type\":\"WebSite\",\"@id\":\"https:\\\/\\\/reveil-info.net\\\/#website\",\"url\":\"https:\\\/\\\/reveil-info.net\\\/\",\"name\":\"R\u00e9veil Info\",\"description\":\"Le devoir d&#039;informer!\",\"publisher\":{\"@id\":\"https:\\\/\\\/reveil-info.net\\\/#organization\"},\"potentialAction\":[{\"@type\":\"SearchAction\",\"target\":{\"@type\":\"EntryPoint\",\"urlTemplate\":\"https:\\\/\\\/reveil-info.net\\\/?s={search_term_string}\"},\"query-input\":{\"@type\":\"PropertyValueSpecification\",\"valueRequired\":true,\"valueName\":\"search_term_string\"}}],\"inLanguage\":\"fr-FR\"},{\"@type\":\"Organization\",\"@id\":\"https:\\\/\\\/reveil-info.net\\\/#organization\",\"name\":\"R\u00e9veil Info\",\"url\":\"https:\\\/\\\/reveil-info.net\\\/\",\"logo\":{\"@type\":\"ImageObject\",\"inLanguage\":\"fr-FR\",\"@id\":\"https:\\\/\\\/reveil-info.net\\\/#\\\/schema\\\/logo\\\/image\\\/\",\"url\":\"https:\\\/\\\/reveil-info.net\\\/wp-content\\\/uploads\\\/2024\\\/07\\\/bnddd1.jpg\",\"contentUrl\":\"https:\\\/\\\/reveil-info.net\\\/wp-content\\\/uploads\\\/2024\\\/07\\\/bnddd1.jpg\",\"width\":903,\"height\":125,\"caption\":\"R\u00e9veil Info\"},\"image\":{\"@id\":\"https:\\\/\\\/reveil-info.net\\\/#\\\/schema\\\/logo\\\/image\\\/\"}},{\"@type\":\"Person\",\"@id\":\"https:\\\/\\\/reveil-info.net\\\/#\\\/schema\\\/person\\\/ca0cc8e70088e0a2b5e92556c1ee60f5\",\"name\":\"R\u00e9veil info\",\"image\":{\"@type\":\"ImageObject\",\"inLanguage\":\"fr-FR\",\"@id\":\"https:\\\/\\\/secure.gravatar.com\\\/avatar\\\/e4ad5bb743c8b6cb174d9df6c7d30a8a16f6889731241345fc6444e6485f02af?s=96&d=mm&r=g\",\"url\":\"https:\\\/\\\/secure.gravatar.com\\\/avatar\\\/e4ad5bb743c8b6cb174d9df6c7d30a8a16f6889731241345fc6444e6485f02af?s=96&d=mm&r=g\",\"contentUrl\":\"https:\\\/\\\/secure.gravatar.com\\\/avatar\\\/e4ad5bb743c8b6cb174d9df6c7d30a8a16f6889731241345fc6444e6485f02af?s=96&d=mm&r=g\",\"caption\":\"R\u00e9veil info\"},\"sameAs\":[\"https:\\\/\\\/reveil-info.net\"],\"url\":\"https:\\\/\\\/reveil-info.net\\\/?author=1\"}]}<\/script>\n<!-- \/ Yoast SEO plugin. -->","yoast_head_json":{"title":"Acc\u00e8s aux produits de grande consommation et car\u00eame : Faso Yaar \u00e0 la rescousse - R\u00e9veil Info","robots":{"index":"noindex","follow":"follow","max-snippet":"max-snippet:-1","max-image-preview":"max-image-preview:large","max-video-preview":"max-video-preview:-1"},"og_locale":"fr_FR","og_type":"article","og_title":"Acc\u00e8s aux produits de grande consommation et car\u00eame : Faso Yaar \u00e0 la rescousse - R\u00e9veil Info","og_description":"Le ministre en charge du Commerce, Serge Poda a officiellement lanc\u00e9 ce 18 fevrier 2026","og_url":"https:\/\/reveil-info.net\/?p=44125","og_site_name":"R\u00e9veil Info","article_published_time":"2026-02-18T13:37:10+00:00","og_image":[{"width":1152,"height":864,"url":"https:\/\/reveil-info.net\/wp-content\/uploads\/2026\/02\/IMG-20260218-WA0026.jpg","type":"image\/jpeg"}],"author":"R\u00e9veil info","twitter_card":"summary_large_image","twitter_misc":{"\u00c9crit par":"R\u00e9veil info","Dur\u00e9e de lecture estim\u00e9e":"2 minutes"},"schema":{"@context":"https:\/\/schema.org","@graph":[{"@type":"Article","@id":"https:\/\/reveil-info.net\/?p=44125#article","isPartOf":{"@id":"https:\/\/reveil-info.net\/?p=44125"},"author":{"name":"R\u00e9veil info","@id":"https:\/\/reveil-info.net\/#\/schema\/person\/ca0cc8e70088e0a2b5e92556c1ee60f5"},"headline":"Acc\u00e8s aux produits de grande consommation et car\u00eame : Faso Yaar \u00e0 la rescousse","datePublished":"2026-02-18T13:37:10+00:00","mainEntityOfPage":{"@id":"https:\/\/reveil-info.net\/?p=44125"},"wordCount":281,"commentCount":0,"publisher":{"@id":"https:\/\/reveil-info.net\/#organization"},"image":{"@id":"https:\/\/reveil-info.net\/?p=44125#primaryimage"},"thumbnailUrl":"https:\/\/reveil-info.net\/wp-content\/uploads\/2026\/02\/IMG-20260218-WA0026.jpg","articleSection":["Actualit\u00e9","Soci\u00e9t\u00e9"],"inLanguage":"fr-FR","potentialAction":[{"@type":"CommentAction","name":"Comment","target":["https:\/\/reveil-info.net\/?p=44125#respond"]}]},{"@type":"WebPage","@id":"https:\/\/reveil-info.net\/?p=44125","url":"https:\/\/reveil-info.net\/?p=44125","name":"Acc\u00e8s aux produits de grande consommation et car\u00eame : Faso Yaar \u00e0 la rescousse - R\u00e9veil Info","isPartOf":{"@id":"https:\/\/reveil-info.net\/#website"},"primaryImageOfPage":{"@id":"https:\/\/reveil-info.net\/?p=44125#primaryimage"},"image":{"@id":"https:\/\/reveil-info.net\/?p=44125#primaryimage"},"thumbnailUrl":"https:\/\/reveil-info.net\/wp-content\/uploads\/2026\/02\/IMG-20260218-WA0026.jpg","datePublished":"2026-02-18T13:37:10+00:00","breadcrumb":{"@id":"https:\/\/reveil-info.net\/?p=44125#breadcrumb"},"inLanguage":"fr-FR","potentialAction":[{"@type":"ReadAction","target":["https:\/\/reveil-info.net\/?p=44125"]}]},{"@type":"ImageObject","inLanguage":"fr-FR","@id":"https:\/\/reveil-info.net\/?p=44125#primaryimage","url":"https:\/\/reveil-info.net\/wp-content\/uploads\/2026\/02\/IMG-20260218-WA0026.jpg","contentUrl":"https:\/\/reveil-info.net\/wp-content\/uploads\/2026\/02\/IMG-20260218-WA0026.jpg","width":1152,"height":864,"caption":"Le ministre Poda"},{"@type":"BreadcrumbList","@id":"https:\/\/reveil-info.net\/?p=44125#breadcrumb","itemListElement":[{"@type":"ListItem","position":1,"name":"Home","item":"https:\/\/reveil-info.net\/"},{"@type":"ListItem","position":2,"name":"Acc\u00e8s aux produits de grande consommation et car\u00eame : Faso Yaar \u00e0 la rescousse"}]},{"@type":"WebSite","@id":"https:\/\/reveil-info.net\/#website","url":"https:\/\/reveil-info.net\/","name":"R\u00e9veil Info","description":"Le devoir d&#039;informer!","publisher":{"@id":"https:\/\/reveil-info.net\/#organization"},"potentialAction":[{"@type":"SearchAction","target":{"@type":"EntryPoint","urlTemplate":"https:\/\/reveil-info.net\/?s={search_term_string}"},"query-input":{"@type":"PropertyValueSpecification","valueRequired":true,"valueName":"search_term_string"}}],"inLanguage":"fr-FR"},{"@type":"Organization","@id":"https:\/\/reveil-info.net\/#organization","name":"R\u00e9veil Info","url":"https:\/\/reveil-info.net\/","logo":{"@type":"ImageObject","inLanguage":"fr-FR","@id":"https:\/\/reveil-info.net\/#\/schema\/logo\/image\/","url":"https:\/\/reveil-info.net\/wp-content\/uploads\/2024\/07\/bnddd1.jpg","contentUrl":"https:\/\/reveil-info.net\/wp-content\/uploads\/2024\/07\/bnddd1.jpg","width":903,"height":125,"caption":"R\u00e9veil Info"},"image":{"@id":"https:\/\/reveil-info.net\/#\/schema\/logo\/image\/"}},{"@type":"Person","@id":"https:\/\/reveil-info.net\/#\/schema\/person\/ca0cc8e70088e0a2b5e92556c1ee60f5","name":"R\u00e9veil info","image":{"@type":"ImageObject","inLanguage":"fr-FR","@id":"https:\/\/secure.gravatar.com\/avatar\/e4ad5bb743c8b6cb174d9df6c7d30a8a16f6889731241345fc6444e6485f02af?s=96&d=mm&r=g","url":"https:\/\/secure.gravatar.com\/avatar\/e4ad5bb743c8b6cb174d9df6c7d30a8a16f6889731241345fc6444e6485f02af?s=96&d=mm&r=g","contentUrl":"https:\/\/secure.gravatar.com\/avatar\/e4ad5bb743c8b6cb174d9df6c7d30a8a16f6889731241345fc6444e6485f02af?s=96&d=mm&r=g","caption":"R\u00e9veil info"},"sameAs":["https:\/\/reveil-info.net"],"url":"https:\/\/reveil-info.net\/?author=1"}]}},"jetpack_featured_media_url":"","featured_image_urls":{"full":"","thumbnail":"","medium":"","medium_large":"","large":"","1536x1536":"","2048x2048":"","chromenews-featured":"","chromenews-large":"","chromenews-medium":""},"author_info":{"display_name":"R\u00e9veil info","author_link":"https:\/\/reveil-info.net\/?author=1"},"category_info":"<a href=\"https:\/\/reveil-info.net\/?cat=2\" rel=\"category\">Actualit\u00e9<\/a> <a href=\"https:\/\/reveil-info.net\/?cat=16\" rel=\"category\">Soci\u00e9t\u00e9<\/a>","tag_info":"Soci\u00e9t\u00e9","comment_count":"0","_links":{"self":[{"href":"https:\/\/reveil-info.net\/index.php?rest_route=\/wp\/v2\/posts\/44125","targetHints":{"allow":["GET"]}}],"collection":[{"href":"https:\/\/reveil-info.net\/index.php?rest_route=\/wp\/v2\/posts"}],"about":[{"href":"https:\/\/reveil-info.net\/index.php?rest_route=\/wp\/v2\/types\/post"}],"author":[{"embeddable":true,"href":"https:\/\/reveil-info.net\/index.php?rest_route=\/wp\/v2\/users\/1"}],"replies":[{"embeddable":true,"href":"https:\/\/reveil-info.net\/index.php?rest_route=%2Fwp%2Fv2%2Fcomments&post=44125"}],"version-history":[{"count":7,"href":"https:\/\/reveil-info.net\/index.php?rest_route=\/wp\/v2\/posts\/44125\/revisions"}],"predecessor-version":[{"id":44135,"href":"https:\/\/reveil-info.net\/index.php?rest_route=\/wp\/v2\/posts\/44125\/revisions\/44135"}],"wp:attachment":[{"href":"https:\/\/reveil-info.net\/index.php?rest_route=%2Fwp%2Fv2%2Fmedia&parent=44125"}],"wp:term":[{"taxonomy":"category","embeddable":true,"href":"https:\/\/reveil-info.net\/index.php?rest_route=%2Fwp%2Fv2%2Fcategories&post=44125"},{"taxonomy":"post_tag","embeddable":true,"href":"https:\/\/reveil-info.net\/index.php?rest_route=%2Fwp%2Fv2%2Ftags&post=44125"}],"curies":[{"name":"wp","href":"https:\/\/api.w.org\/{rel}","templated":true}]}}