{"id":44115,"date":"2026-02-18T11:40:19","date_gmt":"2026-02-18T11:40:19","guid":{"rendered":"https:\/\/reveil-info.net\/?p=44115"},"modified":"2026-02-18T11:40:19","modified_gmt":"2026-02-18T11:40:19","slug":"uab-cap-sur-lavenir-et-reconnaissance-des-annees-de-service","status":"publish","type":"post","link":"https:\/\/reveil-info.net\/?p=44115","title":{"rendered":"UAB: cap sur l&rsquo;avenir et reconnaissance des ann\u00e9es de service"},"content":{"rendered":"<p>Cap sur l\u2019avenir et reconnaissance des ann\u00e9es de service<\/p>\n<p><img loading=\"lazy\" decoding=\"async\" class=\"alignnone size-full wp-image-44118\" src=\"https:\/\/reveil-info.net\/wp-content\/uploads\/2026\/02\/1771414535226.jpg\" alt=\"\" width=\"720\" height=\"480\" srcset=\"https:\/\/reveil-info.net\/wp-content\/uploads\/2026\/02\/1771414535226.jpg 720w, https:\/\/reveil-info.net\/wp-content\/uploads\/2026\/02\/1771414535226-300x200.jpg 300w\" sizes=\"auto, (max-width: 720px) 100vw, 720px\" \/><\/p>\n<p>UAB Assurances a tenu son Assembl\u00e9e G\u00e9n\u00e9rale du Personnel \u00e0 Ouagadougou et \u00e0 Bobo Dioulasso r\u00e9unissant l\u2019ensemble des collaborateurs autour d\u2019un moment cl\u00e9 de la vie de l\u2019entreprise, plac\u00e9 sous le signe de la projection strat\u00e9gique, de la reconnaissance et du partage.<\/p>\n<p>La c\u00e9r\u00e9monie a d\u00e9but\u00e9 par l\u2019accueil, l\u2019installation des agents et l\u2019annonce du programme par le ma\u00eetre de c\u00e9r\u00e9monie. Ce rendez-vous annuel a \u00e9t\u00e9 marqu\u00e9 par la pr\u00e9sentation du Plan Strat\u00e9gique 2026-2028 par le Directeur G\u00e9n\u00e9ral du groupe UAB ASSURANCES, M. Jean Damasc\u00e8ne NIGNAN.<\/p>\n<p><img loading=\"lazy\" decoding=\"async\" class=\"alignnone size-full wp-image-44119\" src=\"https:\/\/reveil-info.net\/wp-content\/uploads\/2026\/02\/1771414539803.jpg\" alt=\"\" width=\"720\" height=\"480\" srcset=\"https:\/\/reveil-info.net\/wp-content\/uploads\/2026\/02\/1771414539803.jpg 720w, https:\/\/reveil-info.net\/wp-content\/uploads\/2026\/02\/1771414539803-300x200.jpg 300w\" sizes=\"auto, (max-width: 720px) 100vw, 720px\" \/><\/p>\n<p><img loading=\"lazy\" decoding=\"async\" class=\"alignnone size-full wp-image-44121\" src=\"https:\/\/reveil-info.net\/wp-content\/uploads\/2026\/02\/1771414550303.jpg\" alt=\"\" width=\"720\" height=\"480\" srcset=\"https:\/\/reveil-info.net\/wp-content\/uploads\/2026\/02\/1771414550303.jpg 720w, https:\/\/reveil-info.net\/wp-content\/uploads\/2026\/02\/1771414550303-300x200.jpg 300w\" sizes=\"auto, (max-width: 720px) 100vw, 720px\" \/><\/p>\n<p>\u00c0 travers cette communication, le Directeur G\u00e9n\u00e9ral a expos\u00e9 les grandes orientations strat\u00e9giques de l\u2019entreprise pour les ann\u00e9es \u00e0 venir, en mettant en lumi\u00e8re les priorit\u00e9s, les ambitions et les leviers de performance qui guideront UAB Assurances dans un environnement en constante \u00e9volution. Cette pr\u00e9sentation a permis de renforcer la compr\u00e9hension et l\u2019adh\u00e9sion du personnel autour d\u2019une vision commune.<\/p>\n<p>Un moment fort de la c\u00e9r\u00e9monie a ensuite \u00e9t\u00e9 consacr\u00e9 \u00e0 la reconnaissance des collaborateurs de Ouagadougou et de Bobo Dioulasso admis \u00e0 la retraite. \u00c0 cette occasion, la Direction G\u00e9n\u00e9rale leur a exprim\u00e9 sa profonde gratitude pour leur engagement, leur loyaut\u00e9 et leur contribution au d\u00e9veloppement et \u00e0 la solidit\u00e9 de l\u2019entreprise. Des attestations de reconnaissance ainsi que des pr\u00e9sents symboliques leur ont \u00e9t\u00e9 remis, en t\u00e9moignage des services rendus.<\/p>\n<p><img loading=\"lazy\" decoding=\"async\" class=\"alignnone size-full wp-image-44122\" src=\"https:\/\/reveil-info.net\/wp-content\/uploads\/2026\/02\/1771414546401.jpg\" alt=\"\" width=\"720\" height=\"480\" srcset=\"https:\/\/reveil-info.net\/wp-content\/uploads\/2026\/02\/1771414546401.jpg 720w, https:\/\/reveil-info.net\/wp-content\/uploads\/2026\/02\/1771414546401-300x200.jpg 300w\" sizes=\"auto, (max-width: 720px) 100vw, 720px\" \/><\/p>\n<p>Un repr\u00e9sentant des collaborateurs admis \u00e0 la retraite a pris la parole pour adresser des mots de remerciement \u00e0 la Direction G\u00e9n\u00e9rale et \u00e0 l\u2019ensemble du personnel, rappelant les valeurs de solidarit\u00e9 et de professionnalisme qui ont marqu\u00e9 leur parcours au sein de UAB Assurances. Ce moment solennel s\u2019est achev\u00e9 par une s\u00e9ance de prises de vue.<\/p>\n<p>La c\u00e9r\u00e9monie s\u2019est poursuivie dans une ambiance conviviale autour d\u2019un rafra\u00eechissement, offrant aux collaborateurs un cadre propice aux \u00e9changes et au renforcement des liens. Cette Assembl\u00e9e G\u00e9n\u00e9rale du Personnel a ainsi permis de conjuguer vision d\u2019avenir et reconnaissance du capital humain, r\u00e9affirmant l\u2019engagement de UAB Assurances \u00e0 placer ses collaborateurs au c\u0153ur de sa strat\u00e9gie et de sa r\u00e9ussite pour la satisfaction totale de sa client\u00e8le.<\/p>\n<p>UAB ASSURANCES, votre avenir, notre quotidien.<\/p>\n<p>Source :UAB Assurances<\/p>\n<p>Reveil-info<\/p>\n","protected":false},"excerpt":{"rendered":"<p>Cap sur l\u2019avenir et reconnaissance des ann\u00e9es de service UAB Assurances a tenu son Assembl\u00e9e<\/p>\n","protected":false},"author":1,"featured_media":0,"comment_status":"open","ping_status":"open","sticky":false,"template":"","format":"standard","meta":{"footnotes":""},"categories":[16],"tags":[],"class_list":["post-44115","post","type-post","status-publish","format-standard","hentry","category-societe"],"yoast_head":"<!-- This site is optimized with the Yoast SEO plugin v27.5 - https:\/\/yoast.com\/product\/yoast-seo-wordpress\/ -->\n<title>UAB: cap sur l&#039;avenir et reconnaissance des ann\u00e9es de service - R\u00e9veil Info<\/title>\n<meta name=\"robots\" content=\"noindex, follow, max-snippet:-1, max-image-preview:large, max-video-preview:-1\" \/>\n<meta property=\"og:locale\" content=\"fr_FR\" \/>\n<meta property=\"og:type\" content=\"article\" \/>\n<meta property=\"og:title\" content=\"UAB: cap sur l&#039;avenir et reconnaissance des ann\u00e9es de service - R\u00e9veil Info\" \/>\n<meta property=\"og:description\" content=\"Cap sur l\u2019avenir et reconnaissance des ann\u00e9es de service UAB Assurances a tenu son Assembl\u00e9e\" \/>\n<meta property=\"og:url\" content=\"https:\/\/reveil-info.net\/?p=44115\" \/>\n<meta property=\"og:site_name\" content=\"R\u00e9veil Info\" \/>\n<meta property=\"article:published_time\" content=\"2026-02-18T11:40:19+00:00\" \/>\n<meta property=\"og:image\" content=\"https:\/\/reveil-info.net\/wp-content\/uploads\/2026\/02\/1771414535226.jpg\" \/>\n\t<meta property=\"og:image:width\" content=\"720\" \/>\n\t<meta property=\"og:image:height\" content=\"480\" \/>\n\t<meta property=\"og:image:type\" content=\"image\/jpeg\" \/>\n<meta name=\"author\" content=\"R\u00e9veil info\" \/>\n<meta name=\"twitter:card\" content=\"summary_large_image\" \/>\n<meta name=\"twitter:label1\" content=\"\u00c9crit par\" \/>\n\t<meta name=\"twitter:data1\" content=\"R\u00e9veil info\" \/>\n\t<meta name=\"twitter:label2\" content=\"Dur\u00e9e de lecture estim\u00e9e\" \/>\n\t<meta name=\"twitter:data2\" content=\"3 minutes\" \/>\n<script type=\"application\/ld+json\" class=\"yoast-schema-graph\">{\"@context\":\"https:\\\/\\\/schema.org\",\"@graph\":[{\"@type\":\"Article\",\"@id\":\"https:\\\/\\\/reveil-info.net\\\/?p=44115#article\",\"isPartOf\":{\"@id\":\"https:\\\/\\\/reveil-info.net\\\/?p=44115\"},\"author\":{\"name\":\"R\u00e9veil info\",\"@id\":\"https:\\\/\\\/reveil-info.net\\\/#\\\/schema\\\/person\\\/ca0cc8e70088e0a2b5e92556c1ee60f5\"},\"headline\":\"UAB: cap sur l&rsquo;avenir et reconnaissance des ann\u00e9es de service\",\"datePublished\":\"2026-02-18T11:40:19+00:00\",\"mainEntityOfPage\":{\"@id\":\"https:\\\/\\\/reveil-info.net\\\/?p=44115\"},\"wordCount\":422,\"commentCount\":0,\"publisher\":{\"@id\":\"https:\\\/\\\/reveil-info.net\\\/#organization\"},\"image\":{\"@id\":\"https:\\\/\\\/reveil-info.net\\\/?p=44115#primaryimage\"},\"thumbnailUrl\":\"https:\\\/\\\/reveil-info.net\\\/wp-content\\\/uploads\\\/2026\\\/02\\\/1771414535226.jpg\",\"articleSection\":[\"Soci\u00e9t\u00e9\"],\"inLanguage\":\"fr-FR\",\"potentialAction\":[{\"@type\":\"CommentAction\",\"name\":\"Comment\",\"target\":[\"https:\\\/\\\/reveil-info.net\\\/?p=44115#respond\"]}]},{\"@type\":\"WebPage\",\"@id\":\"https:\\\/\\\/reveil-info.net\\\/?p=44115\",\"url\":\"https:\\\/\\\/reveil-info.net\\\/?p=44115\",\"name\":\"UAB: cap sur l'avenir et reconnaissance des ann\u00e9es de service - R\u00e9veil Info\",\"isPartOf\":{\"@id\":\"https:\\\/\\\/reveil-info.net\\\/#website\"},\"primaryImageOfPage\":{\"@id\":\"https:\\\/\\\/reveil-info.net\\\/?p=44115#primaryimage\"},\"image\":{\"@id\":\"https:\\\/\\\/reveil-info.net\\\/?p=44115#primaryimage\"},\"thumbnailUrl\":\"https:\\\/\\\/reveil-info.net\\\/wp-content\\\/uploads\\\/2026\\\/02\\\/1771414535226.jpg\",\"datePublished\":\"2026-02-18T11:40:19+00:00\",\"breadcrumb\":{\"@id\":\"https:\\\/\\\/reveil-info.net\\\/?p=44115#breadcrumb\"},\"inLanguage\":\"fr-FR\",\"potentialAction\":[{\"@type\":\"ReadAction\",\"target\":[\"https:\\\/\\\/reveil-info.net\\\/?p=44115\"]}]},{\"@type\":\"ImageObject\",\"inLanguage\":\"fr-FR\",\"@id\":\"https:\\\/\\\/reveil-info.net\\\/?p=44115#primaryimage\",\"url\":\"https:\\\/\\\/reveil-info.net\\\/wp-content\\\/uploads\\\/2026\\\/02\\\/1771414535226.jpg\",\"contentUrl\":\"https:\\\/\\\/reveil-info.net\\\/wp-content\\\/uploads\\\/2026\\\/02\\\/1771414535226.jpg\",\"width\":720,\"height\":480},{\"@type\":\"BreadcrumbList\",\"@id\":\"https:\\\/\\\/reveil-info.net\\\/?p=44115#breadcrumb\",\"itemListElement\":[{\"@type\":\"ListItem\",\"position\":1,\"name\":\"Home\",\"item\":\"https:\\\/\\\/reveil-info.net\\\/\"},{\"@type\":\"ListItem\",\"position\":2,\"name\":\"UAB: cap sur l&rsquo;avenir et reconnaissance des ann\u00e9es de service\"}]},{\"@type\":\"WebSite\",\"@id\":\"https:\\\/\\\/reveil-info.net\\\/#website\",\"url\":\"https:\\\/\\\/reveil-info.net\\\/\",\"name\":\"R\u00e9veil Info\",\"description\":\"Le devoir d&#039;informer!\",\"publisher\":{\"@id\":\"https:\\\/\\\/reveil-info.net\\\/#organization\"},\"potentialAction\":[{\"@type\":\"SearchAction\",\"target\":{\"@type\":\"EntryPoint\",\"urlTemplate\":\"https:\\\/\\\/reveil-info.net\\\/?s={search_term_string}\"},\"query-input\":{\"@type\":\"PropertyValueSpecification\",\"valueRequired\":true,\"valueName\":\"search_term_string\"}}],\"inLanguage\":\"fr-FR\"},{\"@type\":\"Organization\",\"@id\":\"https:\\\/\\\/reveil-info.net\\\/#organization\",\"name\":\"R\u00e9veil Info\",\"url\":\"https:\\\/\\\/reveil-info.net\\\/\",\"logo\":{\"@type\":\"ImageObject\",\"inLanguage\":\"fr-FR\",\"@id\":\"https:\\\/\\\/reveil-info.net\\\/#\\\/schema\\\/logo\\\/image\\\/\",\"url\":\"https:\\\/\\\/reveil-info.net\\\/wp-content\\\/uploads\\\/2024\\\/07\\\/bnddd1.jpg\",\"contentUrl\":\"https:\\\/\\\/reveil-info.net\\\/wp-content\\\/uploads\\\/2024\\\/07\\\/bnddd1.jpg\",\"width\":903,\"height\":125,\"caption\":\"R\u00e9veil Info\"},\"image\":{\"@id\":\"https:\\\/\\\/reveil-info.net\\\/#\\\/schema\\\/logo\\\/image\\\/\"}},{\"@type\":\"Person\",\"@id\":\"https:\\\/\\\/reveil-info.net\\\/#\\\/schema\\\/person\\\/ca0cc8e70088e0a2b5e92556c1ee60f5\",\"name\":\"R\u00e9veil info\",\"image\":{\"@type\":\"ImageObject\",\"inLanguage\":\"fr-FR\",\"@id\":\"https:\\\/\\\/secure.gravatar.com\\\/avatar\\\/e4ad5bb743c8b6cb174d9df6c7d30a8a16f6889731241345fc6444e6485f02af?s=96&d=mm&r=g\",\"url\":\"https:\\\/\\\/secure.gravatar.com\\\/avatar\\\/e4ad5bb743c8b6cb174d9df6c7d30a8a16f6889731241345fc6444e6485f02af?s=96&d=mm&r=g\",\"contentUrl\":\"https:\\\/\\\/secure.gravatar.com\\\/avatar\\\/e4ad5bb743c8b6cb174d9df6c7d30a8a16f6889731241345fc6444e6485f02af?s=96&d=mm&r=g\",\"caption\":\"R\u00e9veil info\"},\"sameAs\":[\"https:\\\/\\\/reveil-info.net\"],\"url\":\"https:\\\/\\\/reveil-info.net\\\/?author=1\"}]}<\/script>\n<!-- \/ Yoast SEO plugin. -->","yoast_head_json":{"title":"UAB: cap sur l'avenir et reconnaissance des ann\u00e9es de service - R\u00e9veil Info","robots":{"index":"noindex","follow":"follow","max-snippet":"max-snippet:-1","max-image-preview":"max-image-preview:large","max-video-preview":"max-video-preview:-1"},"og_locale":"fr_FR","og_type":"article","og_title":"UAB: cap sur l'avenir et reconnaissance des ann\u00e9es de service - R\u00e9veil Info","og_description":"Cap sur l\u2019avenir et reconnaissance des ann\u00e9es de service UAB Assurances a tenu son Assembl\u00e9e","og_url":"https:\/\/reveil-info.net\/?p=44115","og_site_name":"R\u00e9veil Info","article_published_time":"2026-02-18T11:40:19+00:00","og_image":[{"width":720,"height":480,"url":"https:\/\/reveil-info.net\/wp-content\/uploads\/2026\/02\/1771414535226.jpg","type":"image\/jpeg"}],"author":"R\u00e9veil info","twitter_card":"summary_large_image","twitter_misc":{"\u00c9crit par":"R\u00e9veil info","Dur\u00e9e de lecture estim\u00e9e":"3 minutes"},"schema":{"@context":"https:\/\/schema.org","@graph":[{"@type":"Article","@id":"https:\/\/reveil-info.net\/?p=44115#article","isPartOf":{"@id":"https:\/\/reveil-info.net\/?p=44115"},"author":{"name":"R\u00e9veil info","@id":"https:\/\/reveil-info.net\/#\/schema\/person\/ca0cc8e70088e0a2b5e92556c1ee60f5"},"headline":"UAB: cap sur l&rsquo;avenir et reconnaissance des ann\u00e9es de service","datePublished":"2026-02-18T11:40:19+00:00","mainEntityOfPage":{"@id":"https:\/\/reveil-info.net\/?p=44115"},"wordCount":422,"commentCount":0,"publisher":{"@id":"https:\/\/reveil-info.net\/#organization"},"image":{"@id":"https:\/\/reveil-info.net\/?p=44115#primaryimage"},"thumbnailUrl":"https:\/\/reveil-info.net\/wp-content\/uploads\/2026\/02\/1771414535226.jpg","articleSection":["Soci\u00e9t\u00e9"],"inLanguage":"fr-FR","potentialAction":[{"@type":"CommentAction","name":"Comment","target":["https:\/\/reveil-info.net\/?p=44115#respond"]}]},{"@type":"WebPage","@id":"https:\/\/reveil-info.net\/?p=44115","url":"https:\/\/reveil-info.net\/?p=44115","name":"UAB: cap sur l'avenir et reconnaissance des ann\u00e9es de service - R\u00e9veil Info","isPartOf":{"@id":"https:\/\/reveil-info.net\/#website"},"primaryImageOfPage":{"@id":"https:\/\/reveil-info.net\/?p=44115#primaryimage"},"image":{"@id":"https:\/\/reveil-info.net\/?p=44115#primaryimage"},"thumbnailUrl":"https:\/\/reveil-info.net\/wp-content\/uploads\/2026\/02\/1771414535226.jpg","datePublished":"2026-02-18T11:40:19+00:00","breadcrumb":{"@id":"https:\/\/reveil-info.net\/?p=44115#breadcrumb"},"inLanguage":"fr-FR","potentialAction":[{"@type":"ReadAction","target":["https:\/\/reveil-info.net\/?p=44115"]}]},{"@type":"ImageObject","inLanguage":"fr-FR","@id":"https:\/\/reveil-info.net\/?p=44115#primaryimage","url":"https:\/\/reveil-info.net\/wp-content\/uploads\/2026\/02\/1771414535226.jpg","contentUrl":"https:\/\/reveil-info.net\/wp-content\/uploads\/2026\/02\/1771414535226.jpg","width":720,"height":480},{"@type":"BreadcrumbList","@id":"https:\/\/reveil-info.net\/?p=44115#breadcrumb","itemListElement":[{"@type":"ListItem","position":1,"name":"Home","item":"https:\/\/reveil-info.net\/"},{"@type":"ListItem","position":2,"name":"UAB: cap sur l&rsquo;avenir et reconnaissance des ann\u00e9es de service"}]},{"@type":"WebSite","@id":"https:\/\/reveil-info.net\/#website","url":"https:\/\/reveil-info.net\/","name":"R\u00e9veil Info","description":"Le devoir d&#039;informer!","publisher":{"@id":"https:\/\/reveil-info.net\/#organization"},"potentialAction":[{"@type":"SearchAction","target":{"@type":"EntryPoint","urlTemplate":"https:\/\/reveil-info.net\/?s={search_term_string}"},"query-input":{"@type":"PropertyValueSpecification","valueRequired":true,"valueName":"search_term_string"}}],"inLanguage":"fr-FR"},{"@type":"Organization","@id":"https:\/\/reveil-info.net\/#organization","name":"R\u00e9veil Info","url":"https:\/\/reveil-info.net\/","logo":{"@type":"ImageObject","inLanguage":"fr-FR","@id":"https:\/\/reveil-info.net\/#\/schema\/logo\/image\/","url":"https:\/\/reveil-info.net\/wp-content\/uploads\/2024\/07\/bnddd1.jpg","contentUrl":"https:\/\/reveil-info.net\/wp-content\/uploads\/2024\/07\/bnddd1.jpg","width":903,"height":125,"caption":"R\u00e9veil Info"},"image":{"@id":"https:\/\/reveil-info.net\/#\/schema\/logo\/image\/"}},{"@type":"Person","@id":"https:\/\/reveil-info.net\/#\/schema\/person\/ca0cc8e70088e0a2b5e92556c1ee60f5","name":"R\u00e9veil info","image":{"@type":"ImageObject","inLanguage":"fr-FR","@id":"https:\/\/secure.gravatar.com\/avatar\/e4ad5bb743c8b6cb174d9df6c7d30a8a16f6889731241345fc6444e6485f02af?s=96&d=mm&r=g","url":"https:\/\/secure.gravatar.com\/avatar\/e4ad5bb743c8b6cb174d9df6c7d30a8a16f6889731241345fc6444e6485f02af?s=96&d=mm&r=g","contentUrl":"https:\/\/secure.gravatar.com\/avatar\/e4ad5bb743c8b6cb174d9df6c7d30a8a16f6889731241345fc6444e6485f02af?s=96&d=mm&r=g","caption":"R\u00e9veil info"},"sameAs":["https:\/\/reveil-info.net"],"url":"https:\/\/reveil-info.net\/?author=1"}]}},"jetpack_featured_media_url":"","featured_image_urls":{"full":"","thumbnail":"","medium":"","medium_large":"","large":"","1536x1536":"","2048x2048":"","chromenews-featured":"","chromenews-large":"","chromenews-medium":""},"author_info":{"display_name":"R\u00e9veil info","author_link":"https:\/\/reveil-info.net\/?author=1"},"category_info":"<a href=\"https:\/\/reveil-info.net\/?cat=16\" rel=\"category\">Soci\u00e9t\u00e9<\/a>","tag_info":"Soci\u00e9t\u00e9","comment_count":"0","_links":{"self":[{"href":"https:\/\/reveil-info.net\/index.php?rest_route=\/wp\/v2\/posts\/44115","targetHints":{"allow":["GET"]}}],"collection":[{"href":"https:\/\/reveil-info.net\/index.php?rest_route=\/wp\/v2\/posts"}],"about":[{"href":"https:\/\/reveil-info.net\/index.php?rest_route=\/wp\/v2\/types\/post"}],"author":[{"embeddable":true,"href":"https:\/\/reveil-info.net\/index.php?rest_route=\/wp\/v2\/users\/1"}],"replies":[{"embeddable":true,"href":"https:\/\/reveil-info.net\/index.php?rest_route=%2Fwp%2Fv2%2Fcomments&post=44115"}],"version-history":[{"count":5,"href":"https:\/\/reveil-info.net\/index.php?rest_route=\/wp\/v2\/posts\/44115\/revisions"}],"predecessor-version":[{"id":44124,"href":"https:\/\/reveil-info.net\/index.php?rest_route=\/wp\/v2\/posts\/44115\/revisions\/44124"}],"wp:attachment":[{"href":"https:\/\/reveil-info.net\/index.php?rest_route=%2Fwp%2Fv2%2Fmedia&parent=44115"}],"wp:term":[{"taxonomy":"category","embeddable":true,"href":"https:\/\/reveil-info.net\/index.php?rest_route=%2Fwp%2Fv2%2Fcategories&post=44115"},{"taxonomy":"post_tag","embeddable":true,"href":"https:\/\/reveil-info.net\/index.php?rest_route=%2Fwp%2Fv2%2Ftags&post=44115"}],"curies":[{"name":"wp","href":"https:\/\/api.w.org\/{rel}","templated":true}]}}