{"id":44102,"date":"2026-02-18T09:17:43","date_gmt":"2026-02-18T09:17:43","guid":{"rendered":"https:\/\/reveil-info.net\/?p=44102"},"modified":"2026-02-18T09:17:43","modified_gmt":"2026-02-18T09:17:43","slug":"au-palais-de-justice-meurtre-dun-vieillard-il-pourrait-passer-le-restant-de-sa-vie-en-prison","status":"publish","type":"post","link":"https:\/\/reveil-info.net\/?p=44102","title":{"rendered":"Au palais de justice &#8211; meurtre d&rsquo;un vieillard : il pourrait passer le restant de sa vie en prison"},"content":{"rendered":"<p>R\u00e9cit d&rsquo;un proc\u00e8s : il pourrait passer le restant de sa vie en taule pour le meurtre d\u2019un vieillard<\/p>\n<p><img loading=\"lazy\" decoding=\"async\" class=\"alignnone size-full wp-image-44105\" src=\"https:\/\/reveil-info.net\/wp-content\/uploads\/2026\/02\/1771406061840.jpg\" alt=\"\" width=\"720\" height=\"482\" srcset=\"https:\/\/reveil-info.net\/wp-content\/uploads\/2026\/02\/1771406061840.jpg 720w, https:\/\/reveil-info.net\/wp-content\/uploads\/2026\/02\/1771406061840-300x201.jpg 300w\" sizes=\"auto, (max-width: 720px) 100vw, 720px\" \/><\/p>\n<p>Gafourou (nom d&#8217;emprunt),la quarantaine, a comparu devant la chambre criminelle du TGI de Bobo-Dioulasso, le lundi 09 f\u00e9vrier 2026. Il est accus\u00e9 d\u2019avoir \u00f4t\u00e9 la vie \u00e0 un septuag\u00e9naire dans le d\u00e9partement de F\u00f4.<\/p>\n<p>Le 15 avril 2024, un cas de meurtre a \u00e9t\u00e9 signal\u00e9 non loin du village de Solinkoro dans le d\u00e9partement de F\u00f4. Des faits, il ressort que Brama (nom d&#8217;emprunt), \u00e2g\u00e9 de 75 ans, aurait \u00e9t\u00e9 pris dans le cadre d\u2019une pr\u00e9somption de complicit\u00e9 avec les terroristes dans la zone. Il a \u00e9t\u00e9 conduit dans la base des VDP pour des enqu\u00eates. Apr\u00e8s, il \u00e9t\u00e9 \u00e9tabli qu\u2019il n\u2019y a rien contre lui. Il \u00e9tait question alors de le ramener dans son village d\u2019origine. Ainsi, le chef VDP aurait d\u00e9sign\u00e9 Gafourou et une autre personne Seydou (nom d&#8217;emprunt)deux jeunes qui se sont port\u00e9s volontaires pour d\u00e9fendre leur zone contre les agressions terroristes pour ramener Brama. Sur sa moto,Gafourou remorqua le vieillard tandis que l&rsquo;autre les suivait. En cours de chemin, une vive altercation s\u2019est \u00e9clat\u00e9e entre Gafourou et Brama.C\u2019est ainsi qu\u2019un coup de feu serait parti causant la mort du septuag\u00e9naire. Une information judiciaire a \u00e9t\u00e9 ouverte. Le mis en cause Gafourou \u00e9t\u00e9 mis aux arr\u00eats pour assassinat et Seydou pour complicit\u00e9 d\u2019assassinat .<\/p>\n<p>\u00c0 la barre<\/p>\n<p>L\u2019accus\u00e9 reconna\u00eet partiellement les faits. \u00ab En son temps, nous \u00e9tions dans une zone sous menace terroriste. Entre temps, les autorit\u00e9s nous ont autoris\u00e9 \u00e0 augmenter le nombre de volontaires pour d\u00e9fendre la localit\u00e9. Je me suis port\u00e9 volontaire. Je portais un fusil de chasse calibre 12. Avant les faits, il y a eu une attaque dans la zone. Nous sommes all\u00e9s trouver que les terroristes avaient d\u00e9j\u00e0 pris la fuite. Par la suite, un suspect a \u00e9t\u00e9 arr\u00eat\u00e9 et conduit \u00e0 la base des VDP. Apr\u00e8s enqu\u00eates, rien ne lui a \u00e9t\u00e9 reproch\u00e9. Seydou et moi, ont \u00e9t\u00e9 d\u00e9sign\u00e9s pour le d\u00e9poser dans son village \u00e0 Solinkoro. En partant, je l\u2019ai remorqu\u00e9 \u00e0 moto. Il a voulu retirer mon arme pendant que je roulais. C\u2019est ainsi que le coup de fusil est parti et il a perdu la vie. Je n\u2019avais pas l\u2019intention de lui \u00f4ter la vie \u00bb, a relat\u00e9 le principal accus\u00e9 \u00e0 la barre. Seydou, poursuivi pour complicit\u00e9, n\u2019a pas comparu \u00e0 l\u2019audience. Il a d\u00e9clar\u00e9 en enqu\u00eate de Police que \u00ab je suivais Gafourou \u00e0 moto le jour des faits pour ramener la victime \u00e0 Solinkoro. Entre temps, j\u2019ai vu que les deux ont engag\u00e9s une lutte et cela s\u2019est sold\u00e9 par un coup de fusil causant ainsi la mort de la victime.Le temps que j\u2019arrive sur les lieux, l\u2019irr\u00e9parable \u00e9tait d\u00e9j\u00e0 commis \u00bb.<br \/>\nLe juge a pos\u00e9 deux questions \u00e0 l\u2019accus\u00e9, \u00e0 savoir qui a \u00f4t\u00e9 la vie \u00e0 Brama ? Et comment il a \u00e9t\u00e9 tu\u00e9 ?<br \/>\n&#8211; \u00ab C\u2019est moi \u00bb, r\u00e9pond l&rsquo;accus\u00e9 \u00e0 la premi\u00e8re question.<br \/>\nEn r\u00e9ponse \u00e0 la deuxi\u00e8me question, il dit ceci :<br \/>\n-\u00ab on m\u2019a dit de le conduire dans son village. En cours de route, il a attrap\u00e9 mon fusil pendant que nous \u00e9tions sur la moto. En voulant me d\u00e9fendre, un coup de fusil l\u2019a atteint mortellement. Il est tomb\u00e9. J\u2019ai tent\u00e9 de le soulever mais il \u00e9tait d\u00e9j\u00e0 mort \u00bb. Les ayants droits de la victime notamment ses enfants, n\u2019ont rien r\u00e9clam\u00e9 au titre des dommages et int\u00e9r\u00eats.<\/p>\n<p>R\u00e9quisitions<\/p>\n<p>Apr\u00e8s les d\u00e9bats, le parquet a retenu l\u2019infraction d\u2019assassinat contre l\u2019accus\u00e9 . Il a requis l\u2019emprisonnement \u00e0 vie contre lui. Le minist\u00e8re public a requis la relaxe au profit du pr\u00e9sum\u00e9 complice pour infraction non constitu\u00e9e. En outre, le parquet demande la confiscation du scell\u00e9 compos\u00e9 le fusil de chasse calibre 12.<\/p>\n<p>Avocat de la d\u00e9fense<\/p>\n<p>Selon Ma\u00eetre Ramd\u00e9, \u00ab le crime n\u2019a pas \u00e9t\u00e9 commis avec pr\u00e9m\u00e9ditation. C\u2019est le chef VDP qui a d\u00e9sign\u00e9 mon client pour aller d\u00e9poser la victime. Il n\u2019y a pas de preuves pour d\u00e9montrer que la victime \u00e9tait ligot\u00e9e et son visage ferm\u00e9 au moment o\u00f9 l&rsquo;accus\u00e9 conduisait la victime dans son village \u00bb. \u00ab Il n\u2019y a pas eu de rapport balistique dans ce dossier. C\u2019est regrettable qu\u2019il y ait eu mort d\u2019homme dans cette affaire. Mon client n\u2019a pas eu l\u2019intention de donner la mort. Il pensait que la victime voulait aussi s\u2019en prendre \u00e0 lui. C\u2019est en luttant que le coup de fusil est parti \u00bb, a soulign\u00e9 l\u2019avocat de la d\u00e9fense. \u00c0 la fin de ses plaidoiries, Ma\u00eetre Ramd\u00e9 demande au tribunal de requalifier ces faits d\u2019assassinat en homicide involontaire.<br \/>\nLe tribunal a mis le dossier en d\u00e9lib\u00e9r\u00e9. La d\u00e9cision sera connue le 23 f\u00e9vrier 2026.<\/p>\n<p>Source : L&rsquo;Express du Faso<\/p>\n<p>Justice Infos Burkina<br \/>\nReveil-info<\/p>\n","protected":false},"excerpt":{"rendered":"<p>R\u00e9cit d&rsquo;un proc\u00e8s : il pourrait passer le restant de sa vie en taule pour<\/p>\n","protected":false},"author":1,"featured_media":0,"comment_status":"open","ping_status":"open","sticky":false,"template":"","format":"standard","meta":{"footnotes":""},"categories":[2],"tags":[],"class_list":["post-44102","post","type-post","status-publish","format-standard","hentry","category-actu"],"yoast_head":"<!-- This site is optimized with the Yoast SEO plugin v27.5 - https:\/\/yoast.com\/product\/yoast-seo-wordpress\/ -->\n<title>Au palais de justice - meurtre d&#039;un vieillard : il pourrait passer le restant de sa vie en prison - R\u00e9veil Info<\/title>\n<meta name=\"robots\" content=\"noindex, follow, max-snippet:-1, max-image-preview:large, max-video-preview:-1\" \/>\n<meta property=\"og:locale\" content=\"fr_FR\" \/>\n<meta property=\"og:type\" content=\"article\" \/>\n<meta property=\"og:title\" content=\"Au palais de justice - meurtre d&#039;un vieillard : il pourrait passer le restant de sa vie en prison - R\u00e9veil Info\" \/>\n<meta property=\"og:description\" content=\"R\u00e9cit d&rsquo;un proc\u00e8s : il pourrait passer le restant de sa vie en taule pour\" \/>\n<meta property=\"og:url\" content=\"https:\/\/reveil-info.net\/?p=44102\" \/>\n<meta property=\"og:site_name\" content=\"R\u00e9veil Info\" \/>\n<meta property=\"article:published_time\" content=\"2026-02-18T09:17:43+00:00\" \/>\n<meta property=\"og:image\" content=\"https:\/\/reveil-info.net\/wp-content\/uploads\/2026\/02\/1771406061840.jpg\" \/>\n\t<meta property=\"og:image:width\" content=\"720\" \/>\n\t<meta property=\"og:image:height\" content=\"482\" \/>\n\t<meta property=\"og:image:type\" content=\"image\/jpeg\" \/>\n<meta name=\"author\" content=\"R\u00e9veil info\" \/>\n<meta name=\"twitter:card\" content=\"summary_large_image\" \/>\n<meta name=\"twitter:label1\" content=\"\u00c9crit par\" \/>\n\t<meta name=\"twitter:data1\" content=\"R\u00e9veil info\" \/>\n\t<meta name=\"twitter:label2\" content=\"Dur\u00e9e de lecture estim\u00e9e\" \/>\n\t<meta name=\"twitter:data2\" content=\"5 minutes\" \/>\n<script type=\"application\/ld+json\" class=\"yoast-schema-graph\">{\"@context\":\"https:\\\/\\\/schema.org\",\"@graph\":[{\"@type\":\"Article\",\"@id\":\"https:\\\/\\\/reveil-info.net\\\/?p=44102#article\",\"isPartOf\":{\"@id\":\"https:\\\/\\\/reveil-info.net\\\/?p=44102\"},\"author\":{\"name\":\"R\u00e9veil info\",\"@id\":\"https:\\\/\\\/reveil-info.net\\\/#\\\/schema\\\/person\\\/ca0cc8e70088e0a2b5e92556c1ee60f5\"},\"headline\":\"Au palais de justice &#8211; meurtre d&rsquo;un vieillard : il pourrait passer le restant de sa vie en prison\",\"datePublished\":\"2026-02-18T09:17:43+00:00\",\"mainEntityOfPage\":{\"@id\":\"https:\\\/\\\/reveil-info.net\\\/?p=44102\"},\"wordCount\":880,\"commentCount\":0,\"publisher\":{\"@id\":\"https:\\\/\\\/reveil-info.net\\\/#organization\"},\"image\":{\"@id\":\"https:\\\/\\\/reveil-info.net\\\/?p=44102#primaryimage\"},\"thumbnailUrl\":\"https:\\\/\\\/reveil-info.net\\\/wp-content\\\/uploads\\\/2026\\\/02\\\/1771406061840.jpg\",\"articleSection\":[\"Actualit\u00e9\"],\"inLanguage\":\"fr-FR\",\"potentialAction\":[{\"@type\":\"CommentAction\",\"name\":\"Comment\",\"target\":[\"https:\\\/\\\/reveil-info.net\\\/?p=44102#respond\"]}]},{\"@type\":\"WebPage\",\"@id\":\"https:\\\/\\\/reveil-info.net\\\/?p=44102\",\"url\":\"https:\\\/\\\/reveil-info.net\\\/?p=44102\",\"name\":\"Au palais de justice - meurtre d'un vieillard : il pourrait passer le restant de sa vie en prison - R\u00e9veil Info\",\"isPartOf\":{\"@id\":\"https:\\\/\\\/reveil-info.net\\\/#website\"},\"primaryImageOfPage\":{\"@id\":\"https:\\\/\\\/reveil-info.net\\\/?p=44102#primaryimage\"},\"image\":{\"@id\":\"https:\\\/\\\/reveil-info.net\\\/?p=44102#primaryimage\"},\"thumbnailUrl\":\"https:\\\/\\\/reveil-info.net\\\/wp-content\\\/uploads\\\/2026\\\/02\\\/1771406061840.jpg\",\"datePublished\":\"2026-02-18T09:17:43+00:00\",\"breadcrumb\":{\"@id\":\"https:\\\/\\\/reveil-info.net\\\/?p=44102#breadcrumb\"},\"inLanguage\":\"fr-FR\",\"potentialAction\":[{\"@type\":\"ReadAction\",\"target\":[\"https:\\\/\\\/reveil-info.net\\\/?p=44102\"]}]},{\"@type\":\"ImageObject\",\"inLanguage\":\"fr-FR\",\"@id\":\"https:\\\/\\\/reveil-info.net\\\/?p=44102#primaryimage\",\"url\":\"https:\\\/\\\/reveil-info.net\\\/wp-content\\\/uploads\\\/2026\\\/02\\\/1771406061840.jpg\",\"contentUrl\":\"https:\\\/\\\/reveil-info.net\\\/wp-content\\\/uploads\\\/2026\\\/02\\\/1771406061840.jpg\",\"width\":720,\"height\":482},{\"@type\":\"BreadcrumbList\",\"@id\":\"https:\\\/\\\/reveil-info.net\\\/?p=44102#breadcrumb\",\"itemListElement\":[{\"@type\":\"ListItem\",\"position\":1,\"name\":\"Home\",\"item\":\"https:\\\/\\\/reveil-info.net\\\/\"},{\"@type\":\"ListItem\",\"position\":2,\"name\":\"Au palais de justice &#8211; meurtre d&rsquo;un vieillard : il pourrait passer le restant de sa vie en prison\"}]},{\"@type\":\"WebSite\",\"@id\":\"https:\\\/\\\/reveil-info.net\\\/#website\",\"url\":\"https:\\\/\\\/reveil-info.net\\\/\",\"name\":\"R\u00e9veil Info\",\"description\":\"Le devoir d&#039;informer!\",\"publisher\":{\"@id\":\"https:\\\/\\\/reveil-info.net\\\/#organization\"},\"potentialAction\":[{\"@type\":\"SearchAction\",\"target\":{\"@type\":\"EntryPoint\",\"urlTemplate\":\"https:\\\/\\\/reveil-info.net\\\/?s={search_term_string}\"},\"query-input\":{\"@type\":\"PropertyValueSpecification\",\"valueRequired\":true,\"valueName\":\"search_term_string\"}}],\"inLanguage\":\"fr-FR\"},{\"@type\":\"Organization\",\"@id\":\"https:\\\/\\\/reveil-info.net\\\/#organization\",\"name\":\"R\u00e9veil Info\",\"url\":\"https:\\\/\\\/reveil-info.net\\\/\",\"logo\":{\"@type\":\"ImageObject\",\"inLanguage\":\"fr-FR\",\"@id\":\"https:\\\/\\\/reveil-info.net\\\/#\\\/schema\\\/logo\\\/image\\\/\",\"url\":\"https:\\\/\\\/reveil-info.net\\\/wp-content\\\/uploads\\\/2024\\\/07\\\/bnddd1.jpg\",\"contentUrl\":\"https:\\\/\\\/reveil-info.net\\\/wp-content\\\/uploads\\\/2024\\\/07\\\/bnddd1.jpg\",\"width\":903,\"height\":125,\"caption\":\"R\u00e9veil Info\"},\"image\":{\"@id\":\"https:\\\/\\\/reveil-info.net\\\/#\\\/schema\\\/logo\\\/image\\\/\"}},{\"@type\":\"Person\",\"@id\":\"https:\\\/\\\/reveil-info.net\\\/#\\\/schema\\\/person\\\/ca0cc8e70088e0a2b5e92556c1ee60f5\",\"name\":\"R\u00e9veil info\",\"image\":{\"@type\":\"ImageObject\",\"inLanguage\":\"fr-FR\",\"@id\":\"https:\\\/\\\/secure.gravatar.com\\\/avatar\\\/e4ad5bb743c8b6cb174d9df6c7d30a8a16f6889731241345fc6444e6485f02af?s=96&d=mm&r=g\",\"url\":\"https:\\\/\\\/secure.gravatar.com\\\/avatar\\\/e4ad5bb743c8b6cb174d9df6c7d30a8a16f6889731241345fc6444e6485f02af?s=96&d=mm&r=g\",\"contentUrl\":\"https:\\\/\\\/secure.gravatar.com\\\/avatar\\\/e4ad5bb743c8b6cb174d9df6c7d30a8a16f6889731241345fc6444e6485f02af?s=96&d=mm&r=g\",\"caption\":\"R\u00e9veil info\"},\"sameAs\":[\"https:\\\/\\\/reveil-info.net\"],\"url\":\"https:\\\/\\\/reveil-info.net\\\/?author=1\"}]}<\/script>\n<!-- \/ Yoast SEO plugin. -->","yoast_head_json":{"title":"Au palais de justice - meurtre d'un vieillard : il pourrait passer le restant de sa vie en prison - R\u00e9veil Info","robots":{"index":"noindex","follow":"follow","max-snippet":"max-snippet:-1","max-image-preview":"max-image-preview:large","max-video-preview":"max-video-preview:-1"},"og_locale":"fr_FR","og_type":"article","og_title":"Au palais de justice - meurtre d'un vieillard : il pourrait passer le restant de sa vie en prison - R\u00e9veil Info","og_description":"R\u00e9cit d&rsquo;un proc\u00e8s : il pourrait passer le restant de sa vie en taule pour","og_url":"https:\/\/reveil-info.net\/?p=44102","og_site_name":"R\u00e9veil Info","article_published_time":"2026-02-18T09:17:43+00:00","og_image":[{"width":720,"height":482,"url":"https:\/\/reveil-info.net\/wp-content\/uploads\/2026\/02\/1771406061840.jpg","type":"image\/jpeg"}],"author":"R\u00e9veil info","twitter_card":"summary_large_image","twitter_misc":{"\u00c9crit par":"R\u00e9veil info","Dur\u00e9e de lecture estim\u00e9e":"5 minutes"},"schema":{"@context":"https:\/\/schema.org","@graph":[{"@type":"Article","@id":"https:\/\/reveil-info.net\/?p=44102#article","isPartOf":{"@id":"https:\/\/reveil-info.net\/?p=44102"},"author":{"name":"R\u00e9veil info","@id":"https:\/\/reveil-info.net\/#\/schema\/person\/ca0cc8e70088e0a2b5e92556c1ee60f5"},"headline":"Au palais de justice &#8211; meurtre d&rsquo;un vieillard : il pourrait passer le restant de sa vie en prison","datePublished":"2026-02-18T09:17:43+00:00","mainEntityOfPage":{"@id":"https:\/\/reveil-info.net\/?p=44102"},"wordCount":880,"commentCount":0,"publisher":{"@id":"https:\/\/reveil-info.net\/#organization"},"image":{"@id":"https:\/\/reveil-info.net\/?p=44102#primaryimage"},"thumbnailUrl":"https:\/\/reveil-info.net\/wp-content\/uploads\/2026\/02\/1771406061840.jpg","articleSection":["Actualit\u00e9"],"inLanguage":"fr-FR","potentialAction":[{"@type":"CommentAction","name":"Comment","target":["https:\/\/reveil-info.net\/?p=44102#respond"]}]},{"@type":"WebPage","@id":"https:\/\/reveil-info.net\/?p=44102","url":"https:\/\/reveil-info.net\/?p=44102","name":"Au palais de justice - meurtre d'un vieillard : il pourrait passer le restant de sa vie en prison - R\u00e9veil Info","isPartOf":{"@id":"https:\/\/reveil-info.net\/#website"},"primaryImageOfPage":{"@id":"https:\/\/reveil-info.net\/?p=44102#primaryimage"},"image":{"@id":"https:\/\/reveil-info.net\/?p=44102#primaryimage"},"thumbnailUrl":"https:\/\/reveil-info.net\/wp-content\/uploads\/2026\/02\/1771406061840.jpg","datePublished":"2026-02-18T09:17:43+00:00","breadcrumb":{"@id":"https:\/\/reveil-info.net\/?p=44102#breadcrumb"},"inLanguage":"fr-FR","potentialAction":[{"@type":"ReadAction","target":["https:\/\/reveil-info.net\/?p=44102"]}]},{"@type":"ImageObject","inLanguage":"fr-FR","@id":"https:\/\/reveil-info.net\/?p=44102#primaryimage","url":"https:\/\/reveil-info.net\/wp-content\/uploads\/2026\/02\/1771406061840.jpg","contentUrl":"https:\/\/reveil-info.net\/wp-content\/uploads\/2026\/02\/1771406061840.jpg","width":720,"height":482},{"@type":"BreadcrumbList","@id":"https:\/\/reveil-info.net\/?p=44102#breadcrumb","itemListElement":[{"@type":"ListItem","position":1,"name":"Home","item":"https:\/\/reveil-info.net\/"},{"@type":"ListItem","position":2,"name":"Au palais de justice &#8211; meurtre d&rsquo;un vieillard : il pourrait passer le restant de sa vie en prison"}]},{"@type":"WebSite","@id":"https:\/\/reveil-info.net\/#website","url":"https:\/\/reveil-info.net\/","name":"R\u00e9veil Info","description":"Le devoir d&#039;informer!","publisher":{"@id":"https:\/\/reveil-info.net\/#organization"},"potentialAction":[{"@type":"SearchAction","target":{"@type":"EntryPoint","urlTemplate":"https:\/\/reveil-info.net\/?s={search_term_string}"},"query-input":{"@type":"PropertyValueSpecification","valueRequired":true,"valueName":"search_term_string"}}],"inLanguage":"fr-FR"},{"@type":"Organization","@id":"https:\/\/reveil-info.net\/#organization","name":"R\u00e9veil Info","url":"https:\/\/reveil-info.net\/","logo":{"@type":"ImageObject","inLanguage":"fr-FR","@id":"https:\/\/reveil-info.net\/#\/schema\/logo\/image\/","url":"https:\/\/reveil-info.net\/wp-content\/uploads\/2024\/07\/bnddd1.jpg","contentUrl":"https:\/\/reveil-info.net\/wp-content\/uploads\/2024\/07\/bnddd1.jpg","width":903,"height":125,"caption":"R\u00e9veil Info"},"image":{"@id":"https:\/\/reveil-info.net\/#\/schema\/logo\/image\/"}},{"@type":"Person","@id":"https:\/\/reveil-info.net\/#\/schema\/person\/ca0cc8e70088e0a2b5e92556c1ee60f5","name":"R\u00e9veil info","image":{"@type":"ImageObject","inLanguage":"fr-FR","@id":"https:\/\/secure.gravatar.com\/avatar\/e4ad5bb743c8b6cb174d9df6c7d30a8a16f6889731241345fc6444e6485f02af?s=96&d=mm&r=g","url":"https:\/\/secure.gravatar.com\/avatar\/e4ad5bb743c8b6cb174d9df6c7d30a8a16f6889731241345fc6444e6485f02af?s=96&d=mm&r=g","contentUrl":"https:\/\/secure.gravatar.com\/avatar\/e4ad5bb743c8b6cb174d9df6c7d30a8a16f6889731241345fc6444e6485f02af?s=96&d=mm&r=g","caption":"R\u00e9veil info"},"sameAs":["https:\/\/reveil-info.net"],"url":"https:\/\/reveil-info.net\/?author=1"}]}},"jetpack_featured_media_url":"","featured_image_urls":{"full":"","thumbnail":"","medium":"","medium_large":"","large":"","1536x1536":"","2048x2048":"","chromenews-featured":"","chromenews-large":"","chromenews-medium":""},"author_info":{"display_name":"R\u00e9veil info","author_link":"https:\/\/reveil-info.net\/?author=1"},"category_info":"<a href=\"https:\/\/reveil-info.net\/?cat=2\" rel=\"category\">Actualit\u00e9<\/a>","tag_info":"Actualit\u00e9","comment_count":"0","_links":{"self":[{"href":"https:\/\/reveil-info.net\/index.php?rest_route=\/wp\/v2\/posts\/44102","targetHints":{"allow":["GET"]}}],"collection":[{"href":"https:\/\/reveil-info.net\/index.php?rest_route=\/wp\/v2\/posts"}],"about":[{"href":"https:\/\/reveil-info.net\/index.php?rest_route=\/wp\/v2\/types\/post"}],"author":[{"embeddable":true,"href":"https:\/\/reveil-info.net\/index.php?rest_route=\/wp\/v2\/users\/1"}],"replies":[{"embeddable":true,"href":"https:\/\/reveil-info.net\/index.php?rest_route=%2Fwp%2Fv2%2Fcomments&post=44102"}],"version-history":[{"count":3,"href":"https:\/\/reveil-info.net\/index.php?rest_route=\/wp\/v2\/posts\/44102\/revisions"}],"predecessor-version":[{"id":44106,"href":"https:\/\/reveil-info.net\/index.php?rest_route=\/wp\/v2\/posts\/44102\/revisions\/44106"}],"wp:attachment":[{"href":"https:\/\/reveil-info.net\/index.php?rest_route=%2Fwp%2Fv2%2Fmedia&parent=44102"}],"wp:term":[{"taxonomy":"category","embeddable":true,"href":"https:\/\/reveil-info.net\/index.php?rest_route=%2Fwp%2Fv2%2Fcategories&post=44102"},{"taxonomy":"post_tag","embeddable":true,"href":"https:\/\/reveil-info.net\/index.php?rest_route=%2Fwp%2Fv2%2Ftags&post=44102"}],"curies":[{"name":"wp","href":"https:\/\/api.w.org\/{rel}","templated":true}]}}