{"id":44067,"date":"2026-02-17T21:25:20","date_gmt":"2026-02-17T21:25:20","guid":{"rendered":"https:\/\/reveil-info.net\/?p=44067"},"modified":"2026-02-17T21:35:57","modified_gmt":"2026-02-17T21:35:57","slug":"cooperation-institutionnelle-bassolma-bazie-chez-le-ministre-pingdwende","status":"publish","type":"post","link":"https:\/\/reveil-info.net\/?p=44067","title":{"rendered":"Coop\u00e9ration institutionnelle : le ministre Pingdwend\u00e9 chez Bassolma Bazi\u00e9"},"content":{"rendered":"<p>Coop\u00e9ration institutionnelle : le MCCAT chez le Pr\u00e9sident de la Commission nationale de la Conf\u00e9d\u00e9ration des Etats du Sahel<\/p>\n<p><img loading=\"lazy\" decoding=\"async\" class=\"alignnone size-full wp-image-44069\" src=\"https:\/\/reveil-info.net\/wp-content\/uploads\/2026\/02\/1771363232117.jpg\" alt=\"\" width=\"720\" height=\"608\" srcset=\"https:\/\/reveil-info.net\/wp-content\/uploads\/2026\/02\/1771363232117.jpg 720w, https:\/\/reveil-info.net\/wp-content\/uploads\/2026\/02\/1771363232117-300x253.jpg 300w\" sizes=\"auto, (max-width: 720px) 100vw, 720px\" \/><\/p>\n<p>Dans le cadre du renforcement de la coordination institutionnelle autour de la dynamique conf\u00e9d\u00e9rale, le Ministre de la Communication, de la Culture, des Arts et du Tourisme, Pingdwend\u00e9 Gilbert OU\u00c9DRAOGO, a \u00e9t\u00e9 re\u00e7u en audience, ce mardi 17 f\u00e9vrier 2026, par le Pr\u00e9sident de la Commission nationale de la Conf\u00e9d\u00e9ration des \u00c9tats du Sahel (CN-CES), Bassolma BAZI\u00c9.<\/p>\n<p><img loading=\"lazy\" decoding=\"async\" class=\"alignnone size-full wp-image-44070\" src=\"https:\/\/reveil-info.net\/wp-content\/uploads\/2026\/02\/1771363239310.jpg\" alt=\"\" width=\"720\" height=\"724\" srcset=\"https:\/\/reveil-info.net\/wp-content\/uploads\/2026\/02\/1771363239310.jpg 720w, https:\/\/reveil-info.net\/wp-content\/uploads\/2026\/02\/1771363239310-298x300.jpg 298w, https:\/\/reveil-info.net\/wp-content\/uploads\/2026\/02\/1771363239310-150x150.jpg 150w\" sizes=\"auto, (max-width: 720px) 100vw, 720px\" \/><\/p>\n<p><img loading=\"lazy\" decoding=\"async\" class=\"alignnone size-full wp-image-44072\" src=\"https:\/\/reveil-info.net\/wp-content\/uploads\/2026\/02\/1771363235307.jpg\" alt=\"\" width=\"720\" height=\"677\" srcset=\"https:\/\/reveil-info.net\/wp-content\/uploads\/2026\/02\/1771363235307.jpg 720w, https:\/\/reveil-info.net\/wp-content\/uploads\/2026\/02\/1771363235307-300x282.jpg 300w\" sizes=\"auto, (max-width: 720px) 100vw, 720px\" \/><\/p>\n<p>Cette premi\u00e8re rencontre officielle depuis l\u2019installation du Pr\u00e9sident de la Commission, le 13 janvier 2025, s\u2019inscrit dans une volont\u00e9 partag\u00e9e d\u2019harmoniser les actions et de consolider la mise en \u0153uvre des grandes orientations de la Conf\u00e9d\u00e9ration AES.<\/p>\n<p>Au cours des \u00e9changes, le Pr\u00e9sident de la Commission a pr\u00e9sent\u00e9 les missions de la CN-CES, notamment le suivi de la mise en \u0153uvre des d\u00e9cisions du Coll\u00e8ge des Chefs d\u2019\u00c9tat, la pr\u00e9paration des r\u00e9unions conf\u00e9d\u00e9rales, l\u2019ex\u00e9cution du programme d\u2019activit\u00e9s, l\u2019harmonisation de la communication institutionnelle et l\u2019explication des enjeux de l\u2019AES aux populations. Il a \u00e9galement dress\u00e9 le bilan de la premi\u00e8re ann\u00e9e d\u2019activit\u00e9s et expos\u00e9 les priorit\u00e9s de la feuille de route de l\u2019an 2 de la Conf\u00e9d\u00e9ration AES dont le Burkina assure la pr\u00e9sidence.<\/p>\n<p><img loading=\"lazy\" decoding=\"async\" class=\"alignnone size-full wp-image-44073\" src=\"https:\/\/reveil-info.net\/wp-content\/uploads\/2026\/02\/1771363245904.jpg\" alt=\"\" width=\"720\" height=\"471\" srcset=\"https:\/\/reveil-info.net\/wp-content\/uploads\/2026\/02\/1771363245904.jpg 720w, https:\/\/reveil-info.net\/wp-content\/uploads\/2026\/02\/1771363245904-300x196.jpg 300w\" sizes=\"auto, (max-width: 720px) 100vw, 720px\" \/><\/p>\n<p>Insistant sur la n\u00e9cessit\u00e9 d\u2019une synergie d&rsquo;actions, le Pr\u00e9sident de la CN-CES s&rsquo;est r\u00e9joui de la d\u00e9signation de points focaux AES au sein des institutions gouvernementales, gage d\u2019efficacit\u00e9 et de coh\u00e9rence dans l\u2019action publique.<\/p>\n<p>Pour sa part, le Ministre en charge de la Communication, a r\u00e9affirm\u00e9 que la lutte contre la d\u00e9sinformation constitue une des priorit\u00e9s de son d\u00e9partement. Il a r\u00e9it\u00e9r\u00e9 la n\u00e9cessit\u00e9 d&rsquo;une synergie d&rsquo;actions afin d\u2019assurer l\u2019unit\u00e9 du message institutionnel. Les \u00e9changes ont \u00e9galement port\u00e9 sur la feuille de route de l&rsquo;an 2 qui verra l&rsquo;organisation de la 2e \u00e9dition de la Semaine de la fraternit\u00e9 de l\u2019AES, pr\u00e9vue en marge de la 22 \u00e9dition de la Semaine Nationale de la Culture, du 25 avril au 2 mai 2026; ainsi que l\u2019organisation d&rsquo;un colloque international sur les luttes \u00e9mancipatrices des peuples africains le 17 mai prochain, date comm\u00e9morative de l&rsquo;inauguration du Mausol\u00e9e Thomas SANKARA et marquant par la m\u00eame occasion le 40e anniversaire du d\u00e9c\u00e8s de Cheick Anta DIOP.<\/p>\n<p><img loading=\"lazy\" decoding=\"async\" class=\"alignnone size-full wp-image-44074\" src=\"https:\/\/reveil-info.net\/wp-content\/uploads\/2026\/02\/1771363242698.jpg\" alt=\"\" width=\"720\" height=\"474\" srcset=\"https:\/\/reveil-info.net\/wp-content\/uploads\/2026\/02\/1771363242698.jpg 720w, https:\/\/reveil-info.net\/wp-content\/uploads\/2026\/02\/1771363242698-300x198.jpg 300w\" sizes=\"auto, (max-width: 720px) 100vw, 720px\" \/><\/p>\n<p>\u00c0 l\u2019issue de l\u2019audience, le Pr\u00e9sident de la CN-CES a salu\u00e9 la d\u00e9marche fraternelle du Ministre Pingdwend\u00e9 et a renouvel\u00e9 sa disponibilit\u00e9 \u00e0 accompagner le MCCAT dans toutes les initiatives qui visent \u00e0 renforcer la coh\u00e9sion et la fraternit\u00e9 entre les peuples de la Conf\u00e9d\u00e9ration. Le Pr\u00e9sident du CN-CES a \u00e9mis le v\u0153u que &lt;&lt;la construction de la Conf\u00e9d\u00e9ration soit port\u00e9e par les communaut\u00e9s de l&rsquo;espace conf\u00e9d\u00e9ral&gt;&gt;.<\/p>\n<p>DCRP\/MCCAT<\/p>\n<p>Reveil-info<\/p>\n","protected":false},"excerpt":{"rendered":"<p>Coop\u00e9ration institutionnelle : le MCCAT chez le Pr\u00e9sident de la Commission nationale de la Conf\u00e9d\u00e9ration<\/p>\n","protected":false},"author":1,"featured_media":0,"comment_status":"open","ping_status":"open","sticky":false,"template":"","format":"standard","meta":{"footnotes":""},"categories":[2],"tags":[],"class_list":["post-44067","post","type-post","status-publish","format-standard","hentry","category-actu"],"yoast_head":"<!-- This site is optimized with the Yoast SEO plugin v27.5 - https:\/\/yoast.com\/product\/yoast-seo-wordpress\/ -->\n<title>Coop\u00e9ration institutionnelle : le ministre Pingdwend\u00e9 chez Bassolma Bazi\u00e9 - R\u00e9veil Info<\/title>\n<meta name=\"robots\" content=\"noindex, follow, max-snippet:-1, max-image-preview:large, max-video-preview:-1\" \/>\n<meta property=\"og:locale\" content=\"fr_FR\" \/>\n<meta property=\"og:type\" content=\"article\" \/>\n<meta property=\"og:title\" content=\"Coop\u00e9ration institutionnelle : le ministre Pingdwend\u00e9 chez Bassolma Bazi\u00e9 - R\u00e9veil Info\" \/>\n<meta property=\"og:description\" content=\"Coop\u00e9ration institutionnelle : le MCCAT chez le Pr\u00e9sident de la Commission nationale de la Conf\u00e9d\u00e9ration\" \/>\n<meta property=\"og:url\" content=\"https:\/\/reveil-info.net\/?p=44067\" \/>\n<meta property=\"og:site_name\" content=\"R\u00e9veil Info\" \/>\n<meta property=\"article:published_time\" content=\"2026-02-17T21:25:20+00:00\" \/>\n<meta property=\"article:modified_time\" content=\"2026-02-17T21:35:57+00:00\" \/>\n<meta property=\"og:image\" content=\"https:\/\/reveil-info.net\/wp-content\/uploads\/2026\/02\/1771363232117.jpg\" \/>\n\t<meta property=\"og:image:width\" content=\"720\" \/>\n\t<meta property=\"og:image:height\" content=\"608\" \/>\n\t<meta property=\"og:image:type\" content=\"image\/jpeg\" \/>\n<meta name=\"author\" content=\"R\u00e9veil info\" \/>\n<meta name=\"twitter:card\" content=\"summary_large_image\" \/>\n<meta name=\"twitter:label1\" content=\"\u00c9crit par\" \/>\n\t<meta name=\"twitter:data1\" content=\"R\u00e9veil info\" \/>\n\t<meta name=\"twitter:label2\" content=\"Dur\u00e9e de lecture estim\u00e9e\" \/>\n\t<meta name=\"twitter:data2\" content=\"4 minutes\" \/>\n<script type=\"application\/ld+json\" class=\"yoast-schema-graph\">{\"@context\":\"https:\\\/\\\/schema.org\",\"@graph\":[{\"@type\":\"Article\",\"@id\":\"https:\\\/\\\/reveil-info.net\\\/?p=44067#article\",\"isPartOf\":{\"@id\":\"https:\\\/\\\/reveil-info.net\\\/?p=44067\"},\"author\":{\"name\":\"R\u00e9veil info\",\"@id\":\"https:\\\/\\\/reveil-info.net\\\/#\\\/schema\\\/person\\\/ca0cc8e70088e0a2b5e92556c1ee60f5\"},\"headline\":\"Coop\u00e9ration institutionnelle : le ministre Pingdwend\u00e9 chez Bassolma Bazi\u00e9\",\"datePublished\":\"2026-02-17T21:25:20+00:00\",\"dateModified\":\"2026-02-17T21:35:57+00:00\",\"mainEntityOfPage\":{\"@id\":\"https:\\\/\\\/reveil-info.net\\\/?p=44067\"},\"wordCount\":523,\"commentCount\":0,\"publisher\":{\"@id\":\"https:\\\/\\\/reveil-info.net\\\/#organization\"},\"image\":{\"@id\":\"https:\\\/\\\/reveil-info.net\\\/?p=44067#primaryimage\"},\"thumbnailUrl\":\"https:\\\/\\\/reveil-info.net\\\/wp-content\\\/uploads\\\/2026\\\/02\\\/1771363232117.jpg\",\"articleSection\":[\"Actualit\u00e9\"],\"inLanguage\":\"fr-FR\",\"potentialAction\":[{\"@type\":\"CommentAction\",\"name\":\"Comment\",\"target\":[\"https:\\\/\\\/reveil-info.net\\\/?p=44067#respond\"]}]},{\"@type\":\"WebPage\",\"@id\":\"https:\\\/\\\/reveil-info.net\\\/?p=44067\",\"url\":\"https:\\\/\\\/reveil-info.net\\\/?p=44067\",\"name\":\"Coop\u00e9ration institutionnelle : le ministre Pingdwend\u00e9 chez Bassolma Bazi\u00e9 - R\u00e9veil Info\",\"isPartOf\":{\"@id\":\"https:\\\/\\\/reveil-info.net\\\/#website\"},\"primaryImageOfPage\":{\"@id\":\"https:\\\/\\\/reveil-info.net\\\/?p=44067#primaryimage\"},\"image\":{\"@id\":\"https:\\\/\\\/reveil-info.net\\\/?p=44067#primaryimage\"},\"thumbnailUrl\":\"https:\\\/\\\/reveil-info.net\\\/wp-content\\\/uploads\\\/2026\\\/02\\\/1771363232117.jpg\",\"datePublished\":\"2026-02-17T21:25:20+00:00\",\"dateModified\":\"2026-02-17T21:35:57+00:00\",\"breadcrumb\":{\"@id\":\"https:\\\/\\\/reveil-info.net\\\/?p=44067#breadcrumb\"},\"inLanguage\":\"fr-FR\",\"potentialAction\":[{\"@type\":\"ReadAction\",\"target\":[\"https:\\\/\\\/reveil-info.net\\\/?p=44067\"]}]},{\"@type\":\"ImageObject\",\"inLanguage\":\"fr-FR\",\"@id\":\"https:\\\/\\\/reveil-info.net\\\/?p=44067#primaryimage\",\"url\":\"https:\\\/\\\/reveil-info.net\\\/wp-content\\\/uploads\\\/2026\\\/02\\\/1771363232117.jpg\",\"contentUrl\":\"https:\\\/\\\/reveil-info.net\\\/wp-content\\\/uploads\\\/2026\\\/02\\\/1771363232117.jpg\",\"width\":720,\"height\":608},{\"@type\":\"BreadcrumbList\",\"@id\":\"https:\\\/\\\/reveil-info.net\\\/?p=44067#breadcrumb\",\"itemListElement\":[{\"@type\":\"ListItem\",\"position\":1,\"name\":\"Home\",\"item\":\"https:\\\/\\\/reveil-info.net\\\/\"},{\"@type\":\"ListItem\",\"position\":2,\"name\":\"Coop\u00e9ration institutionnelle : le ministre Pingdwend\u00e9 chez Bassolma Bazi\u00e9\"}]},{\"@type\":\"WebSite\",\"@id\":\"https:\\\/\\\/reveil-info.net\\\/#website\",\"url\":\"https:\\\/\\\/reveil-info.net\\\/\",\"name\":\"R\u00e9veil Info\",\"description\":\"Le devoir d&#039;informer!\",\"publisher\":{\"@id\":\"https:\\\/\\\/reveil-info.net\\\/#organization\"},\"potentialAction\":[{\"@type\":\"SearchAction\",\"target\":{\"@type\":\"EntryPoint\",\"urlTemplate\":\"https:\\\/\\\/reveil-info.net\\\/?s={search_term_string}\"},\"query-input\":{\"@type\":\"PropertyValueSpecification\",\"valueRequired\":true,\"valueName\":\"search_term_string\"}}],\"inLanguage\":\"fr-FR\"},{\"@type\":\"Organization\",\"@id\":\"https:\\\/\\\/reveil-info.net\\\/#organization\",\"name\":\"R\u00e9veil Info\",\"url\":\"https:\\\/\\\/reveil-info.net\\\/\",\"logo\":{\"@type\":\"ImageObject\",\"inLanguage\":\"fr-FR\",\"@id\":\"https:\\\/\\\/reveil-info.net\\\/#\\\/schema\\\/logo\\\/image\\\/\",\"url\":\"https:\\\/\\\/reveil-info.net\\\/wp-content\\\/uploads\\\/2024\\\/07\\\/bnddd1.jpg\",\"contentUrl\":\"https:\\\/\\\/reveil-info.net\\\/wp-content\\\/uploads\\\/2024\\\/07\\\/bnddd1.jpg\",\"width\":903,\"height\":125,\"caption\":\"R\u00e9veil Info\"},\"image\":{\"@id\":\"https:\\\/\\\/reveil-info.net\\\/#\\\/schema\\\/logo\\\/image\\\/\"}},{\"@type\":\"Person\",\"@id\":\"https:\\\/\\\/reveil-info.net\\\/#\\\/schema\\\/person\\\/ca0cc8e70088e0a2b5e92556c1ee60f5\",\"name\":\"R\u00e9veil info\",\"image\":{\"@type\":\"ImageObject\",\"inLanguage\":\"fr-FR\",\"@id\":\"https:\\\/\\\/secure.gravatar.com\\\/avatar\\\/e4ad5bb743c8b6cb174d9df6c7d30a8a16f6889731241345fc6444e6485f02af?s=96&d=mm&r=g\",\"url\":\"https:\\\/\\\/secure.gravatar.com\\\/avatar\\\/e4ad5bb743c8b6cb174d9df6c7d30a8a16f6889731241345fc6444e6485f02af?s=96&d=mm&r=g\",\"contentUrl\":\"https:\\\/\\\/secure.gravatar.com\\\/avatar\\\/e4ad5bb743c8b6cb174d9df6c7d30a8a16f6889731241345fc6444e6485f02af?s=96&d=mm&r=g\",\"caption\":\"R\u00e9veil info\"},\"sameAs\":[\"https:\\\/\\\/reveil-info.net\"],\"url\":\"https:\\\/\\\/reveil-info.net\\\/?author=1\"}]}<\/script>\n<!-- \/ Yoast SEO plugin. -->","yoast_head_json":{"title":"Coop\u00e9ration institutionnelle : le ministre Pingdwend\u00e9 chez Bassolma Bazi\u00e9 - R\u00e9veil Info","robots":{"index":"noindex","follow":"follow","max-snippet":"max-snippet:-1","max-image-preview":"max-image-preview:large","max-video-preview":"max-video-preview:-1"},"og_locale":"fr_FR","og_type":"article","og_title":"Coop\u00e9ration institutionnelle : le ministre Pingdwend\u00e9 chez Bassolma Bazi\u00e9 - R\u00e9veil Info","og_description":"Coop\u00e9ration institutionnelle : le MCCAT chez le Pr\u00e9sident de la Commission nationale de la Conf\u00e9d\u00e9ration","og_url":"https:\/\/reveil-info.net\/?p=44067","og_site_name":"R\u00e9veil Info","article_published_time":"2026-02-17T21:25:20+00:00","article_modified_time":"2026-02-17T21:35:57+00:00","og_image":[{"width":720,"height":608,"url":"https:\/\/reveil-info.net\/wp-content\/uploads\/2026\/02\/1771363232117.jpg","type":"image\/jpeg"}],"author":"R\u00e9veil info","twitter_card":"summary_large_image","twitter_misc":{"\u00c9crit par":"R\u00e9veil info","Dur\u00e9e de lecture estim\u00e9e":"4 minutes"},"schema":{"@context":"https:\/\/schema.org","@graph":[{"@type":"Article","@id":"https:\/\/reveil-info.net\/?p=44067#article","isPartOf":{"@id":"https:\/\/reveil-info.net\/?p=44067"},"author":{"name":"R\u00e9veil info","@id":"https:\/\/reveil-info.net\/#\/schema\/person\/ca0cc8e70088e0a2b5e92556c1ee60f5"},"headline":"Coop\u00e9ration institutionnelle : le ministre Pingdwend\u00e9 chez Bassolma Bazi\u00e9","datePublished":"2026-02-17T21:25:20+00:00","dateModified":"2026-02-17T21:35:57+00:00","mainEntityOfPage":{"@id":"https:\/\/reveil-info.net\/?p=44067"},"wordCount":523,"commentCount":0,"publisher":{"@id":"https:\/\/reveil-info.net\/#organization"},"image":{"@id":"https:\/\/reveil-info.net\/?p=44067#primaryimage"},"thumbnailUrl":"https:\/\/reveil-info.net\/wp-content\/uploads\/2026\/02\/1771363232117.jpg","articleSection":["Actualit\u00e9"],"inLanguage":"fr-FR","potentialAction":[{"@type":"CommentAction","name":"Comment","target":["https:\/\/reveil-info.net\/?p=44067#respond"]}]},{"@type":"WebPage","@id":"https:\/\/reveil-info.net\/?p=44067","url":"https:\/\/reveil-info.net\/?p=44067","name":"Coop\u00e9ration institutionnelle : le ministre Pingdwend\u00e9 chez Bassolma Bazi\u00e9 - R\u00e9veil Info","isPartOf":{"@id":"https:\/\/reveil-info.net\/#website"},"primaryImageOfPage":{"@id":"https:\/\/reveil-info.net\/?p=44067#primaryimage"},"image":{"@id":"https:\/\/reveil-info.net\/?p=44067#primaryimage"},"thumbnailUrl":"https:\/\/reveil-info.net\/wp-content\/uploads\/2026\/02\/1771363232117.jpg","datePublished":"2026-02-17T21:25:20+00:00","dateModified":"2026-02-17T21:35:57+00:00","breadcrumb":{"@id":"https:\/\/reveil-info.net\/?p=44067#breadcrumb"},"inLanguage":"fr-FR","potentialAction":[{"@type":"ReadAction","target":["https:\/\/reveil-info.net\/?p=44067"]}]},{"@type":"ImageObject","inLanguage":"fr-FR","@id":"https:\/\/reveil-info.net\/?p=44067#primaryimage","url":"https:\/\/reveil-info.net\/wp-content\/uploads\/2026\/02\/1771363232117.jpg","contentUrl":"https:\/\/reveil-info.net\/wp-content\/uploads\/2026\/02\/1771363232117.jpg","width":720,"height":608},{"@type":"BreadcrumbList","@id":"https:\/\/reveil-info.net\/?p=44067#breadcrumb","itemListElement":[{"@type":"ListItem","position":1,"name":"Home","item":"https:\/\/reveil-info.net\/"},{"@type":"ListItem","position":2,"name":"Coop\u00e9ration institutionnelle : le ministre Pingdwend\u00e9 chez Bassolma Bazi\u00e9"}]},{"@type":"WebSite","@id":"https:\/\/reveil-info.net\/#website","url":"https:\/\/reveil-info.net\/","name":"R\u00e9veil Info","description":"Le devoir d&#039;informer!","publisher":{"@id":"https:\/\/reveil-info.net\/#organization"},"potentialAction":[{"@type":"SearchAction","target":{"@type":"EntryPoint","urlTemplate":"https:\/\/reveil-info.net\/?s={search_term_string}"},"query-input":{"@type":"PropertyValueSpecification","valueRequired":true,"valueName":"search_term_string"}}],"inLanguage":"fr-FR"},{"@type":"Organization","@id":"https:\/\/reveil-info.net\/#organization","name":"R\u00e9veil Info","url":"https:\/\/reveil-info.net\/","logo":{"@type":"ImageObject","inLanguage":"fr-FR","@id":"https:\/\/reveil-info.net\/#\/schema\/logo\/image\/","url":"https:\/\/reveil-info.net\/wp-content\/uploads\/2024\/07\/bnddd1.jpg","contentUrl":"https:\/\/reveil-info.net\/wp-content\/uploads\/2024\/07\/bnddd1.jpg","width":903,"height":125,"caption":"R\u00e9veil Info"},"image":{"@id":"https:\/\/reveil-info.net\/#\/schema\/logo\/image\/"}},{"@type":"Person","@id":"https:\/\/reveil-info.net\/#\/schema\/person\/ca0cc8e70088e0a2b5e92556c1ee60f5","name":"R\u00e9veil info","image":{"@type":"ImageObject","inLanguage":"fr-FR","@id":"https:\/\/secure.gravatar.com\/avatar\/e4ad5bb743c8b6cb174d9df6c7d30a8a16f6889731241345fc6444e6485f02af?s=96&d=mm&r=g","url":"https:\/\/secure.gravatar.com\/avatar\/e4ad5bb743c8b6cb174d9df6c7d30a8a16f6889731241345fc6444e6485f02af?s=96&d=mm&r=g","contentUrl":"https:\/\/secure.gravatar.com\/avatar\/e4ad5bb743c8b6cb174d9df6c7d30a8a16f6889731241345fc6444e6485f02af?s=96&d=mm&r=g","caption":"R\u00e9veil info"},"sameAs":["https:\/\/reveil-info.net"],"url":"https:\/\/reveil-info.net\/?author=1"}]}},"jetpack_featured_media_url":"","featured_image_urls":{"full":"","thumbnail":"","medium":"","medium_large":"","large":"","1536x1536":"","2048x2048":"","chromenews-featured":"","chromenews-large":"","chromenews-medium":""},"author_info":{"display_name":"R\u00e9veil info","author_link":"https:\/\/reveil-info.net\/?author=1"},"category_info":"<a href=\"https:\/\/reveil-info.net\/?cat=2\" rel=\"category\">Actualit\u00e9<\/a>","tag_info":"Actualit\u00e9","comment_count":"0","_links":{"self":[{"href":"https:\/\/reveil-info.net\/index.php?rest_route=\/wp\/v2\/posts\/44067","targetHints":{"allow":["GET"]}}],"collection":[{"href":"https:\/\/reveil-info.net\/index.php?rest_route=\/wp\/v2\/posts"}],"about":[{"href":"https:\/\/reveil-info.net\/index.php?rest_route=\/wp\/v2\/types\/post"}],"author":[{"embeddable":true,"href":"https:\/\/reveil-info.net\/index.php?rest_route=\/wp\/v2\/users\/1"}],"replies":[{"embeddable":true,"href":"https:\/\/reveil-info.net\/index.php?rest_route=%2Fwp%2Fv2%2Fcomments&post=44067"}],"version-history":[{"count":5,"href":"https:\/\/reveil-info.net\/index.php?rest_route=\/wp\/v2\/posts\/44067\/revisions"}],"predecessor-version":[{"id":44077,"href":"https:\/\/reveil-info.net\/index.php?rest_route=\/wp\/v2\/posts\/44067\/revisions\/44077"}],"wp:attachment":[{"href":"https:\/\/reveil-info.net\/index.php?rest_route=%2Fwp%2Fv2%2Fmedia&parent=44067"}],"wp:term":[{"taxonomy":"category","embeddable":true,"href":"https:\/\/reveil-info.net\/index.php?rest_route=%2Fwp%2Fv2%2Fcategories&post=44067"},{"taxonomy":"post_tag","embeddable":true,"href":"https:\/\/reveil-info.net\/index.php?rest_route=%2Fwp%2Fv2%2Ftags&post=44067"}],"curies":[{"name":"wp","href":"https:\/\/api.w.org\/{rel}","templated":true}]}}