{"id":44059,"date":"2026-02-17T21:18:11","date_gmt":"2026-02-17T21:18:11","guid":{"rendered":"https:\/\/reveil-info.net\/?p=44059"},"modified":"2026-02-17T21:18:11","modified_gmt":"2026-02-17T21:18:11","slug":"dakar-une-delegation-du-memorial-thomas-sankara-chez-lambassadeur-saidou-maiga","status":"publish","type":"post","link":"https:\/\/reveil-info.net\/?p=44059","title":{"rendered":"Dakar : une d\u00e9l\u00e9gation du m\u00e9morial Thomas Sankara chez l&rsquo;ambassadeur Sa\u00efdou Maiga"},"content":{"rendered":"<p>L\u2019Ambassadeur re\u00e7oit une d\u00e9l\u00e9gation du M\u00e9morial Thomas SANKARA.<\/p>\n<p><img loading=\"lazy\" decoding=\"async\" class=\"size-full wp-image-44062\" src=\"https:\/\/reveil-info.net\/wp-content\/uploads\/2026\/02\/FB_IMG_1771362797929.jpg\" alt=\"\" width=\"1242\" height=\"2039\" srcset=\"https:\/\/reveil-info.net\/wp-content\/uploads\/2026\/02\/FB_IMG_1771362797929.jpg 1242w, https:\/\/reveil-info.net\/wp-content\/uploads\/2026\/02\/FB_IMG_1771362797929-183x300.jpg 183w, https:\/\/reveil-info.net\/wp-content\/uploads\/2026\/02\/FB_IMG_1771362797929-624x1024.jpg 624w, https:\/\/reveil-info.net\/wp-content\/uploads\/2026\/02\/FB_IMG_1771362797929-768x1261.jpg 768w, https:\/\/reveil-info.net\/wp-content\/uploads\/2026\/02\/FB_IMG_1771362797929-936x1536.jpg 936w, https:\/\/reveil-info.net\/wp-content\/uploads\/2026\/02\/FB_IMG_1771362797929-1024x1681.jpg 1024w\" sizes=\"auto, (max-width: 1242px) 100vw, 1242px\" \/><\/p>\n<p>Dans la matin\u00e9e du mardi 17 f\u00e9vrier 2026, Son Excellence Monsieur Sa\u00efdou MAIGA a re\u00e7u la visite d\u2019une d\u00e9l\u00e9gation du Comit\u00e9 de suivi du projet de construction des infrastructures du M\u00e9morial Isidore No\u00ebl Thomas SANKARA, conduite par son Coordonnateur Monsieur Etienne LOMPO.<\/p>\n<p><img loading=\"lazy\" decoding=\"async\" class=\"size-full wp-image-44063\" src=\"https:\/\/reveil-info.net\/wp-content\/uploads\/2026\/02\/FB_IMG_1771362791854.jpg\" alt=\"\" width=\"1242\" height=\"699\" srcset=\"https:\/\/reveil-info.net\/wp-content\/uploads\/2026\/02\/FB_IMG_1771362791854.jpg 1242w, https:\/\/reveil-info.net\/wp-content\/uploads\/2026\/02\/FB_IMG_1771362791854-300x169.jpg 300w, https:\/\/reveil-info.net\/wp-content\/uploads\/2026\/02\/FB_IMG_1771362791854-1024x576.jpg 1024w, https:\/\/reveil-info.net\/wp-content\/uploads\/2026\/02\/FB_IMG_1771362791854-768x432.jpg 768w\" sizes=\"auto, (max-width: 1242px) 100vw, 1242px\" \/><\/p>\n<figure id=\"attachment_44065\" aria-describedby=\"caption-attachment-44065\" style=\"width: 1242px\" class=\"wp-caption alignnone\"><img loading=\"lazy\" decoding=\"async\" class=\"size-full wp-image-44065\" src=\"https:\/\/reveil-info.net\/wp-content\/uploads\/2026\/02\/FB_IMG_1771362802512.jpg\" alt=\"\" width=\"1242\" height=\"711\" srcset=\"https:\/\/reveil-info.net\/wp-content\/uploads\/2026\/02\/FB_IMG_1771362802512.jpg 1242w, https:\/\/reveil-info.net\/wp-content\/uploads\/2026\/02\/FB_IMG_1771362802512-300x172.jpg 300w, https:\/\/reveil-info.net\/wp-content\/uploads\/2026\/02\/FB_IMG_1771362802512-1024x586.jpg 1024w, https:\/\/reveil-info.net\/wp-content\/uploads\/2026\/02\/FB_IMG_1771362802512-768x440.jpg 768w\" sizes=\"auto, (max-width: 1242px) 100vw, 1242px\" \/><figcaption id=\"caption-attachment-44065\" class=\"wp-caption-text\">Screenshot<\/figcaption><\/figure>\n<p>Pr\u00e9sente \u00e0 Dakar dans le cadre d\u2019une mission de partage d\u2019exp\u00e9riences en mati\u00e8re de construction et de valorisation des sites touristiques, la d\u00e9l\u00e9gation est pass\u00e9e rendre une visite de courtoisie \u00e0 l\u2019Ambassadeur et a profit\u00e9 de cette occasion pour d\u00e9cliner les objectifs de cette mission.<\/p>\n<p>Son Excellence Monsieur l\u2019Ambassadeur MAIGA a salu\u00e9 cette d\u00e9marche constructive. Au cours des \u00e9changes, il a fait des suggestions \u00e0 la d\u00e9l\u00e9gation dans le but d\u2019enrichir les r\u00e9sultats de la mission.<\/p>\n<p>Source : ambassade du Burkina Faso au S\u00e9n\u00e9gal<\/p>\n<p>Reveil-info<\/p>\n","protected":false},"excerpt":{"rendered":"<p>L\u2019Ambassadeur re\u00e7oit une d\u00e9l\u00e9gation du M\u00e9morial Thomas SANKARA. Dans la matin\u00e9e du mardi 17 f\u00e9vrier<\/p>\n","protected":false},"author":1,"featured_media":0,"comment_status":"open","ping_status":"open","sticky":false,"template":"","format":"standard","meta":{"footnotes":""},"categories":[41],"tags":[],"class_list":["post-44059","post","type-post","status-publish","format-standard","hentry","category-news-de-la-diaspora"],"yoast_head":"<!-- This site is optimized with the Yoast SEO plugin v27.5 - https:\/\/yoast.com\/product\/yoast-seo-wordpress\/ -->\n<title>Dakar : une d\u00e9l\u00e9gation du m\u00e9morial Thomas Sankara chez l&#039;ambassadeur Sa\u00efdou Maiga - R\u00e9veil Info<\/title>\n<meta name=\"robots\" content=\"noindex, follow, max-snippet:-1, max-image-preview:large, max-video-preview:-1\" \/>\n<meta property=\"og:locale\" content=\"fr_FR\" \/>\n<meta property=\"og:type\" content=\"article\" \/>\n<meta property=\"og:title\" content=\"Dakar : une d\u00e9l\u00e9gation du m\u00e9morial Thomas Sankara chez l&#039;ambassadeur Sa\u00efdou Maiga - R\u00e9veil Info\" \/>\n<meta property=\"og:description\" content=\"L\u2019Ambassadeur re\u00e7oit une d\u00e9l\u00e9gation du M\u00e9morial Thomas SANKARA. Dans la matin\u00e9e du mardi 17 f\u00e9vrier\" \/>\n<meta property=\"og:url\" content=\"https:\/\/reveil-info.net\/?p=44059\" \/>\n<meta property=\"og:site_name\" content=\"R\u00e9veil Info\" \/>\n<meta property=\"article:published_time\" content=\"2026-02-17T21:18:11+00:00\" \/>\n<meta property=\"og:image\" content=\"https:\/\/reveil-info.net\/wp-content\/uploads\/2026\/02\/FB_IMG_1771362797929.jpg\" \/>\n\t<meta property=\"og:image:width\" content=\"1242\" \/>\n\t<meta property=\"og:image:height\" content=\"2039\" \/>\n\t<meta property=\"og:image:type\" content=\"image\/jpeg\" \/>\n<meta name=\"author\" content=\"R\u00e9veil info\" \/>\n<meta name=\"twitter:card\" content=\"summary_large_image\" \/>\n<meta name=\"twitter:label1\" content=\"\u00c9crit par\" \/>\n\t<meta name=\"twitter:data1\" content=\"R\u00e9veil info\" \/>\n\t<meta name=\"twitter:label2\" content=\"Dur\u00e9e de lecture estim\u00e9e\" \/>\n\t<meta name=\"twitter:data2\" content=\"2 minutes\" \/>\n<script type=\"application\/ld+json\" class=\"yoast-schema-graph\">{\"@context\":\"https:\\\/\\\/schema.org\",\"@graph\":[{\"@type\":\"Article\",\"@id\":\"https:\\\/\\\/reveil-info.net\\\/?p=44059#article\",\"isPartOf\":{\"@id\":\"https:\\\/\\\/reveil-info.net\\\/?p=44059\"},\"author\":{\"name\":\"R\u00e9veil info\",\"@id\":\"https:\\\/\\\/reveil-info.net\\\/#\\\/schema\\\/person\\\/ca0cc8e70088e0a2b5e92556c1ee60f5\"},\"headline\":\"Dakar : une d\u00e9l\u00e9gation du m\u00e9morial Thomas Sankara chez l&rsquo;ambassadeur Sa\u00efdou Maiga\",\"datePublished\":\"2026-02-17T21:18:11+00:00\",\"mainEntityOfPage\":{\"@id\":\"https:\\\/\\\/reveil-info.net\\\/?p=44059\"},\"wordCount\":185,\"commentCount\":0,\"publisher\":{\"@id\":\"https:\\\/\\\/reveil-info.net\\\/#organization\"},\"image\":{\"@id\":\"https:\\\/\\\/reveil-info.net\\\/?p=44059#primaryimage\"},\"thumbnailUrl\":\"https:\\\/\\\/reveil-info.net\\\/wp-content\\\/uploads\\\/2026\\\/02\\\/FB_IMG_1771362797929.jpg\",\"articleSection\":[\"NEWS DE LA DIASPORA\"],\"inLanguage\":\"fr-FR\",\"potentialAction\":[{\"@type\":\"CommentAction\",\"name\":\"Comment\",\"target\":[\"https:\\\/\\\/reveil-info.net\\\/?p=44059#respond\"]}]},{\"@type\":\"WebPage\",\"@id\":\"https:\\\/\\\/reveil-info.net\\\/?p=44059\",\"url\":\"https:\\\/\\\/reveil-info.net\\\/?p=44059\",\"name\":\"Dakar : une d\u00e9l\u00e9gation du m\u00e9morial Thomas Sankara chez l'ambassadeur Sa\u00efdou Maiga - R\u00e9veil Info\",\"isPartOf\":{\"@id\":\"https:\\\/\\\/reveil-info.net\\\/#website\"},\"primaryImageOfPage\":{\"@id\":\"https:\\\/\\\/reveil-info.net\\\/?p=44059#primaryimage\"},\"image\":{\"@id\":\"https:\\\/\\\/reveil-info.net\\\/?p=44059#primaryimage\"},\"thumbnailUrl\":\"https:\\\/\\\/reveil-info.net\\\/wp-content\\\/uploads\\\/2026\\\/02\\\/FB_IMG_1771362797929.jpg\",\"datePublished\":\"2026-02-17T21:18:11+00:00\",\"breadcrumb\":{\"@id\":\"https:\\\/\\\/reveil-info.net\\\/?p=44059#breadcrumb\"},\"inLanguage\":\"fr-FR\",\"potentialAction\":[{\"@type\":\"ReadAction\",\"target\":[\"https:\\\/\\\/reveil-info.net\\\/?p=44059\"]}]},{\"@type\":\"ImageObject\",\"inLanguage\":\"fr-FR\",\"@id\":\"https:\\\/\\\/reveil-info.net\\\/?p=44059#primaryimage\",\"url\":\"https:\\\/\\\/reveil-info.net\\\/wp-content\\\/uploads\\\/2026\\\/02\\\/FB_IMG_1771362797929.jpg\",\"contentUrl\":\"https:\\\/\\\/reveil-info.net\\\/wp-content\\\/uploads\\\/2026\\\/02\\\/FB_IMG_1771362797929.jpg\",\"width\":1242,\"height\":2039,\"caption\":\"Screenshot\"},{\"@type\":\"BreadcrumbList\",\"@id\":\"https:\\\/\\\/reveil-info.net\\\/?p=44059#breadcrumb\",\"itemListElement\":[{\"@type\":\"ListItem\",\"position\":1,\"name\":\"Home\",\"item\":\"https:\\\/\\\/reveil-info.net\\\/\"},{\"@type\":\"ListItem\",\"position\":2,\"name\":\"Dakar : une d\u00e9l\u00e9gation du m\u00e9morial Thomas Sankara chez l&rsquo;ambassadeur Sa\u00efdou Maiga\"}]},{\"@type\":\"WebSite\",\"@id\":\"https:\\\/\\\/reveil-info.net\\\/#website\",\"url\":\"https:\\\/\\\/reveil-info.net\\\/\",\"name\":\"R\u00e9veil Info\",\"description\":\"Le devoir d&#039;informer!\",\"publisher\":{\"@id\":\"https:\\\/\\\/reveil-info.net\\\/#organization\"},\"potentialAction\":[{\"@type\":\"SearchAction\",\"target\":{\"@type\":\"EntryPoint\",\"urlTemplate\":\"https:\\\/\\\/reveil-info.net\\\/?s={search_term_string}\"},\"query-input\":{\"@type\":\"PropertyValueSpecification\",\"valueRequired\":true,\"valueName\":\"search_term_string\"}}],\"inLanguage\":\"fr-FR\"},{\"@type\":\"Organization\",\"@id\":\"https:\\\/\\\/reveil-info.net\\\/#organization\",\"name\":\"R\u00e9veil Info\",\"url\":\"https:\\\/\\\/reveil-info.net\\\/\",\"logo\":{\"@type\":\"ImageObject\",\"inLanguage\":\"fr-FR\",\"@id\":\"https:\\\/\\\/reveil-info.net\\\/#\\\/schema\\\/logo\\\/image\\\/\",\"url\":\"https:\\\/\\\/reveil-info.net\\\/wp-content\\\/uploads\\\/2024\\\/07\\\/bnddd1.jpg\",\"contentUrl\":\"https:\\\/\\\/reveil-info.net\\\/wp-content\\\/uploads\\\/2024\\\/07\\\/bnddd1.jpg\",\"width\":903,\"height\":125,\"caption\":\"R\u00e9veil Info\"},\"image\":{\"@id\":\"https:\\\/\\\/reveil-info.net\\\/#\\\/schema\\\/logo\\\/image\\\/\"}},{\"@type\":\"Person\",\"@id\":\"https:\\\/\\\/reveil-info.net\\\/#\\\/schema\\\/person\\\/ca0cc8e70088e0a2b5e92556c1ee60f5\",\"name\":\"R\u00e9veil info\",\"image\":{\"@type\":\"ImageObject\",\"inLanguage\":\"fr-FR\",\"@id\":\"https:\\\/\\\/secure.gravatar.com\\\/avatar\\\/e4ad5bb743c8b6cb174d9df6c7d30a8a16f6889731241345fc6444e6485f02af?s=96&d=mm&r=g\",\"url\":\"https:\\\/\\\/secure.gravatar.com\\\/avatar\\\/e4ad5bb743c8b6cb174d9df6c7d30a8a16f6889731241345fc6444e6485f02af?s=96&d=mm&r=g\",\"contentUrl\":\"https:\\\/\\\/secure.gravatar.com\\\/avatar\\\/e4ad5bb743c8b6cb174d9df6c7d30a8a16f6889731241345fc6444e6485f02af?s=96&d=mm&r=g\",\"caption\":\"R\u00e9veil info\"},\"sameAs\":[\"https:\\\/\\\/reveil-info.net\"],\"url\":\"https:\\\/\\\/reveil-info.net\\\/?author=1\"}]}<\/script>\n<!-- \/ Yoast SEO plugin. -->","yoast_head_json":{"title":"Dakar : une d\u00e9l\u00e9gation du m\u00e9morial Thomas Sankara chez l'ambassadeur Sa\u00efdou Maiga - R\u00e9veil Info","robots":{"index":"noindex","follow":"follow","max-snippet":"max-snippet:-1","max-image-preview":"max-image-preview:large","max-video-preview":"max-video-preview:-1"},"og_locale":"fr_FR","og_type":"article","og_title":"Dakar : une d\u00e9l\u00e9gation du m\u00e9morial Thomas Sankara chez l'ambassadeur Sa\u00efdou Maiga - R\u00e9veil Info","og_description":"L\u2019Ambassadeur re\u00e7oit une d\u00e9l\u00e9gation du M\u00e9morial Thomas SANKARA. Dans la matin\u00e9e du mardi 17 f\u00e9vrier","og_url":"https:\/\/reveil-info.net\/?p=44059","og_site_name":"R\u00e9veil Info","article_published_time":"2026-02-17T21:18:11+00:00","og_image":[{"width":1242,"height":2039,"url":"https:\/\/reveil-info.net\/wp-content\/uploads\/2026\/02\/FB_IMG_1771362797929.jpg","type":"image\/jpeg"}],"author":"R\u00e9veil info","twitter_card":"summary_large_image","twitter_misc":{"\u00c9crit par":"R\u00e9veil info","Dur\u00e9e de lecture estim\u00e9e":"2 minutes"},"schema":{"@context":"https:\/\/schema.org","@graph":[{"@type":"Article","@id":"https:\/\/reveil-info.net\/?p=44059#article","isPartOf":{"@id":"https:\/\/reveil-info.net\/?p=44059"},"author":{"name":"R\u00e9veil info","@id":"https:\/\/reveil-info.net\/#\/schema\/person\/ca0cc8e70088e0a2b5e92556c1ee60f5"},"headline":"Dakar : une d\u00e9l\u00e9gation du m\u00e9morial Thomas Sankara chez l&rsquo;ambassadeur Sa\u00efdou Maiga","datePublished":"2026-02-17T21:18:11+00:00","mainEntityOfPage":{"@id":"https:\/\/reveil-info.net\/?p=44059"},"wordCount":185,"commentCount":0,"publisher":{"@id":"https:\/\/reveil-info.net\/#organization"},"image":{"@id":"https:\/\/reveil-info.net\/?p=44059#primaryimage"},"thumbnailUrl":"https:\/\/reveil-info.net\/wp-content\/uploads\/2026\/02\/FB_IMG_1771362797929.jpg","articleSection":["NEWS DE LA DIASPORA"],"inLanguage":"fr-FR","potentialAction":[{"@type":"CommentAction","name":"Comment","target":["https:\/\/reveil-info.net\/?p=44059#respond"]}]},{"@type":"WebPage","@id":"https:\/\/reveil-info.net\/?p=44059","url":"https:\/\/reveil-info.net\/?p=44059","name":"Dakar : une d\u00e9l\u00e9gation du m\u00e9morial Thomas Sankara chez l'ambassadeur Sa\u00efdou Maiga - R\u00e9veil Info","isPartOf":{"@id":"https:\/\/reveil-info.net\/#website"},"primaryImageOfPage":{"@id":"https:\/\/reveil-info.net\/?p=44059#primaryimage"},"image":{"@id":"https:\/\/reveil-info.net\/?p=44059#primaryimage"},"thumbnailUrl":"https:\/\/reveil-info.net\/wp-content\/uploads\/2026\/02\/FB_IMG_1771362797929.jpg","datePublished":"2026-02-17T21:18:11+00:00","breadcrumb":{"@id":"https:\/\/reveil-info.net\/?p=44059#breadcrumb"},"inLanguage":"fr-FR","potentialAction":[{"@type":"ReadAction","target":["https:\/\/reveil-info.net\/?p=44059"]}]},{"@type":"ImageObject","inLanguage":"fr-FR","@id":"https:\/\/reveil-info.net\/?p=44059#primaryimage","url":"https:\/\/reveil-info.net\/wp-content\/uploads\/2026\/02\/FB_IMG_1771362797929.jpg","contentUrl":"https:\/\/reveil-info.net\/wp-content\/uploads\/2026\/02\/FB_IMG_1771362797929.jpg","width":1242,"height":2039,"caption":"Screenshot"},{"@type":"BreadcrumbList","@id":"https:\/\/reveil-info.net\/?p=44059#breadcrumb","itemListElement":[{"@type":"ListItem","position":1,"name":"Home","item":"https:\/\/reveil-info.net\/"},{"@type":"ListItem","position":2,"name":"Dakar : une d\u00e9l\u00e9gation du m\u00e9morial Thomas Sankara chez l&rsquo;ambassadeur Sa\u00efdou Maiga"}]},{"@type":"WebSite","@id":"https:\/\/reveil-info.net\/#website","url":"https:\/\/reveil-info.net\/","name":"R\u00e9veil Info","description":"Le devoir d&#039;informer!","publisher":{"@id":"https:\/\/reveil-info.net\/#organization"},"potentialAction":[{"@type":"SearchAction","target":{"@type":"EntryPoint","urlTemplate":"https:\/\/reveil-info.net\/?s={search_term_string}"},"query-input":{"@type":"PropertyValueSpecification","valueRequired":true,"valueName":"search_term_string"}}],"inLanguage":"fr-FR"},{"@type":"Organization","@id":"https:\/\/reveil-info.net\/#organization","name":"R\u00e9veil Info","url":"https:\/\/reveil-info.net\/","logo":{"@type":"ImageObject","inLanguage":"fr-FR","@id":"https:\/\/reveil-info.net\/#\/schema\/logo\/image\/","url":"https:\/\/reveil-info.net\/wp-content\/uploads\/2024\/07\/bnddd1.jpg","contentUrl":"https:\/\/reveil-info.net\/wp-content\/uploads\/2024\/07\/bnddd1.jpg","width":903,"height":125,"caption":"R\u00e9veil Info"},"image":{"@id":"https:\/\/reveil-info.net\/#\/schema\/logo\/image\/"}},{"@type":"Person","@id":"https:\/\/reveil-info.net\/#\/schema\/person\/ca0cc8e70088e0a2b5e92556c1ee60f5","name":"R\u00e9veil info","image":{"@type":"ImageObject","inLanguage":"fr-FR","@id":"https:\/\/secure.gravatar.com\/avatar\/e4ad5bb743c8b6cb174d9df6c7d30a8a16f6889731241345fc6444e6485f02af?s=96&d=mm&r=g","url":"https:\/\/secure.gravatar.com\/avatar\/e4ad5bb743c8b6cb174d9df6c7d30a8a16f6889731241345fc6444e6485f02af?s=96&d=mm&r=g","contentUrl":"https:\/\/secure.gravatar.com\/avatar\/e4ad5bb743c8b6cb174d9df6c7d30a8a16f6889731241345fc6444e6485f02af?s=96&d=mm&r=g","caption":"R\u00e9veil info"},"sameAs":["https:\/\/reveil-info.net"],"url":"https:\/\/reveil-info.net\/?author=1"}]}},"jetpack_featured_media_url":"","featured_image_urls":{"full":"","thumbnail":"","medium":"","medium_large":"","large":"","1536x1536":"","2048x2048":"","chromenews-featured":"","chromenews-large":"","chromenews-medium":""},"author_info":{"display_name":"R\u00e9veil info","author_link":"https:\/\/reveil-info.net\/?author=1"},"category_info":"<a href=\"https:\/\/reveil-info.net\/?cat=41\" rel=\"category\">NEWS DE LA DIASPORA<\/a>","tag_info":"NEWS DE LA DIASPORA","comment_count":"0","_links":{"self":[{"href":"https:\/\/reveil-info.net\/index.php?rest_route=\/wp\/v2\/posts\/44059","targetHints":{"allow":["GET"]}}],"collection":[{"href":"https:\/\/reveil-info.net\/index.php?rest_route=\/wp\/v2\/posts"}],"about":[{"href":"https:\/\/reveil-info.net\/index.php?rest_route=\/wp\/v2\/types\/post"}],"author":[{"embeddable":true,"href":"https:\/\/reveil-info.net\/index.php?rest_route=\/wp\/v2\/users\/1"}],"replies":[{"embeddable":true,"href":"https:\/\/reveil-info.net\/index.php?rest_route=%2Fwp%2Fv2%2Fcomments&post=44059"}],"version-history":[{"count":4,"href":"https:\/\/reveil-info.net\/index.php?rest_route=\/wp\/v2\/posts\/44059\/revisions"}],"predecessor-version":[{"id":44066,"href":"https:\/\/reveil-info.net\/index.php?rest_route=\/wp\/v2\/posts\/44059\/revisions\/44066"}],"wp:attachment":[{"href":"https:\/\/reveil-info.net\/index.php?rest_route=%2Fwp%2Fv2%2Fmedia&parent=44059"}],"wp:term":[{"taxonomy":"category","embeddable":true,"href":"https:\/\/reveil-info.net\/index.php?rest_route=%2Fwp%2Fv2%2Fcategories&post=44059"},{"taxonomy":"post_tag","embeddable":true,"href":"https:\/\/reveil-info.net\/index.php?rest_route=%2Fwp%2Fv2%2Ftags&post=44059"}],"curies":[{"name":"wp","href":"https:\/\/api.w.org\/{rel}","templated":true}]}}