{"id":43900,"date":"2026-02-16T17:23:42","date_gmt":"2026-02-16T17:23:42","guid":{"rendered":"https:\/\/reveil-info.net\/?p=43900"},"modified":"2026-02-16T17:23:42","modified_gmt":"2026-02-16T17:23:42","slug":"sante-au-burkina-le-ministere-de-la-sante-exprime-sa-reconnaissance-a-iamgold-essakane-sa","status":"publish","type":"post","link":"https:\/\/reveil-info.net\/?p=43900","title":{"rendered":"Sant\u00e9 au Burkina : le minist\u00e8re de la sant\u00e9 exprime sa reconnaissance \u00e0 IAMGOLD Essakane SA"},"content":{"rendered":"<p>Le Minist\u00e8re de la Sant\u00e9 exprime sa reconnaissance \u00e0 IAMGOLD Essakane SA<\/p>\n<p><img loading=\"lazy\" decoding=\"async\" class=\"alignnone size-full wp-image-43902\" src=\"https:\/\/reveil-info.net\/wp-content\/uploads\/2026\/02\/1771262366767.jpg\" alt=\"\" width=\"720\" height=\"444\" srcset=\"https:\/\/reveil-info.net\/wp-content\/uploads\/2026\/02\/1771262366767.jpg 720w, https:\/\/reveil-info.net\/wp-content\/uploads\/2026\/02\/1771262366767-300x185.jpg 300w\" sizes=\"auto, (max-width: 720px) 100vw, 720px\" \/><\/p>\n<p>La salle de r\u00e9union du si\u00e8ge de la Soci\u00e9t\u00e9 mini\u00e8re IAMGOLD Essakane SA a servi ce 16 f\u00e9vrier 2026 de cadre pour la remise officielle d\u2019une attestation de reconnaissance du Minist\u00e8re en charge de la Sant\u00e9 du Burkina Faso. En effet, le Directeur g\u00e9n\u00e9ral du Centre Hospitalier r\u00e9gional de Dori a rendu au nom de Monsieur le Ministre de la Sant\u00e9 un vibrant hommage \u00e0 IAMGOLD Essakane SA pour son accompagnement constant \u00e0 la r\u00e9alisation des actions\/projets du CHR de Dori.<\/p>\n<p><img loading=\"lazy\" decoding=\"async\" class=\"alignnone size-full wp-image-43904\" src=\"https:\/\/reveil-info.net\/wp-content\/uploads\/2026\/02\/1771262370940.jpg\" alt=\"\" width=\"720\" height=\"480\" srcset=\"https:\/\/reveil-info.net\/wp-content\/uploads\/2026\/02\/1771262370940.jpg 720w, https:\/\/reveil-info.net\/wp-content\/uploads\/2026\/02\/1771262370940-300x200.jpg 300w\" sizes=\"auto, (max-width: 720px) 100vw, 720px\" \/><\/p>\n<p>Cette distinction est la r\u00e9sultante de l\u2019implication et le soutien permanent depuis plus de 15 ann\u00e9es de cette entreprise mini\u00e8re socialement responsable et surtout pour sa contribution d\u00e9terminante dans l\u2019organisation du centenaire du CHR de Dori. En rappel IAMGOLD Essakane SA a \u00e9t\u00e9 le plus grand contributeur \u00e0 la soir\u00e9e de lev\u00e9e de fonds du centenaire pour les projets du CHR avec un montant de \ud835\udfcf\ud835\udfd1\ud835\udfce \ud835\udc26\ud835\udc22\ud835\udc25\ud835\udc25\ud835\udc22\ud835\udc28\ud835\udc27\ud835\udc2c \ud835\udc1d\ud835\udc1e \ud835\udc05 \ud835\udc02\ud835\udc05\ud835\udc00.<\/p>\n<p>La c\u00e9r\u00e9monie empreinte de solennit\u00e9 a \u00e9t\u00e9 marqu\u00e9e par des messages de remerciements soulignant la qualit\u00e9 du partenariat entre les deux institutions.<\/p>\n<p><img loading=\"lazy\" decoding=\"async\" class=\"alignnone size-full wp-image-43905\" src=\"https:\/\/reveil-info.net\/wp-content\/uploads\/2026\/02\/1771262374910.jpg\" alt=\"\" width=\"720\" height=\"480\" srcset=\"https:\/\/reveil-info.net\/wp-content\/uploads\/2026\/02\/1771262374910.jpg 720w, https:\/\/reveil-info.net\/wp-content\/uploads\/2026\/02\/1771262374910-300x200.jpg 300w\" sizes=\"auto, (max-width: 720px) 100vw, 720px\" \/><\/p>\n<p>Apr\u00e8s la r\u00e9ception M. Tidiane BARRY, DG d\u2019IAMGOLD Essakane SA a salu\u00e9 la d\u00e9marche et a exprim\u00e9 la gratitude de son entreprise pour l\u2019honneur et pour cette marque de consid\u00e9ration. Il a r\u00e9affirm\u00e9 l\u2019engagement continu et l\u2019accompagnement de la compagnie pour le bien-\u00eatre et la sant\u00e9 des populations de la r\u00e9gion du Liptako.<\/p>\n<p>Reveil-info<\/p>\n<p>Source : IAMGOLD Essakane SA<\/p>\n","protected":false},"excerpt":{"rendered":"<p>Le Minist\u00e8re de la Sant\u00e9 exprime sa reconnaissance \u00e0 IAMGOLD Essakane SA La salle de<\/p>\n","protected":false},"author":1,"featured_media":0,"comment_status":"open","ping_status":"open","sticky":false,"template":"","format":"standard","meta":{"footnotes":""},"categories":[2,14],"tags":[],"class_list":["post-43900","post","type-post","status-publish","format-standard","hentry","category-actu","category-sante"],"yoast_head":"<!-- This site is optimized with the Yoast SEO plugin v27.5 - https:\/\/yoast.com\/product\/yoast-seo-wordpress\/ -->\n<title>Sant\u00e9 au Burkina : le minist\u00e8re de la sant\u00e9 exprime sa reconnaissance \u00e0 IAMGOLD Essakane SA - R\u00e9veil Info<\/title>\n<meta name=\"robots\" content=\"noindex, follow, max-snippet:-1, max-image-preview:large, max-video-preview:-1\" \/>\n<meta property=\"og:locale\" content=\"fr_FR\" \/>\n<meta property=\"og:type\" content=\"article\" \/>\n<meta property=\"og:title\" content=\"Sant\u00e9 au Burkina : le minist\u00e8re de la sant\u00e9 exprime sa reconnaissance \u00e0 IAMGOLD Essakane SA - R\u00e9veil Info\" \/>\n<meta property=\"og:description\" content=\"Le Minist\u00e8re de la Sant\u00e9 exprime sa reconnaissance \u00e0 IAMGOLD Essakane SA La salle de\" \/>\n<meta property=\"og:url\" content=\"https:\/\/reveil-info.net\/?p=43900\" \/>\n<meta property=\"og:site_name\" content=\"R\u00e9veil Info\" \/>\n<meta property=\"article:published_time\" content=\"2026-02-16T17:23:42+00:00\" \/>\n<meta property=\"og:image\" content=\"https:\/\/reveil-info.net\/wp-content\/uploads\/2026\/02\/1771262366767.jpg\" \/>\n\t<meta property=\"og:image:width\" content=\"720\" \/>\n\t<meta property=\"og:image:height\" content=\"444\" \/>\n\t<meta property=\"og:image:type\" content=\"image\/jpeg\" \/>\n<meta name=\"author\" content=\"R\u00e9veil info\" \/>\n<meta name=\"twitter:card\" content=\"summary_large_image\" \/>\n<meta name=\"twitter:label1\" content=\"\u00c9crit par\" \/>\n\t<meta name=\"twitter:data1\" content=\"R\u00e9veil info\" \/>\n\t<meta name=\"twitter:label2\" content=\"Dur\u00e9e de lecture estim\u00e9e\" \/>\n\t<meta name=\"twitter:data2\" content=\"2 minutes\" \/>\n<script type=\"application\/ld+json\" class=\"yoast-schema-graph\">{\"@context\":\"https:\\\/\\\/schema.org\",\"@graph\":[{\"@type\":\"Article\",\"@id\":\"https:\\\/\\\/reveil-info.net\\\/?p=43900#article\",\"isPartOf\":{\"@id\":\"https:\\\/\\\/reveil-info.net\\\/?p=43900\"},\"author\":{\"name\":\"R\u00e9veil info\",\"@id\":\"https:\\\/\\\/reveil-info.net\\\/#\\\/schema\\\/person\\\/ca0cc8e70088e0a2b5e92556c1ee60f5\"},\"headline\":\"Sant\u00e9 au Burkina : le minist\u00e8re de la sant\u00e9 exprime sa reconnaissance \u00e0 IAMGOLD Essakane SA\",\"datePublished\":\"2026-02-16T17:23:42+00:00\",\"mainEntityOfPage\":{\"@id\":\"https:\\\/\\\/reveil-info.net\\\/?p=43900\"},\"wordCount\":281,\"commentCount\":0,\"publisher\":{\"@id\":\"https:\\\/\\\/reveil-info.net\\\/#organization\"},\"image\":{\"@id\":\"https:\\\/\\\/reveil-info.net\\\/?p=43900#primaryimage\"},\"thumbnailUrl\":\"https:\\\/\\\/reveil-info.net\\\/wp-content\\\/uploads\\\/2026\\\/02\\\/1771262366767.jpg\",\"articleSection\":[\"Actualit\u00e9\",\"Sant\u00e9\"],\"inLanguage\":\"fr-FR\",\"potentialAction\":[{\"@type\":\"CommentAction\",\"name\":\"Comment\",\"target\":[\"https:\\\/\\\/reveil-info.net\\\/?p=43900#respond\"]}]},{\"@type\":\"WebPage\",\"@id\":\"https:\\\/\\\/reveil-info.net\\\/?p=43900\",\"url\":\"https:\\\/\\\/reveil-info.net\\\/?p=43900\",\"name\":\"Sant\u00e9 au Burkina : le minist\u00e8re de la sant\u00e9 exprime sa reconnaissance \u00e0 IAMGOLD Essakane SA - R\u00e9veil Info\",\"isPartOf\":{\"@id\":\"https:\\\/\\\/reveil-info.net\\\/#website\"},\"primaryImageOfPage\":{\"@id\":\"https:\\\/\\\/reveil-info.net\\\/?p=43900#primaryimage\"},\"image\":{\"@id\":\"https:\\\/\\\/reveil-info.net\\\/?p=43900#primaryimage\"},\"thumbnailUrl\":\"https:\\\/\\\/reveil-info.net\\\/wp-content\\\/uploads\\\/2026\\\/02\\\/1771262366767.jpg\",\"datePublished\":\"2026-02-16T17:23:42+00:00\",\"breadcrumb\":{\"@id\":\"https:\\\/\\\/reveil-info.net\\\/?p=43900#breadcrumb\"},\"inLanguage\":\"fr-FR\",\"potentialAction\":[{\"@type\":\"ReadAction\",\"target\":[\"https:\\\/\\\/reveil-info.net\\\/?p=43900\"]}]},{\"@type\":\"ImageObject\",\"inLanguage\":\"fr-FR\",\"@id\":\"https:\\\/\\\/reveil-info.net\\\/?p=43900#primaryimage\",\"url\":\"https:\\\/\\\/reveil-info.net\\\/wp-content\\\/uploads\\\/2026\\\/02\\\/1771262366767.jpg\",\"contentUrl\":\"https:\\\/\\\/reveil-info.net\\\/wp-content\\\/uploads\\\/2026\\\/02\\\/1771262366767.jpg\",\"width\":720,\"height\":444},{\"@type\":\"BreadcrumbList\",\"@id\":\"https:\\\/\\\/reveil-info.net\\\/?p=43900#breadcrumb\",\"itemListElement\":[{\"@type\":\"ListItem\",\"position\":1,\"name\":\"Home\",\"item\":\"https:\\\/\\\/reveil-info.net\\\/\"},{\"@type\":\"ListItem\",\"position\":2,\"name\":\"Sant\u00e9 au Burkina : le minist\u00e8re de la sant\u00e9 exprime sa reconnaissance \u00e0 IAMGOLD Essakane SA\"}]},{\"@type\":\"WebSite\",\"@id\":\"https:\\\/\\\/reveil-info.net\\\/#website\",\"url\":\"https:\\\/\\\/reveil-info.net\\\/\",\"name\":\"R\u00e9veil Info\",\"description\":\"Le devoir d&#039;informer!\",\"publisher\":{\"@id\":\"https:\\\/\\\/reveil-info.net\\\/#organization\"},\"potentialAction\":[{\"@type\":\"SearchAction\",\"target\":{\"@type\":\"EntryPoint\",\"urlTemplate\":\"https:\\\/\\\/reveil-info.net\\\/?s={search_term_string}\"},\"query-input\":{\"@type\":\"PropertyValueSpecification\",\"valueRequired\":true,\"valueName\":\"search_term_string\"}}],\"inLanguage\":\"fr-FR\"},{\"@type\":\"Organization\",\"@id\":\"https:\\\/\\\/reveil-info.net\\\/#organization\",\"name\":\"R\u00e9veil Info\",\"url\":\"https:\\\/\\\/reveil-info.net\\\/\",\"logo\":{\"@type\":\"ImageObject\",\"inLanguage\":\"fr-FR\",\"@id\":\"https:\\\/\\\/reveil-info.net\\\/#\\\/schema\\\/logo\\\/image\\\/\",\"url\":\"https:\\\/\\\/reveil-info.net\\\/wp-content\\\/uploads\\\/2024\\\/07\\\/bnddd1.jpg\",\"contentUrl\":\"https:\\\/\\\/reveil-info.net\\\/wp-content\\\/uploads\\\/2024\\\/07\\\/bnddd1.jpg\",\"width\":903,\"height\":125,\"caption\":\"R\u00e9veil Info\"},\"image\":{\"@id\":\"https:\\\/\\\/reveil-info.net\\\/#\\\/schema\\\/logo\\\/image\\\/\"}},{\"@type\":\"Person\",\"@id\":\"https:\\\/\\\/reveil-info.net\\\/#\\\/schema\\\/person\\\/ca0cc8e70088e0a2b5e92556c1ee60f5\",\"name\":\"R\u00e9veil info\",\"image\":{\"@type\":\"ImageObject\",\"inLanguage\":\"fr-FR\",\"@id\":\"https:\\\/\\\/secure.gravatar.com\\\/avatar\\\/e4ad5bb743c8b6cb174d9df6c7d30a8a16f6889731241345fc6444e6485f02af?s=96&d=mm&r=g\",\"url\":\"https:\\\/\\\/secure.gravatar.com\\\/avatar\\\/e4ad5bb743c8b6cb174d9df6c7d30a8a16f6889731241345fc6444e6485f02af?s=96&d=mm&r=g\",\"contentUrl\":\"https:\\\/\\\/secure.gravatar.com\\\/avatar\\\/e4ad5bb743c8b6cb174d9df6c7d30a8a16f6889731241345fc6444e6485f02af?s=96&d=mm&r=g\",\"caption\":\"R\u00e9veil info\"},\"sameAs\":[\"https:\\\/\\\/reveil-info.net\"],\"url\":\"https:\\\/\\\/reveil-info.net\\\/?author=1\"}]}<\/script>\n<!-- \/ Yoast SEO plugin. -->","yoast_head_json":{"title":"Sant\u00e9 au Burkina : le minist\u00e8re de la sant\u00e9 exprime sa reconnaissance \u00e0 IAMGOLD Essakane SA - R\u00e9veil Info","robots":{"index":"noindex","follow":"follow","max-snippet":"max-snippet:-1","max-image-preview":"max-image-preview:large","max-video-preview":"max-video-preview:-1"},"og_locale":"fr_FR","og_type":"article","og_title":"Sant\u00e9 au Burkina : le minist\u00e8re de la sant\u00e9 exprime sa reconnaissance \u00e0 IAMGOLD Essakane SA - R\u00e9veil Info","og_description":"Le Minist\u00e8re de la Sant\u00e9 exprime sa reconnaissance \u00e0 IAMGOLD Essakane SA La salle de","og_url":"https:\/\/reveil-info.net\/?p=43900","og_site_name":"R\u00e9veil Info","article_published_time":"2026-02-16T17:23:42+00:00","og_image":[{"width":720,"height":444,"url":"https:\/\/reveil-info.net\/wp-content\/uploads\/2026\/02\/1771262366767.jpg","type":"image\/jpeg"}],"author":"R\u00e9veil info","twitter_card":"summary_large_image","twitter_misc":{"\u00c9crit par":"R\u00e9veil info","Dur\u00e9e de lecture estim\u00e9e":"2 minutes"},"schema":{"@context":"https:\/\/schema.org","@graph":[{"@type":"Article","@id":"https:\/\/reveil-info.net\/?p=43900#article","isPartOf":{"@id":"https:\/\/reveil-info.net\/?p=43900"},"author":{"name":"R\u00e9veil info","@id":"https:\/\/reveil-info.net\/#\/schema\/person\/ca0cc8e70088e0a2b5e92556c1ee60f5"},"headline":"Sant\u00e9 au Burkina : le minist\u00e8re de la sant\u00e9 exprime sa reconnaissance \u00e0 IAMGOLD Essakane SA","datePublished":"2026-02-16T17:23:42+00:00","mainEntityOfPage":{"@id":"https:\/\/reveil-info.net\/?p=43900"},"wordCount":281,"commentCount":0,"publisher":{"@id":"https:\/\/reveil-info.net\/#organization"},"image":{"@id":"https:\/\/reveil-info.net\/?p=43900#primaryimage"},"thumbnailUrl":"https:\/\/reveil-info.net\/wp-content\/uploads\/2026\/02\/1771262366767.jpg","articleSection":["Actualit\u00e9","Sant\u00e9"],"inLanguage":"fr-FR","potentialAction":[{"@type":"CommentAction","name":"Comment","target":["https:\/\/reveil-info.net\/?p=43900#respond"]}]},{"@type":"WebPage","@id":"https:\/\/reveil-info.net\/?p=43900","url":"https:\/\/reveil-info.net\/?p=43900","name":"Sant\u00e9 au Burkina : le minist\u00e8re de la sant\u00e9 exprime sa reconnaissance \u00e0 IAMGOLD Essakane SA - R\u00e9veil Info","isPartOf":{"@id":"https:\/\/reveil-info.net\/#website"},"primaryImageOfPage":{"@id":"https:\/\/reveil-info.net\/?p=43900#primaryimage"},"image":{"@id":"https:\/\/reveil-info.net\/?p=43900#primaryimage"},"thumbnailUrl":"https:\/\/reveil-info.net\/wp-content\/uploads\/2026\/02\/1771262366767.jpg","datePublished":"2026-02-16T17:23:42+00:00","breadcrumb":{"@id":"https:\/\/reveil-info.net\/?p=43900#breadcrumb"},"inLanguage":"fr-FR","potentialAction":[{"@type":"ReadAction","target":["https:\/\/reveil-info.net\/?p=43900"]}]},{"@type":"ImageObject","inLanguage":"fr-FR","@id":"https:\/\/reveil-info.net\/?p=43900#primaryimage","url":"https:\/\/reveil-info.net\/wp-content\/uploads\/2026\/02\/1771262366767.jpg","contentUrl":"https:\/\/reveil-info.net\/wp-content\/uploads\/2026\/02\/1771262366767.jpg","width":720,"height":444},{"@type":"BreadcrumbList","@id":"https:\/\/reveil-info.net\/?p=43900#breadcrumb","itemListElement":[{"@type":"ListItem","position":1,"name":"Home","item":"https:\/\/reveil-info.net\/"},{"@type":"ListItem","position":2,"name":"Sant\u00e9 au Burkina : le minist\u00e8re de la sant\u00e9 exprime sa reconnaissance \u00e0 IAMGOLD Essakane SA"}]},{"@type":"WebSite","@id":"https:\/\/reveil-info.net\/#website","url":"https:\/\/reveil-info.net\/","name":"R\u00e9veil Info","description":"Le devoir d&#039;informer!","publisher":{"@id":"https:\/\/reveil-info.net\/#organization"},"potentialAction":[{"@type":"SearchAction","target":{"@type":"EntryPoint","urlTemplate":"https:\/\/reveil-info.net\/?s={search_term_string}"},"query-input":{"@type":"PropertyValueSpecification","valueRequired":true,"valueName":"search_term_string"}}],"inLanguage":"fr-FR"},{"@type":"Organization","@id":"https:\/\/reveil-info.net\/#organization","name":"R\u00e9veil Info","url":"https:\/\/reveil-info.net\/","logo":{"@type":"ImageObject","inLanguage":"fr-FR","@id":"https:\/\/reveil-info.net\/#\/schema\/logo\/image\/","url":"https:\/\/reveil-info.net\/wp-content\/uploads\/2024\/07\/bnddd1.jpg","contentUrl":"https:\/\/reveil-info.net\/wp-content\/uploads\/2024\/07\/bnddd1.jpg","width":903,"height":125,"caption":"R\u00e9veil Info"},"image":{"@id":"https:\/\/reveil-info.net\/#\/schema\/logo\/image\/"}},{"@type":"Person","@id":"https:\/\/reveil-info.net\/#\/schema\/person\/ca0cc8e70088e0a2b5e92556c1ee60f5","name":"R\u00e9veil info","image":{"@type":"ImageObject","inLanguage":"fr-FR","@id":"https:\/\/secure.gravatar.com\/avatar\/e4ad5bb743c8b6cb174d9df6c7d30a8a16f6889731241345fc6444e6485f02af?s=96&d=mm&r=g","url":"https:\/\/secure.gravatar.com\/avatar\/e4ad5bb743c8b6cb174d9df6c7d30a8a16f6889731241345fc6444e6485f02af?s=96&d=mm&r=g","contentUrl":"https:\/\/secure.gravatar.com\/avatar\/e4ad5bb743c8b6cb174d9df6c7d30a8a16f6889731241345fc6444e6485f02af?s=96&d=mm&r=g","caption":"R\u00e9veil info"},"sameAs":["https:\/\/reveil-info.net"],"url":"https:\/\/reveil-info.net\/?author=1"}]}},"jetpack_featured_media_url":"","featured_image_urls":{"full":"","thumbnail":"","medium":"","medium_large":"","large":"","1536x1536":"","2048x2048":"","chromenews-featured":"","chromenews-large":"","chromenews-medium":""},"author_info":{"display_name":"R\u00e9veil info","author_link":"https:\/\/reveil-info.net\/?author=1"},"category_info":"<a href=\"https:\/\/reveil-info.net\/?cat=2\" rel=\"category\">Actualit\u00e9<\/a> <a href=\"https:\/\/reveil-info.net\/?cat=14\" rel=\"category\">Sant\u00e9<\/a>","tag_info":"Sant\u00e9","comment_count":"0","_links":{"self":[{"href":"https:\/\/reveil-info.net\/index.php?rest_route=\/wp\/v2\/posts\/43900","targetHints":{"allow":["GET"]}}],"collection":[{"href":"https:\/\/reveil-info.net\/index.php?rest_route=\/wp\/v2\/posts"}],"about":[{"href":"https:\/\/reveil-info.net\/index.php?rest_route=\/wp\/v2\/types\/post"}],"author":[{"embeddable":true,"href":"https:\/\/reveil-info.net\/index.php?rest_route=\/wp\/v2\/users\/1"}],"replies":[{"embeddable":true,"href":"https:\/\/reveil-info.net\/index.php?rest_route=%2Fwp%2Fv2%2Fcomments&post=43900"}],"version-history":[{"count":4,"href":"https:\/\/reveil-info.net\/index.php?rest_route=\/wp\/v2\/posts\/43900\/revisions"}],"predecessor-version":[{"id":43907,"href":"https:\/\/reveil-info.net\/index.php?rest_route=\/wp\/v2\/posts\/43900\/revisions\/43907"}],"wp:attachment":[{"href":"https:\/\/reveil-info.net\/index.php?rest_route=%2Fwp%2Fv2%2Fmedia&parent=43900"}],"wp:term":[{"taxonomy":"category","embeddable":true,"href":"https:\/\/reveil-info.net\/index.php?rest_route=%2Fwp%2Fv2%2Fcategories&post=43900"},{"taxonomy":"post_tag","embeddable":true,"href":"https:\/\/reveil-info.net\/index.php?rest_route=%2Fwp%2Fv2%2Ftags&post=43900"}],"curies":[{"name":"wp","href":"https:\/\/api.w.org\/{rel}","templated":true}]}}