{"id":4389,"date":"2024-08-01T08:52:53","date_gmt":"2024-08-01T08:52:53","guid":{"rendered":"https:\/\/reveil-info.net\/?p=4389"},"modified":"2024-08-01T08:52:53","modified_gmt":"2024-08-01T08:52:53","slug":"communique-du-conseil-des-ministres-du-mercredi-31-juillet-2024-du-senegal","status":"publish","type":"post","link":"https:\/\/reveil-info.net\/?p=4389","title":{"rendered":"Communiqu\u00e9 du conseil des ministres du Mercredi 31 Juillet 2024 du S\u00e9n\u00e9gal"},"content":{"rendered":"<div style=\"text-align: justify;\"><span style=\"font-size: x-large;\"><b>Le Chef de l\u2019Etat, Son Excellence, Monsieur Bassirou Diomaye Diakhar FAYE a pr\u00e9sid\u00e9, ce mercredi 31 juillet 2024, la r\u00e9union hebdomadaire du Conseil des Ministres, au\u00a0<\/b><b>Palais de la R\u00e9publique.<\/b><\/span><\/div>\n<div style=\"text-align: justify;\"><span style=\"font-size: x-large;\">\u00a0<\/span><\/div>\n<div style=\"text-align: justify;\"><span style=\"font-size: x-large;\">A l\u2019entame de sa communication, le Pr\u00e9sident de la R\u00e9publique s\u2019est inclin\u00e9 devant la m\u00e9moire des victimes des accidents de la circulation survenus ces derniers jours au S\u00e9n\u00e9gal.\u00a0<\/span><\/div>\n<div style=\"text-align: justify;\"><span style=\"font-size: x-large;\">\u00a0<\/span><\/div>\n<div style=\"text-align: justify;\"><span style=\"font-size: x-large;\">Il a pr\u00e9sent\u00e9 les condol\u00e9ances de la Nation aux familles \u00e9plor\u00e9es et a souhait\u00e9 un prompt r\u00e9tablissement aux bless\u00e9s qui doivent b\u00e9n\u00e9ficier comme les familles attrist\u00e9es du soutien de l\u2019Etat.\u00a0<\/span><span style=\"font-size: x-large;\">Face \u00e0 la recrudescence constat\u00e9e des accidents de la route, le Chef de l\u2019Etat a demand\u00e9 au Premier Ministre de tenir, dans les meilleurs d\u00e9lais, une r\u00e9union interminist\u00e9rielle restreinte d\u2019\u00e9valuation des mesures de pr\u00e9vention et de s\u00e9curit\u00e9 routi\u00e8res en perspective des prochains \u00e9v\u00e8nements religieux : Grand Magal de Touba, Maouloud, etc.<\/span><\/div>\n<div style=\"text-align: justify;\"><span style=\"font-size: x-large;\">\u00a0<\/span><\/div>\n<div style=\"text-align: justify;\"><span style=\"font-size: x-large;\">Le Pr\u00e9sident de la R\u00e9publique est revenu sur la c\u00e9r\u00e9monie de remise de prix aux laur\u00e9ats du Concours g\u00e9n\u00e9ral qu\u2019il a pr\u00e9sid\u00e9e le mardi 30 juillet 2024, plac\u00e9e cette ann\u00e9e sous le th\u00e8me : \u00ab Enjeux, d\u00e9fis et perspectives pour une Ecole au service de la Souverainet\u00e9 nationale \u00bb. Il a f\u00e9licit\u00e9 les laur\u00e9ates et laur\u00e9ats, \u00e9l\u00e8ves de nos diff\u00e9rents lyc\u00e9es et \u00e9tablissements scolaires, pour les r\u00e9sultats remarquables obtenus \u00e0 l\u2019issue de ce concours prestigieux qui entretient l\u2019excellence de notre syst\u00e8me \u00e9ducatif.\u00a0<\/span><\/div>\n<div style=\"text-align: justify;\"><span style=\"font-size: x-large;\">\u00a0<\/span><\/div>\n<div style=\"text-align: justify;\"><span style=\"font-size: x-large;\">Le Chef de l\u2019Etat a f\u00e9licit\u00e9 le Ministre de l\u2019Education nationale et toute la communaut\u00e9 \u00e9ducative pour la parfaite organisation de la c\u00e9r\u00e9monie de cette ann\u00e9e qui marque un tournant majeur dans la refondation de l\u2019Ecole. Il a appel\u00e9 \u00e0 un consensus acad\u00e9mique et social consolid\u00e9 pour que le Gouvernement et les acteurs de l\u2019Ecole puissent promouvoir et faciliter l\u2019acc\u00e8s de tous \u00e0 une \u00e9ducation de qualit\u00e9 en ad\u00e9quation avec les besoins du march\u00e9 du travail.<\/span><\/div>\n<div style=\"text-align: justify;\"><span style=\"font-size: x-large;\">\u00a0<\/span><\/div>\n<div style=\"text-align: justify;\"><span style=\"font-size: x-large;\">S\u2019appuyant sur les donn\u00e9es d\u00e9mographiques officielles issues du 5\u00e8me Recensement g\u00e9n\u00e9ral de la Population et de l\u2019Habitat, le Pr\u00e9sident de la R\u00e9publique a demand\u00e9 au Premier Ministre et aux Ministres en charge de l\u2019Education nationale, de la Formation professionnelle et du Plan, d\u2019acc\u00e9l\u00e9rer l\u2019actualisation convergente des lettres de politique sectorielle en mati\u00e8re d\u2019\u00e9ducation et de formation. Cette revue prospective, indispensable et urgente permettra d\u2019am\u00e9liorer la gouvernance et les performances du syst\u00e8me \u00e9ducatif national en termes de r\u00e9sultats scolaires, d\u2019efficacit\u00e9, d\u2019efficience, de qualit\u00e9 et de carri\u00e8re des agents mais \u00e9galement de rationaliser ses m\u00e9canismes de financement endog\u00e8nes. Dans cette perspective, il a rappel\u00e9 au Premier Ministre et aux Ministres concern\u00e9s, la n\u00e9cessit\u00e9 d\u2019une maitrise strat\u00e9gique des projets de construction et d\u2019\u00e9quipement scolaires dans des localit\u00e9s bien cibl\u00e9es ainsi que des recrutements d\u2019enseignants dans les diff\u00e9rentes mati\u00e8res afin de promouvoir un S\u00e9n\u00e9gal juste dans la r\u00e9partition de l\u2019offre \u00e9ducative.<\/span><\/div>\n<div style=\"text-align: justify;\"><span style=\"font-size: x-large;\">\u00a0<\/span><\/div>\n<div style=\"text-align: justify;\"><span style=\"font-size: x-large;\">Sur le m\u00eame chapitre, le Chef de l\u2019Etat a indiqu\u00e9 l\u2019importance de la mont\u00e9e en puissance de la digitalisation du syst\u00e8me \u00e9ducatif, des disciplines scientifiques et technologiques ainsi que de la formation professionnelle adapt\u00e9e pour renforcer la qualit\u00e9 et la valorisation du capital humain national sur le march\u00e9 du travail. Il a rappel\u00e9 que notre souverainet\u00e9 repose notamment sur le renforcement de l\u2019\u00e9ducation civique, le d\u00e9veloppement de nos langues nationales, la connaissance v\u00e9ritable de notre histoire et de nos valeurs de civilisation ainsi que la valorisation de notre culture dans le syst\u00e8me \u00e9ducatif.<\/span><\/div>\n<div style=\"text-align: justify;\"><span style=\"font-size: x-large;\">\u00a0<\/span><\/div>\n<div style=\"text-align: justify;\"><span style=\"font-size: x-large;\">Le Pr\u00e9sident de la R\u00e9publique a demand\u00e9 dans le m\u00eame esprit au Ministre de l\u2019Education nationale de relancer, avec tous les acteurs impliqu\u00e9s, les politiques d\u2019alphab\u00e9tisation et de promotion de nos langues nationales codifi\u00e9es \u00e0 travers une organisation r\u00e9form\u00e9e de la semaine nationale de l\u2019Alphab\u00e9tisation et de l\u2019Ecole de base qui devrait \u00e9voluer vers un mois d\u00e9di\u00e9. Enfin, il a indiqu\u00e9 au Ministre de l\u2019Education nationale l\u2019imp\u00e9ratif de renforcer, avec toutes les parties prenantes, l\u2019\u00e9ducation religieuse dans le syst\u00e8me scolaire et d\u2019accentuer la mise en \u0153uvre du programme de modernisation des Daaras.<\/span><\/div>\n<div style=\"text-align: justify;\"><span style=\"font-size: x-large;\">\u00a0<\/span><\/div>\n<div style=\"text-align: justify;\"><span style=\"font-size: x-large;\">Evoquant la question de la pr\u00e9servation de nos massifs forestiers et l\u2019am\u00e9lioration de la conservation de nos sites naturels, le Chef de l\u2019Etat a tenu \u00e0 saluer la d\u00e9cision du Comit\u00e9 du Patrimoine mondial de l\u2019UNESCO, r\u00e9uni le 24 juillet 2024 \u00e0 New Dehli, de retirer le Parc national du Niokolo-Koba de la liste du patrimoine mondial en p\u00e9ril. Il a f\u00e9licit\u00e9 le Ministre de l\u2019Environnement et de la Transition \u00e9cologique, l\u2019Ambassadeur du S\u00e9n\u00e9gal aupr\u00e8s de l\u2019UNESCO, les agents des Eaux et For\u00eats, des parcs nationaux, les Forces de D\u00e9fense et de S\u00e9curit\u00e9 pour le travail remarquable accompli pour pr\u00e9server le patrimoine naturel du S\u00e9n\u00e9gal.\u00a0<\/span><\/div>\n<div style=\"text-align: justify;\"><span style=\"font-size: x-large;\">\u00a0<\/span><\/div>\n<div style=\"text-align: justify;\"><span style=\"font-size: x-large;\">Le Pr\u00e9sident de la R\u00e9publique a demand\u00e9, \u00e0 cet \u00e9gard, au Premier Ministre et aux Ministres en charge de l\u2019Environnement et des Finances de veiller au renforcement de l\u2019organisation et des moyens des Services nationaux de gestion des Parcs nationaux et des Eaux et For\u00eats, Chasses et Conservation des Sols. Il a invit\u00e9 le Ministre de l\u2019Environnement \u00e0 faire un rapport exhaustif sur le classement des for\u00eats, des parcs, r\u00e9serves naturelles et aires marines prot\u00e9g\u00e9es sur l\u2019\u00e9tendue du territoire national. Par ailleurs, il a soulign\u00e9 la n\u00e9cessit\u00e9 d\u2019une \u00e9tude approfondie sur les perspectives de gouvernance du littoral au regard des occupations anarchiques r\u00e9v\u00e9l\u00e9es par les rapports d\u00e9j\u00e0 disponibles.<\/span><\/div>\n<div style=\"text-align: justify;\"><span style=\"font-size: x-large;\">\u00a0<\/span><\/div>\n<div style=\"text-align: justify;\"><span style=\"font-size: x-large;\">Le Chef de l\u2019Etat a demand\u00e9 au Ministre de l\u2019Environnement de pr\u00e9senter les perspectives de d\u00e9veloppement des activit\u00e9s de l\u2019Agence s\u00e9n\u00e9galaise de Reforestation et de la Grande Muraille verte dans le contexte de la c\u00e9l\u00e9bration de la Journ\u00e9e nationale de l\u2019Arbre pr\u00e9vue les 3 et 4 ao\u00fbt 2024.\u00a0<\/span><\/div>\n<div style=\"text-align: justify;\"><span style=\"font-size: x-large;\">\u00a0<\/span><\/div>\n<div style=\"text-align: justify;\"><span style=\"font-size: x-large;\">Abordant la question de l\u2019am\u00e9lioration de la surveillance des lieux de privation de libert\u00e9, le Pr\u00e9sident de la R\u00e9publique s\u2019est f\u00e9licit\u00e9 du rapport de l\u2019Observateur national des Lieux de Privation de Libert\u00e9 qu\u2019il a re\u00e7u le vendredi 19 juillet 2024 au Palais, une premi\u00e8re dans les annales de la R\u00e9publique. Il l\u2019a f\u00e9licit\u00e9 pour la richesse du document et la pertinence des recommandations formul\u00e9es. Il a demand\u00e9 au Premier Ministre et au Ministre de la Justice d\u2019exploiter les informations, enseignements et recommandations dudit rapport en vue de leur application ad\u00e9quate.\u00a0<\/span><\/div>\n<div style=\"text-align: justify;\"><span style=\"font-size: x-large;\">\u00a0<\/span><\/div>\n<div style=\"text-align: justify;\"><span style=\"font-size: x-large;\">Au regard des violences exceptionnelles relev\u00e9es ces derni\u00e8res ann\u00e9es au S\u00e9n\u00e9gal, le Chef de l\u2019Etat a rappel\u00e9 l\u2019urgence d\u2019accentuer l\u2019application de mesures de pr\u00e9vention et de lutte contre la torture et de veiller \u00e0 l\u2019am\u00e9lioration continue de la situation carc\u00e9rale. Il a indiqu\u00e9 \u00e0 ce sujet au Ministre de la Justice de veiller \u00e0 l\u2019acc\u00e9l\u00e9ration du programme de modernisation de l\u2019administration p\u00e9nitentiaire en termes d\u2019infrastructures \u00e0 \u00e9difier et \/ou \u00e0 r\u00e9habiliter, de personnels \u00e0 former et \u00e0 recruter, et de pr\u00e9paration \u00e0 la r\u00e9insertion sociale des d\u00e9tenus.<\/span><\/div>\n<div style=\"text-align: justify;\"><span style=\"font-size: x-large;\">\u00a0<\/span><\/div>\n<div style=\"text-align: justify;\"><span style=\"font-size: x-large;\">Le Pr\u00e9sident de la R\u00e9publique a demand\u00e9 au Premier Ministre et au Ministre de la Justice d\u2019engager l\u2019actualisation du cadre l\u00e9gislatif et r\u00e9glementaire, notamment la loi n\u00b0 2009-13 du 02 mars 2009, instituant l\u2019Observateur national des Lieux de Privation de Libert\u00e9 pour tenir compte de certaines recommandations des Assises de la Justice. La r\u00e9forme indiqu\u00e9e devra notamment am\u00e9liorer les dotations budg\u00e9taires allou\u00e9es \u00e0 l\u2019Observateur et assurer son ancrage institutionnel \u00e0 la Primature.\u00a0<\/span><\/div>\n<div style=\"text-align: justify;\"><span style=\"font-size: x-large;\">\u00a0<\/span><\/div>\n<div style=\"text-align: justify;\"><span style=\"font-size: x-large;\">Au chapitre de son agenda diplomatique, le Chef de l\u2019Etat est revenu sur sa participation au Sommet sur \u00ab Sport et D\u00e9veloppement durable \u00bb ainsi qu\u2019\u00e0 la c\u00e9r\u00e9monie d\u2019ouverture des 33\u00e8me Jeux Olympiques \u00e0 Paris. Le Pr\u00e9sident de la R\u00e9publique a aussi fait part des audiences qu\u2019il a accord\u00e9es \u00e0 Paris au Pr\u00e9sident du CIO, Monsieur Thomas BACH et au Pr\u00e9sident de la R\u00e9publique de Singapour, Monsieur Tharman SHANMUGARATNAM.<\/span><\/div>\n<div style=\"text-align: justify;\"><span style=\"font-size: x-large;\">\u00a0<\/span><\/div>\n<div style=\"text-align: justify;\"><span style=\"font-size: x-large;\">\u00c0 l\u2019entame de sa communication, le Premier Ministre a adress\u00e9 ses vives f\u00e9licitations \u00e0 Monsieur le Pr\u00e9sident de la R\u00e9publique pour la profondeur du message d\u00e9livr\u00e9 \u00e0 la communaut\u00e9 internationale en g\u00e9n\u00e9ral, celle sportive en particulier, lors de son discours prononc\u00e9 au Sommet sur le sport et le d\u00e9veloppement durable, tenu \u00e0 Paris le jeudi 25 juillet 2024. Il a exprim\u00e9 la fiert\u00e9 ressentie notamment par le S\u00e9n\u00e9gal et l\u2019Afrique, relativement au langage de v\u00e9rit\u00e9 martel\u00e9 pour un changement des r\u00e8gles du jeu d\u2019un ordre mondial historiquement d\u00e9pass\u00e9.\u00a0<\/span><\/div>\n<div style=\"text-align: justify;\"><span style=\"font-size: x-large;\">\u00a0<\/span><\/div>\n<div style=\"text-align: justify;\"><span style=\"font-size: x-large;\">Abordant les th\u00e8mes de sa communication, le Premier Ministre est revenu sur la pr\u00e9occupation majeure li\u00e9e \u00e0 la recrudescence des accidents de la route. Il a inform\u00e9 le Conseil de l\u2019organisation, la semaine prochaine, d\u2019une r\u00e9union du Comit\u00e9 interminist\u00e9riel sur la s\u00e9curit\u00e9 routi\u00e8re. Elle sera consacr\u00e9e, d\u2019une part, \u00e0 l\u2019\u00e9valuation de l\u2019\u00e9tat de mise en \u0153uvre des mesures maintes fois arr\u00eat\u00e9es \u00e0 chaque succession d\u2019accidents meurtriers et, d\u2019autre part, aux r\u00e9solutions fermes \u00e0 prendre pour mettre un terme au laxisme not\u00e9 en la mati\u00e8re, alors que les facteurs \u00e0 l\u2019origine de ces accidents sont suffisamment document\u00e9s et ma\u00eetrisables.<\/span><\/div>\n<div style=\"text-align: justify;\"><span style=\"font-size: x-large;\">\u00a0<\/span><\/div>\n<div style=\"text-align: justify;\"><span style=\"font-size: x-large;\">Le Premier Ministre a, ensuite, rendu compte au Conseil de l\u2019\u00e9valuation de l\u2019\u00e9tat d\u2019ex\u00e9cution des plans d\u2019actions d\u2019urgence pour le trimestre avril-juin 2024 marqu\u00e9 par le d\u00e9marrage de la quasi-totalit\u00e9 des actions et la finalisation de certaines d\u2019entre-elles. Il a invit\u00e9 les Ministres \u00e0 assurer un suivi rapproch\u00e9 de la planification des actions \u00e0 finaliser au cours du troisi\u00e8me trimestre et \u00e0 prendre les dispositions appropri\u00e9es en vue de la lev\u00e9e des contraintes rencontr\u00e9es, notamment sur le plan budg\u00e9taire.\u00a0<\/span><\/div>\n<div style=\"text-align: justify;\"><span style=\"font-size: x-large;\">\u00a0<\/span><\/div>\n<div style=\"text-align: justify;\"><span style=\"font-size: x-large;\">Dans ce sillage, le Premier Ministre a \u00e9voqu\u00e9 le calendrier des Conseils et R\u00e9unions interminist\u00e9riels pr\u00e9vus aux mois d\u2019ao\u00fbt et de septembre 2024. Outre la r\u00e9union portant sur l\u2019\u00e9valuation de la pr\u00e9paration de l\u2019organisation des Jeux olympiques de la Jeunesse au S\u00e9n\u00e9gal en 2026, ces rencontres seront respectivement consacr\u00e9es \u00e0 la s\u00e9curit\u00e9 routi\u00e8re, aux infrastructures maritimes et portuaires, \u00e0 l\u2019approvisionnement en eau potable, \u00e0 la probl\u00e9matique de l\u2019\u00e9tat civil, \u00e0 la coupe du bois et \u00e0 la d\u00e9forestation, \u00e0 la facilitation de l\u2019acc\u00e8s au logement social, au retour des d\u00e9plac\u00e9s de Casamance ainsi qu\u2019au Plan de relance de la Compagnie Air S\u00e9n\u00e9gal.<\/span><\/div>\n<div style=\"text-align: justify;\"><span style=\"font-size: x-large;\">\u00a0<\/span><\/div>\n<div style=\"text-align: justify;\"><span style=\"font-size: x-large;\">Par ailleurs, le Premier Ministre a rappel\u00e9 la n\u00e9cessit\u00e9 de garantir, \u00e0 travers une communication gouvernementale coh\u00e9rente, une information cr\u00e9dible en direction des citoyens afin de vulgariser les politiques d\u00e9finies par le Pr\u00e9sident de la R\u00e9publique, d\u2019expliciter les d\u00e9cisions mises en \u0153uvre par le Gouvernement sur les dossiers majeurs de la vie nationale et d\u2019assurer la mobilisation citoyenne autour des d\u00e9fis de d\u00e9veloppement.<\/span><\/div>\n<div style=\"text-align: justify;\"><span style=\"font-size: x-large;\">\u00a0<\/span><\/div>\n<div style=\"text-align: justify;\"><span style=\"font-size: x-large;\">Enfin, le Premier Ministre a port\u00e9 \u00e0 la connaissance du Conseil la signature, suite aux instructions de Monsieur le Pr\u00e9sident de la R\u00e9publique, de l\u2019arr\u00eat\u00e9 portant cr\u00e9ation, organisation et fonctionnement du Comit\u00e9 de Comm\u00e9moration du 80\u00e8me anniversaire du massacre des Tirailleurs s\u00e9n\u00e9galais \u00e0 Thiaroye. L\u2019arr\u00eat\u00e9 portant d\u00e9signation des membres du Comit\u00e9, dont des personnes-ressources s\u00e9n\u00e9galaises, africaines et \u00e9trang\u00e8res, sera publi\u00e9 au cours de la pr\u00e9sente semaine.<\/span><\/div>\n<div style=\"text-align: justify;\"><span style=\"font-size: x-large;\"><b>\u00a0<\/b><\/span><\/div>\n<div style=\"text-align: justify;\"><span style=\"font-size: x-large;\"><b>AU TITRE DES COMMUNICATIONS DES MINISTRES :<\/b><\/span><\/div>\n<div style=\"text-align: justify;\"><span style=\"font-size: x-large;\">\u00a0<\/span><\/div>\n<div style=\"text-align: justify;\"><span style=\"font-size: x-large;\">&#8211; Le Ministre de l\u2019Energie, du P\u00e9trole et des Mines a fait le point sur les op\u00e9rations de contr\u00f4le, de production et d\u2019enl\u00e8vement du p\u00e9trole brut de Sangomar ;\u00a0\u00a0<\/span><\/div>\n<div style=\"text-align: justify;\"><span style=\"font-size: x-large;\">\u00a0<\/span><\/div>\n<div style=\"text-align: justify;\"><span style=\"font-size: x-large;\">&#8211; Le Ministre de l\u2019Environnement et de la Transition \u00e9cologique a fait le point sur la pr\u00e9paration de la Journ\u00e9e nationale de l\u2019Arbre pr\u00e9vue les 3 et 4 ao\u00fbt 2024 ;<\/span><\/div>\n<div style=\"text-align: justify;\"><span style=\"font-size: x-large;\">\u00a0<\/span><\/div>\n<div style=\"text-align: justify;\"><span style=\"font-size: x-large;\">Le Ministre de l\u2019Hydraulique et de l\u2019Assainissement a pr\u00e9sent\u00e9 la situation hebdomadaire de la gestion des inondations ;<\/span><\/div>\n<div style=\"text-align: justify;\"><span style=\"font-size: x-large;\">\u00a0<\/span><\/div>\n<div style=\"text-align: justify;\"><span style=\"font-size: x-large;\">&#8211; Le Ministre de la Famille et des Solidarit\u00e9s a fait le point sur les propositions d\u2019assistance du Gouvernement aux ex-d\u00e9tenus et autres victimes de la p\u00e9riode pr\u00e9-\u00e9lectorale.<\/span><\/div>\n<div style=\"text-align: justify;\"><\/div>\n<div style=\"text-align: justify;\"><b><span style=\"font-size: medium;\">Le Ministre de la Formation Professionnelle,\u00a0<\/span><\/b><\/div>\n<div style=\"text-align: justify;\"><b><span style=\"font-size: medium;\">Porte-Parole du Gouvernement<\/span><\/b><\/div>\n<div style=\"text-align: justify;\"><b><span style=\"font-size: medium;\">Amadou Moustapha Njekk SARRE<\/span><\/b><\/div>\n","protected":false},"excerpt":{"rendered":"<p>Le Chef de l\u2019Etat, Son Excellence, Monsieur Bassirou Diomaye Diakhar FAYE a pr\u00e9sid\u00e9, ce mercredi<\/p>\n","protected":false},"author":1,"featured_media":4393,"comment_status":"open","ping_status":"open","sticky":false,"template":"","format":"standard","meta":{"footnotes":""},"categories":[2,8],"tags":[],"class_list":["post-4389","post","type-post","status-publish","format-standard","has-post-thumbnail","hentry","category-actu","category-international"],"yoast_head":"<!-- This site is optimized with the Yoast SEO plugin v27.5 - https:\/\/yoast.com\/product\/yoast-seo-wordpress\/ -->\n<title>Communiqu\u00e9 du conseil des ministres du Mercredi 31 Juillet 2024 du S\u00e9n\u00e9gal - R\u00e9veil Info<\/title>\n<meta name=\"robots\" content=\"noindex, follow, max-snippet:-1, max-image-preview:large, max-video-preview:-1\" \/>\n<meta property=\"og:locale\" content=\"fr_FR\" \/>\n<meta property=\"og:type\" content=\"article\" \/>\n<meta property=\"og:title\" content=\"Communiqu\u00e9 du conseil des ministres du Mercredi 31 Juillet 2024 du S\u00e9n\u00e9gal - R\u00e9veil Info\" \/>\n<meta property=\"og:description\" content=\"Le Chef de l\u2019Etat, Son Excellence, Monsieur Bassirou Diomaye Diakhar FAYE a pr\u00e9sid\u00e9, ce mercredi\" \/>\n<meta property=\"og:url\" content=\"https:\/\/reveil-info.net\/?p=4389\" \/>\n<meta property=\"og:site_name\" content=\"R\u00e9veil Info\" \/>\n<meta property=\"article:published_time\" content=\"2024-08-01T08:52:53+00:00\" \/>\n<meta property=\"og:image\" content=\"https:\/\/reveil-info.net\/wp-content\/uploads\/2024\/08\/14187ecf526ac29246ed042254ab7aed3180f063.jpg\" \/>\n\t<meta property=\"og:image:width\" content=\"612\" \/>\n\t<meta property=\"og:image:height\" content=\"298\" \/>\n\t<meta property=\"og:image:type\" content=\"image\/jpeg\" \/>\n<meta name=\"author\" content=\"R\u00e9veil info\" \/>\n<meta name=\"twitter:card\" content=\"summary_large_image\" \/>\n<meta name=\"twitter:label1\" content=\"\u00c9crit par\" \/>\n\t<meta name=\"twitter:data1\" content=\"R\u00e9veil info\" \/>\n\t<meta name=\"twitter:label2\" content=\"Dur\u00e9e de lecture estim\u00e9e\" \/>\n\t<meta name=\"twitter:data2\" content=\"10 minutes\" \/>\n<script type=\"application\/ld+json\" class=\"yoast-schema-graph\">{\"@context\":\"https:\\\/\\\/schema.org\",\"@graph\":[{\"@type\":\"Article\",\"@id\":\"https:\\\/\\\/reveil-info.net\\\/?p=4389#article\",\"isPartOf\":{\"@id\":\"https:\\\/\\\/reveil-info.net\\\/?p=4389\"},\"author\":{\"name\":\"R\u00e9veil info\",\"@id\":\"https:\\\/\\\/reveil-info.net\\\/#\\\/schema\\\/person\\\/ca0cc8e70088e0a2b5e92556c1ee60f5\"},\"headline\":\"Communiqu\u00e9 du conseil des ministres du Mercredi 31 Juillet 2024 du S\u00e9n\u00e9gal\",\"datePublished\":\"2024-08-01T08:52:53+00:00\",\"mainEntityOfPage\":{\"@id\":\"https:\\\/\\\/reveil-info.net\\\/?p=4389\"},\"wordCount\":2142,\"commentCount\":0,\"publisher\":{\"@id\":\"https:\\\/\\\/reveil-info.net\\\/#organization\"},\"image\":{\"@id\":\"https:\\\/\\\/reveil-info.net\\\/?p=4389#primaryimage\"},\"thumbnailUrl\":\"https:\\\/\\\/reveil-info.net\\\/wp-content\\\/uploads\\\/2024\\\/08\\\/14187ecf526ac29246ed042254ab7aed3180f063.jpg\",\"articleSection\":[\"Actualit\u00e9\",\"International\"],\"inLanguage\":\"fr-FR\",\"potentialAction\":[{\"@type\":\"CommentAction\",\"name\":\"Comment\",\"target\":[\"https:\\\/\\\/reveil-info.net\\\/?p=4389#respond\"]}]},{\"@type\":\"WebPage\",\"@id\":\"https:\\\/\\\/reveil-info.net\\\/?p=4389\",\"url\":\"https:\\\/\\\/reveil-info.net\\\/?p=4389\",\"name\":\"Communiqu\u00e9 du conseil des ministres du Mercredi 31 Juillet 2024 du S\u00e9n\u00e9gal - R\u00e9veil Info\",\"isPartOf\":{\"@id\":\"https:\\\/\\\/reveil-info.net\\\/#website\"},\"primaryImageOfPage\":{\"@id\":\"https:\\\/\\\/reveil-info.net\\\/?p=4389#primaryimage\"},\"image\":{\"@id\":\"https:\\\/\\\/reveil-info.net\\\/?p=4389#primaryimage\"},\"thumbnailUrl\":\"https:\\\/\\\/reveil-info.net\\\/wp-content\\\/uploads\\\/2024\\\/08\\\/14187ecf526ac29246ed042254ab7aed3180f063.jpg\",\"datePublished\":\"2024-08-01T08:52:53+00:00\",\"breadcrumb\":{\"@id\":\"https:\\\/\\\/reveil-info.net\\\/?p=4389#breadcrumb\"},\"inLanguage\":\"fr-FR\",\"potentialAction\":[{\"@type\":\"ReadAction\",\"target\":[\"https:\\\/\\\/reveil-info.net\\\/?p=4389\"]}]},{\"@type\":\"ImageObject\",\"inLanguage\":\"fr-FR\",\"@id\":\"https:\\\/\\\/reveil-info.net\\\/?p=4389#primaryimage\",\"url\":\"https:\\\/\\\/reveil-info.net\\\/wp-content\\\/uploads\\\/2024\\\/08\\\/14187ecf526ac29246ed042254ab7aed3180f063.jpg\",\"contentUrl\":\"https:\\\/\\\/reveil-info.net\\\/wp-content\\\/uploads\\\/2024\\\/08\\\/14187ecf526ac29246ed042254ab7aed3180f063.jpg\",\"width\":612,\"height\":298},{\"@type\":\"BreadcrumbList\",\"@id\":\"https:\\\/\\\/reveil-info.net\\\/?p=4389#breadcrumb\",\"itemListElement\":[{\"@type\":\"ListItem\",\"position\":1,\"name\":\"Home\",\"item\":\"https:\\\/\\\/reveil-info.net\\\/\"},{\"@type\":\"ListItem\",\"position\":2,\"name\":\"Communiqu\u00e9 du conseil des ministres du Mercredi 31 Juillet 2024 du S\u00e9n\u00e9gal\"}]},{\"@type\":\"WebSite\",\"@id\":\"https:\\\/\\\/reveil-info.net\\\/#website\",\"url\":\"https:\\\/\\\/reveil-info.net\\\/\",\"name\":\"R\u00e9veil Info\",\"description\":\"Le devoir d&#039;informer!\",\"publisher\":{\"@id\":\"https:\\\/\\\/reveil-info.net\\\/#organization\"},\"potentialAction\":[{\"@type\":\"SearchAction\",\"target\":{\"@type\":\"EntryPoint\",\"urlTemplate\":\"https:\\\/\\\/reveil-info.net\\\/?s={search_term_string}\"},\"query-input\":{\"@type\":\"PropertyValueSpecification\",\"valueRequired\":true,\"valueName\":\"search_term_string\"}}],\"inLanguage\":\"fr-FR\"},{\"@type\":\"Organization\",\"@id\":\"https:\\\/\\\/reveil-info.net\\\/#organization\",\"name\":\"R\u00e9veil Info\",\"url\":\"https:\\\/\\\/reveil-info.net\\\/\",\"logo\":{\"@type\":\"ImageObject\",\"inLanguage\":\"fr-FR\",\"@id\":\"https:\\\/\\\/reveil-info.net\\\/#\\\/schema\\\/logo\\\/image\\\/\",\"url\":\"https:\\\/\\\/reveil-info.net\\\/wp-content\\\/uploads\\\/2024\\\/07\\\/bnddd1.jpg\",\"contentUrl\":\"https:\\\/\\\/reveil-info.net\\\/wp-content\\\/uploads\\\/2024\\\/07\\\/bnddd1.jpg\",\"width\":903,\"height\":125,\"caption\":\"R\u00e9veil Info\"},\"image\":{\"@id\":\"https:\\\/\\\/reveil-info.net\\\/#\\\/schema\\\/logo\\\/image\\\/\"}},{\"@type\":\"Person\",\"@id\":\"https:\\\/\\\/reveil-info.net\\\/#\\\/schema\\\/person\\\/ca0cc8e70088e0a2b5e92556c1ee60f5\",\"name\":\"R\u00e9veil info\",\"image\":{\"@type\":\"ImageObject\",\"inLanguage\":\"fr-FR\",\"@id\":\"https:\\\/\\\/secure.gravatar.com\\\/avatar\\\/e4ad5bb743c8b6cb174d9df6c7d30a8a16f6889731241345fc6444e6485f02af?s=96&d=mm&r=g\",\"url\":\"https:\\\/\\\/secure.gravatar.com\\\/avatar\\\/e4ad5bb743c8b6cb174d9df6c7d30a8a16f6889731241345fc6444e6485f02af?s=96&d=mm&r=g\",\"contentUrl\":\"https:\\\/\\\/secure.gravatar.com\\\/avatar\\\/e4ad5bb743c8b6cb174d9df6c7d30a8a16f6889731241345fc6444e6485f02af?s=96&d=mm&r=g\",\"caption\":\"R\u00e9veil info\"},\"sameAs\":[\"https:\\\/\\\/reveil-info.net\"],\"url\":\"https:\\\/\\\/reveil-info.net\\\/?author=1\"}]}<\/script>\n<!-- \/ Yoast SEO plugin. -->","yoast_head_json":{"title":"Communiqu\u00e9 du conseil des ministres du Mercredi 31 Juillet 2024 du S\u00e9n\u00e9gal - R\u00e9veil Info","robots":{"index":"noindex","follow":"follow","max-snippet":"max-snippet:-1","max-image-preview":"max-image-preview:large","max-video-preview":"max-video-preview:-1"},"og_locale":"fr_FR","og_type":"article","og_title":"Communiqu\u00e9 du conseil des ministres du Mercredi 31 Juillet 2024 du S\u00e9n\u00e9gal - R\u00e9veil Info","og_description":"Le Chef de l\u2019Etat, Son Excellence, Monsieur Bassirou Diomaye Diakhar FAYE a pr\u00e9sid\u00e9, ce mercredi","og_url":"https:\/\/reveil-info.net\/?p=4389","og_site_name":"R\u00e9veil Info","article_published_time":"2024-08-01T08:52:53+00:00","og_image":[{"width":612,"height":298,"url":"https:\/\/reveil-info.net\/wp-content\/uploads\/2024\/08\/14187ecf526ac29246ed042254ab7aed3180f063.jpg","type":"image\/jpeg"}],"author":"R\u00e9veil info","twitter_card":"summary_large_image","twitter_misc":{"\u00c9crit par":"R\u00e9veil info","Dur\u00e9e de lecture estim\u00e9e":"10 minutes"},"schema":{"@context":"https:\/\/schema.org","@graph":[{"@type":"Article","@id":"https:\/\/reveil-info.net\/?p=4389#article","isPartOf":{"@id":"https:\/\/reveil-info.net\/?p=4389"},"author":{"name":"R\u00e9veil info","@id":"https:\/\/reveil-info.net\/#\/schema\/person\/ca0cc8e70088e0a2b5e92556c1ee60f5"},"headline":"Communiqu\u00e9 du conseil des ministres du Mercredi 31 Juillet 2024 du S\u00e9n\u00e9gal","datePublished":"2024-08-01T08:52:53+00:00","mainEntityOfPage":{"@id":"https:\/\/reveil-info.net\/?p=4389"},"wordCount":2142,"commentCount":0,"publisher":{"@id":"https:\/\/reveil-info.net\/#organization"},"image":{"@id":"https:\/\/reveil-info.net\/?p=4389#primaryimage"},"thumbnailUrl":"https:\/\/reveil-info.net\/wp-content\/uploads\/2024\/08\/14187ecf526ac29246ed042254ab7aed3180f063.jpg","articleSection":["Actualit\u00e9","International"],"inLanguage":"fr-FR","potentialAction":[{"@type":"CommentAction","name":"Comment","target":["https:\/\/reveil-info.net\/?p=4389#respond"]}]},{"@type":"WebPage","@id":"https:\/\/reveil-info.net\/?p=4389","url":"https:\/\/reveil-info.net\/?p=4389","name":"Communiqu\u00e9 du conseil des ministres du Mercredi 31 Juillet 2024 du S\u00e9n\u00e9gal - R\u00e9veil Info","isPartOf":{"@id":"https:\/\/reveil-info.net\/#website"},"primaryImageOfPage":{"@id":"https:\/\/reveil-info.net\/?p=4389#primaryimage"},"image":{"@id":"https:\/\/reveil-info.net\/?p=4389#primaryimage"},"thumbnailUrl":"https:\/\/reveil-info.net\/wp-content\/uploads\/2024\/08\/14187ecf526ac29246ed042254ab7aed3180f063.jpg","datePublished":"2024-08-01T08:52:53+00:00","breadcrumb":{"@id":"https:\/\/reveil-info.net\/?p=4389#breadcrumb"},"inLanguage":"fr-FR","potentialAction":[{"@type":"ReadAction","target":["https:\/\/reveil-info.net\/?p=4389"]}]},{"@type":"ImageObject","inLanguage":"fr-FR","@id":"https:\/\/reveil-info.net\/?p=4389#primaryimage","url":"https:\/\/reveil-info.net\/wp-content\/uploads\/2024\/08\/14187ecf526ac29246ed042254ab7aed3180f063.jpg","contentUrl":"https:\/\/reveil-info.net\/wp-content\/uploads\/2024\/08\/14187ecf526ac29246ed042254ab7aed3180f063.jpg","width":612,"height":298},{"@type":"BreadcrumbList","@id":"https:\/\/reveil-info.net\/?p=4389#breadcrumb","itemListElement":[{"@type":"ListItem","position":1,"name":"Home","item":"https:\/\/reveil-info.net\/"},{"@type":"ListItem","position":2,"name":"Communiqu\u00e9 du conseil des ministres du Mercredi 31 Juillet 2024 du S\u00e9n\u00e9gal"}]},{"@type":"WebSite","@id":"https:\/\/reveil-info.net\/#website","url":"https:\/\/reveil-info.net\/","name":"R\u00e9veil Info","description":"Le devoir d&#039;informer!","publisher":{"@id":"https:\/\/reveil-info.net\/#organization"},"potentialAction":[{"@type":"SearchAction","target":{"@type":"EntryPoint","urlTemplate":"https:\/\/reveil-info.net\/?s={search_term_string}"},"query-input":{"@type":"PropertyValueSpecification","valueRequired":true,"valueName":"search_term_string"}}],"inLanguage":"fr-FR"},{"@type":"Organization","@id":"https:\/\/reveil-info.net\/#organization","name":"R\u00e9veil Info","url":"https:\/\/reveil-info.net\/","logo":{"@type":"ImageObject","inLanguage":"fr-FR","@id":"https:\/\/reveil-info.net\/#\/schema\/logo\/image\/","url":"https:\/\/reveil-info.net\/wp-content\/uploads\/2024\/07\/bnddd1.jpg","contentUrl":"https:\/\/reveil-info.net\/wp-content\/uploads\/2024\/07\/bnddd1.jpg","width":903,"height":125,"caption":"R\u00e9veil Info"},"image":{"@id":"https:\/\/reveil-info.net\/#\/schema\/logo\/image\/"}},{"@type":"Person","@id":"https:\/\/reveil-info.net\/#\/schema\/person\/ca0cc8e70088e0a2b5e92556c1ee60f5","name":"R\u00e9veil info","image":{"@type":"ImageObject","inLanguage":"fr-FR","@id":"https:\/\/secure.gravatar.com\/avatar\/e4ad5bb743c8b6cb174d9df6c7d30a8a16f6889731241345fc6444e6485f02af?s=96&d=mm&r=g","url":"https:\/\/secure.gravatar.com\/avatar\/e4ad5bb743c8b6cb174d9df6c7d30a8a16f6889731241345fc6444e6485f02af?s=96&d=mm&r=g","contentUrl":"https:\/\/secure.gravatar.com\/avatar\/e4ad5bb743c8b6cb174d9df6c7d30a8a16f6889731241345fc6444e6485f02af?s=96&d=mm&r=g","caption":"R\u00e9veil info"},"sameAs":["https:\/\/reveil-info.net"],"url":"https:\/\/reveil-info.net\/?author=1"}]}},"jetpack_featured_media_url":"https:\/\/reveil-info.net\/wp-content\/uploads\/2024\/08\/14187ecf526ac29246ed042254ab7aed3180f063.jpg","featured_image_urls":{"full":["https:\/\/reveil-info.net\/wp-content\/uploads\/2024\/08\/14187ecf526ac29246ed042254ab7aed3180f063.jpg",612,298,false],"thumbnail":["https:\/\/reveil-info.net\/wp-content\/uploads\/2024\/08\/14187ecf526ac29246ed042254ab7aed3180f063-150x150.jpg",150,150,true],"medium":["https:\/\/reveil-info.net\/wp-content\/uploads\/2024\/08\/14187ecf526ac29246ed042254ab7aed3180f063-300x146.jpg",300,146,true],"medium_large":["https:\/\/reveil-info.net\/wp-content\/uploads\/2024\/08\/14187ecf526ac29246ed042254ab7aed3180f063.jpg",612,298,false],"large":["https:\/\/reveil-info.net\/wp-content\/uploads\/2024\/08\/14187ecf526ac29246ed042254ab7aed3180f063.jpg",612,298,false],"1536x1536":["https:\/\/reveil-info.net\/wp-content\/uploads\/2024\/08\/14187ecf526ac29246ed042254ab7aed3180f063.jpg",612,298,false],"2048x2048":["https:\/\/reveil-info.net\/wp-content\/uploads\/2024\/08\/14187ecf526ac29246ed042254ab7aed3180f063.jpg",612,298,false],"chromenews-featured":["https:\/\/reveil-info.net\/wp-content\/uploads\/2024\/08\/14187ecf526ac29246ed042254ab7aed3180f063.jpg",612,298,false],"chromenews-large":["https:\/\/reveil-info.net\/wp-content\/uploads\/2024\/08\/14187ecf526ac29246ed042254ab7aed3180f063.jpg",612,298,false],"chromenews-medium":["https:\/\/reveil-info.net\/wp-content\/uploads\/2024\/08\/14187ecf526ac29246ed042254ab7aed3180f063-590x298.jpg",590,298,true]},"author_info":{"display_name":"R\u00e9veil info","author_link":"https:\/\/reveil-info.net\/?author=1"},"category_info":"<a href=\"https:\/\/reveil-info.net\/?cat=2\" rel=\"category\">Actualit\u00e9<\/a> <a href=\"https:\/\/reveil-info.net\/?cat=8\" rel=\"category\">International<\/a>","tag_info":"International","comment_count":"0","_links":{"self":[{"href":"https:\/\/reveil-info.net\/index.php?rest_route=\/wp\/v2\/posts\/4389","targetHints":{"allow":["GET"]}}],"collection":[{"href":"https:\/\/reveil-info.net\/index.php?rest_route=\/wp\/v2\/posts"}],"about":[{"href":"https:\/\/reveil-info.net\/index.php?rest_route=\/wp\/v2\/types\/post"}],"author":[{"embeddable":true,"href":"https:\/\/reveil-info.net\/index.php?rest_route=\/wp\/v2\/users\/1"}],"replies":[{"embeddable":true,"href":"https:\/\/reveil-info.net\/index.php?rest_route=%2Fwp%2Fv2%2Fcomments&post=4389"}],"version-history":[{"count":4,"href":"https:\/\/reveil-info.net\/index.php?rest_route=\/wp\/v2\/posts\/4389\/revisions"}],"predecessor-version":[{"id":4394,"href":"https:\/\/reveil-info.net\/index.php?rest_route=\/wp\/v2\/posts\/4389\/revisions\/4394"}],"wp:featuredmedia":[{"embeddable":true,"href":"https:\/\/reveil-info.net\/index.php?rest_route=\/wp\/v2\/media\/4393"}],"wp:attachment":[{"href":"https:\/\/reveil-info.net\/index.php?rest_route=%2Fwp%2Fv2%2Fmedia&parent=4389"}],"wp:term":[{"taxonomy":"category","embeddable":true,"href":"https:\/\/reveil-info.net\/index.php?rest_route=%2Fwp%2Fv2%2Fcategories&post=4389"},{"taxonomy":"post_tag","embeddable":true,"href":"https:\/\/reveil-info.net\/index.php?rest_route=%2Fwp%2Fv2%2Ftags&post=4389"}],"curies":[{"name":"wp","href":"https:\/\/api.w.org\/{rel}","templated":true}]}}