{"id":43875,"date":"2026-02-16T15:47:34","date_gmt":"2026-02-16T15:47:34","guid":{"rendered":"https:\/\/reveil-info.net\/?p=43875"},"modified":"2026-02-16T15:47:34","modified_gmt":"2026-02-16T15:47:34","slug":"belgique-condamnation-dune-belge-dorigine-congolaise-pour-trafic-denfants","status":"publish","type":"post","link":"https:\/\/reveil-info.net\/?p=43875","title":{"rendered":"Belgique : condamnation d&rsquo;une belge d&rsquo;origine congolaise pour trafic d&rsquo;enfants"},"content":{"rendered":"<p>RDC\/Belgique: Condamnation de Julienne Mpemba \u00e0 14 ans dans une affaire de trafic d\u2019enfants<\/p>\n<p><img loading=\"lazy\" decoding=\"async\" class=\"alignnone size-full wp-image-43877\" src=\"https:\/\/reveil-info.net\/wp-content\/uploads\/2026\/02\/1771256687508.jpg\" alt=\"\" width=\"720\" height=\"405\" srcset=\"https:\/\/reveil-info.net\/wp-content\/uploads\/2026\/02\/1771256687508.jpg 720w, https:\/\/reveil-info.net\/wp-content\/uploads\/2026\/02\/1771256687508-300x169.jpg 300w\" sizes=\"auto, (max-width: 720px) 100vw, 720px\" \/><\/p>\n<p>La Cour d\u2019appel de Li\u00e8ge a rendu, le 10 f\u00e9vrier 2026, un verdict lourd dans l\u2019affaire qui a secou\u00e9 les milieux judiciaires belges et congolais : Julienne Mpemba, juriste belge d\u2019origine congolaise, a \u00e9t\u00e9 condamn\u00e9e \u00e0 14 ans de prison ferme et \u00e0 une amende de 8 000 \u20ac pour son r\u00f4le dans un vaste trafic d\u2019enfants entre la R\u00e9publique d\u00e9mocratique du Congo (RDC) et la Belgique.<\/p>\n<p>\u00c0 48 ans, Mpemba, originaire de Namur, \u00e9tait poursuivie pour une s\u00e9rie d\u2019infractions graves, notamment prise d\u2019otages, enl\u00e8vement de mineurs, trafic d\u2019\u00eatres humains, escroquerie, corruption, faux et usage de faux. La cour a ordonn\u00e9 son placement en d\u00e9tention imm\u00e9diate \u00e0 l\u2019\u00e9nonc\u00e9 du jugement.<\/p>\n<p>Des proc\u00e8s qui s\u2019\u00e9tendent sur plusieurs ann\u00e9es<\/p>\n<p>L\u2019affaire remonte \u00e0 plusieurs ann\u00e9es. Le tribunal correctionnel de Namur avait d\u00e9j\u00e0 condamn\u00e9 Julienne Mpemba le 10 octobre 2024 \u00e0 10 ans de prison ferme pour des d\u00e9lits similaires, apr\u00e8s un long proc\u00e8s au cours duquel la justice belge avait \u00e9tabli qu\u2019elle avait fait adopter en Belgique des enfants congolais qui n\u2019\u00e9taient pas orphelins mais enlev\u00e9s \u00e0 leurs familles biologiques.<\/p>\n<p>Contestant cette d\u00e9cision, Mpemba avait interjet\u00e9 appel. La proc\u00e9dure d\u2019appel a culmin\u00e9 en f\u00e9vrier 2026 devant la Cour d\u2019appel de Li\u00e8ge, qui a non seulement confirm\u00e9 sa culpabilit\u00e9 mais aussi alourdi sa peine, jugeant les faits particuli\u00e8rement graves et les man\u0153uvres dilatoires de la d\u00e9fense inacceptables.<\/p>\n<p>Un syst\u00e8me d\u2019adoption frauduleux d\u00e9voil\u00e9<\/p>\n<p>Selon les \u00e9l\u00e9ments rassembl\u00e9s par les juridictions belges, Mpemba avait cr\u00e9\u00e9 et g\u00e9r\u00e9 un orphelinat \u00e0 Kinshasa, pr\u00e9sent\u00e9 comme fournissant des enfants \u201corphelins\u201d pour adoption. En r\u00e9alit\u00e9, plusieurs de ces enfants avaient \u00e9t\u00e9 enlev\u00e9s ou plac\u00e9s dans des conditions irr\u00e9guli\u00e8res, et leurs parents biologiques \u00e9taient toujours vivants et les cherchaient.<\/p>\n<p>Les familles adoptives en Belgique, qui avaient accueilli ces enfants entre 2015 et 2016, ont appris au fil de l\u2019enqu\u00eate que leurs enfants n\u2019\u00e9taient pas l\u00e9galement adoptables et que des documents avaient \u00e9t\u00e9 falsifi\u00e9s pour donner l\u2019apparence d\u2019une proc\u00e9dure conforme.<\/p>\n<p>R\u00e9actions et perspectives judiciaires<\/p>\n<p>Le verdict de 2026 a suscit\u00e9 de vives r\u00e9actions tant en Belgique qu\u2019en RDC. Des associations de protection de l\u2019enfance et des proches des enfants concern\u00e9s ont salu\u00e9 la d\u00e9cision de justice, estimant qu\u2019elle \u00e9tablit un pr\u00e9c\u00e9dent important dans la lutte contre les r\u00e9seaux de trafic d\u2019enfants sous couvert d\u2019adoptions internationales.<\/p>\n<p>De son c\u00f4t\u00e9, Julienne Mpemba avait annonc\u00e9 son intention de former un pourvoi en cassation devant la Cour supr\u00eame belge, cherchant \u00e0 contester tant la qualification juridique des faits que l\u2019appr\u00e9ciation des preuves produites contre elle.<\/p>\n<p>Reveil-info<\/p>\n<p>Justice Infos Burkina<\/p>\n","protected":false},"excerpt":{"rendered":"<p>RDC\/Belgique: Condamnation de Julienne Mpemba \u00e0 14 ans dans une affaire de trafic d\u2019enfants La<\/p>\n","protected":false},"author":1,"featured_media":0,"comment_status":"open","ping_status":"open","sticky":false,"template":"","format":"standard","meta":{"footnotes":""},"categories":[8,45],"tags":[],"class_list":["post-43875","post","type-post","status-publish","format-standard","hentry","category-international","category-justice"],"yoast_head":"<!-- This site is optimized with the Yoast SEO plugin v27.5 - https:\/\/yoast.com\/product\/yoast-seo-wordpress\/ -->\n<title>Belgique : condamnation d&#039;une belge d&#039;origine congolaise pour trafic d&#039;enfants - R\u00e9veil Info<\/title>\n<meta name=\"robots\" content=\"noindex, follow, max-snippet:-1, max-image-preview:large, max-video-preview:-1\" \/>\n<meta property=\"og:locale\" content=\"fr_FR\" \/>\n<meta property=\"og:type\" content=\"article\" \/>\n<meta property=\"og:title\" content=\"Belgique : condamnation d&#039;une belge d&#039;origine congolaise pour trafic d&#039;enfants - R\u00e9veil Info\" \/>\n<meta property=\"og:description\" content=\"RDC\/Belgique: Condamnation de Julienne Mpemba \u00e0 14 ans dans une affaire de trafic d\u2019enfants La\" \/>\n<meta property=\"og:url\" content=\"https:\/\/reveil-info.net\/?p=43875\" \/>\n<meta property=\"og:site_name\" content=\"R\u00e9veil Info\" \/>\n<meta property=\"article:published_time\" content=\"2026-02-16T15:47:34+00:00\" \/>\n<meta property=\"og:image\" content=\"https:\/\/reveil-info.net\/wp-content\/uploads\/2026\/02\/1771256687508.jpg\" \/>\n\t<meta property=\"og:image:width\" content=\"720\" \/>\n\t<meta property=\"og:image:height\" content=\"405\" \/>\n\t<meta property=\"og:image:type\" content=\"image\/jpeg\" \/>\n<meta name=\"author\" content=\"R\u00e9veil info\" \/>\n<meta name=\"twitter:card\" content=\"summary_large_image\" \/>\n<meta name=\"twitter:label1\" content=\"\u00c9crit par\" \/>\n\t<meta name=\"twitter:data1\" content=\"R\u00e9veil info\" \/>\n\t<meta name=\"twitter:label2\" content=\"Dur\u00e9e de lecture estim\u00e9e\" \/>\n\t<meta name=\"twitter:data2\" content=\"3 minutes\" \/>\n<script type=\"application\/ld+json\" class=\"yoast-schema-graph\">{\"@context\":\"https:\\\/\\\/schema.org\",\"@graph\":[{\"@type\":\"Article\",\"@id\":\"https:\\\/\\\/reveil-info.net\\\/?p=43875#article\",\"isPartOf\":{\"@id\":\"https:\\\/\\\/reveil-info.net\\\/?p=43875\"},\"author\":{\"name\":\"R\u00e9veil info\",\"@id\":\"https:\\\/\\\/reveil-info.net\\\/#\\\/schema\\\/person\\\/ca0cc8e70088e0a2b5e92556c1ee60f5\"},\"headline\":\"Belgique : condamnation d&rsquo;une belge d&rsquo;origine congolaise pour trafic d&rsquo;enfants\",\"datePublished\":\"2026-02-16T15:47:34+00:00\",\"mainEntityOfPage\":{\"@id\":\"https:\\\/\\\/reveil-info.net\\\/?p=43875\"},\"wordCount\":490,\"commentCount\":0,\"publisher\":{\"@id\":\"https:\\\/\\\/reveil-info.net\\\/#organization\"},\"image\":{\"@id\":\"https:\\\/\\\/reveil-info.net\\\/?p=43875#primaryimage\"},\"thumbnailUrl\":\"https:\\\/\\\/reveil-info.net\\\/wp-content\\\/uploads\\\/2026\\\/02\\\/1771256687508.jpg\",\"articleSection\":[\"International\",\"Justice\"],\"inLanguage\":\"fr-FR\",\"potentialAction\":[{\"@type\":\"CommentAction\",\"name\":\"Comment\",\"target\":[\"https:\\\/\\\/reveil-info.net\\\/?p=43875#respond\"]}]},{\"@type\":\"WebPage\",\"@id\":\"https:\\\/\\\/reveil-info.net\\\/?p=43875\",\"url\":\"https:\\\/\\\/reveil-info.net\\\/?p=43875\",\"name\":\"Belgique : condamnation d'une belge d'origine congolaise pour trafic d'enfants - R\u00e9veil Info\",\"isPartOf\":{\"@id\":\"https:\\\/\\\/reveil-info.net\\\/#website\"},\"primaryImageOfPage\":{\"@id\":\"https:\\\/\\\/reveil-info.net\\\/?p=43875#primaryimage\"},\"image\":{\"@id\":\"https:\\\/\\\/reveil-info.net\\\/?p=43875#primaryimage\"},\"thumbnailUrl\":\"https:\\\/\\\/reveil-info.net\\\/wp-content\\\/uploads\\\/2026\\\/02\\\/1771256687508.jpg\",\"datePublished\":\"2026-02-16T15:47:34+00:00\",\"breadcrumb\":{\"@id\":\"https:\\\/\\\/reveil-info.net\\\/?p=43875#breadcrumb\"},\"inLanguage\":\"fr-FR\",\"potentialAction\":[{\"@type\":\"ReadAction\",\"target\":[\"https:\\\/\\\/reveil-info.net\\\/?p=43875\"]}]},{\"@type\":\"ImageObject\",\"inLanguage\":\"fr-FR\",\"@id\":\"https:\\\/\\\/reveil-info.net\\\/?p=43875#primaryimage\",\"url\":\"https:\\\/\\\/reveil-info.net\\\/wp-content\\\/uploads\\\/2026\\\/02\\\/1771256687508.jpg\",\"contentUrl\":\"https:\\\/\\\/reveil-info.net\\\/wp-content\\\/uploads\\\/2026\\\/02\\\/1771256687508.jpg\",\"width\":720,\"height\":405},{\"@type\":\"BreadcrumbList\",\"@id\":\"https:\\\/\\\/reveil-info.net\\\/?p=43875#breadcrumb\",\"itemListElement\":[{\"@type\":\"ListItem\",\"position\":1,\"name\":\"Home\",\"item\":\"https:\\\/\\\/reveil-info.net\\\/\"},{\"@type\":\"ListItem\",\"position\":2,\"name\":\"Belgique : condamnation d&rsquo;une belge d&rsquo;origine congolaise pour trafic d&rsquo;enfants\"}]},{\"@type\":\"WebSite\",\"@id\":\"https:\\\/\\\/reveil-info.net\\\/#website\",\"url\":\"https:\\\/\\\/reveil-info.net\\\/\",\"name\":\"R\u00e9veil Info\",\"description\":\"Le devoir d&#039;informer!\",\"publisher\":{\"@id\":\"https:\\\/\\\/reveil-info.net\\\/#organization\"},\"potentialAction\":[{\"@type\":\"SearchAction\",\"target\":{\"@type\":\"EntryPoint\",\"urlTemplate\":\"https:\\\/\\\/reveil-info.net\\\/?s={search_term_string}\"},\"query-input\":{\"@type\":\"PropertyValueSpecification\",\"valueRequired\":true,\"valueName\":\"search_term_string\"}}],\"inLanguage\":\"fr-FR\"},{\"@type\":\"Organization\",\"@id\":\"https:\\\/\\\/reveil-info.net\\\/#organization\",\"name\":\"R\u00e9veil Info\",\"url\":\"https:\\\/\\\/reveil-info.net\\\/\",\"logo\":{\"@type\":\"ImageObject\",\"inLanguage\":\"fr-FR\",\"@id\":\"https:\\\/\\\/reveil-info.net\\\/#\\\/schema\\\/logo\\\/image\\\/\",\"url\":\"https:\\\/\\\/reveil-info.net\\\/wp-content\\\/uploads\\\/2024\\\/07\\\/bnddd1.jpg\",\"contentUrl\":\"https:\\\/\\\/reveil-info.net\\\/wp-content\\\/uploads\\\/2024\\\/07\\\/bnddd1.jpg\",\"width\":903,\"height\":125,\"caption\":\"R\u00e9veil Info\"},\"image\":{\"@id\":\"https:\\\/\\\/reveil-info.net\\\/#\\\/schema\\\/logo\\\/image\\\/\"}},{\"@type\":\"Person\",\"@id\":\"https:\\\/\\\/reveil-info.net\\\/#\\\/schema\\\/person\\\/ca0cc8e70088e0a2b5e92556c1ee60f5\",\"name\":\"R\u00e9veil info\",\"image\":{\"@type\":\"ImageObject\",\"inLanguage\":\"fr-FR\",\"@id\":\"https:\\\/\\\/secure.gravatar.com\\\/avatar\\\/e4ad5bb743c8b6cb174d9df6c7d30a8a16f6889731241345fc6444e6485f02af?s=96&d=mm&r=g\",\"url\":\"https:\\\/\\\/secure.gravatar.com\\\/avatar\\\/e4ad5bb743c8b6cb174d9df6c7d30a8a16f6889731241345fc6444e6485f02af?s=96&d=mm&r=g\",\"contentUrl\":\"https:\\\/\\\/secure.gravatar.com\\\/avatar\\\/e4ad5bb743c8b6cb174d9df6c7d30a8a16f6889731241345fc6444e6485f02af?s=96&d=mm&r=g\",\"caption\":\"R\u00e9veil info\"},\"sameAs\":[\"https:\\\/\\\/reveil-info.net\"],\"url\":\"https:\\\/\\\/reveil-info.net\\\/?author=1\"}]}<\/script>\n<!-- \/ Yoast SEO plugin. -->","yoast_head_json":{"title":"Belgique : condamnation d'une belge d'origine congolaise pour trafic d'enfants - R\u00e9veil Info","robots":{"index":"noindex","follow":"follow","max-snippet":"max-snippet:-1","max-image-preview":"max-image-preview:large","max-video-preview":"max-video-preview:-1"},"og_locale":"fr_FR","og_type":"article","og_title":"Belgique : condamnation d'une belge d'origine congolaise pour trafic d'enfants - R\u00e9veil Info","og_description":"RDC\/Belgique: Condamnation de Julienne Mpemba \u00e0 14 ans dans une affaire de trafic d\u2019enfants La","og_url":"https:\/\/reveil-info.net\/?p=43875","og_site_name":"R\u00e9veil Info","article_published_time":"2026-02-16T15:47:34+00:00","og_image":[{"width":720,"height":405,"url":"https:\/\/reveil-info.net\/wp-content\/uploads\/2026\/02\/1771256687508.jpg","type":"image\/jpeg"}],"author":"R\u00e9veil info","twitter_card":"summary_large_image","twitter_misc":{"\u00c9crit par":"R\u00e9veil info","Dur\u00e9e de lecture estim\u00e9e":"3 minutes"},"schema":{"@context":"https:\/\/schema.org","@graph":[{"@type":"Article","@id":"https:\/\/reveil-info.net\/?p=43875#article","isPartOf":{"@id":"https:\/\/reveil-info.net\/?p=43875"},"author":{"name":"R\u00e9veil info","@id":"https:\/\/reveil-info.net\/#\/schema\/person\/ca0cc8e70088e0a2b5e92556c1ee60f5"},"headline":"Belgique : condamnation d&rsquo;une belge d&rsquo;origine congolaise pour trafic d&rsquo;enfants","datePublished":"2026-02-16T15:47:34+00:00","mainEntityOfPage":{"@id":"https:\/\/reveil-info.net\/?p=43875"},"wordCount":490,"commentCount":0,"publisher":{"@id":"https:\/\/reveil-info.net\/#organization"},"image":{"@id":"https:\/\/reveil-info.net\/?p=43875#primaryimage"},"thumbnailUrl":"https:\/\/reveil-info.net\/wp-content\/uploads\/2026\/02\/1771256687508.jpg","articleSection":["International","Justice"],"inLanguage":"fr-FR","potentialAction":[{"@type":"CommentAction","name":"Comment","target":["https:\/\/reveil-info.net\/?p=43875#respond"]}]},{"@type":"WebPage","@id":"https:\/\/reveil-info.net\/?p=43875","url":"https:\/\/reveil-info.net\/?p=43875","name":"Belgique : condamnation d'une belge d'origine congolaise pour trafic d'enfants - R\u00e9veil Info","isPartOf":{"@id":"https:\/\/reveil-info.net\/#website"},"primaryImageOfPage":{"@id":"https:\/\/reveil-info.net\/?p=43875#primaryimage"},"image":{"@id":"https:\/\/reveil-info.net\/?p=43875#primaryimage"},"thumbnailUrl":"https:\/\/reveil-info.net\/wp-content\/uploads\/2026\/02\/1771256687508.jpg","datePublished":"2026-02-16T15:47:34+00:00","breadcrumb":{"@id":"https:\/\/reveil-info.net\/?p=43875#breadcrumb"},"inLanguage":"fr-FR","potentialAction":[{"@type":"ReadAction","target":["https:\/\/reveil-info.net\/?p=43875"]}]},{"@type":"ImageObject","inLanguage":"fr-FR","@id":"https:\/\/reveil-info.net\/?p=43875#primaryimage","url":"https:\/\/reveil-info.net\/wp-content\/uploads\/2026\/02\/1771256687508.jpg","contentUrl":"https:\/\/reveil-info.net\/wp-content\/uploads\/2026\/02\/1771256687508.jpg","width":720,"height":405},{"@type":"BreadcrumbList","@id":"https:\/\/reveil-info.net\/?p=43875#breadcrumb","itemListElement":[{"@type":"ListItem","position":1,"name":"Home","item":"https:\/\/reveil-info.net\/"},{"@type":"ListItem","position":2,"name":"Belgique : condamnation d&rsquo;une belge d&rsquo;origine congolaise pour trafic d&rsquo;enfants"}]},{"@type":"WebSite","@id":"https:\/\/reveil-info.net\/#website","url":"https:\/\/reveil-info.net\/","name":"R\u00e9veil Info","description":"Le devoir d&#039;informer!","publisher":{"@id":"https:\/\/reveil-info.net\/#organization"},"potentialAction":[{"@type":"SearchAction","target":{"@type":"EntryPoint","urlTemplate":"https:\/\/reveil-info.net\/?s={search_term_string}"},"query-input":{"@type":"PropertyValueSpecification","valueRequired":true,"valueName":"search_term_string"}}],"inLanguage":"fr-FR"},{"@type":"Organization","@id":"https:\/\/reveil-info.net\/#organization","name":"R\u00e9veil Info","url":"https:\/\/reveil-info.net\/","logo":{"@type":"ImageObject","inLanguage":"fr-FR","@id":"https:\/\/reveil-info.net\/#\/schema\/logo\/image\/","url":"https:\/\/reveil-info.net\/wp-content\/uploads\/2024\/07\/bnddd1.jpg","contentUrl":"https:\/\/reveil-info.net\/wp-content\/uploads\/2024\/07\/bnddd1.jpg","width":903,"height":125,"caption":"R\u00e9veil Info"},"image":{"@id":"https:\/\/reveil-info.net\/#\/schema\/logo\/image\/"}},{"@type":"Person","@id":"https:\/\/reveil-info.net\/#\/schema\/person\/ca0cc8e70088e0a2b5e92556c1ee60f5","name":"R\u00e9veil info","image":{"@type":"ImageObject","inLanguage":"fr-FR","@id":"https:\/\/secure.gravatar.com\/avatar\/e4ad5bb743c8b6cb174d9df6c7d30a8a16f6889731241345fc6444e6485f02af?s=96&d=mm&r=g","url":"https:\/\/secure.gravatar.com\/avatar\/e4ad5bb743c8b6cb174d9df6c7d30a8a16f6889731241345fc6444e6485f02af?s=96&d=mm&r=g","contentUrl":"https:\/\/secure.gravatar.com\/avatar\/e4ad5bb743c8b6cb174d9df6c7d30a8a16f6889731241345fc6444e6485f02af?s=96&d=mm&r=g","caption":"R\u00e9veil info"},"sameAs":["https:\/\/reveil-info.net"],"url":"https:\/\/reveil-info.net\/?author=1"}]}},"jetpack_featured_media_url":"","featured_image_urls":{"full":"","thumbnail":"","medium":"","medium_large":"","large":"","1536x1536":"","2048x2048":"","chromenews-featured":"","chromenews-large":"","chromenews-medium":""},"author_info":{"display_name":"R\u00e9veil info","author_link":"https:\/\/reveil-info.net\/?author=1"},"category_info":"<a href=\"https:\/\/reveil-info.net\/?cat=8\" rel=\"category\">International<\/a> <a href=\"https:\/\/reveil-info.net\/?cat=45\" rel=\"category\">Justice<\/a>","tag_info":"Justice","comment_count":"0","_links":{"self":[{"href":"https:\/\/reveil-info.net\/index.php?rest_route=\/wp\/v2\/posts\/43875","targetHints":{"allow":["GET"]}}],"collection":[{"href":"https:\/\/reveil-info.net\/index.php?rest_route=\/wp\/v2\/posts"}],"about":[{"href":"https:\/\/reveil-info.net\/index.php?rest_route=\/wp\/v2\/types\/post"}],"author":[{"embeddable":true,"href":"https:\/\/reveil-info.net\/index.php?rest_route=\/wp\/v2\/users\/1"}],"replies":[{"embeddable":true,"href":"https:\/\/reveil-info.net\/index.php?rest_route=%2Fwp%2Fv2%2Fcomments&post=43875"}],"version-history":[{"count":3,"href":"https:\/\/reveil-info.net\/index.php?rest_route=\/wp\/v2\/posts\/43875\/revisions"}],"predecessor-version":[{"id":43879,"href":"https:\/\/reveil-info.net\/index.php?rest_route=\/wp\/v2\/posts\/43875\/revisions\/43879"}],"wp:attachment":[{"href":"https:\/\/reveil-info.net\/index.php?rest_route=%2Fwp%2Fv2%2Fmedia&parent=43875"}],"wp:term":[{"taxonomy":"category","embeddable":true,"href":"https:\/\/reveil-info.net\/index.php?rest_route=%2Fwp%2Fv2%2Fcategories&post=43875"},{"taxonomy":"post_tag","embeddable":true,"href":"https:\/\/reveil-info.net\/index.php?rest_route=%2Fwp%2Fv2%2Ftags&post=43875"}],"curies":[{"name":"wp","href":"https:\/\/api.w.org\/{rel}","templated":true}]}}