{"id":4375,"date":"2024-07-31T21:59:59","date_gmt":"2024-07-31T21:59:59","guid":{"rendered":"https:\/\/reveil-info.net\/?p=4375"},"modified":"2024-07-31T22:00:48","modified_gmt":"2024-07-31T22:00:48","slug":"deces-du-pere-fondateur-de-la-faculte-de-medecine-au-burkina","status":"publish","type":"post","link":"https:\/\/reveil-info.net\/?p=4375","title":{"rendered":"D\u00e9c\u00e8s du p\u00e8re fondateur de la Facult\u00e9 de m\u00e9decine au Burkina"},"content":{"rendered":"<p>Le p\u00e8re fondateur de la facult\u00e9 de m\u00e9decine au Burkina Faso, Professeur Rambr\u00e9 Moumouni Ouiminga, a rendu l\u2019\u00e2me\u00a0 mercredi \u00e0 l\u2019\u00e2ge de 85 ans, a annonc\u00e9 l\u2019ordre des m\u00e9decins dans un communiqu\u00e9.<\/p>\n<p>Professeur Rambr\u00e9 Moumouni Ouiminga fut le premier professeur agr\u00e9g\u00e9 de Haute-Volta en 1977 et le premier Burkinab\u00e8 agr\u00e9g\u00e9 de chirurgie en 1978, pr\u00e9cise l&rsquo;ordre.<\/p>\n<p>Il a fond\u00e9 en 1981 la facult\u00e9 de m\u00e9decine de Haute-Volta, actuel Burkina Faso, et en 2004, la facult\u00e9 de m\u00e9decine de l\u2019universit\u00e9 Saint Thomas d\u2019Aquin de Saaba. Pr Ouiminga fut \u00e9galement secr\u00e9taire g\u00e9n\u00e9ral du CAMES.<\/p>\n<p>Son \u00e9l\u00e8ve, Pr Charlemagne Ou\u00e9draogo, garde de lui, le souvenir \u00ab d&rsquo;un leader exceptionnel, guidant avec sagesse et bienveillance \u00bb.<\/p>\n<p>Pour le gyn\u00e9cologue, \u00ab l\u2019h\u00e9ritage de savoir, de compassion et d&rsquo;excellence du Professeur Rambr\u00e9 Moumouni Ouiminga continuera d&rsquo;inspirer les g\u00e9n\u00e9rations futures \u00bb, pendant que \u00ab son expertise et sa bienveillance ont marqu\u00e9 des g\u00e9n\u00e9rations d\u2019\u00e9tudiants et de coll\u00e8gues \u00bb.<\/p>\n<p>\u00ab Je retiens sa c\u00e9l\u00e8bre phrase qui nous galvanisait : \u00ab\u00a0travaillez jusqu\u2019\u00e0 ce que mort s\u2019en suive&#8230;\u00a0\u00bb \u00bb, a dit Pr Charlemagne Ou\u00e9draogo.<\/p>\n<p>Le programme des obs\u00e8ques du regrett\u00e9 n&rsquo;est pas encore connu.<\/p>\n<p>Agence d\u2019information du Burkina<\/p>\n","protected":false},"excerpt":{"rendered":"<p>Le p\u00e8re fondateur de la facult\u00e9 de m\u00e9decine au Burkina Faso, Professeur Rambr\u00e9 Moumouni Ouiminga,<\/p>\n","protected":false},"author":1,"featured_media":4380,"comment_status":"open","ping_status":"open","sticky":false,"template":"","format":"standard","meta":{"footnotes":""},"categories":[14],"tags":[],"class_list":["post-4375","post","type-post","status-publish","format-standard","has-post-thumbnail","hentry","category-sante"],"yoast_head":"<!-- This site is optimized with the Yoast SEO plugin v27.5 - https:\/\/yoast.com\/product\/yoast-seo-wordpress\/ -->\n<title>D\u00e9c\u00e8s du p\u00e8re fondateur de la Facult\u00e9 de m\u00e9decine au Burkina - R\u00e9veil Info<\/title>\n<meta name=\"robots\" content=\"noindex, follow, max-snippet:-1, max-image-preview:large, max-video-preview:-1\" \/>\n<meta property=\"og:locale\" content=\"fr_FR\" \/>\n<meta property=\"og:type\" content=\"article\" \/>\n<meta property=\"og:title\" content=\"D\u00e9c\u00e8s du p\u00e8re fondateur de la Facult\u00e9 de m\u00e9decine au Burkina - R\u00e9veil Info\" \/>\n<meta property=\"og:description\" content=\"Le p\u00e8re fondateur de la facult\u00e9 de m\u00e9decine au Burkina Faso, Professeur Rambr\u00e9 Moumouni Ouiminga,\" \/>\n<meta property=\"og:url\" content=\"https:\/\/reveil-info.net\/?p=4375\" \/>\n<meta property=\"og:site_name\" content=\"R\u00e9veil Info\" \/>\n<meta property=\"article:published_time\" content=\"2024-07-31T21:59:59+00:00\" \/>\n<meta property=\"article:modified_time\" content=\"2024-07-31T22:00:48+00:00\" \/>\n<meta property=\"og:image\" content=\"https:\/\/reveil-info.net\/wp-content\/uploads\/2024\/07\/FB_IMG_17224628813665626.jpg\" \/>\n\t<meta property=\"og:image:width\" content=\"720\" \/>\n\t<meta property=\"og:image:height\" content=\"686\" \/>\n\t<meta property=\"og:image:type\" content=\"image\/jpeg\" \/>\n<meta name=\"author\" content=\"R\u00e9veil info\" \/>\n<meta name=\"twitter:card\" content=\"summary_large_image\" \/>\n<meta name=\"twitter:label1\" content=\"\u00c9crit par\" \/>\n\t<meta name=\"twitter:data1\" content=\"R\u00e9veil info\" \/>\n\t<meta name=\"twitter:label2\" content=\"Dur\u00e9e de lecture estim\u00e9e\" \/>\n\t<meta name=\"twitter:data2\" content=\"2 minutes\" \/>\n<script type=\"application\/ld+json\" class=\"yoast-schema-graph\">{\"@context\":\"https:\\\/\\\/schema.org\",\"@graph\":[{\"@type\":\"Article\",\"@id\":\"https:\\\/\\\/reveil-info.net\\\/?p=4375#article\",\"isPartOf\":{\"@id\":\"https:\\\/\\\/reveil-info.net\\\/?p=4375\"},\"author\":{\"name\":\"R\u00e9veil info\",\"@id\":\"https:\\\/\\\/reveil-info.net\\\/#\\\/schema\\\/person\\\/ca0cc8e70088e0a2b5e92556c1ee60f5\"},\"headline\":\"D\u00e9c\u00e8s du p\u00e8re fondateur de la Facult\u00e9 de m\u00e9decine au Burkina\",\"datePublished\":\"2024-07-31T21:59:59+00:00\",\"dateModified\":\"2024-07-31T22:00:48+00:00\",\"mainEntityOfPage\":{\"@id\":\"https:\\\/\\\/reveil-info.net\\\/?p=4375\"},\"wordCount\":226,\"commentCount\":0,\"publisher\":{\"@id\":\"https:\\\/\\\/reveil-info.net\\\/#organization\"},\"image\":{\"@id\":\"https:\\\/\\\/reveil-info.net\\\/?p=4375#primaryimage\"},\"thumbnailUrl\":\"https:\\\/\\\/reveil-info.net\\\/wp-content\\\/uploads\\\/2024\\\/07\\\/FB_IMG_17224628813665626.jpg\",\"articleSection\":[\"Sant\u00e9\"],\"inLanguage\":\"fr-FR\",\"potentialAction\":[{\"@type\":\"CommentAction\",\"name\":\"Comment\",\"target\":[\"https:\\\/\\\/reveil-info.net\\\/?p=4375#respond\"]}]},{\"@type\":\"WebPage\",\"@id\":\"https:\\\/\\\/reveil-info.net\\\/?p=4375\",\"url\":\"https:\\\/\\\/reveil-info.net\\\/?p=4375\",\"name\":\"D\u00e9c\u00e8s du p\u00e8re fondateur de la Facult\u00e9 de m\u00e9decine au Burkina - R\u00e9veil Info\",\"isPartOf\":{\"@id\":\"https:\\\/\\\/reveil-info.net\\\/#website\"},\"primaryImageOfPage\":{\"@id\":\"https:\\\/\\\/reveil-info.net\\\/?p=4375#primaryimage\"},\"image\":{\"@id\":\"https:\\\/\\\/reveil-info.net\\\/?p=4375#primaryimage\"},\"thumbnailUrl\":\"https:\\\/\\\/reveil-info.net\\\/wp-content\\\/uploads\\\/2024\\\/07\\\/FB_IMG_17224628813665626.jpg\",\"datePublished\":\"2024-07-31T21:59:59+00:00\",\"dateModified\":\"2024-07-31T22:00:48+00:00\",\"breadcrumb\":{\"@id\":\"https:\\\/\\\/reveil-info.net\\\/?p=4375#breadcrumb\"},\"inLanguage\":\"fr-FR\",\"potentialAction\":[{\"@type\":\"ReadAction\",\"target\":[\"https:\\\/\\\/reveil-info.net\\\/?p=4375\"]}]},{\"@type\":\"ImageObject\",\"inLanguage\":\"fr-FR\",\"@id\":\"https:\\\/\\\/reveil-info.net\\\/?p=4375#primaryimage\",\"url\":\"https:\\\/\\\/reveil-info.net\\\/wp-content\\\/uploads\\\/2024\\\/07\\\/FB_IMG_17224628813665626.jpg\",\"contentUrl\":\"https:\\\/\\\/reveil-info.net\\\/wp-content\\\/uploads\\\/2024\\\/07\\\/FB_IMG_17224628813665626.jpg\",\"width\":720,\"height\":686},{\"@type\":\"BreadcrumbList\",\"@id\":\"https:\\\/\\\/reveil-info.net\\\/?p=4375#breadcrumb\",\"itemListElement\":[{\"@type\":\"ListItem\",\"position\":1,\"name\":\"Home\",\"item\":\"https:\\\/\\\/reveil-info.net\\\/\"},{\"@type\":\"ListItem\",\"position\":2,\"name\":\"D\u00e9c\u00e8s du p\u00e8re fondateur de la Facult\u00e9 de m\u00e9decine au Burkina\"}]},{\"@type\":\"WebSite\",\"@id\":\"https:\\\/\\\/reveil-info.net\\\/#website\",\"url\":\"https:\\\/\\\/reveil-info.net\\\/\",\"name\":\"R\u00e9veil Info\",\"description\":\"Le devoir d&#039;informer!\",\"publisher\":{\"@id\":\"https:\\\/\\\/reveil-info.net\\\/#organization\"},\"potentialAction\":[{\"@type\":\"SearchAction\",\"target\":{\"@type\":\"EntryPoint\",\"urlTemplate\":\"https:\\\/\\\/reveil-info.net\\\/?s={search_term_string}\"},\"query-input\":{\"@type\":\"PropertyValueSpecification\",\"valueRequired\":true,\"valueName\":\"search_term_string\"}}],\"inLanguage\":\"fr-FR\"},{\"@type\":\"Organization\",\"@id\":\"https:\\\/\\\/reveil-info.net\\\/#organization\",\"name\":\"R\u00e9veil Info\",\"url\":\"https:\\\/\\\/reveil-info.net\\\/\",\"logo\":{\"@type\":\"ImageObject\",\"inLanguage\":\"fr-FR\",\"@id\":\"https:\\\/\\\/reveil-info.net\\\/#\\\/schema\\\/logo\\\/image\\\/\",\"url\":\"https:\\\/\\\/reveil-info.net\\\/wp-content\\\/uploads\\\/2024\\\/07\\\/bnddd1.jpg\",\"contentUrl\":\"https:\\\/\\\/reveil-info.net\\\/wp-content\\\/uploads\\\/2024\\\/07\\\/bnddd1.jpg\",\"width\":903,\"height\":125,\"caption\":\"R\u00e9veil Info\"},\"image\":{\"@id\":\"https:\\\/\\\/reveil-info.net\\\/#\\\/schema\\\/logo\\\/image\\\/\"}},{\"@type\":\"Person\",\"@id\":\"https:\\\/\\\/reveil-info.net\\\/#\\\/schema\\\/person\\\/ca0cc8e70088e0a2b5e92556c1ee60f5\",\"name\":\"R\u00e9veil info\",\"image\":{\"@type\":\"ImageObject\",\"inLanguage\":\"fr-FR\",\"@id\":\"https:\\\/\\\/secure.gravatar.com\\\/avatar\\\/e4ad5bb743c8b6cb174d9df6c7d30a8a16f6889731241345fc6444e6485f02af?s=96&d=mm&r=g\",\"url\":\"https:\\\/\\\/secure.gravatar.com\\\/avatar\\\/e4ad5bb743c8b6cb174d9df6c7d30a8a16f6889731241345fc6444e6485f02af?s=96&d=mm&r=g\",\"contentUrl\":\"https:\\\/\\\/secure.gravatar.com\\\/avatar\\\/e4ad5bb743c8b6cb174d9df6c7d30a8a16f6889731241345fc6444e6485f02af?s=96&d=mm&r=g\",\"caption\":\"R\u00e9veil info\"},\"sameAs\":[\"https:\\\/\\\/reveil-info.net\"],\"url\":\"https:\\\/\\\/reveil-info.net\\\/?author=1\"}]}<\/script>\n<!-- \/ Yoast SEO plugin. -->","yoast_head_json":{"title":"D\u00e9c\u00e8s du p\u00e8re fondateur de la Facult\u00e9 de m\u00e9decine au Burkina - R\u00e9veil Info","robots":{"index":"noindex","follow":"follow","max-snippet":"max-snippet:-1","max-image-preview":"max-image-preview:large","max-video-preview":"max-video-preview:-1"},"og_locale":"fr_FR","og_type":"article","og_title":"D\u00e9c\u00e8s du p\u00e8re fondateur de la Facult\u00e9 de m\u00e9decine au Burkina - R\u00e9veil Info","og_description":"Le p\u00e8re fondateur de la facult\u00e9 de m\u00e9decine au Burkina Faso, Professeur Rambr\u00e9 Moumouni Ouiminga,","og_url":"https:\/\/reveil-info.net\/?p=4375","og_site_name":"R\u00e9veil Info","article_published_time":"2024-07-31T21:59:59+00:00","article_modified_time":"2024-07-31T22:00:48+00:00","og_image":[{"width":720,"height":686,"url":"https:\/\/reveil-info.net\/wp-content\/uploads\/2024\/07\/FB_IMG_17224628813665626.jpg","type":"image\/jpeg"}],"author":"R\u00e9veil info","twitter_card":"summary_large_image","twitter_misc":{"\u00c9crit par":"R\u00e9veil info","Dur\u00e9e de lecture estim\u00e9e":"2 minutes"},"schema":{"@context":"https:\/\/schema.org","@graph":[{"@type":"Article","@id":"https:\/\/reveil-info.net\/?p=4375#article","isPartOf":{"@id":"https:\/\/reveil-info.net\/?p=4375"},"author":{"name":"R\u00e9veil info","@id":"https:\/\/reveil-info.net\/#\/schema\/person\/ca0cc8e70088e0a2b5e92556c1ee60f5"},"headline":"D\u00e9c\u00e8s du p\u00e8re fondateur de la Facult\u00e9 de m\u00e9decine au Burkina","datePublished":"2024-07-31T21:59:59+00:00","dateModified":"2024-07-31T22:00:48+00:00","mainEntityOfPage":{"@id":"https:\/\/reveil-info.net\/?p=4375"},"wordCount":226,"commentCount":0,"publisher":{"@id":"https:\/\/reveil-info.net\/#organization"},"image":{"@id":"https:\/\/reveil-info.net\/?p=4375#primaryimage"},"thumbnailUrl":"https:\/\/reveil-info.net\/wp-content\/uploads\/2024\/07\/FB_IMG_17224628813665626.jpg","articleSection":["Sant\u00e9"],"inLanguage":"fr-FR","potentialAction":[{"@type":"CommentAction","name":"Comment","target":["https:\/\/reveil-info.net\/?p=4375#respond"]}]},{"@type":"WebPage","@id":"https:\/\/reveil-info.net\/?p=4375","url":"https:\/\/reveil-info.net\/?p=4375","name":"D\u00e9c\u00e8s du p\u00e8re fondateur de la Facult\u00e9 de m\u00e9decine au Burkina - R\u00e9veil Info","isPartOf":{"@id":"https:\/\/reveil-info.net\/#website"},"primaryImageOfPage":{"@id":"https:\/\/reveil-info.net\/?p=4375#primaryimage"},"image":{"@id":"https:\/\/reveil-info.net\/?p=4375#primaryimage"},"thumbnailUrl":"https:\/\/reveil-info.net\/wp-content\/uploads\/2024\/07\/FB_IMG_17224628813665626.jpg","datePublished":"2024-07-31T21:59:59+00:00","dateModified":"2024-07-31T22:00:48+00:00","breadcrumb":{"@id":"https:\/\/reveil-info.net\/?p=4375#breadcrumb"},"inLanguage":"fr-FR","potentialAction":[{"@type":"ReadAction","target":["https:\/\/reveil-info.net\/?p=4375"]}]},{"@type":"ImageObject","inLanguage":"fr-FR","@id":"https:\/\/reveil-info.net\/?p=4375#primaryimage","url":"https:\/\/reveil-info.net\/wp-content\/uploads\/2024\/07\/FB_IMG_17224628813665626.jpg","contentUrl":"https:\/\/reveil-info.net\/wp-content\/uploads\/2024\/07\/FB_IMG_17224628813665626.jpg","width":720,"height":686},{"@type":"BreadcrumbList","@id":"https:\/\/reveil-info.net\/?p=4375#breadcrumb","itemListElement":[{"@type":"ListItem","position":1,"name":"Home","item":"https:\/\/reveil-info.net\/"},{"@type":"ListItem","position":2,"name":"D\u00e9c\u00e8s du p\u00e8re fondateur de la Facult\u00e9 de m\u00e9decine au Burkina"}]},{"@type":"WebSite","@id":"https:\/\/reveil-info.net\/#website","url":"https:\/\/reveil-info.net\/","name":"R\u00e9veil Info","description":"Le devoir d&#039;informer!","publisher":{"@id":"https:\/\/reveil-info.net\/#organization"},"potentialAction":[{"@type":"SearchAction","target":{"@type":"EntryPoint","urlTemplate":"https:\/\/reveil-info.net\/?s={search_term_string}"},"query-input":{"@type":"PropertyValueSpecification","valueRequired":true,"valueName":"search_term_string"}}],"inLanguage":"fr-FR"},{"@type":"Organization","@id":"https:\/\/reveil-info.net\/#organization","name":"R\u00e9veil Info","url":"https:\/\/reveil-info.net\/","logo":{"@type":"ImageObject","inLanguage":"fr-FR","@id":"https:\/\/reveil-info.net\/#\/schema\/logo\/image\/","url":"https:\/\/reveil-info.net\/wp-content\/uploads\/2024\/07\/bnddd1.jpg","contentUrl":"https:\/\/reveil-info.net\/wp-content\/uploads\/2024\/07\/bnddd1.jpg","width":903,"height":125,"caption":"R\u00e9veil Info"},"image":{"@id":"https:\/\/reveil-info.net\/#\/schema\/logo\/image\/"}},{"@type":"Person","@id":"https:\/\/reveil-info.net\/#\/schema\/person\/ca0cc8e70088e0a2b5e92556c1ee60f5","name":"R\u00e9veil info","image":{"@type":"ImageObject","inLanguage":"fr-FR","@id":"https:\/\/secure.gravatar.com\/avatar\/e4ad5bb743c8b6cb174d9df6c7d30a8a16f6889731241345fc6444e6485f02af?s=96&d=mm&r=g","url":"https:\/\/secure.gravatar.com\/avatar\/e4ad5bb743c8b6cb174d9df6c7d30a8a16f6889731241345fc6444e6485f02af?s=96&d=mm&r=g","contentUrl":"https:\/\/secure.gravatar.com\/avatar\/e4ad5bb743c8b6cb174d9df6c7d30a8a16f6889731241345fc6444e6485f02af?s=96&d=mm&r=g","caption":"R\u00e9veil info"},"sameAs":["https:\/\/reveil-info.net"],"url":"https:\/\/reveil-info.net\/?author=1"}]}},"jetpack_featured_media_url":"https:\/\/reveil-info.net\/wp-content\/uploads\/2024\/07\/FB_IMG_17224628813665626.jpg","featured_image_urls":{"full":["https:\/\/reveil-info.net\/wp-content\/uploads\/2024\/07\/FB_IMG_17224628813665626.jpg",720,686,false],"thumbnail":["https:\/\/reveil-info.net\/wp-content\/uploads\/2024\/07\/FB_IMG_17224628813665626-150x150.jpg",150,150,true],"medium":["https:\/\/reveil-info.net\/wp-content\/uploads\/2024\/07\/FB_IMG_17224628813665626-300x286.jpg",300,286,true],"medium_large":["https:\/\/reveil-info.net\/wp-content\/uploads\/2024\/07\/FB_IMG_17224628813665626.jpg",640,610,false],"large":["https:\/\/reveil-info.net\/wp-content\/uploads\/2024\/07\/FB_IMG_17224628813665626.jpg",640,610,false],"1536x1536":["https:\/\/reveil-info.net\/wp-content\/uploads\/2024\/07\/FB_IMG_17224628813665626.jpg",720,686,false],"2048x2048":["https:\/\/reveil-info.net\/wp-content\/uploads\/2024\/07\/FB_IMG_17224628813665626.jpg",720,686,false],"chromenews-featured":["https:\/\/reveil-info.net\/wp-content\/uploads\/2024\/07\/FB_IMG_17224628813665626.jpg",720,686,false],"chromenews-large":["https:\/\/reveil-info.net\/wp-content\/uploads\/2024\/07\/FB_IMG_17224628813665626-720x575.jpg",720,575,true],"chromenews-medium":["https:\/\/reveil-info.net\/wp-content\/uploads\/2024\/07\/FB_IMG_17224628813665626-590x410.jpg",590,410,true]},"author_info":{"display_name":"R\u00e9veil info","author_link":"https:\/\/reveil-info.net\/?author=1"},"category_info":"<a href=\"https:\/\/reveil-info.net\/?cat=14\" rel=\"category\">Sant\u00e9<\/a>","tag_info":"Sant\u00e9","comment_count":"0","_links":{"self":[{"href":"https:\/\/reveil-info.net\/index.php?rest_route=\/wp\/v2\/posts\/4375","targetHints":{"allow":["GET"]}}],"collection":[{"href":"https:\/\/reveil-info.net\/index.php?rest_route=\/wp\/v2\/posts"}],"about":[{"href":"https:\/\/reveil-info.net\/index.php?rest_route=\/wp\/v2\/types\/post"}],"author":[{"embeddable":true,"href":"https:\/\/reveil-info.net\/index.php?rest_route=\/wp\/v2\/users\/1"}],"replies":[{"embeddable":true,"href":"https:\/\/reveil-info.net\/index.php?rest_route=%2Fwp%2Fv2%2Fcomments&post=4375"}],"version-history":[{"count":6,"href":"https:\/\/reveil-info.net\/index.php?rest_route=\/wp\/v2\/posts\/4375\/revisions"}],"predecessor-version":[{"id":4382,"href":"https:\/\/reveil-info.net\/index.php?rest_route=\/wp\/v2\/posts\/4375\/revisions\/4382"}],"wp:featuredmedia":[{"embeddable":true,"href":"https:\/\/reveil-info.net\/index.php?rest_route=\/wp\/v2\/media\/4380"}],"wp:attachment":[{"href":"https:\/\/reveil-info.net\/index.php?rest_route=%2Fwp%2Fv2%2Fmedia&parent=4375"}],"wp:term":[{"taxonomy":"category","embeddable":true,"href":"https:\/\/reveil-info.net\/index.php?rest_route=%2Fwp%2Fv2%2Fcategories&post=4375"},{"taxonomy":"post_tag","embeddable":true,"href":"https:\/\/reveil-info.net\/index.php?rest_route=%2Fwp%2Fv2%2Ftags&post=4375"}],"curies":[{"name":"wp","href":"https:\/\/api.w.org\/{rel}","templated":true}]}}