{"id":43738,"date":"2026-02-15T07:43:33","date_gmt":"2026-02-15T07:43:33","guid":{"rendered":"https:\/\/reveil-info.net\/?p=43738"},"modified":"2026-02-15T07:43:33","modified_gmt":"2026-02-15T07:43:33","slug":"preavis-de-greve-a-la-boa-le-ministre-traore-a-lecoute-des-deux-parties","status":"publish","type":"post","link":"https:\/\/reveil-info.net\/?p=43738","title":{"rendered":"Pr\u00e9avis de gr\u00e8ve \u00e0 la BOA: le ministre Traor\u00e9 \u00e0 l&rsquo;\u00e9coute des deux parties"},"content":{"rendered":"<p>Crise \u00e0 la BOA Burkina Faso : Le Ministre Mathias TRAORE \u00e0 l\u2019\u00e9coute des deux parties<\/p>\n<p><img loading=\"lazy\" decoding=\"async\" class=\"alignnone size-full wp-image-43740\" src=\"https:\/\/reveil-info.net\/wp-content\/uploads\/2026\/02\/FB_IMG_1771141157445.jpg\" alt=\"\" width=\"1080\" height=\"719\" srcset=\"https:\/\/reveil-info.net\/wp-content\/uploads\/2026\/02\/FB_IMG_1771141157445.jpg 1080w, https:\/\/reveil-info.net\/wp-content\/uploads\/2026\/02\/FB_IMG_1771141157445-300x200.jpg 300w, https:\/\/reveil-info.net\/wp-content\/uploads\/2026\/02\/FB_IMG_1771141157445-1024x682.jpg 1024w, https:\/\/reveil-info.net\/wp-content\/uploads\/2026\/02\/FB_IMG_1771141157445-768x511.jpg 768w\" sizes=\"auto, (max-width: 1080px) 100vw, 1080px\" \/><\/p>\n<p>Le Ministre des Serviteurs du Peuple, Monsieur Mathias TRAORE, assist\u00e9 de son \u00e9quipe technique, a re\u00e7u des responsables de la Bank Of Africa (BOA) Burkina Faso ainsi que les d\u00e9l\u00e9gu\u00e9s du personnel, ce samedi 14 f\u00e9vrier 2026, \u00e0 Ouagadougou.<\/p>\n<p>Cette rencontre intervient dans un contexte tendu, marqu\u00e9 par le d\u00e9p\u00f4t d\u2019un pr\u00e9avis de gr\u00e8ve de 96 heures, annonc\u00e9 pour le 16 f\u00e9vrier 2026.<\/p>\n<p><img loading=\"lazy\" decoding=\"async\" class=\"alignnone size-full wp-image-43742\" src=\"https:\/\/reveil-info.net\/wp-content\/uploads\/2026\/02\/FB_IMG_1771141162292.jpg\" alt=\"\" width=\"1080\" height=\"718\" srcset=\"https:\/\/reveil-info.net\/wp-content\/uploads\/2026\/02\/FB_IMG_1771141162292.jpg 1080w, https:\/\/reveil-info.net\/wp-content\/uploads\/2026\/02\/FB_IMG_1771141162292-300x199.jpg 300w, https:\/\/reveil-info.net\/wp-content\/uploads\/2026\/02\/FB_IMG_1771141162292-1024x681.jpg 1024w, https:\/\/reveil-info.net\/wp-content\/uploads\/2026\/02\/FB_IMG_1771141162292-768x511.jpg 768w\" sizes=\"auto, (max-width: 1080px) 100vw, 1080px\" \/><\/p>\n<p>Selon le Ministre TRAORE, l\u2019objectif de cette rencontre est d\u2019\u00e9couter les deux parties afin de mieux cerner les causes de la crise et d\u2019identifier des pistes de solution.<\/p>\n<p>Les \u00e9changes ont permis \u00e0 chaque partie de s\u2019exprimer librement, donnant ainsi au ministre et \u00e0 son \u00e9quipe technique une meilleure lecture de la situation.<\/p>\n<p>Concernant les propositions de sortie de crise avanc\u00e9es par le ministre, les d\u00e9l\u00e9gu\u00e9s du personnel ont indiqu\u00e9 qu\u2019ils consulteront leur base, c\u2019est-\u00e0-dire, le personnel de la BOA avant de revenir vers lui avec des r\u00e9ponses concr\u00e8tes.<\/p>\n<p><img loading=\"lazy\" decoding=\"async\" class=\"alignnone size-full wp-image-43743\" src=\"https:\/\/reveil-info.net\/wp-content\/uploads\/2026\/02\/FB_IMG_1771141165052.jpg\" alt=\"\" width=\"1080\" height=\"608\" srcset=\"https:\/\/reveil-info.net\/wp-content\/uploads\/2026\/02\/FB_IMG_1771141165052.jpg 1080w, https:\/\/reveil-info.net\/wp-content\/uploads\/2026\/02\/FB_IMG_1771141165052-300x169.jpg 300w, https:\/\/reveil-info.net\/wp-content\/uploads\/2026\/02\/FB_IMG_1771141165052-1024x576.jpg 1024w, https:\/\/reveil-info.net\/wp-content\/uploads\/2026\/02\/FB_IMG_1771141165052-768x432.jpg 768w\" sizes=\"auto, (max-width: 1080px) 100vw, 1080px\" \/><\/p>\n<p><img loading=\"lazy\" decoding=\"async\" class=\"alignnone size-full wp-image-43744\" src=\"https:\/\/reveil-info.net\/wp-content\/uploads\/2026\/02\/FB_IMG_1771141168177.jpg\" alt=\"\" width=\"1080\" height=\"609\" srcset=\"https:\/\/reveil-info.net\/wp-content\/uploads\/2026\/02\/FB_IMG_1771141168177.jpg 1080w, https:\/\/reveil-info.net\/wp-content\/uploads\/2026\/02\/FB_IMG_1771141168177-300x169.jpg 300w, https:\/\/reveil-info.net\/wp-content\/uploads\/2026\/02\/FB_IMG_1771141168177-1024x577.jpg 1024w, https:\/\/reveil-info.net\/wp-content\/uploads\/2026\/02\/FB_IMG_1771141168177-768x433.jpg 768w\" sizes=\"auto, (max-width: 1080px) 100vw, 1080px\" \/><\/p>\n<p>A l\u2019issue de la rencontre, le Ministre Mathias TRAORE a salu\u00e9 la sinc\u00e9rit\u00e9 et la courtoisie des discussions, y voyant un signe d\u2019engagement des deux parties \u00e0 trouver une issue favorable.<\/p>\n<p>Cette d\u00e9marche de dialogue initi\u00e9e par le Ministre appara\u00eet ainsi comme une \u00e9tape importante pour \u00e9viter une paralysie des activit\u00e9s de la banque et pour favoriser une solution durable \u00e0 la crise.<\/p>\n<p>Pour rappel, les d\u00e9l\u00e9gu\u00e9s du personnel et les d\u00e9l\u00e9gu\u00e9s syndicaux de la Bank Of Africa (BOA) Burkina Faso ont d\u00e9pos\u00e9 un pr\u00e9avis de gr\u00e8ve de 96 heures pour compter du 16 f\u00e9vrier 2026.<\/p>\n<p>Selon la d\u00e9claration, ils d\u00e9noncent \u00ab une situation sociale profond\u00e9ment pr\u00e9occupante accentu\u00e9e depuis 2018 \u00bb du personnel de la banque.<\/p>\n<p>Entre autres, ils d\u00e9clarent subir des in\u00e9galit\u00e9s et des injustices comparativement au traitement salarial des travailleurs des autres filiales du groupe bancaire.<\/p>\n<p>Reveil-info<\/p>\n<p>DCRP\/MSP<\/p>\n","protected":false},"excerpt":{"rendered":"<p>Crise \u00e0 la BOA Burkina Faso : Le Ministre Mathias TRAORE \u00e0 l\u2019\u00e9coute des deux<\/p>\n","protected":false},"author":1,"featured_media":0,"comment_status":"open","ping_status":"open","sticky":false,"template":"","format":"standard","meta":{"footnotes":""},"categories":[2],"tags":[],"class_list":["post-43738","post","type-post","status-publish","format-standard","hentry","category-actu"],"yoast_head":"<!-- This site is optimized with the Yoast SEO plugin v27.5 - https:\/\/yoast.com\/product\/yoast-seo-wordpress\/ -->\n<title>Pr\u00e9avis de gr\u00e8ve \u00e0 la BOA: le ministre Traor\u00e9 \u00e0 l&#039;\u00e9coute des deux parties - R\u00e9veil Info<\/title>\n<meta name=\"robots\" content=\"noindex, follow, max-snippet:-1, max-image-preview:large, max-video-preview:-1\" \/>\n<meta property=\"og:locale\" content=\"fr_FR\" \/>\n<meta property=\"og:type\" content=\"article\" \/>\n<meta property=\"og:title\" content=\"Pr\u00e9avis de gr\u00e8ve \u00e0 la BOA: le ministre Traor\u00e9 \u00e0 l&#039;\u00e9coute des deux parties - R\u00e9veil Info\" \/>\n<meta property=\"og:description\" content=\"Crise \u00e0 la BOA Burkina Faso : Le Ministre Mathias TRAORE \u00e0 l\u2019\u00e9coute des deux\" \/>\n<meta property=\"og:url\" content=\"https:\/\/reveil-info.net\/?p=43738\" \/>\n<meta property=\"og:site_name\" content=\"R\u00e9veil Info\" \/>\n<meta property=\"article:published_time\" content=\"2026-02-15T07:43:33+00:00\" \/>\n<meta property=\"og:image\" content=\"https:\/\/reveil-info.net\/wp-content\/uploads\/2026\/02\/FB_IMG_1771141157445.jpg\" \/>\n\t<meta property=\"og:image:width\" content=\"1080\" \/>\n\t<meta property=\"og:image:height\" content=\"719\" \/>\n\t<meta property=\"og:image:type\" content=\"image\/jpeg\" \/>\n<meta name=\"author\" content=\"R\u00e9veil info\" \/>\n<meta name=\"twitter:card\" content=\"summary_large_image\" \/>\n<meta name=\"twitter:label1\" content=\"\u00c9crit par\" \/>\n\t<meta name=\"twitter:data1\" content=\"R\u00e9veil info\" \/>\n\t<meta name=\"twitter:label2\" content=\"Dur\u00e9e de lecture estim\u00e9e\" \/>\n\t<meta name=\"twitter:data2\" content=\"3 minutes\" \/>\n<script type=\"application\/ld+json\" class=\"yoast-schema-graph\">{\"@context\":\"https:\\\/\\\/schema.org\",\"@graph\":[{\"@type\":\"Article\",\"@id\":\"https:\\\/\\\/reveil-info.net\\\/?p=43738#article\",\"isPartOf\":{\"@id\":\"https:\\\/\\\/reveil-info.net\\\/?p=43738\"},\"author\":{\"name\":\"R\u00e9veil info\",\"@id\":\"https:\\\/\\\/reveil-info.net\\\/#\\\/schema\\\/person\\\/ca0cc8e70088e0a2b5e92556c1ee60f5\"},\"headline\":\"Pr\u00e9avis de gr\u00e8ve \u00e0 la BOA: le ministre Traor\u00e9 \u00e0 l&rsquo;\u00e9coute des deux parties\",\"datePublished\":\"2026-02-15T07:43:33+00:00\",\"mainEntityOfPage\":{\"@id\":\"https:\\\/\\\/reveil-info.net\\\/?p=43738\"},\"wordCount\":355,\"commentCount\":0,\"publisher\":{\"@id\":\"https:\\\/\\\/reveil-info.net\\\/#organization\"},\"image\":{\"@id\":\"https:\\\/\\\/reveil-info.net\\\/?p=43738#primaryimage\"},\"thumbnailUrl\":\"https:\\\/\\\/reveil-info.net\\\/wp-content\\\/uploads\\\/2026\\\/02\\\/FB_IMG_1771141157445.jpg\",\"articleSection\":[\"Actualit\u00e9\"],\"inLanguage\":\"fr-FR\",\"potentialAction\":[{\"@type\":\"CommentAction\",\"name\":\"Comment\",\"target\":[\"https:\\\/\\\/reveil-info.net\\\/?p=43738#respond\"]}]},{\"@type\":\"WebPage\",\"@id\":\"https:\\\/\\\/reveil-info.net\\\/?p=43738\",\"url\":\"https:\\\/\\\/reveil-info.net\\\/?p=43738\",\"name\":\"Pr\u00e9avis de gr\u00e8ve \u00e0 la BOA: le ministre Traor\u00e9 \u00e0 l'\u00e9coute des deux parties - R\u00e9veil Info\",\"isPartOf\":{\"@id\":\"https:\\\/\\\/reveil-info.net\\\/#website\"},\"primaryImageOfPage\":{\"@id\":\"https:\\\/\\\/reveil-info.net\\\/?p=43738#primaryimage\"},\"image\":{\"@id\":\"https:\\\/\\\/reveil-info.net\\\/?p=43738#primaryimage\"},\"thumbnailUrl\":\"https:\\\/\\\/reveil-info.net\\\/wp-content\\\/uploads\\\/2026\\\/02\\\/FB_IMG_1771141157445.jpg\",\"datePublished\":\"2026-02-15T07:43:33+00:00\",\"breadcrumb\":{\"@id\":\"https:\\\/\\\/reveil-info.net\\\/?p=43738#breadcrumb\"},\"inLanguage\":\"fr-FR\",\"potentialAction\":[{\"@type\":\"ReadAction\",\"target\":[\"https:\\\/\\\/reveil-info.net\\\/?p=43738\"]}]},{\"@type\":\"ImageObject\",\"inLanguage\":\"fr-FR\",\"@id\":\"https:\\\/\\\/reveil-info.net\\\/?p=43738#primaryimage\",\"url\":\"https:\\\/\\\/reveil-info.net\\\/wp-content\\\/uploads\\\/2026\\\/02\\\/FB_IMG_1771141157445.jpg\",\"contentUrl\":\"https:\\\/\\\/reveil-info.net\\\/wp-content\\\/uploads\\\/2026\\\/02\\\/FB_IMG_1771141157445.jpg\",\"width\":1080,\"height\":719},{\"@type\":\"BreadcrumbList\",\"@id\":\"https:\\\/\\\/reveil-info.net\\\/?p=43738#breadcrumb\",\"itemListElement\":[{\"@type\":\"ListItem\",\"position\":1,\"name\":\"Home\",\"item\":\"https:\\\/\\\/reveil-info.net\\\/\"},{\"@type\":\"ListItem\",\"position\":2,\"name\":\"Pr\u00e9avis de gr\u00e8ve \u00e0 la BOA: le ministre Traor\u00e9 \u00e0 l&rsquo;\u00e9coute des deux parties\"}]},{\"@type\":\"WebSite\",\"@id\":\"https:\\\/\\\/reveil-info.net\\\/#website\",\"url\":\"https:\\\/\\\/reveil-info.net\\\/\",\"name\":\"R\u00e9veil Info\",\"description\":\"Le devoir d&#039;informer!\",\"publisher\":{\"@id\":\"https:\\\/\\\/reveil-info.net\\\/#organization\"},\"potentialAction\":[{\"@type\":\"SearchAction\",\"target\":{\"@type\":\"EntryPoint\",\"urlTemplate\":\"https:\\\/\\\/reveil-info.net\\\/?s={search_term_string}\"},\"query-input\":{\"@type\":\"PropertyValueSpecification\",\"valueRequired\":true,\"valueName\":\"search_term_string\"}}],\"inLanguage\":\"fr-FR\"},{\"@type\":\"Organization\",\"@id\":\"https:\\\/\\\/reveil-info.net\\\/#organization\",\"name\":\"R\u00e9veil Info\",\"url\":\"https:\\\/\\\/reveil-info.net\\\/\",\"logo\":{\"@type\":\"ImageObject\",\"inLanguage\":\"fr-FR\",\"@id\":\"https:\\\/\\\/reveil-info.net\\\/#\\\/schema\\\/logo\\\/image\\\/\",\"url\":\"https:\\\/\\\/reveil-info.net\\\/wp-content\\\/uploads\\\/2024\\\/07\\\/bnddd1.jpg\",\"contentUrl\":\"https:\\\/\\\/reveil-info.net\\\/wp-content\\\/uploads\\\/2024\\\/07\\\/bnddd1.jpg\",\"width\":903,\"height\":125,\"caption\":\"R\u00e9veil Info\"},\"image\":{\"@id\":\"https:\\\/\\\/reveil-info.net\\\/#\\\/schema\\\/logo\\\/image\\\/\"}},{\"@type\":\"Person\",\"@id\":\"https:\\\/\\\/reveil-info.net\\\/#\\\/schema\\\/person\\\/ca0cc8e70088e0a2b5e92556c1ee60f5\",\"name\":\"R\u00e9veil info\",\"image\":{\"@type\":\"ImageObject\",\"inLanguage\":\"fr-FR\",\"@id\":\"https:\\\/\\\/secure.gravatar.com\\\/avatar\\\/e4ad5bb743c8b6cb174d9df6c7d30a8a16f6889731241345fc6444e6485f02af?s=96&d=mm&r=g\",\"url\":\"https:\\\/\\\/secure.gravatar.com\\\/avatar\\\/e4ad5bb743c8b6cb174d9df6c7d30a8a16f6889731241345fc6444e6485f02af?s=96&d=mm&r=g\",\"contentUrl\":\"https:\\\/\\\/secure.gravatar.com\\\/avatar\\\/e4ad5bb743c8b6cb174d9df6c7d30a8a16f6889731241345fc6444e6485f02af?s=96&d=mm&r=g\",\"caption\":\"R\u00e9veil info\"},\"sameAs\":[\"https:\\\/\\\/reveil-info.net\"],\"url\":\"https:\\\/\\\/reveil-info.net\\\/?author=1\"}]}<\/script>\n<!-- \/ Yoast SEO plugin. -->","yoast_head_json":{"title":"Pr\u00e9avis de gr\u00e8ve \u00e0 la BOA: le ministre Traor\u00e9 \u00e0 l'\u00e9coute des deux parties - R\u00e9veil Info","robots":{"index":"noindex","follow":"follow","max-snippet":"max-snippet:-1","max-image-preview":"max-image-preview:large","max-video-preview":"max-video-preview:-1"},"og_locale":"fr_FR","og_type":"article","og_title":"Pr\u00e9avis de gr\u00e8ve \u00e0 la BOA: le ministre Traor\u00e9 \u00e0 l'\u00e9coute des deux parties - R\u00e9veil Info","og_description":"Crise \u00e0 la BOA Burkina Faso : Le Ministre Mathias TRAORE \u00e0 l\u2019\u00e9coute des deux","og_url":"https:\/\/reveil-info.net\/?p=43738","og_site_name":"R\u00e9veil Info","article_published_time":"2026-02-15T07:43:33+00:00","og_image":[{"width":1080,"height":719,"url":"https:\/\/reveil-info.net\/wp-content\/uploads\/2026\/02\/FB_IMG_1771141157445.jpg","type":"image\/jpeg"}],"author":"R\u00e9veil info","twitter_card":"summary_large_image","twitter_misc":{"\u00c9crit par":"R\u00e9veil info","Dur\u00e9e de lecture estim\u00e9e":"3 minutes"},"schema":{"@context":"https:\/\/schema.org","@graph":[{"@type":"Article","@id":"https:\/\/reveil-info.net\/?p=43738#article","isPartOf":{"@id":"https:\/\/reveil-info.net\/?p=43738"},"author":{"name":"R\u00e9veil info","@id":"https:\/\/reveil-info.net\/#\/schema\/person\/ca0cc8e70088e0a2b5e92556c1ee60f5"},"headline":"Pr\u00e9avis de gr\u00e8ve \u00e0 la BOA: le ministre Traor\u00e9 \u00e0 l&rsquo;\u00e9coute des deux parties","datePublished":"2026-02-15T07:43:33+00:00","mainEntityOfPage":{"@id":"https:\/\/reveil-info.net\/?p=43738"},"wordCount":355,"commentCount":0,"publisher":{"@id":"https:\/\/reveil-info.net\/#organization"},"image":{"@id":"https:\/\/reveil-info.net\/?p=43738#primaryimage"},"thumbnailUrl":"https:\/\/reveil-info.net\/wp-content\/uploads\/2026\/02\/FB_IMG_1771141157445.jpg","articleSection":["Actualit\u00e9"],"inLanguage":"fr-FR","potentialAction":[{"@type":"CommentAction","name":"Comment","target":["https:\/\/reveil-info.net\/?p=43738#respond"]}]},{"@type":"WebPage","@id":"https:\/\/reveil-info.net\/?p=43738","url":"https:\/\/reveil-info.net\/?p=43738","name":"Pr\u00e9avis de gr\u00e8ve \u00e0 la BOA: le ministre Traor\u00e9 \u00e0 l'\u00e9coute des deux parties - R\u00e9veil Info","isPartOf":{"@id":"https:\/\/reveil-info.net\/#website"},"primaryImageOfPage":{"@id":"https:\/\/reveil-info.net\/?p=43738#primaryimage"},"image":{"@id":"https:\/\/reveil-info.net\/?p=43738#primaryimage"},"thumbnailUrl":"https:\/\/reveil-info.net\/wp-content\/uploads\/2026\/02\/FB_IMG_1771141157445.jpg","datePublished":"2026-02-15T07:43:33+00:00","breadcrumb":{"@id":"https:\/\/reveil-info.net\/?p=43738#breadcrumb"},"inLanguage":"fr-FR","potentialAction":[{"@type":"ReadAction","target":["https:\/\/reveil-info.net\/?p=43738"]}]},{"@type":"ImageObject","inLanguage":"fr-FR","@id":"https:\/\/reveil-info.net\/?p=43738#primaryimage","url":"https:\/\/reveil-info.net\/wp-content\/uploads\/2026\/02\/FB_IMG_1771141157445.jpg","contentUrl":"https:\/\/reveil-info.net\/wp-content\/uploads\/2026\/02\/FB_IMG_1771141157445.jpg","width":1080,"height":719},{"@type":"BreadcrumbList","@id":"https:\/\/reveil-info.net\/?p=43738#breadcrumb","itemListElement":[{"@type":"ListItem","position":1,"name":"Home","item":"https:\/\/reveil-info.net\/"},{"@type":"ListItem","position":2,"name":"Pr\u00e9avis de gr\u00e8ve \u00e0 la BOA: le ministre Traor\u00e9 \u00e0 l&rsquo;\u00e9coute des deux parties"}]},{"@type":"WebSite","@id":"https:\/\/reveil-info.net\/#website","url":"https:\/\/reveil-info.net\/","name":"R\u00e9veil Info","description":"Le devoir d&#039;informer!","publisher":{"@id":"https:\/\/reveil-info.net\/#organization"},"potentialAction":[{"@type":"SearchAction","target":{"@type":"EntryPoint","urlTemplate":"https:\/\/reveil-info.net\/?s={search_term_string}"},"query-input":{"@type":"PropertyValueSpecification","valueRequired":true,"valueName":"search_term_string"}}],"inLanguage":"fr-FR"},{"@type":"Organization","@id":"https:\/\/reveil-info.net\/#organization","name":"R\u00e9veil Info","url":"https:\/\/reveil-info.net\/","logo":{"@type":"ImageObject","inLanguage":"fr-FR","@id":"https:\/\/reveil-info.net\/#\/schema\/logo\/image\/","url":"https:\/\/reveil-info.net\/wp-content\/uploads\/2024\/07\/bnddd1.jpg","contentUrl":"https:\/\/reveil-info.net\/wp-content\/uploads\/2024\/07\/bnddd1.jpg","width":903,"height":125,"caption":"R\u00e9veil Info"},"image":{"@id":"https:\/\/reveil-info.net\/#\/schema\/logo\/image\/"}},{"@type":"Person","@id":"https:\/\/reveil-info.net\/#\/schema\/person\/ca0cc8e70088e0a2b5e92556c1ee60f5","name":"R\u00e9veil info","image":{"@type":"ImageObject","inLanguage":"fr-FR","@id":"https:\/\/secure.gravatar.com\/avatar\/e4ad5bb743c8b6cb174d9df6c7d30a8a16f6889731241345fc6444e6485f02af?s=96&d=mm&r=g","url":"https:\/\/secure.gravatar.com\/avatar\/e4ad5bb743c8b6cb174d9df6c7d30a8a16f6889731241345fc6444e6485f02af?s=96&d=mm&r=g","contentUrl":"https:\/\/secure.gravatar.com\/avatar\/e4ad5bb743c8b6cb174d9df6c7d30a8a16f6889731241345fc6444e6485f02af?s=96&d=mm&r=g","caption":"R\u00e9veil info"},"sameAs":["https:\/\/reveil-info.net"],"url":"https:\/\/reveil-info.net\/?author=1"}]}},"jetpack_featured_media_url":"","featured_image_urls":{"full":"","thumbnail":"","medium":"","medium_large":"","large":"","1536x1536":"","2048x2048":"","chromenews-featured":"","chromenews-large":"","chromenews-medium":""},"author_info":{"display_name":"R\u00e9veil info","author_link":"https:\/\/reveil-info.net\/?author=1"},"category_info":"<a href=\"https:\/\/reveil-info.net\/?cat=2\" rel=\"category\">Actualit\u00e9<\/a>","tag_info":"Actualit\u00e9","comment_count":"0","_links":{"self":[{"href":"https:\/\/reveil-info.net\/index.php?rest_route=\/wp\/v2\/posts\/43738","targetHints":{"allow":["GET"]}}],"collection":[{"href":"https:\/\/reveil-info.net\/index.php?rest_route=\/wp\/v2\/posts"}],"about":[{"href":"https:\/\/reveil-info.net\/index.php?rest_route=\/wp\/v2\/types\/post"}],"author":[{"embeddable":true,"href":"https:\/\/reveil-info.net\/index.php?rest_route=\/wp\/v2\/users\/1"}],"replies":[{"embeddable":true,"href":"https:\/\/reveil-info.net\/index.php?rest_route=%2Fwp%2Fv2%2Fcomments&post=43738"}],"version-history":[{"count":4,"href":"https:\/\/reveil-info.net\/index.php?rest_route=\/wp\/v2\/posts\/43738\/revisions"}],"predecessor-version":[{"id":43746,"href":"https:\/\/reveil-info.net\/index.php?rest_route=\/wp\/v2\/posts\/43738\/revisions\/43746"}],"wp:attachment":[{"href":"https:\/\/reveil-info.net\/index.php?rest_route=%2Fwp%2Fv2%2Fmedia&parent=43738"}],"wp:term":[{"taxonomy":"category","embeddable":true,"href":"https:\/\/reveil-info.net\/index.php?rest_route=%2Fwp%2Fv2%2Fcategories&post=43738"},{"taxonomy":"post_tag","embeddable":true,"href":"https:\/\/reveil-info.net\/index.php?rest_route=%2Fwp%2Fv2%2Ftags&post=43738"}],"curies":[{"name":"wp","href":"https:\/\/api.w.org\/{rel}","templated":true}]}}