{"id":43700,"date":"2026-02-14T11:19:07","date_gmt":"2026-02-14T11:19:07","guid":{"rendered":"https:\/\/reveil-info.net\/?p=43700"},"modified":"2026-02-14T11:19:07","modified_gmt":"2026-02-14T11:19:07","slug":"union-africaine-le-president-du-burundi-nouveau-president","status":"publish","type":"post","link":"https:\/\/reveil-info.net\/?p=43700","title":{"rendered":"Union Africaine : le pr\u00e9sident du Burundi nouveau pr\u00e9sident"},"content":{"rendered":"<p>Sommet de l&rsquo;UA : Le G\u00e9n\u00e9ral \u00c9variste Ndayishimiye prend les commandes de l&rsquo;Afrique jusqu&rsquo;en 2027 !<\/p>\n<p><img loading=\"lazy\" decoding=\"async\" class=\"alignnone size-full wp-image-43702\" src=\"https:\/\/reveil-info.net\/wp-content\/uploads\/2026\/02\/1771067820755.jpg\" alt=\"\" width=\"720\" height=\"480\" srcset=\"https:\/\/reveil-info.net\/wp-content\/uploads\/2026\/02\/1771067820755.jpg 720w, https:\/\/reveil-info.net\/wp-content\/uploads\/2026\/02\/1771067820755-300x200.jpg 300w\" sizes=\"auto, (max-width: 720px) 100vw, 720px\" \/><br \/>\nUn tournant historique s&rsquo;est op\u00e9r\u00e9 ce samedi 14 f\u00e9vrier 2026 \u00e0 #Addis_Abeba ! Lors du sommet annuel de l&rsquo;Union Africaine, le pr\u00e9sident du Burundi, le G\u00e9n\u00e9ral \u00c9variste Ndayishimiye (alias \u00ab\u00a0Neva\u00a0\u00bb), a officiellement re\u00e7u le martelet de la pr\u00e9sidence des mains de son homologue angolais. D\u00e9sormais \u00e0 la t\u00eate de l&rsquo;organisation panafricaine pour un mandat d&rsquo;un an, le nouveau pr\u00e9sident a exprim\u00e9 une immense \u00e9motion, pla\u00e7ant son action sous le signe de l&rsquo;humilit\u00e9 et de la foi. \u00ab\u00a0C\u2019est une responsabilit\u00e9 immense\u00a0\u00bb, a-t-il d\u00e9clar\u00e9, jurant de se d\u00e9vouer totalement au service des peuples du continent dans toute leur diversit\u00e9.<br \/>\nPensez-vous que cette pr\u00e9sidence burundaise marquera un tournant pour la paix et l&rsquo;int\u00e9gration en Afrique ?<\/p>\n<p>L&rsquo;arriv\u00e9e du G\u00e9n\u00e9ral Neva \u00e0 la t\u00eate de l&rsquo;Union Africaine intervient dans un contexte de d\u00e9fis majeurs pour le continent. Dans son discours d&rsquo;investiture, il a soulign\u00e9 que \u00ab\u00a0Dieu ne choisit pas les plus forts, mais fortifie ceux qu&rsquo;il a choisis\u00a0\u00bb, affichant une d\u00e9termination claire \u00e0 mener l&rsquo;Afrique vers sa destin\u00e9e d&rsquo;ici f\u00e9vrier 2027. Ce mandat sera scrut\u00e9 de pr\u00e8s par la communaut\u00e9 internationale, alors que le #Burundi s&rsquo;impose de plus en plus sur la sc\u00e8ne diplomatique r\u00e9gionale. Entre enjeux s\u00e9curitaires et souverainet\u00e9 \u00e9conomique, le d\u00e9fi est de taille pour le nouveau patron de l&rsquo;UA.<br \/>\nQuelles devraient \u00eatre les priorit\u00e9s urgentes du Pr\u00e9sident Neva pour cette ann\u00e9e ?<br \/>\nMaliActu<\/p>\n<p>La R\u00e9daction<\/p>\n<p>Reveil-info<\/p>\n","protected":false},"excerpt":{"rendered":"<p>Sommet de l&rsquo;UA : Le G\u00e9n\u00e9ral \u00c9variste Ndayishimiye prend les commandes de l&rsquo;Afrique jusqu&rsquo;en 2027<\/p>\n","protected":false},"author":1,"featured_media":0,"comment_status":"open","ping_status":"open","sticky":false,"template":"","format":"standard","meta":{"footnotes":""},"categories":[2,8],"tags":[],"class_list":["post-43700","post","type-post","status-publish","format-standard","hentry","category-actu","category-international"],"yoast_head":"<!-- This site is optimized with the Yoast SEO plugin v27.5 - https:\/\/yoast.com\/product\/yoast-seo-wordpress\/ -->\n<title>Union Africaine : le pr\u00e9sident du Burundi nouveau pr\u00e9sident - R\u00e9veil Info<\/title>\n<meta name=\"robots\" content=\"noindex, follow, max-snippet:-1, max-image-preview:large, max-video-preview:-1\" \/>\n<meta property=\"og:locale\" content=\"fr_FR\" \/>\n<meta property=\"og:type\" content=\"article\" \/>\n<meta property=\"og:title\" content=\"Union Africaine : le pr\u00e9sident du Burundi nouveau pr\u00e9sident - R\u00e9veil Info\" \/>\n<meta property=\"og:description\" content=\"Sommet de l&rsquo;UA : Le G\u00e9n\u00e9ral \u00c9variste Ndayishimiye prend les commandes de l&rsquo;Afrique jusqu&rsquo;en 2027\" \/>\n<meta property=\"og:url\" content=\"https:\/\/reveil-info.net\/?p=43700\" \/>\n<meta property=\"og:site_name\" content=\"R\u00e9veil Info\" \/>\n<meta property=\"article:published_time\" content=\"2026-02-14T11:19:07+00:00\" \/>\n<meta property=\"og:image\" content=\"https:\/\/reveil-info.net\/wp-content\/uploads\/2026\/02\/1771067820755.jpg\" \/>\n\t<meta property=\"og:image:width\" content=\"720\" \/>\n\t<meta property=\"og:image:height\" content=\"480\" \/>\n\t<meta property=\"og:image:type\" content=\"image\/jpeg\" \/>\n<meta name=\"author\" content=\"R\u00e9veil info\" \/>\n<meta name=\"twitter:card\" content=\"summary_large_image\" \/>\n<meta name=\"twitter:label1\" content=\"\u00c9crit par\" \/>\n\t<meta name=\"twitter:data1\" content=\"R\u00e9veil info\" \/>\n\t<meta name=\"twitter:label2\" content=\"Dur\u00e9e de lecture estim\u00e9e\" \/>\n\t<meta name=\"twitter:data2\" content=\"2 minutes\" \/>\n<script type=\"application\/ld+json\" class=\"yoast-schema-graph\">{\"@context\":\"https:\\\/\\\/schema.org\",\"@graph\":[{\"@type\":\"Article\",\"@id\":\"https:\\\/\\\/reveil-info.net\\\/?p=43700#article\",\"isPartOf\":{\"@id\":\"https:\\\/\\\/reveil-info.net\\\/?p=43700\"},\"author\":{\"name\":\"R\u00e9veil info\",\"@id\":\"https:\\\/\\\/reveil-info.net\\\/#\\\/schema\\\/person\\\/ca0cc8e70088e0a2b5e92556c1ee60f5\"},\"headline\":\"Union Africaine : le pr\u00e9sident du Burundi nouveau pr\u00e9sident\",\"datePublished\":\"2026-02-14T11:19:07+00:00\",\"mainEntityOfPage\":{\"@id\":\"https:\\\/\\\/reveil-info.net\\\/?p=43700\"},\"wordCount\":291,\"commentCount\":0,\"publisher\":{\"@id\":\"https:\\\/\\\/reveil-info.net\\\/#organization\"},\"image\":{\"@id\":\"https:\\\/\\\/reveil-info.net\\\/?p=43700#primaryimage\"},\"thumbnailUrl\":\"https:\\\/\\\/reveil-info.net\\\/wp-content\\\/uploads\\\/2026\\\/02\\\/1771067820755.jpg\",\"articleSection\":[\"Actualit\u00e9\",\"International\"],\"inLanguage\":\"fr-FR\",\"potentialAction\":[{\"@type\":\"CommentAction\",\"name\":\"Comment\",\"target\":[\"https:\\\/\\\/reveil-info.net\\\/?p=43700#respond\"]}]},{\"@type\":\"WebPage\",\"@id\":\"https:\\\/\\\/reveil-info.net\\\/?p=43700\",\"url\":\"https:\\\/\\\/reveil-info.net\\\/?p=43700\",\"name\":\"Union Africaine : le pr\u00e9sident du Burundi nouveau pr\u00e9sident - R\u00e9veil Info\",\"isPartOf\":{\"@id\":\"https:\\\/\\\/reveil-info.net\\\/#website\"},\"primaryImageOfPage\":{\"@id\":\"https:\\\/\\\/reveil-info.net\\\/?p=43700#primaryimage\"},\"image\":{\"@id\":\"https:\\\/\\\/reveil-info.net\\\/?p=43700#primaryimage\"},\"thumbnailUrl\":\"https:\\\/\\\/reveil-info.net\\\/wp-content\\\/uploads\\\/2026\\\/02\\\/1771067820755.jpg\",\"datePublished\":\"2026-02-14T11:19:07+00:00\",\"breadcrumb\":{\"@id\":\"https:\\\/\\\/reveil-info.net\\\/?p=43700#breadcrumb\"},\"inLanguage\":\"fr-FR\",\"potentialAction\":[{\"@type\":\"ReadAction\",\"target\":[\"https:\\\/\\\/reveil-info.net\\\/?p=43700\"]}]},{\"@type\":\"ImageObject\",\"inLanguage\":\"fr-FR\",\"@id\":\"https:\\\/\\\/reveil-info.net\\\/?p=43700#primaryimage\",\"url\":\"https:\\\/\\\/reveil-info.net\\\/wp-content\\\/uploads\\\/2026\\\/02\\\/1771067820755.jpg\",\"contentUrl\":\"https:\\\/\\\/reveil-info.net\\\/wp-content\\\/uploads\\\/2026\\\/02\\\/1771067820755.jpg\",\"width\":720,\"height\":480},{\"@type\":\"BreadcrumbList\",\"@id\":\"https:\\\/\\\/reveil-info.net\\\/?p=43700#breadcrumb\",\"itemListElement\":[{\"@type\":\"ListItem\",\"position\":1,\"name\":\"Home\",\"item\":\"https:\\\/\\\/reveil-info.net\\\/\"},{\"@type\":\"ListItem\",\"position\":2,\"name\":\"Union Africaine : le pr\u00e9sident du Burundi nouveau pr\u00e9sident\"}]},{\"@type\":\"WebSite\",\"@id\":\"https:\\\/\\\/reveil-info.net\\\/#website\",\"url\":\"https:\\\/\\\/reveil-info.net\\\/\",\"name\":\"R\u00e9veil Info\",\"description\":\"Le devoir d&#039;informer!\",\"publisher\":{\"@id\":\"https:\\\/\\\/reveil-info.net\\\/#organization\"},\"potentialAction\":[{\"@type\":\"SearchAction\",\"target\":{\"@type\":\"EntryPoint\",\"urlTemplate\":\"https:\\\/\\\/reveil-info.net\\\/?s={search_term_string}\"},\"query-input\":{\"@type\":\"PropertyValueSpecification\",\"valueRequired\":true,\"valueName\":\"search_term_string\"}}],\"inLanguage\":\"fr-FR\"},{\"@type\":\"Organization\",\"@id\":\"https:\\\/\\\/reveil-info.net\\\/#organization\",\"name\":\"R\u00e9veil Info\",\"url\":\"https:\\\/\\\/reveil-info.net\\\/\",\"logo\":{\"@type\":\"ImageObject\",\"inLanguage\":\"fr-FR\",\"@id\":\"https:\\\/\\\/reveil-info.net\\\/#\\\/schema\\\/logo\\\/image\\\/\",\"url\":\"https:\\\/\\\/reveil-info.net\\\/wp-content\\\/uploads\\\/2024\\\/07\\\/bnddd1.jpg\",\"contentUrl\":\"https:\\\/\\\/reveil-info.net\\\/wp-content\\\/uploads\\\/2024\\\/07\\\/bnddd1.jpg\",\"width\":903,\"height\":125,\"caption\":\"R\u00e9veil Info\"},\"image\":{\"@id\":\"https:\\\/\\\/reveil-info.net\\\/#\\\/schema\\\/logo\\\/image\\\/\"}},{\"@type\":\"Person\",\"@id\":\"https:\\\/\\\/reveil-info.net\\\/#\\\/schema\\\/person\\\/ca0cc8e70088e0a2b5e92556c1ee60f5\",\"name\":\"R\u00e9veil info\",\"image\":{\"@type\":\"ImageObject\",\"inLanguage\":\"fr-FR\",\"@id\":\"https:\\\/\\\/secure.gravatar.com\\\/avatar\\\/e4ad5bb743c8b6cb174d9df6c7d30a8a16f6889731241345fc6444e6485f02af?s=96&d=mm&r=g\",\"url\":\"https:\\\/\\\/secure.gravatar.com\\\/avatar\\\/e4ad5bb743c8b6cb174d9df6c7d30a8a16f6889731241345fc6444e6485f02af?s=96&d=mm&r=g\",\"contentUrl\":\"https:\\\/\\\/secure.gravatar.com\\\/avatar\\\/e4ad5bb743c8b6cb174d9df6c7d30a8a16f6889731241345fc6444e6485f02af?s=96&d=mm&r=g\",\"caption\":\"R\u00e9veil info\"},\"sameAs\":[\"https:\\\/\\\/reveil-info.net\"],\"url\":\"https:\\\/\\\/reveil-info.net\\\/?author=1\"}]}<\/script>\n<!-- \/ Yoast SEO plugin. -->","yoast_head_json":{"title":"Union Africaine : le pr\u00e9sident du Burundi nouveau pr\u00e9sident - R\u00e9veil Info","robots":{"index":"noindex","follow":"follow","max-snippet":"max-snippet:-1","max-image-preview":"max-image-preview:large","max-video-preview":"max-video-preview:-1"},"og_locale":"fr_FR","og_type":"article","og_title":"Union Africaine : le pr\u00e9sident du Burundi nouveau pr\u00e9sident - R\u00e9veil Info","og_description":"Sommet de l&rsquo;UA : Le G\u00e9n\u00e9ral \u00c9variste Ndayishimiye prend les commandes de l&rsquo;Afrique jusqu&rsquo;en 2027","og_url":"https:\/\/reveil-info.net\/?p=43700","og_site_name":"R\u00e9veil Info","article_published_time":"2026-02-14T11:19:07+00:00","og_image":[{"width":720,"height":480,"url":"https:\/\/reveil-info.net\/wp-content\/uploads\/2026\/02\/1771067820755.jpg","type":"image\/jpeg"}],"author":"R\u00e9veil info","twitter_card":"summary_large_image","twitter_misc":{"\u00c9crit par":"R\u00e9veil info","Dur\u00e9e de lecture estim\u00e9e":"2 minutes"},"schema":{"@context":"https:\/\/schema.org","@graph":[{"@type":"Article","@id":"https:\/\/reveil-info.net\/?p=43700#article","isPartOf":{"@id":"https:\/\/reveil-info.net\/?p=43700"},"author":{"name":"R\u00e9veil info","@id":"https:\/\/reveil-info.net\/#\/schema\/person\/ca0cc8e70088e0a2b5e92556c1ee60f5"},"headline":"Union Africaine : le pr\u00e9sident du Burundi nouveau pr\u00e9sident","datePublished":"2026-02-14T11:19:07+00:00","mainEntityOfPage":{"@id":"https:\/\/reveil-info.net\/?p=43700"},"wordCount":291,"commentCount":0,"publisher":{"@id":"https:\/\/reveil-info.net\/#organization"},"image":{"@id":"https:\/\/reveil-info.net\/?p=43700#primaryimage"},"thumbnailUrl":"https:\/\/reveil-info.net\/wp-content\/uploads\/2026\/02\/1771067820755.jpg","articleSection":["Actualit\u00e9","International"],"inLanguage":"fr-FR","potentialAction":[{"@type":"CommentAction","name":"Comment","target":["https:\/\/reveil-info.net\/?p=43700#respond"]}]},{"@type":"WebPage","@id":"https:\/\/reveil-info.net\/?p=43700","url":"https:\/\/reveil-info.net\/?p=43700","name":"Union Africaine : le pr\u00e9sident du Burundi nouveau pr\u00e9sident - R\u00e9veil Info","isPartOf":{"@id":"https:\/\/reveil-info.net\/#website"},"primaryImageOfPage":{"@id":"https:\/\/reveil-info.net\/?p=43700#primaryimage"},"image":{"@id":"https:\/\/reveil-info.net\/?p=43700#primaryimage"},"thumbnailUrl":"https:\/\/reveil-info.net\/wp-content\/uploads\/2026\/02\/1771067820755.jpg","datePublished":"2026-02-14T11:19:07+00:00","breadcrumb":{"@id":"https:\/\/reveil-info.net\/?p=43700#breadcrumb"},"inLanguage":"fr-FR","potentialAction":[{"@type":"ReadAction","target":["https:\/\/reveil-info.net\/?p=43700"]}]},{"@type":"ImageObject","inLanguage":"fr-FR","@id":"https:\/\/reveil-info.net\/?p=43700#primaryimage","url":"https:\/\/reveil-info.net\/wp-content\/uploads\/2026\/02\/1771067820755.jpg","contentUrl":"https:\/\/reveil-info.net\/wp-content\/uploads\/2026\/02\/1771067820755.jpg","width":720,"height":480},{"@type":"BreadcrumbList","@id":"https:\/\/reveil-info.net\/?p=43700#breadcrumb","itemListElement":[{"@type":"ListItem","position":1,"name":"Home","item":"https:\/\/reveil-info.net\/"},{"@type":"ListItem","position":2,"name":"Union Africaine : le pr\u00e9sident du Burundi nouveau pr\u00e9sident"}]},{"@type":"WebSite","@id":"https:\/\/reveil-info.net\/#website","url":"https:\/\/reveil-info.net\/","name":"R\u00e9veil Info","description":"Le devoir d&#039;informer!","publisher":{"@id":"https:\/\/reveil-info.net\/#organization"},"potentialAction":[{"@type":"SearchAction","target":{"@type":"EntryPoint","urlTemplate":"https:\/\/reveil-info.net\/?s={search_term_string}"},"query-input":{"@type":"PropertyValueSpecification","valueRequired":true,"valueName":"search_term_string"}}],"inLanguage":"fr-FR"},{"@type":"Organization","@id":"https:\/\/reveil-info.net\/#organization","name":"R\u00e9veil Info","url":"https:\/\/reveil-info.net\/","logo":{"@type":"ImageObject","inLanguage":"fr-FR","@id":"https:\/\/reveil-info.net\/#\/schema\/logo\/image\/","url":"https:\/\/reveil-info.net\/wp-content\/uploads\/2024\/07\/bnddd1.jpg","contentUrl":"https:\/\/reveil-info.net\/wp-content\/uploads\/2024\/07\/bnddd1.jpg","width":903,"height":125,"caption":"R\u00e9veil Info"},"image":{"@id":"https:\/\/reveil-info.net\/#\/schema\/logo\/image\/"}},{"@type":"Person","@id":"https:\/\/reveil-info.net\/#\/schema\/person\/ca0cc8e70088e0a2b5e92556c1ee60f5","name":"R\u00e9veil info","image":{"@type":"ImageObject","inLanguage":"fr-FR","@id":"https:\/\/secure.gravatar.com\/avatar\/e4ad5bb743c8b6cb174d9df6c7d30a8a16f6889731241345fc6444e6485f02af?s=96&d=mm&r=g","url":"https:\/\/secure.gravatar.com\/avatar\/e4ad5bb743c8b6cb174d9df6c7d30a8a16f6889731241345fc6444e6485f02af?s=96&d=mm&r=g","contentUrl":"https:\/\/secure.gravatar.com\/avatar\/e4ad5bb743c8b6cb174d9df6c7d30a8a16f6889731241345fc6444e6485f02af?s=96&d=mm&r=g","caption":"R\u00e9veil info"},"sameAs":["https:\/\/reveil-info.net"],"url":"https:\/\/reveil-info.net\/?author=1"}]}},"jetpack_featured_media_url":"","featured_image_urls":{"full":"","thumbnail":"","medium":"","medium_large":"","large":"","1536x1536":"","2048x2048":"","chromenews-featured":"","chromenews-large":"","chromenews-medium":""},"author_info":{"display_name":"R\u00e9veil info","author_link":"https:\/\/reveil-info.net\/?author=1"},"category_info":"<a href=\"https:\/\/reveil-info.net\/?cat=2\" rel=\"category\">Actualit\u00e9<\/a> <a href=\"https:\/\/reveil-info.net\/?cat=8\" rel=\"category\">International<\/a>","tag_info":"International","comment_count":"0","_links":{"self":[{"href":"https:\/\/reveil-info.net\/index.php?rest_route=\/wp\/v2\/posts\/43700","targetHints":{"allow":["GET"]}}],"collection":[{"href":"https:\/\/reveil-info.net\/index.php?rest_route=\/wp\/v2\/posts"}],"about":[{"href":"https:\/\/reveil-info.net\/index.php?rest_route=\/wp\/v2\/types\/post"}],"author":[{"embeddable":true,"href":"https:\/\/reveil-info.net\/index.php?rest_route=\/wp\/v2\/users\/1"}],"replies":[{"embeddable":true,"href":"https:\/\/reveil-info.net\/index.php?rest_route=%2Fwp%2Fv2%2Fcomments&post=43700"}],"version-history":[{"count":2,"href":"https:\/\/reveil-info.net\/index.php?rest_route=\/wp\/v2\/posts\/43700\/revisions"}],"predecessor-version":[{"id":43703,"href":"https:\/\/reveil-info.net\/index.php?rest_route=\/wp\/v2\/posts\/43700\/revisions\/43703"}],"wp:attachment":[{"href":"https:\/\/reveil-info.net\/index.php?rest_route=%2Fwp%2Fv2%2Fmedia&parent=43700"}],"wp:term":[{"taxonomy":"category","embeddable":true,"href":"https:\/\/reveil-info.net\/index.php?rest_route=%2Fwp%2Fv2%2Fcategories&post=43700"},{"taxonomy":"post_tag","embeddable":true,"href":"https:\/\/reveil-info.net\/index.php?rest_route=%2Fwp%2Fv2%2Ftags&post=43700"}],"curies":[{"name":"wp","href":"https:\/\/api.w.org\/{rel}","templated":true}]}}