{"id":4232,"date":"2024-07-31T11:44:03","date_gmt":"2024-07-31T11:44:03","guid":{"rendered":"https:\/\/reveil-info.net\/?p=4232"},"modified":"2024-07-31T11:44:03","modified_gmt":"2024-07-31T11:44:03","slug":"bon-a-savoir-la-pension-dinvalidite","status":"publish","type":"post","link":"https:\/\/reveil-info.net\/?p=4232","title":{"rendered":"Bon \u00e0 Savoir :  La pension d\u2019invalidit\u00e9"},"content":{"rendered":"<p style=\"text-align: justify;\">Est consid\u00e9r\u00e9 comme invalide, l\u2019assur\u00e9 qui, par suite de maladie ou d\u2019accident d\u2019origine non professionnelle, a subi une diminution permanente de ses capacit\u00e9s physiques ou mentales, d\u00fbment certifi\u00e9e par un m\u00e9decin d\u00e9sign\u00e9 ou agr\u00e9\u00e9 par l\u2019\u00e9tablissement public de pr\u00e9voyance sociale charg\u00e9 de g\u00e9rer le r\u00e9gime institu\u00e9 par la pr\u00e9sente loi, le rendant incapable de gagner plus d\u2019un tiers de la r\u00e9mun\u00e9ration qu\u2019un travailleur ayant la m\u00eame qualification ou la m\u00eame formation peut se procurer par son travail. La pension d\u2019invalidit\u00e9 prend effet, soit \u00e0 la demande de la consolidation de la l\u00e9sion ou de la stabilit\u00e9 de l\u2019\u00e9tat de l\u2019assur\u00e9, soit \u00e0 l\u2019expiration d\u2019une p\u00e9riode de six mois cons\u00e9cutifs d\u2019incapacit\u00e9 si, d\u2019apr\u00e8s l\u2019avis du m\u00e9decin d\u00e9sign\u00e9 ou agr\u00e9\u00e9 par l\u2019\u00e9tablissement public de pr\u00e9voyance sociale, l\u2019incapacit\u00e9 devrait durer probablement encore six autres mois au moins. La pension d\u2019invalidit\u00e9 est toujours consid\u00e9r\u00e9e \u00e0 titre temporaire et l\u2019\u00e9tablissement public de pr\u00e9voyance sociale charg\u00e9 de g\u00e9rer le r\u00e9gime institu\u00e9 par la pr\u00e9sente loi est admis \u00e0 prescrire de nouveaux examens \u00e0 l\u2019assur\u00e9, en vue de d\u00e9terminer son degr\u00e9 d\u2019incapacit\u00e9. La pension d\u2019invalidit\u00e9 est remplac\u00e9e par une pension de vieillesse de m\u00eame montant, lorsque le b\u00e9n\u00e9ficiaire atteint l\u2019\u00e2ge de d\u00e9part \u00e0 la retraite.<\/p>\n<p style=\"text-align: justify;\">Source : loi n\u00b0004-2021\/AN du 06 avril 2021 portant r\u00e9gime de s\u00e9curit\u00e9 sociale applicable aux travailleurs salari\u00e9s et assimil\u00e9s au Burkina Faso<\/p>\n<p style=\"text-align: justify;\"><strong>DCRP\/MFPTPS<\/strong><\/p>\n<p style=\"text-align: justify;\">\n","protected":false},"excerpt":{"rendered":"<p>Est consid\u00e9r\u00e9 comme invalide, l\u2019assur\u00e9 qui, par suite de maladie ou d\u2019accident d\u2019origine non professionnelle,<\/p>\n","protected":false},"author":1,"featured_media":4236,"comment_status":"open","ping_status":"open","sticky":false,"template":"","format":"standard","meta":{"footnotes":""},"categories":[16],"tags":[],"class_list":["post-4232","post","type-post","status-publish","format-standard","has-post-thumbnail","hentry","category-societe"],"yoast_head":"<!-- This site is optimized with the Yoast SEO plugin v27.5 - https:\/\/yoast.com\/product\/yoast-seo-wordpress\/ -->\n<title>Bon \u00e0 Savoir : La pension d\u2019invalidit\u00e9 - R\u00e9veil Info<\/title>\n<meta name=\"robots\" content=\"noindex, follow, max-snippet:-1, max-image-preview:large, max-video-preview:-1\" \/>\n<meta property=\"og:locale\" content=\"fr_FR\" \/>\n<meta property=\"og:type\" content=\"article\" \/>\n<meta property=\"og:title\" content=\"Bon \u00e0 Savoir : La pension d\u2019invalidit\u00e9 - R\u00e9veil Info\" \/>\n<meta property=\"og:description\" content=\"Est consid\u00e9r\u00e9 comme invalide, l\u2019assur\u00e9 qui, par suite de maladie ou d\u2019accident d\u2019origine non professionnelle,\" \/>\n<meta property=\"og:url\" content=\"https:\/\/reveil-info.net\/?p=4232\" \/>\n<meta property=\"og:site_name\" content=\"R\u00e9veil Info\" \/>\n<meta property=\"article:published_time\" content=\"2024-07-31T11:44:03+00:00\" \/>\n<meta property=\"og:image\" content=\"https:\/\/reveil-info.net\/wp-content\/uploads\/2024\/07\/1.jpeg\" \/>\n\t<meta property=\"og:image:width\" content=\"720\" \/>\n\t<meta property=\"og:image:height\" content=\"762\" \/>\n\t<meta property=\"og:image:type\" content=\"image\/jpeg\" \/>\n<meta name=\"author\" content=\"R\u00e9veil info\" \/>\n<meta name=\"twitter:card\" content=\"summary_large_image\" \/>\n<meta name=\"twitter:label1\" content=\"\u00c9crit par\" \/>\n\t<meta name=\"twitter:data1\" content=\"R\u00e9veil info\" \/>\n\t<meta name=\"twitter:label2\" content=\"Dur\u00e9e de lecture estim\u00e9e\" \/>\n\t<meta name=\"twitter:data2\" content=\"2 minutes\" \/>\n<script type=\"application\/ld+json\" class=\"yoast-schema-graph\">{\"@context\":\"https:\\\/\\\/schema.org\",\"@graph\":[{\"@type\":\"Article\",\"@id\":\"https:\\\/\\\/reveil-info.net\\\/?p=4232#article\",\"isPartOf\":{\"@id\":\"https:\\\/\\\/reveil-info.net\\\/?p=4232\"},\"author\":{\"name\":\"R\u00e9veil info\",\"@id\":\"https:\\\/\\\/reveil-info.net\\\/#\\\/schema\\\/person\\\/ca0cc8e70088e0a2b5e92556c1ee60f5\"},\"headline\":\"Bon \u00e0 Savoir : La pension d\u2019invalidit\u00e9\",\"datePublished\":\"2024-07-31T11:44:03+00:00\",\"mainEntityOfPage\":{\"@id\":\"https:\\\/\\\/reveil-info.net\\\/?p=4232\"},\"wordCount\":280,\"commentCount\":0,\"publisher\":{\"@id\":\"https:\\\/\\\/reveil-info.net\\\/#organization\"},\"image\":{\"@id\":\"https:\\\/\\\/reveil-info.net\\\/?p=4232#primaryimage\"},\"thumbnailUrl\":\"https:\\\/\\\/reveil-info.net\\\/wp-content\\\/uploads\\\/2024\\\/07\\\/1.jpeg\",\"articleSection\":[\"Soci\u00e9t\u00e9\"],\"inLanguage\":\"fr-FR\",\"potentialAction\":[{\"@type\":\"CommentAction\",\"name\":\"Comment\",\"target\":[\"https:\\\/\\\/reveil-info.net\\\/?p=4232#respond\"]}]},{\"@type\":\"WebPage\",\"@id\":\"https:\\\/\\\/reveil-info.net\\\/?p=4232\",\"url\":\"https:\\\/\\\/reveil-info.net\\\/?p=4232\",\"name\":\"Bon \u00e0 Savoir : La pension d\u2019invalidit\u00e9 - R\u00e9veil Info\",\"isPartOf\":{\"@id\":\"https:\\\/\\\/reveil-info.net\\\/#website\"},\"primaryImageOfPage\":{\"@id\":\"https:\\\/\\\/reveil-info.net\\\/?p=4232#primaryimage\"},\"image\":{\"@id\":\"https:\\\/\\\/reveil-info.net\\\/?p=4232#primaryimage\"},\"thumbnailUrl\":\"https:\\\/\\\/reveil-info.net\\\/wp-content\\\/uploads\\\/2024\\\/07\\\/1.jpeg\",\"datePublished\":\"2024-07-31T11:44:03+00:00\",\"breadcrumb\":{\"@id\":\"https:\\\/\\\/reveil-info.net\\\/?p=4232#breadcrumb\"},\"inLanguage\":\"fr-FR\",\"potentialAction\":[{\"@type\":\"ReadAction\",\"target\":[\"https:\\\/\\\/reveil-info.net\\\/?p=4232\"]}]},{\"@type\":\"ImageObject\",\"inLanguage\":\"fr-FR\",\"@id\":\"https:\\\/\\\/reveil-info.net\\\/?p=4232#primaryimage\",\"url\":\"https:\\\/\\\/reveil-info.net\\\/wp-content\\\/uploads\\\/2024\\\/07\\\/1.jpeg\",\"contentUrl\":\"https:\\\/\\\/reveil-info.net\\\/wp-content\\\/uploads\\\/2024\\\/07\\\/1.jpeg\",\"width\":720,\"height\":762},{\"@type\":\"BreadcrumbList\",\"@id\":\"https:\\\/\\\/reveil-info.net\\\/?p=4232#breadcrumb\",\"itemListElement\":[{\"@type\":\"ListItem\",\"position\":1,\"name\":\"Home\",\"item\":\"https:\\\/\\\/reveil-info.net\\\/\"},{\"@type\":\"ListItem\",\"position\":2,\"name\":\"Bon \u00e0 Savoir : La pension d\u2019invalidit\u00e9\"}]},{\"@type\":\"WebSite\",\"@id\":\"https:\\\/\\\/reveil-info.net\\\/#website\",\"url\":\"https:\\\/\\\/reveil-info.net\\\/\",\"name\":\"R\u00e9veil Info\",\"description\":\"Le devoir d&#039;informer!\",\"publisher\":{\"@id\":\"https:\\\/\\\/reveil-info.net\\\/#organization\"},\"potentialAction\":[{\"@type\":\"SearchAction\",\"target\":{\"@type\":\"EntryPoint\",\"urlTemplate\":\"https:\\\/\\\/reveil-info.net\\\/?s={search_term_string}\"},\"query-input\":{\"@type\":\"PropertyValueSpecification\",\"valueRequired\":true,\"valueName\":\"search_term_string\"}}],\"inLanguage\":\"fr-FR\"},{\"@type\":\"Organization\",\"@id\":\"https:\\\/\\\/reveil-info.net\\\/#organization\",\"name\":\"R\u00e9veil Info\",\"url\":\"https:\\\/\\\/reveil-info.net\\\/\",\"logo\":{\"@type\":\"ImageObject\",\"inLanguage\":\"fr-FR\",\"@id\":\"https:\\\/\\\/reveil-info.net\\\/#\\\/schema\\\/logo\\\/image\\\/\",\"url\":\"https:\\\/\\\/reveil-info.net\\\/wp-content\\\/uploads\\\/2024\\\/07\\\/bnddd1.jpg\",\"contentUrl\":\"https:\\\/\\\/reveil-info.net\\\/wp-content\\\/uploads\\\/2024\\\/07\\\/bnddd1.jpg\",\"width\":903,\"height\":125,\"caption\":\"R\u00e9veil Info\"},\"image\":{\"@id\":\"https:\\\/\\\/reveil-info.net\\\/#\\\/schema\\\/logo\\\/image\\\/\"}},{\"@type\":\"Person\",\"@id\":\"https:\\\/\\\/reveil-info.net\\\/#\\\/schema\\\/person\\\/ca0cc8e70088e0a2b5e92556c1ee60f5\",\"name\":\"R\u00e9veil info\",\"image\":{\"@type\":\"ImageObject\",\"inLanguage\":\"fr-FR\",\"@id\":\"https:\\\/\\\/secure.gravatar.com\\\/avatar\\\/e4ad5bb743c8b6cb174d9df6c7d30a8a16f6889731241345fc6444e6485f02af?s=96&d=mm&r=g\",\"url\":\"https:\\\/\\\/secure.gravatar.com\\\/avatar\\\/e4ad5bb743c8b6cb174d9df6c7d30a8a16f6889731241345fc6444e6485f02af?s=96&d=mm&r=g\",\"contentUrl\":\"https:\\\/\\\/secure.gravatar.com\\\/avatar\\\/e4ad5bb743c8b6cb174d9df6c7d30a8a16f6889731241345fc6444e6485f02af?s=96&d=mm&r=g\",\"caption\":\"R\u00e9veil info\"},\"sameAs\":[\"https:\\\/\\\/reveil-info.net\"],\"url\":\"https:\\\/\\\/reveil-info.net\\\/?author=1\"}]}<\/script>\n<!-- \/ Yoast SEO plugin. -->","yoast_head_json":{"title":"Bon \u00e0 Savoir : La pension d\u2019invalidit\u00e9 - R\u00e9veil Info","robots":{"index":"noindex","follow":"follow","max-snippet":"max-snippet:-1","max-image-preview":"max-image-preview:large","max-video-preview":"max-video-preview:-1"},"og_locale":"fr_FR","og_type":"article","og_title":"Bon \u00e0 Savoir : La pension d\u2019invalidit\u00e9 - R\u00e9veil Info","og_description":"Est consid\u00e9r\u00e9 comme invalide, l\u2019assur\u00e9 qui, par suite de maladie ou d\u2019accident d\u2019origine non professionnelle,","og_url":"https:\/\/reveil-info.net\/?p=4232","og_site_name":"R\u00e9veil Info","article_published_time":"2024-07-31T11:44:03+00:00","og_image":[{"width":720,"height":762,"url":"https:\/\/reveil-info.net\/wp-content\/uploads\/2024\/07\/1.jpeg","type":"image\/jpeg"}],"author":"R\u00e9veil info","twitter_card":"summary_large_image","twitter_misc":{"\u00c9crit par":"R\u00e9veil info","Dur\u00e9e de lecture estim\u00e9e":"2 minutes"},"schema":{"@context":"https:\/\/schema.org","@graph":[{"@type":"Article","@id":"https:\/\/reveil-info.net\/?p=4232#article","isPartOf":{"@id":"https:\/\/reveil-info.net\/?p=4232"},"author":{"name":"R\u00e9veil info","@id":"https:\/\/reveil-info.net\/#\/schema\/person\/ca0cc8e70088e0a2b5e92556c1ee60f5"},"headline":"Bon \u00e0 Savoir : La pension d\u2019invalidit\u00e9","datePublished":"2024-07-31T11:44:03+00:00","mainEntityOfPage":{"@id":"https:\/\/reveil-info.net\/?p=4232"},"wordCount":280,"commentCount":0,"publisher":{"@id":"https:\/\/reveil-info.net\/#organization"},"image":{"@id":"https:\/\/reveil-info.net\/?p=4232#primaryimage"},"thumbnailUrl":"https:\/\/reveil-info.net\/wp-content\/uploads\/2024\/07\/1.jpeg","articleSection":["Soci\u00e9t\u00e9"],"inLanguage":"fr-FR","potentialAction":[{"@type":"CommentAction","name":"Comment","target":["https:\/\/reveil-info.net\/?p=4232#respond"]}]},{"@type":"WebPage","@id":"https:\/\/reveil-info.net\/?p=4232","url":"https:\/\/reveil-info.net\/?p=4232","name":"Bon \u00e0 Savoir : La pension d\u2019invalidit\u00e9 - R\u00e9veil Info","isPartOf":{"@id":"https:\/\/reveil-info.net\/#website"},"primaryImageOfPage":{"@id":"https:\/\/reveil-info.net\/?p=4232#primaryimage"},"image":{"@id":"https:\/\/reveil-info.net\/?p=4232#primaryimage"},"thumbnailUrl":"https:\/\/reveil-info.net\/wp-content\/uploads\/2024\/07\/1.jpeg","datePublished":"2024-07-31T11:44:03+00:00","breadcrumb":{"@id":"https:\/\/reveil-info.net\/?p=4232#breadcrumb"},"inLanguage":"fr-FR","potentialAction":[{"@type":"ReadAction","target":["https:\/\/reveil-info.net\/?p=4232"]}]},{"@type":"ImageObject","inLanguage":"fr-FR","@id":"https:\/\/reveil-info.net\/?p=4232#primaryimage","url":"https:\/\/reveil-info.net\/wp-content\/uploads\/2024\/07\/1.jpeg","contentUrl":"https:\/\/reveil-info.net\/wp-content\/uploads\/2024\/07\/1.jpeg","width":720,"height":762},{"@type":"BreadcrumbList","@id":"https:\/\/reveil-info.net\/?p=4232#breadcrumb","itemListElement":[{"@type":"ListItem","position":1,"name":"Home","item":"https:\/\/reveil-info.net\/"},{"@type":"ListItem","position":2,"name":"Bon \u00e0 Savoir : La pension d\u2019invalidit\u00e9"}]},{"@type":"WebSite","@id":"https:\/\/reveil-info.net\/#website","url":"https:\/\/reveil-info.net\/","name":"R\u00e9veil Info","description":"Le devoir d&#039;informer!","publisher":{"@id":"https:\/\/reveil-info.net\/#organization"},"potentialAction":[{"@type":"SearchAction","target":{"@type":"EntryPoint","urlTemplate":"https:\/\/reveil-info.net\/?s={search_term_string}"},"query-input":{"@type":"PropertyValueSpecification","valueRequired":true,"valueName":"search_term_string"}}],"inLanguage":"fr-FR"},{"@type":"Organization","@id":"https:\/\/reveil-info.net\/#organization","name":"R\u00e9veil Info","url":"https:\/\/reveil-info.net\/","logo":{"@type":"ImageObject","inLanguage":"fr-FR","@id":"https:\/\/reveil-info.net\/#\/schema\/logo\/image\/","url":"https:\/\/reveil-info.net\/wp-content\/uploads\/2024\/07\/bnddd1.jpg","contentUrl":"https:\/\/reveil-info.net\/wp-content\/uploads\/2024\/07\/bnddd1.jpg","width":903,"height":125,"caption":"R\u00e9veil Info"},"image":{"@id":"https:\/\/reveil-info.net\/#\/schema\/logo\/image\/"}},{"@type":"Person","@id":"https:\/\/reveil-info.net\/#\/schema\/person\/ca0cc8e70088e0a2b5e92556c1ee60f5","name":"R\u00e9veil info","image":{"@type":"ImageObject","inLanguage":"fr-FR","@id":"https:\/\/secure.gravatar.com\/avatar\/e4ad5bb743c8b6cb174d9df6c7d30a8a16f6889731241345fc6444e6485f02af?s=96&d=mm&r=g","url":"https:\/\/secure.gravatar.com\/avatar\/e4ad5bb743c8b6cb174d9df6c7d30a8a16f6889731241345fc6444e6485f02af?s=96&d=mm&r=g","contentUrl":"https:\/\/secure.gravatar.com\/avatar\/e4ad5bb743c8b6cb174d9df6c7d30a8a16f6889731241345fc6444e6485f02af?s=96&d=mm&r=g","caption":"R\u00e9veil info"},"sameAs":["https:\/\/reveil-info.net"],"url":"https:\/\/reveil-info.net\/?author=1"}]}},"jetpack_featured_media_url":"https:\/\/reveil-info.net\/wp-content\/uploads\/2024\/07\/1.jpeg","featured_image_urls":{"full":["https:\/\/reveil-info.net\/wp-content\/uploads\/2024\/07\/1.jpeg",720,762,false],"thumbnail":["https:\/\/reveil-info.net\/wp-content\/uploads\/2024\/07\/1-150x150.jpeg",150,150,true],"medium":["https:\/\/reveil-info.net\/wp-content\/uploads\/2024\/07\/1-283x300.jpeg",283,300,true],"medium_large":["https:\/\/reveil-info.net\/wp-content\/uploads\/2024\/07\/1.jpeg",640,677,false],"large":["https:\/\/reveil-info.net\/wp-content\/uploads\/2024\/07\/1.jpeg",640,677,false],"1536x1536":["https:\/\/reveil-info.net\/wp-content\/uploads\/2024\/07\/1.jpeg",720,762,false],"2048x2048":["https:\/\/reveil-info.net\/wp-content\/uploads\/2024\/07\/1.jpeg",720,762,false],"chromenews-featured":["https:\/\/reveil-info.net\/wp-content\/uploads\/2024\/07\/1.jpeg",720,762,false],"chromenews-large":["https:\/\/reveil-info.net\/wp-content\/uploads\/2024\/07\/1-720x575.jpeg",720,575,true],"chromenews-medium":["https:\/\/reveil-info.net\/wp-content\/uploads\/2024\/07\/1-590x410.jpeg",590,410,true]},"author_info":{"display_name":"R\u00e9veil info","author_link":"https:\/\/reveil-info.net\/?author=1"},"category_info":"<a href=\"https:\/\/reveil-info.net\/?cat=16\" rel=\"category\">Soci\u00e9t\u00e9<\/a>","tag_info":"Soci\u00e9t\u00e9","comment_count":"0","_links":{"self":[{"href":"https:\/\/reveil-info.net\/index.php?rest_route=\/wp\/v2\/posts\/4232","targetHints":{"allow":["GET"]}}],"collection":[{"href":"https:\/\/reveil-info.net\/index.php?rest_route=\/wp\/v2\/posts"}],"about":[{"href":"https:\/\/reveil-info.net\/index.php?rest_route=\/wp\/v2\/types\/post"}],"author":[{"embeddable":true,"href":"https:\/\/reveil-info.net\/index.php?rest_route=\/wp\/v2\/users\/1"}],"replies":[{"embeddable":true,"href":"https:\/\/reveil-info.net\/index.php?rest_route=%2Fwp%2Fv2%2Fcomments&post=4232"}],"version-history":[{"count":4,"href":"https:\/\/reveil-info.net\/index.php?rest_route=\/wp\/v2\/posts\/4232\/revisions"}],"predecessor-version":[{"id":4237,"href":"https:\/\/reveil-info.net\/index.php?rest_route=\/wp\/v2\/posts\/4232\/revisions\/4237"}],"wp:featuredmedia":[{"embeddable":true,"href":"https:\/\/reveil-info.net\/index.php?rest_route=\/wp\/v2\/media\/4236"}],"wp:attachment":[{"href":"https:\/\/reveil-info.net\/index.php?rest_route=%2Fwp%2Fv2%2Fmedia&parent=4232"}],"wp:term":[{"taxonomy":"category","embeddable":true,"href":"https:\/\/reveil-info.net\/index.php?rest_route=%2Fwp%2Fv2%2Fcategories&post=4232"},{"taxonomy":"post_tag","embeddable":true,"href":"https:\/\/reveil-info.net\/index.php?rest_route=%2Fwp%2Fv2%2Ftags&post=4232"}],"curies":[{"name":"wp","href":"https:\/\/api.w.org\/{rel}","templated":true}]}}