{"id":41538,"date":"2026-01-25T13:55:13","date_gmt":"2026-01-25T13:55:13","guid":{"rendered":"https:\/\/reveil-info.net\/?p=41538"},"modified":"2026-01-25T13:55:13","modified_gmt":"2026-01-25T13:55:13","slug":"retour-sur-le-passe-qui-etait-jonas-savimbi","status":"publish","type":"post","link":"https:\/\/reveil-info.net\/?p=41538","title":{"rendered":"Retour sur le pass\u00e9 : qui \u00e9tait Jonas Savimbi ?"},"content":{"rendered":"<p>Voici JONAS SAVIMBI, le gu\u00e9rillero Angolais. L\u2019homme qui a \u00e9t\u00e9 \u00e0 la base de l\u2019instabilit\u00e9 politique en Angola durant pr\u00e8s de 3 d\u00e9cennies. Suivez sa petite histoire:<\/p>\n<p><img loading=\"lazy\" decoding=\"async\" class=\"alignnone size-full wp-image-41540\" src=\"https:\/\/reveil-info.net\/wp-content\/uploads\/2026\/01\/1769349140030.jpg\" alt=\"\" width=\"300\" height=\"300\" srcset=\"https:\/\/reveil-info.net\/wp-content\/uploads\/2026\/01\/1769349140030.jpg 300w, https:\/\/reveil-info.net\/wp-content\/uploads\/2026\/01\/1769349140030-150x150.jpg 150w\" sizes=\"auto, (max-width: 300px) 100vw, 300px\" \/><\/p>\n<p>Il est n\u00e9 le 3 Ao\u00fbt 1934 en Angola. Son p\u00e8re \u00e9tait un Pasteur des communaut\u00e9s IECA. Il a fait ses \u00e9tudes primaires dans les \u00e9coles de IECA. Ensuite il a fait les \u00e9tudes secondaires dans une \u00e9cole catholique \u00e0 Huambo, car seul le dipl\u00f4me des \u00e9coles catholiques \u00e9tait vraiment consid\u00e9r\u00e9 dans le pays.<\/p>\n<p>\u00c9l\u00e8ve intelligent, il r\u00e9ussit \u00e0 avoir une bourse d\u2019\u00e9tude am\u00e9ricaine pour aller poursuivre ses \u00e9tudes \u00e0 Lisbonne, au Portugal. Il \u00e9tait cens\u00e9 \u00e9tudier la m\u00e9decine au Portugal. Arriv\u00e9 \u00e0 Lisbonne, il prend contact avec un groupe d\u2019 \u00e9tudiants Angolais qui s\u2019y trouvent d\u00e9j\u00e0. Ce groupe discutait sur les possibilit\u00e9s d\u2019obtenir l\u2019ind\u00e9pendance de l\u2019Angola et se pr\u00e9parait \u00e0 organiser un mouvement Anti-colonial. Savimbi rejoint ce groupe. Malheureusement, le gouvernement du Portugal arrive \u00e0 d\u00e9couvrir ce plan et cherche \u00e0 les arr\u00eater tous. Jonas parvient \u00e0 s\u2019enfuir pour trouver refuge en Suisse.<\/p>\n<p><img loading=\"lazy\" decoding=\"async\" class=\"alignnone size-full wp-image-41541\" src=\"https:\/\/reveil-info.net\/wp-content\/uploads\/2026\/01\/1769349143178.jpg\" alt=\"\" width=\"455\" height=\"300\" srcset=\"https:\/\/reveil-info.net\/wp-content\/uploads\/2026\/01\/1769349143178.jpg 455w, https:\/\/reveil-info.net\/wp-content\/uploads\/2026\/01\/1769349143178-300x198.jpg 300w\" sizes=\"auto, (max-width: 455px) 100vw, 455px\" \/><\/p>\n<p>Arriv\u00e9 en Suisse, il d\u00e9cide de ne plus faire la m\u00e9decine. Il a maintenant une nouvelle passion. \u00ab Je veux faire la politique \u00bb, dit-il. Il \u00e9tudie \u00e0 Lausanne et obtient une licence en sciences politiques.<\/p>\n<p>Apr\u00e8s ses \u00e9tudes, il se dirige vers la Chine populaire, afin de recevoir une formation politique et militaire aupr\u00e8s de Mao( l\u2019ancien dictateur Chinois). De son retour en Angola, il fonde l\u2019UNITA. Son parti \u00e9tait concurrent direct du MPELA.<\/p>\n<p>Le 11 Novembre 1975, l\u2019Angola obtient son ind\u00e9pendance. Le pouvoir est transf\u00e9r\u00e9 au MPLA, un r\u00e9gime pro communiste. Ce r\u00e9gime \u00e9tait soutenu par l\u2019union sovi\u00e9tique et par le Cuba. Savimbi se f\u00e2che et d\u00e9clenche une guerre civile contre le MPELA et le MFA. C\u2019\u00e9tait l\u2019une des guerres les plus sanglantes de l\u2019histoire de l\u2019Afrique. Savimbi, rebelle de son \u00e9tat, \u00e9tait soutenu par la France, les USA, ainsi que le r\u00e9gime Apartheid d\u2019Afrique du Sud.<\/p>\n<p>Il r\u00e9ussit \u00e0 gagner quelques territoires du pays. En 1979, il installe son si\u00e8ge \u00e0 Jamba, une ville cr\u00e9\u00e9e par son mouvement au Sud-est de l\u2019Angola. Il \u00e9tait bien s\u00fbr soutenu par une partie de la population. Dans les r\u00e9gions occup\u00e9es par l\u2019UNITA, les populations sont plac\u00e9es sous dictature. Le chef rebelle b\u00e9n\u00e9ficie m\u00eame de culte de personnalit\u00e9.<\/p>\n<p>En 1991, un accord de paix est sign\u00e9 entre Savimbi et le gouvernement de l\u2019Angola. Cet accord conduit aux \u00e9lections. Mais apr\u00e8s avoir perdu aux \u00e9lections, le Chef rebelle rejette les r\u00e9sultats et reprend les armes en 1992. L\u2019accalmie n\u2019aura dur\u00e9 que quelques mois, puis l\u2019Angola sombre \u00e0 nouveau dans la guerre.<\/p>\n<p>Cependant une situation impr\u00e9vue perturbe les calculs du chef rebelle. La guerre froide est lanc\u00e9e entre les USA et le rival \u00e9ternel Russe. En m\u00eame temps, Nelson Mandela sort de la prison et le r\u00e9gime d\u2019Apartheid prend fin. Les deux grands soutiens de Savimbi ne sont donc plus en mesure de lui offrir des armes et de financement. Le chef rebelle s\u2019affaiblit.<\/p>\n<p>Le gouvernement Angolais initie tout de m\u00eame des nouvelles n\u00e9gociations avec Savimbi en 1995, et on lui propose le poste de vice-pr\u00e9sident du pays. Mais le c\u0153ur du chef rebelle est endurci. Il veut seulement \u00eatre pr\u00e9sident de la r\u00e9publique. Il continue la guerre malgr\u00e9 l\u2019affaiblissement de son mouvement.<\/p>\n<p>Finalement le 22 f\u00e9vrier 2002, suite \u00e0 une offensive men\u00e9e par les forces gouvernementales, il est tue par 15 balles aux c\u00f4t\u00e9s de 21 gardes du corps. Il meurt \u00e0 l\u2019\u00e2ge de 67 ans. Son corps fut mutile.<\/p>\n<p>C\u2019est alors que la guerre est termin\u00e9e en Angola, et le pays a repris le chemin de la reconstruction.<\/p>\n<p>La question \u00e0 se poser est : pourquoi tout \u00e7a ? Pourquoi sombrer le pays dans le chaos \u00e0 cause du pouvoir? Pourquoi ne pas aimer la paix jusqu\u2019\u00e0 mourir sans avoir des s\u00e9pulcres.<\/p>\n<p>Le voisin Angola a connu un grand retard dans l\u2019\u00e9ducation et la technologie \u00e0 cause de cette longue guerre.<\/p>\n<p>Que chacun tire des le\u00e7ons cons\u00e9quentes.<\/p>\n<p>Source : Terre des hommes<\/p>\n<p>Reveil-info<\/p>\n","protected":false},"excerpt":{"rendered":"<p>Voici JONAS SAVIMBI, le gu\u00e9rillero Angolais. L\u2019homme qui a \u00e9t\u00e9 \u00e0 la base de l\u2019instabilit\u00e9<\/p>\n","protected":false},"author":1,"featured_media":0,"comment_status":"open","ping_status":"open","sticky":false,"template":"","format":"standard","meta":{"footnotes":""},"categories":[38],"tags":[],"class_list":["post-41538","post","type-post","status-publish","format-standard","hentry","category-retour-sur-le-passe"],"yoast_head":"<!-- This site is optimized with the Yoast SEO plugin v27.5 - https:\/\/yoast.com\/product\/yoast-seo-wordpress\/ -->\n<title>Retour sur le pass\u00e9 : qui \u00e9tait Jonas Savimbi ? - R\u00e9veil Info<\/title>\n<meta name=\"robots\" content=\"noindex, follow, max-snippet:-1, max-image-preview:large, max-video-preview:-1\" \/>\n<meta property=\"og:locale\" content=\"fr_FR\" \/>\n<meta property=\"og:type\" content=\"article\" \/>\n<meta property=\"og:title\" content=\"Retour sur le pass\u00e9 : qui \u00e9tait Jonas Savimbi ? - R\u00e9veil Info\" \/>\n<meta property=\"og:description\" content=\"Voici JONAS SAVIMBI, le gu\u00e9rillero Angolais. L\u2019homme qui a \u00e9t\u00e9 \u00e0 la base de l\u2019instabilit\u00e9\" \/>\n<meta property=\"og:url\" content=\"https:\/\/reveil-info.net\/?p=41538\" \/>\n<meta property=\"og:site_name\" content=\"R\u00e9veil Info\" \/>\n<meta property=\"article:published_time\" content=\"2026-01-25T13:55:13+00:00\" \/>\n<meta property=\"og:image\" content=\"https:\/\/reveil-info.net\/wp-content\/uploads\/2026\/01\/1769349140030.jpg\" \/>\n\t<meta property=\"og:image:width\" content=\"300\" \/>\n\t<meta property=\"og:image:height\" content=\"300\" \/>\n\t<meta property=\"og:image:type\" content=\"image\/jpeg\" \/>\n<meta name=\"author\" content=\"R\u00e9veil info\" \/>\n<meta name=\"twitter:card\" content=\"summary_large_image\" \/>\n<meta name=\"twitter:label1\" content=\"\u00c9crit par\" \/>\n\t<meta name=\"twitter:data1\" content=\"R\u00e9veil info\" \/>\n\t<meta name=\"twitter:label2\" content=\"Dur\u00e9e de lecture estim\u00e9e\" \/>\n\t<meta name=\"twitter:data2\" content=\"4 minutes\" \/>\n<script type=\"application\/ld+json\" class=\"yoast-schema-graph\">{\"@context\":\"https:\\\/\\\/schema.org\",\"@graph\":[{\"@type\":\"Article\",\"@id\":\"https:\\\/\\\/reveil-info.net\\\/?p=41538#article\",\"isPartOf\":{\"@id\":\"https:\\\/\\\/reveil-info.net\\\/?p=41538\"},\"author\":{\"name\":\"R\u00e9veil info\",\"@id\":\"https:\\\/\\\/reveil-info.net\\\/#\\\/schema\\\/person\\\/ca0cc8e70088e0a2b5e92556c1ee60f5\"},\"headline\":\"Retour sur le pass\u00e9 : qui \u00e9tait Jonas Savimbi ?\",\"datePublished\":\"2026-01-25T13:55:13+00:00\",\"mainEntityOfPage\":{\"@id\":\"https:\\\/\\\/reveil-info.net\\\/?p=41538\"},\"wordCount\":723,\"commentCount\":0,\"publisher\":{\"@id\":\"https:\\\/\\\/reveil-info.net\\\/#organization\"},\"image\":{\"@id\":\"https:\\\/\\\/reveil-info.net\\\/?p=41538#primaryimage\"},\"thumbnailUrl\":\"https:\\\/\\\/reveil-info.net\\\/wp-content\\\/uploads\\\/2026\\\/01\\\/1769349140030.jpg\",\"articleSection\":[\"Retour sur le Pass\u00e9\"],\"inLanguage\":\"fr-FR\",\"potentialAction\":[{\"@type\":\"CommentAction\",\"name\":\"Comment\",\"target\":[\"https:\\\/\\\/reveil-info.net\\\/?p=41538#respond\"]}]},{\"@type\":\"WebPage\",\"@id\":\"https:\\\/\\\/reveil-info.net\\\/?p=41538\",\"url\":\"https:\\\/\\\/reveil-info.net\\\/?p=41538\",\"name\":\"Retour sur le pass\u00e9 : qui \u00e9tait Jonas Savimbi ? - R\u00e9veil Info\",\"isPartOf\":{\"@id\":\"https:\\\/\\\/reveil-info.net\\\/#website\"},\"primaryImageOfPage\":{\"@id\":\"https:\\\/\\\/reveil-info.net\\\/?p=41538#primaryimage\"},\"image\":{\"@id\":\"https:\\\/\\\/reveil-info.net\\\/?p=41538#primaryimage\"},\"thumbnailUrl\":\"https:\\\/\\\/reveil-info.net\\\/wp-content\\\/uploads\\\/2026\\\/01\\\/1769349140030.jpg\",\"datePublished\":\"2026-01-25T13:55:13+00:00\",\"breadcrumb\":{\"@id\":\"https:\\\/\\\/reveil-info.net\\\/?p=41538#breadcrumb\"},\"inLanguage\":\"fr-FR\",\"potentialAction\":[{\"@type\":\"ReadAction\",\"target\":[\"https:\\\/\\\/reveil-info.net\\\/?p=41538\"]}]},{\"@type\":\"ImageObject\",\"inLanguage\":\"fr-FR\",\"@id\":\"https:\\\/\\\/reveil-info.net\\\/?p=41538#primaryimage\",\"url\":\"https:\\\/\\\/reveil-info.net\\\/wp-content\\\/uploads\\\/2026\\\/01\\\/1769349140030.jpg\",\"contentUrl\":\"https:\\\/\\\/reveil-info.net\\\/wp-content\\\/uploads\\\/2026\\\/01\\\/1769349140030.jpg\",\"width\":300,\"height\":300},{\"@type\":\"BreadcrumbList\",\"@id\":\"https:\\\/\\\/reveil-info.net\\\/?p=41538#breadcrumb\",\"itemListElement\":[{\"@type\":\"ListItem\",\"position\":1,\"name\":\"Home\",\"item\":\"https:\\\/\\\/reveil-info.net\\\/\"},{\"@type\":\"ListItem\",\"position\":2,\"name\":\"Retour sur le pass\u00e9 : qui \u00e9tait Jonas Savimbi ?\"}]},{\"@type\":\"WebSite\",\"@id\":\"https:\\\/\\\/reveil-info.net\\\/#website\",\"url\":\"https:\\\/\\\/reveil-info.net\\\/\",\"name\":\"R\u00e9veil Info\",\"description\":\"Le devoir d&#039;informer!\",\"publisher\":{\"@id\":\"https:\\\/\\\/reveil-info.net\\\/#organization\"},\"potentialAction\":[{\"@type\":\"SearchAction\",\"target\":{\"@type\":\"EntryPoint\",\"urlTemplate\":\"https:\\\/\\\/reveil-info.net\\\/?s={search_term_string}\"},\"query-input\":{\"@type\":\"PropertyValueSpecification\",\"valueRequired\":true,\"valueName\":\"search_term_string\"}}],\"inLanguage\":\"fr-FR\"},{\"@type\":\"Organization\",\"@id\":\"https:\\\/\\\/reveil-info.net\\\/#organization\",\"name\":\"R\u00e9veil Info\",\"url\":\"https:\\\/\\\/reveil-info.net\\\/\",\"logo\":{\"@type\":\"ImageObject\",\"inLanguage\":\"fr-FR\",\"@id\":\"https:\\\/\\\/reveil-info.net\\\/#\\\/schema\\\/logo\\\/image\\\/\",\"url\":\"https:\\\/\\\/reveil-info.net\\\/wp-content\\\/uploads\\\/2024\\\/07\\\/bnddd1.jpg\",\"contentUrl\":\"https:\\\/\\\/reveil-info.net\\\/wp-content\\\/uploads\\\/2024\\\/07\\\/bnddd1.jpg\",\"width\":903,\"height\":125,\"caption\":\"R\u00e9veil Info\"},\"image\":{\"@id\":\"https:\\\/\\\/reveil-info.net\\\/#\\\/schema\\\/logo\\\/image\\\/\"}},{\"@type\":\"Person\",\"@id\":\"https:\\\/\\\/reveil-info.net\\\/#\\\/schema\\\/person\\\/ca0cc8e70088e0a2b5e92556c1ee60f5\",\"name\":\"R\u00e9veil info\",\"image\":{\"@type\":\"ImageObject\",\"inLanguage\":\"fr-FR\",\"@id\":\"https:\\\/\\\/secure.gravatar.com\\\/avatar\\\/e4ad5bb743c8b6cb174d9df6c7d30a8a16f6889731241345fc6444e6485f02af?s=96&d=mm&r=g\",\"url\":\"https:\\\/\\\/secure.gravatar.com\\\/avatar\\\/e4ad5bb743c8b6cb174d9df6c7d30a8a16f6889731241345fc6444e6485f02af?s=96&d=mm&r=g\",\"contentUrl\":\"https:\\\/\\\/secure.gravatar.com\\\/avatar\\\/e4ad5bb743c8b6cb174d9df6c7d30a8a16f6889731241345fc6444e6485f02af?s=96&d=mm&r=g\",\"caption\":\"R\u00e9veil info\"},\"sameAs\":[\"https:\\\/\\\/reveil-info.net\"],\"url\":\"https:\\\/\\\/reveil-info.net\\\/?author=1\"}]}<\/script>\n<!-- \/ Yoast SEO plugin. -->","yoast_head_json":{"title":"Retour sur le pass\u00e9 : qui \u00e9tait Jonas Savimbi ? - R\u00e9veil Info","robots":{"index":"noindex","follow":"follow","max-snippet":"max-snippet:-1","max-image-preview":"max-image-preview:large","max-video-preview":"max-video-preview:-1"},"og_locale":"fr_FR","og_type":"article","og_title":"Retour sur le pass\u00e9 : qui \u00e9tait Jonas Savimbi ? - R\u00e9veil Info","og_description":"Voici JONAS SAVIMBI, le gu\u00e9rillero Angolais. L\u2019homme qui a \u00e9t\u00e9 \u00e0 la base de l\u2019instabilit\u00e9","og_url":"https:\/\/reveil-info.net\/?p=41538","og_site_name":"R\u00e9veil Info","article_published_time":"2026-01-25T13:55:13+00:00","og_image":[{"width":300,"height":300,"url":"https:\/\/reveil-info.net\/wp-content\/uploads\/2026\/01\/1769349140030.jpg","type":"image\/jpeg"}],"author":"R\u00e9veil info","twitter_card":"summary_large_image","twitter_misc":{"\u00c9crit par":"R\u00e9veil info","Dur\u00e9e de lecture estim\u00e9e":"4 minutes"},"schema":{"@context":"https:\/\/schema.org","@graph":[{"@type":"Article","@id":"https:\/\/reveil-info.net\/?p=41538#article","isPartOf":{"@id":"https:\/\/reveil-info.net\/?p=41538"},"author":{"name":"R\u00e9veil info","@id":"https:\/\/reveil-info.net\/#\/schema\/person\/ca0cc8e70088e0a2b5e92556c1ee60f5"},"headline":"Retour sur le pass\u00e9 : qui \u00e9tait Jonas Savimbi ?","datePublished":"2026-01-25T13:55:13+00:00","mainEntityOfPage":{"@id":"https:\/\/reveil-info.net\/?p=41538"},"wordCount":723,"commentCount":0,"publisher":{"@id":"https:\/\/reveil-info.net\/#organization"},"image":{"@id":"https:\/\/reveil-info.net\/?p=41538#primaryimage"},"thumbnailUrl":"https:\/\/reveil-info.net\/wp-content\/uploads\/2026\/01\/1769349140030.jpg","articleSection":["Retour sur le Pass\u00e9"],"inLanguage":"fr-FR","potentialAction":[{"@type":"CommentAction","name":"Comment","target":["https:\/\/reveil-info.net\/?p=41538#respond"]}]},{"@type":"WebPage","@id":"https:\/\/reveil-info.net\/?p=41538","url":"https:\/\/reveil-info.net\/?p=41538","name":"Retour sur le pass\u00e9 : qui \u00e9tait Jonas Savimbi ? - R\u00e9veil Info","isPartOf":{"@id":"https:\/\/reveil-info.net\/#website"},"primaryImageOfPage":{"@id":"https:\/\/reveil-info.net\/?p=41538#primaryimage"},"image":{"@id":"https:\/\/reveil-info.net\/?p=41538#primaryimage"},"thumbnailUrl":"https:\/\/reveil-info.net\/wp-content\/uploads\/2026\/01\/1769349140030.jpg","datePublished":"2026-01-25T13:55:13+00:00","breadcrumb":{"@id":"https:\/\/reveil-info.net\/?p=41538#breadcrumb"},"inLanguage":"fr-FR","potentialAction":[{"@type":"ReadAction","target":["https:\/\/reveil-info.net\/?p=41538"]}]},{"@type":"ImageObject","inLanguage":"fr-FR","@id":"https:\/\/reveil-info.net\/?p=41538#primaryimage","url":"https:\/\/reveil-info.net\/wp-content\/uploads\/2026\/01\/1769349140030.jpg","contentUrl":"https:\/\/reveil-info.net\/wp-content\/uploads\/2026\/01\/1769349140030.jpg","width":300,"height":300},{"@type":"BreadcrumbList","@id":"https:\/\/reveil-info.net\/?p=41538#breadcrumb","itemListElement":[{"@type":"ListItem","position":1,"name":"Home","item":"https:\/\/reveil-info.net\/"},{"@type":"ListItem","position":2,"name":"Retour sur le pass\u00e9 : qui \u00e9tait Jonas Savimbi ?"}]},{"@type":"WebSite","@id":"https:\/\/reveil-info.net\/#website","url":"https:\/\/reveil-info.net\/","name":"R\u00e9veil Info","description":"Le devoir d&#039;informer!","publisher":{"@id":"https:\/\/reveil-info.net\/#organization"},"potentialAction":[{"@type":"SearchAction","target":{"@type":"EntryPoint","urlTemplate":"https:\/\/reveil-info.net\/?s={search_term_string}"},"query-input":{"@type":"PropertyValueSpecification","valueRequired":true,"valueName":"search_term_string"}}],"inLanguage":"fr-FR"},{"@type":"Organization","@id":"https:\/\/reveil-info.net\/#organization","name":"R\u00e9veil Info","url":"https:\/\/reveil-info.net\/","logo":{"@type":"ImageObject","inLanguage":"fr-FR","@id":"https:\/\/reveil-info.net\/#\/schema\/logo\/image\/","url":"https:\/\/reveil-info.net\/wp-content\/uploads\/2024\/07\/bnddd1.jpg","contentUrl":"https:\/\/reveil-info.net\/wp-content\/uploads\/2024\/07\/bnddd1.jpg","width":903,"height":125,"caption":"R\u00e9veil Info"},"image":{"@id":"https:\/\/reveil-info.net\/#\/schema\/logo\/image\/"}},{"@type":"Person","@id":"https:\/\/reveil-info.net\/#\/schema\/person\/ca0cc8e70088e0a2b5e92556c1ee60f5","name":"R\u00e9veil info","image":{"@type":"ImageObject","inLanguage":"fr-FR","@id":"https:\/\/secure.gravatar.com\/avatar\/e4ad5bb743c8b6cb174d9df6c7d30a8a16f6889731241345fc6444e6485f02af?s=96&d=mm&r=g","url":"https:\/\/secure.gravatar.com\/avatar\/e4ad5bb743c8b6cb174d9df6c7d30a8a16f6889731241345fc6444e6485f02af?s=96&d=mm&r=g","contentUrl":"https:\/\/secure.gravatar.com\/avatar\/e4ad5bb743c8b6cb174d9df6c7d30a8a16f6889731241345fc6444e6485f02af?s=96&d=mm&r=g","caption":"R\u00e9veil info"},"sameAs":["https:\/\/reveil-info.net"],"url":"https:\/\/reveil-info.net\/?author=1"}]}},"jetpack_featured_media_url":"","featured_image_urls":{"full":"","thumbnail":"","medium":"","medium_large":"","large":"","1536x1536":"","2048x2048":"","chromenews-featured":"","chromenews-large":"","chromenews-medium":""},"author_info":{"display_name":"R\u00e9veil info","author_link":"https:\/\/reveil-info.net\/?author=1"},"category_info":"<a href=\"https:\/\/reveil-info.net\/?cat=38\" rel=\"category\">Retour sur le Pass\u00e9<\/a>","tag_info":"Retour sur le Pass\u00e9","comment_count":"0","_links":{"self":[{"href":"https:\/\/reveil-info.net\/index.php?rest_route=\/wp\/v2\/posts\/41538","targetHints":{"allow":["GET"]}}],"collection":[{"href":"https:\/\/reveil-info.net\/index.php?rest_route=\/wp\/v2\/posts"}],"about":[{"href":"https:\/\/reveil-info.net\/index.php?rest_route=\/wp\/v2\/types\/post"}],"author":[{"embeddable":true,"href":"https:\/\/reveil-info.net\/index.php?rest_route=\/wp\/v2\/users\/1"}],"replies":[{"embeddable":true,"href":"https:\/\/reveil-info.net\/index.php?rest_route=%2Fwp%2Fv2%2Fcomments&post=41538"}],"version-history":[{"count":3,"href":"https:\/\/reveil-info.net\/index.php?rest_route=\/wp\/v2\/posts\/41538\/revisions"}],"predecessor-version":[{"id":41543,"href":"https:\/\/reveil-info.net\/index.php?rest_route=\/wp\/v2\/posts\/41538\/revisions\/41543"}],"wp:attachment":[{"href":"https:\/\/reveil-info.net\/index.php?rest_route=%2Fwp%2Fv2%2Fmedia&parent=41538"}],"wp:term":[{"taxonomy":"category","embeddable":true,"href":"https:\/\/reveil-info.net\/index.php?rest_route=%2Fwp%2Fv2%2Fcategories&post=41538"},{"taxonomy":"post_tag","embeddable":true,"href":"https:\/\/reveil-info.net\/index.php?rest_route=%2Fwp%2Fv2%2Ftags&post=41538"}],"curies":[{"name":"wp","href":"https:\/\/api.w.org\/{rel}","templated":true}]}}