{"id":41527,"date":"2026-01-25T12:58:39","date_gmt":"2026-01-25T12:58:39","guid":{"rendered":"https:\/\/reveil-info.net\/?p=41527"},"modified":"2026-01-25T12:58:39","modified_gmt":"2026-01-25T12:58:39","slug":"dakar-la-chancellerie-du-burkina-au-cinema","status":"publish","type":"post","link":"https:\/\/reveil-info.net\/?p=41527","title":{"rendered":"Dakar : la chancellerie du Burkina au cin\u00e9ma"},"content":{"rendered":"<p>Projection du film AMINA dans les locaux de la Chancellerie<\/p>\n<p><img loading=\"lazy\" decoding=\"async\" class=\"alignnone size-full wp-image-41530\" src=\"https:\/\/reveil-info.net\/wp-content\/uploads\/2026\/01\/FB_IMG_1769345685030.jpg\" alt=\"\" width=\"1440\" height=\"1048\" srcset=\"https:\/\/reveil-info.net\/wp-content\/uploads\/2026\/01\/FB_IMG_1769345685030.jpg 1440w, https:\/\/reveil-info.net\/wp-content\/uploads\/2026\/01\/FB_IMG_1769345685030-300x218.jpg 300w, https:\/\/reveil-info.net\/wp-content\/uploads\/2026\/01\/FB_IMG_1769345685030-1024x745.jpg 1024w, https:\/\/reveil-info.net\/wp-content\/uploads\/2026\/01\/FB_IMG_1769345685030-768x559.jpg 768w\" sizes=\"auto, (max-width: 1440px) 100vw, 1440px\" \/><\/p>\n<p>Dans la soir\u00e9e du samedi 24 janvier 2026, les locaux de la Chancellerie ont abrit\u00e9 la projection du court m\u00e9trage AMINA, une \u0153uvre \u00e9ducative et engag\u00e9e consacr\u00e9e \u00e0 la sensibilisation au don de sang.<\/p>\n<p>Le film met en avant les valeurs de vie, de solidarit\u00e9 et d\u2019unit\u00e9 africaine, tout en soulignant l\u2019importance du don de sang comme acte citoyen essentiel pour sauver des vies. Ce court m\u00e9trage, \u00e0 la fois \u00e9mouvant et porteur de sens, constitue un outil pr\u00e9cieux de sensibilisation et de mobilisation communautaire.<\/p>\n<p><img loading=\"lazy\" decoding=\"async\" class=\"alignnone size-full wp-image-41531\" src=\"https:\/\/reveil-info.net\/wp-content\/uploads\/2026\/01\/FB_IMG_1769345673704.jpg\" alt=\"\" width=\"1080\" height=\"1272\" srcset=\"https:\/\/reveil-info.net\/wp-content\/uploads\/2026\/01\/FB_IMG_1769345673704.jpg 1080w, https:\/\/reveil-info.net\/wp-content\/uploads\/2026\/01\/FB_IMG_1769345673704-255x300.jpg 255w, https:\/\/reveil-info.net\/wp-content\/uploads\/2026\/01\/FB_IMG_1769345673704-869x1024.jpg 869w, https:\/\/reveil-info.net\/wp-content\/uploads\/2026\/01\/FB_IMG_1769345673704-768x905.jpg 768w, https:\/\/reveil-info.net\/wp-content\/uploads\/2026\/01\/FB_IMG_1769345673704-1024x1206.jpg 1024w\" sizes=\"auto, (max-width: 1080px) 100vw, 1080px\" \/><\/p>\n<p>\u00c0 l\u2019issue de la projection, Son Excellence Monsieur Sa\u00efdou MA\u00cfGA, Ambassadeur du Burkina Faso au S\u00e9n\u00e9gal, a f\u00e9licit\u00e9 le producteur, Monsieur Adama ZALLE, le r\u00e9alisateur, Monsieur Sayacine NGOM, ainsi que l\u2019ensemble de l\u2019\u00e9quipe ayant contribu\u00e9 \u00e0 la r\u00e9alisation de ce court m\u00e9trage \u00e9ducatif, pour la qualit\u00e9 du travail et la port\u00e9e humanitaire du message v\u00e9hicul\u00e9.<\/p>\n<p>Par cette initiative, l\u2019Ambassade du Burkina Faso au S\u00e9n\u00e9gal r\u00e9affirme son engagement en faveur des actions de sensibilisation communautaire et invite chacun \u00e0 faire du don de sang un r\u00e9flexe citoyen, un geste simple mais vital, capable de sauver des vies et de renforcer la cha\u00eene de solidarit\u00e9 au sein de nos communaut\u00e9s.<\/p>\n<p>Donner son sang, c\u2019est donner la vie. Ensemble, sauvons des vies.<\/p>\n<p>Source : ambassade du Burkina au S\u00e9n\u00e9gal<\/p>\n<p>Reveil-info<\/p>\n","protected":false},"excerpt":{"rendered":"<p>Projection du film AMINA dans les locaux de la Chancellerie Dans la soir\u00e9e du samedi<\/p>\n","protected":false},"author":1,"featured_media":0,"comment_status":"open","ping_status":"open","sticky":false,"template":"","format":"standard","meta":{"footnotes":""},"categories":[41],"tags":[],"class_list":["post-41527","post","type-post","status-publish","format-standard","hentry","category-news-de-la-diaspora"],"yoast_head":"<!-- This site is optimized with the Yoast SEO plugin v27.5 - https:\/\/yoast.com\/product\/yoast-seo-wordpress\/ -->\n<title>Dakar : la chancellerie du Burkina au cin\u00e9ma - R\u00e9veil Info<\/title>\n<meta name=\"robots\" content=\"noindex, follow, max-snippet:-1, max-image-preview:large, max-video-preview:-1\" \/>\n<meta property=\"og:locale\" content=\"fr_FR\" \/>\n<meta property=\"og:type\" content=\"article\" \/>\n<meta property=\"og:title\" content=\"Dakar : la chancellerie du Burkina au cin\u00e9ma - R\u00e9veil Info\" \/>\n<meta property=\"og:description\" content=\"Projection du film AMINA dans les locaux de la Chancellerie Dans la soir\u00e9e du samedi\" \/>\n<meta property=\"og:url\" content=\"https:\/\/reveil-info.net\/?p=41527\" \/>\n<meta property=\"og:site_name\" content=\"R\u00e9veil Info\" \/>\n<meta property=\"article:published_time\" content=\"2026-01-25T12:58:39+00:00\" \/>\n<meta property=\"og:image\" content=\"https:\/\/reveil-info.net\/wp-content\/uploads\/2026\/01\/FB_IMG_1769345685030.jpg\" \/>\n\t<meta property=\"og:image:width\" content=\"1440\" \/>\n\t<meta property=\"og:image:height\" content=\"1048\" \/>\n\t<meta property=\"og:image:type\" content=\"image\/jpeg\" \/>\n<meta name=\"author\" content=\"R\u00e9veil info\" \/>\n<meta name=\"twitter:card\" content=\"summary_large_image\" \/>\n<meta name=\"twitter:label1\" content=\"\u00c9crit par\" \/>\n\t<meta name=\"twitter:data1\" content=\"R\u00e9veil info\" \/>\n\t<meta name=\"twitter:label2\" content=\"Dur\u00e9e de lecture estim\u00e9e\" \/>\n\t<meta name=\"twitter:data2\" content=\"2 minutes\" \/>\n<script type=\"application\/ld+json\" class=\"yoast-schema-graph\">{\"@context\":\"https:\\\/\\\/schema.org\",\"@graph\":[{\"@type\":\"Article\",\"@id\":\"https:\\\/\\\/reveil-info.net\\\/?p=41527#article\",\"isPartOf\":{\"@id\":\"https:\\\/\\\/reveil-info.net\\\/?p=41527\"},\"author\":{\"name\":\"R\u00e9veil info\",\"@id\":\"https:\\\/\\\/reveil-info.net\\\/#\\\/schema\\\/person\\\/ca0cc8e70088e0a2b5e92556c1ee60f5\"},\"headline\":\"Dakar : la chancellerie du Burkina au cin\u00e9ma\",\"datePublished\":\"2026-01-25T12:58:39+00:00\",\"mainEntityOfPage\":{\"@id\":\"https:\\\/\\\/reveil-info.net\\\/?p=41527\"},\"wordCount\":253,\"commentCount\":0,\"publisher\":{\"@id\":\"https:\\\/\\\/reveil-info.net\\\/#organization\"},\"image\":{\"@id\":\"https:\\\/\\\/reveil-info.net\\\/?p=41527#primaryimage\"},\"thumbnailUrl\":\"https:\\\/\\\/reveil-info.net\\\/wp-content\\\/uploads\\\/2026\\\/01\\\/FB_IMG_1769345685030.jpg\",\"articleSection\":[\"NEWS DE LA DIASPORA\"],\"inLanguage\":\"fr-FR\",\"potentialAction\":[{\"@type\":\"CommentAction\",\"name\":\"Comment\",\"target\":[\"https:\\\/\\\/reveil-info.net\\\/?p=41527#respond\"]}]},{\"@type\":\"WebPage\",\"@id\":\"https:\\\/\\\/reveil-info.net\\\/?p=41527\",\"url\":\"https:\\\/\\\/reveil-info.net\\\/?p=41527\",\"name\":\"Dakar : la chancellerie du Burkina au cin\u00e9ma - R\u00e9veil Info\",\"isPartOf\":{\"@id\":\"https:\\\/\\\/reveil-info.net\\\/#website\"},\"primaryImageOfPage\":{\"@id\":\"https:\\\/\\\/reveil-info.net\\\/?p=41527#primaryimage\"},\"image\":{\"@id\":\"https:\\\/\\\/reveil-info.net\\\/?p=41527#primaryimage\"},\"thumbnailUrl\":\"https:\\\/\\\/reveil-info.net\\\/wp-content\\\/uploads\\\/2026\\\/01\\\/FB_IMG_1769345685030.jpg\",\"datePublished\":\"2026-01-25T12:58:39+00:00\",\"breadcrumb\":{\"@id\":\"https:\\\/\\\/reveil-info.net\\\/?p=41527#breadcrumb\"},\"inLanguage\":\"fr-FR\",\"potentialAction\":[{\"@type\":\"ReadAction\",\"target\":[\"https:\\\/\\\/reveil-info.net\\\/?p=41527\"]}]},{\"@type\":\"ImageObject\",\"inLanguage\":\"fr-FR\",\"@id\":\"https:\\\/\\\/reveil-info.net\\\/?p=41527#primaryimage\",\"url\":\"https:\\\/\\\/reveil-info.net\\\/wp-content\\\/uploads\\\/2026\\\/01\\\/FB_IMG_1769345685030.jpg\",\"contentUrl\":\"https:\\\/\\\/reveil-info.net\\\/wp-content\\\/uploads\\\/2026\\\/01\\\/FB_IMG_1769345685030.jpg\",\"width\":1440,\"height\":1048},{\"@type\":\"BreadcrumbList\",\"@id\":\"https:\\\/\\\/reveil-info.net\\\/?p=41527#breadcrumb\",\"itemListElement\":[{\"@type\":\"ListItem\",\"position\":1,\"name\":\"Home\",\"item\":\"https:\\\/\\\/reveil-info.net\\\/\"},{\"@type\":\"ListItem\",\"position\":2,\"name\":\"Dakar : la chancellerie du Burkina au cin\u00e9ma\"}]},{\"@type\":\"WebSite\",\"@id\":\"https:\\\/\\\/reveil-info.net\\\/#website\",\"url\":\"https:\\\/\\\/reveil-info.net\\\/\",\"name\":\"R\u00e9veil Info\",\"description\":\"Le devoir d&#039;informer!\",\"publisher\":{\"@id\":\"https:\\\/\\\/reveil-info.net\\\/#organization\"},\"potentialAction\":[{\"@type\":\"SearchAction\",\"target\":{\"@type\":\"EntryPoint\",\"urlTemplate\":\"https:\\\/\\\/reveil-info.net\\\/?s={search_term_string}\"},\"query-input\":{\"@type\":\"PropertyValueSpecification\",\"valueRequired\":true,\"valueName\":\"search_term_string\"}}],\"inLanguage\":\"fr-FR\"},{\"@type\":\"Organization\",\"@id\":\"https:\\\/\\\/reveil-info.net\\\/#organization\",\"name\":\"R\u00e9veil Info\",\"url\":\"https:\\\/\\\/reveil-info.net\\\/\",\"logo\":{\"@type\":\"ImageObject\",\"inLanguage\":\"fr-FR\",\"@id\":\"https:\\\/\\\/reveil-info.net\\\/#\\\/schema\\\/logo\\\/image\\\/\",\"url\":\"https:\\\/\\\/reveil-info.net\\\/wp-content\\\/uploads\\\/2024\\\/07\\\/bnddd1.jpg\",\"contentUrl\":\"https:\\\/\\\/reveil-info.net\\\/wp-content\\\/uploads\\\/2024\\\/07\\\/bnddd1.jpg\",\"width\":903,\"height\":125,\"caption\":\"R\u00e9veil Info\"},\"image\":{\"@id\":\"https:\\\/\\\/reveil-info.net\\\/#\\\/schema\\\/logo\\\/image\\\/\"}},{\"@type\":\"Person\",\"@id\":\"https:\\\/\\\/reveil-info.net\\\/#\\\/schema\\\/person\\\/ca0cc8e70088e0a2b5e92556c1ee60f5\",\"name\":\"R\u00e9veil info\",\"image\":{\"@type\":\"ImageObject\",\"inLanguage\":\"fr-FR\",\"@id\":\"https:\\\/\\\/secure.gravatar.com\\\/avatar\\\/e4ad5bb743c8b6cb174d9df6c7d30a8a16f6889731241345fc6444e6485f02af?s=96&d=mm&r=g\",\"url\":\"https:\\\/\\\/secure.gravatar.com\\\/avatar\\\/e4ad5bb743c8b6cb174d9df6c7d30a8a16f6889731241345fc6444e6485f02af?s=96&d=mm&r=g\",\"contentUrl\":\"https:\\\/\\\/secure.gravatar.com\\\/avatar\\\/e4ad5bb743c8b6cb174d9df6c7d30a8a16f6889731241345fc6444e6485f02af?s=96&d=mm&r=g\",\"caption\":\"R\u00e9veil info\"},\"sameAs\":[\"https:\\\/\\\/reveil-info.net\"],\"url\":\"https:\\\/\\\/reveil-info.net\\\/?author=1\"}]}<\/script>\n<!-- \/ Yoast SEO plugin. -->","yoast_head_json":{"title":"Dakar : la chancellerie du Burkina au cin\u00e9ma - R\u00e9veil Info","robots":{"index":"noindex","follow":"follow","max-snippet":"max-snippet:-1","max-image-preview":"max-image-preview:large","max-video-preview":"max-video-preview:-1"},"og_locale":"fr_FR","og_type":"article","og_title":"Dakar : la chancellerie du Burkina au cin\u00e9ma - R\u00e9veil Info","og_description":"Projection du film AMINA dans les locaux de la Chancellerie Dans la soir\u00e9e du samedi","og_url":"https:\/\/reveil-info.net\/?p=41527","og_site_name":"R\u00e9veil Info","article_published_time":"2026-01-25T12:58:39+00:00","og_image":[{"width":1440,"height":1048,"url":"https:\/\/reveil-info.net\/wp-content\/uploads\/2026\/01\/FB_IMG_1769345685030.jpg","type":"image\/jpeg"}],"author":"R\u00e9veil info","twitter_card":"summary_large_image","twitter_misc":{"\u00c9crit par":"R\u00e9veil info","Dur\u00e9e de lecture estim\u00e9e":"2 minutes"},"schema":{"@context":"https:\/\/schema.org","@graph":[{"@type":"Article","@id":"https:\/\/reveil-info.net\/?p=41527#article","isPartOf":{"@id":"https:\/\/reveil-info.net\/?p=41527"},"author":{"name":"R\u00e9veil info","@id":"https:\/\/reveil-info.net\/#\/schema\/person\/ca0cc8e70088e0a2b5e92556c1ee60f5"},"headline":"Dakar : la chancellerie du Burkina au cin\u00e9ma","datePublished":"2026-01-25T12:58:39+00:00","mainEntityOfPage":{"@id":"https:\/\/reveil-info.net\/?p=41527"},"wordCount":253,"commentCount":0,"publisher":{"@id":"https:\/\/reveil-info.net\/#organization"},"image":{"@id":"https:\/\/reveil-info.net\/?p=41527#primaryimage"},"thumbnailUrl":"https:\/\/reveil-info.net\/wp-content\/uploads\/2026\/01\/FB_IMG_1769345685030.jpg","articleSection":["NEWS DE LA DIASPORA"],"inLanguage":"fr-FR","potentialAction":[{"@type":"CommentAction","name":"Comment","target":["https:\/\/reveil-info.net\/?p=41527#respond"]}]},{"@type":"WebPage","@id":"https:\/\/reveil-info.net\/?p=41527","url":"https:\/\/reveil-info.net\/?p=41527","name":"Dakar : la chancellerie du Burkina au cin\u00e9ma - R\u00e9veil Info","isPartOf":{"@id":"https:\/\/reveil-info.net\/#website"},"primaryImageOfPage":{"@id":"https:\/\/reveil-info.net\/?p=41527#primaryimage"},"image":{"@id":"https:\/\/reveil-info.net\/?p=41527#primaryimage"},"thumbnailUrl":"https:\/\/reveil-info.net\/wp-content\/uploads\/2026\/01\/FB_IMG_1769345685030.jpg","datePublished":"2026-01-25T12:58:39+00:00","breadcrumb":{"@id":"https:\/\/reveil-info.net\/?p=41527#breadcrumb"},"inLanguage":"fr-FR","potentialAction":[{"@type":"ReadAction","target":["https:\/\/reveil-info.net\/?p=41527"]}]},{"@type":"ImageObject","inLanguage":"fr-FR","@id":"https:\/\/reveil-info.net\/?p=41527#primaryimage","url":"https:\/\/reveil-info.net\/wp-content\/uploads\/2026\/01\/FB_IMG_1769345685030.jpg","contentUrl":"https:\/\/reveil-info.net\/wp-content\/uploads\/2026\/01\/FB_IMG_1769345685030.jpg","width":1440,"height":1048},{"@type":"BreadcrumbList","@id":"https:\/\/reveil-info.net\/?p=41527#breadcrumb","itemListElement":[{"@type":"ListItem","position":1,"name":"Home","item":"https:\/\/reveil-info.net\/"},{"@type":"ListItem","position":2,"name":"Dakar : la chancellerie du Burkina au cin\u00e9ma"}]},{"@type":"WebSite","@id":"https:\/\/reveil-info.net\/#website","url":"https:\/\/reveil-info.net\/","name":"R\u00e9veil Info","description":"Le devoir d&#039;informer!","publisher":{"@id":"https:\/\/reveil-info.net\/#organization"},"potentialAction":[{"@type":"SearchAction","target":{"@type":"EntryPoint","urlTemplate":"https:\/\/reveil-info.net\/?s={search_term_string}"},"query-input":{"@type":"PropertyValueSpecification","valueRequired":true,"valueName":"search_term_string"}}],"inLanguage":"fr-FR"},{"@type":"Organization","@id":"https:\/\/reveil-info.net\/#organization","name":"R\u00e9veil Info","url":"https:\/\/reveil-info.net\/","logo":{"@type":"ImageObject","inLanguage":"fr-FR","@id":"https:\/\/reveil-info.net\/#\/schema\/logo\/image\/","url":"https:\/\/reveil-info.net\/wp-content\/uploads\/2024\/07\/bnddd1.jpg","contentUrl":"https:\/\/reveil-info.net\/wp-content\/uploads\/2024\/07\/bnddd1.jpg","width":903,"height":125,"caption":"R\u00e9veil Info"},"image":{"@id":"https:\/\/reveil-info.net\/#\/schema\/logo\/image\/"}},{"@type":"Person","@id":"https:\/\/reveil-info.net\/#\/schema\/person\/ca0cc8e70088e0a2b5e92556c1ee60f5","name":"R\u00e9veil info","image":{"@type":"ImageObject","inLanguage":"fr-FR","@id":"https:\/\/secure.gravatar.com\/avatar\/e4ad5bb743c8b6cb174d9df6c7d30a8a16f6889731241345fc6444e6485f02af?s=96&d=mm&r=g","url":"https:\/\/secure.gravatar.com\/avatar\/e4ad5bb743c8b6cb174d9df6c7d30a8a16f6889731241345fc6444e6485f02af?s=96&d=mm&r=g","contentUrl":"https:\/\/secure.gravatar.com\/avatar\/e4ad5bb743c8b6cb174d9df6c7d30a8a16f6889731241345fc6444e6485f02af?s=96&d=mm&r=g","caption":"R\u00e9veil info"},"sameAs":["https:\/\/reveil-info.net"],"url":"https:\/\/reveil-info.net\/?author=1"}]}},"jetpack_featured_media_url":"","featured_image_urls":{"full":"","thumbnail":"","medium":"","medium_large":"","large":"","1536x1536":"","2048x2048":"","chromenews-featured":"","chromenews-large":"","chromenews-medium":""},"author_info":{"display_name":"R\u00e9veil info","author_link":"https:\/\/reveil-info.net\/?author=1"},"category_info":"<a href=\"https:\/\/reveil-info.net\/?cat=41\" rel=\"category\">NEWS DE LA DIASPORA<\/a>","tag_info":"NEWS DE LA DIASPORA","comment_count":"0","_links":{"self":[{"href":"https:\/\/reveil-info.net\/index.php?rest_route=\/wp\/v2\/posts\/41527","targetHints":{"allow":["GET"]}}],"collection":[{"href":"https:\/\/reveil-info.net\/index.php?rest_route=\/wp\/v2\/posts"}],"about":[{"href":"https:\/\/reveil-info.net\/index.php?rest_route=\/wp\/v2\/types\/post"}],"author":[{"embeddable":true,"href":"https:\/\/reveil-info.net\/index.php?rest_route=\/wp\/v2\/users\/1"}],"replies":[{"embeddable":true,"href":"https:\/\/reveil-info.net\/index.php?rest_route=%2Fwp%2Fv2%2Fcomments&post=41527"}],"version-history":[{"count":3,"href":"https:\/\/reveil-info.net\/index.php?rest_route=\/wp\/v2\/posts\/41527\/revisions"}],"predecessor-version":[{"id":41532,"href":"https:\/\/reveil-info.net\/index.php?rest_route=\/wp\/v2\/posts\/41527\/revisions\/41532"}],"wp:attachment":[{"href":"https:\/\/reveil-info.net\/index.php?rest_route=%2Fwp%2Fv2%2Fmedia&parent=41527"}],"wp:term":[{"taxonomy":"category","embeddable":true,"href":"https:\/\/reveil-info.net\/index.php?rest_route=%2Fwp%2Fv2%2Fcategories&post=41527"},{"taxonomy":"post_tag","embeddable":true,"href":"https:\/\/reveil-info.net\/index.php?rest_route=%2Fwp%2Fv2%2Ftags&post=41527"}],"curies":[{"name":"wp","href":"https:\/\/api.w.org\/{rel}","templated":true}]}}