{"id":41498,"date":"2026-01-25T10:57:17","date_gmt":"2026-01-25T10:57:17","guid":{"rendered":"https:\/\/reveil-info.net\/?p=41498"},"modified":"2026-01-25T10:57:17","modified_gmt":"2026-01-25T10:57:17","slug":"lutte-contre-le-terrorisme-au-burkina-le-ministre-de-la-guerre-sur-le-terrain-de-la-guerre","status":"publish","type":"post","link":"https:\/\/reveil-info.net\/?p=41498","title":{"rendered":"Lutte contre le terrorisme au Burkina : le ministre de la guerre sur le terrain de la guerre"},"content":{"rendered":"<p>Vers la victoire totale: Le Ministre d\u2019Etat, Ministre de la Guerre aux c\u00f4t\u00e9s des Forces Combattantes.<\/p>\n<p><img loading=\"lazy\" decoding=\"async\" class=\"alignnone size-full wp-image-41501\" src=\"https:\/\/reveil-info.net\/wp-content\/uploads\/2026\/01\/1769338402110.jpg\" alt=\"\" width=\"720\" height=\"480\" srcset=\"https:\/\/reveil-info.net\/wp-content\/uploads\/2026\/01\/1769338402110.jpg 720w, https:\/\/reveil-info.net\/wp-content\/uploads\/2026\/01\/1769338402110-300x200.jpg 300w\" sizes=\"auto, (max-width: 720px) 100vw, 720px\" \/><\/p>\n<p><img loading=\"lazy\" decoding=\"async\" class=\"alignnone size-full wp-image-41502\" src=\"https:\/\/reveil-info.net\/wp-content\/uploads\/2026\/01\/1769338394574.jpg\" alt=\"\" width=\"720\" height=\"480\" srcset=\"https:\/\/reveil-info.net\/wp-content\/uploads\/2026\/01\/1769338394574.jpg 720w, https:\/\/reveil-info.net\/wp-content\/uploads\/2026\/01\/1769338394574-300x200.jpg 300w\" sizes=\"auto, (max-width: 720px) 100vw, 720px\" \/><\/p>\n<p>Dans une dynamique de proximit\u00e9 avec sa troupe, le Ministre de la Guerre a effectu\u00e9 une sortie de terrain dans la r\u00e9gion de l\u2019Est ( Fada N\u2019Gourma, Falangoutou, Ougarou, Diapaga et Kompienga) en ce d\u00e9but d&rsquo;ann\u00e9e 2026.<\/p>\n<p>Entre v\u0153ux de nouvel an, hommage \u00e0 la r\u00e9silience des populations et galvanisation des troupes, cette visite marque une \u00e9tape d\u00e9cisive dans la reconqu\u00eate progressive de l&rsquo;int\u00e9grit\u00e9 territoriale.<\/p>\n<p>Le c\u0153ur de cette mission minist\u00e9rielle battait au rythme de la reconnaissance envers ceux qui sacrifient tout pour la nation. Le Ministre a tenu \u00e0 saluer personnellement le courage des hommes engag\u00e9s sur les th\u00e9\u00e2tres d&rsquo;op\u00e9rations. En f\u00e9licitant les conqu\u00eates territoriales engrang\u00e9es, il a port\u00e9 un message clair de la part du Chef de l&rsquo;\u00c9tat : l&rsquo;arm\u00e9e n&rsquo;est pas seule.<\/p>\n<p><img loading=\"lazy\" decoding=\"async\" class=\"alignnone size-full wp-image-41503\" src=\"https:\/\/reveil-info.net\/wp-content\/uploads\/2026\/01\/1769338391179.jpg\" alt=\"\" width=\"720\" height=\"480\" srcset=\"https:\/\/reveil-info.net\/wp-content\/uploads\/2026\/01\/1769338391179.jpg 720w, https:\/\/reveil-info.net\/wp-content\/uploads\/2026\/01\/1769338391179-300x200.jpg 300w\" sizes=\"auto, (max-width: 720px) 100vw, 720px\" \/><\/p>\n<p><img loading=\"lazy\" decoding=\"async\" class=\"alignnone size-full wp-image-41504\" src=\"https:\/\/reveil-info.net\/wp-content\/uploads\/2026\/01\/1769338384218.jpg\" alt=\"\" width=\"720\" height=\"480\" srcset=\"https:\/\/reveil-info.net\/wp-content\/uploads\/2026\/01\/1769338384218.jpg 720w, https:\/\/reveil-info.net\/wp-content\/uploads\/2026\/01\/1769338384218-300x200.jpg 300w\" sizes=\"auto, (max-width: 720px) 100vw, 720px\" \/><\/p>\n<p>Au-del\u00e0 des reconnaissances aux militaires, le Ministre a exprim\u00e9 sa profonde compassion envers les bless\u00e9s, tant physiques que psychologiques. En formulant des v\u0153ux de prompt r\u00e9tablissement, il a rappel\u00e9 que la nation n&rsquo;oubliera aucun de ses fils tomb\u00e9s ou marqu\u00e9s par la duret\u00e9 des combats.<\/p>\n<p>La visite n&rsquo;\u00e9tait pas que militaire. Le Ministre a \u00e9galement f\u00e9licit\u00e9 la soci\u00e9t\u00e9 civile hommes, femmes et enfants dont il a lou\u00e9 l&rsquo;endurance et la patience face aux \u00e9preuves.<\/p>\n<p><img loading=\"lazy\" decoding=\"async\" class=\"alignnone size-full wp-image-41506\" src=\"https:\/\/reveil-info.net\/wp-content\/uploads\/2026\/01\/1769338375504.jpg\" alt=\"\" width=\"720\" height=\"480\" srcset=\"https:\/\/reveil-info.net\/wp-content\/uploads\/2026\/01\/1769338375504.jpg 720w, https:\/\/reveil-info.net\/wp-content\/uploads\/2026\/01\/1769338375504-300x200.jpg 300w\" sizes=\"auto, (max-width: 720px) 100vw, 720px\" \/><\/p>\n<p>Il a invit\u00e9 par ailleurs, les populations \u00e0 maintenir leur confiance totale envers le gouvernement et le Chef de l&rsquo;\u00c9tat, pr\u00e9cisant que chaque effort consenti aujourd&rsquo;hui est le terreau de la paix et du d\u00e9veloppement de demain.<\/p>\n<p>L&rsquo;objectif est double : assurer une souverainet\u00e9 r\u00e9elle et garantir une ind\u00e9pendance \u00e9conomique et s\u00e9curitaire totale.<\/p>\n<p>Interrog\u00e9 sur le changement de d\u00e9nomination de son d\u00e9partement, d\u00e9sormais Minist\u00e8re de la Gu\u20acrre, le Ministre a apport\u00e9 un \u00e9clairage sans \u00e9quivoque.<\/p>\n<p>Ce n&rsquo;est plus une simple question de d\u00e9fense, mais de survie nationale face \u00e0 une agression caract\u00e9ris\u00e9e par des vis\u00e9es de conqu\u00eate territoriale et de pillage des ressources.<\/p>\n<p>Le Ministre a averti que le contexte g\u00e9opolitique mondial impose de se pr\u00e9parer \u00e0 des conflits plus larges. Le concept de \u00ab\u00a0D\u00e9fense\u00a0\u00bb signifie que chaque citoyen doit \u00eatre pr\u00eat \u00e0 r\u00e9pondre \u00e0 l&rsquo;appel si l&rsquo;existence m\u00eame du pays est menac\u00e9e.<\/p>\n<p>L&rsquo;offensive comme protection : \u00ab La meilleure fa\u00e7on de se d\u00e9fendre, c&rsquo;est d&rsquo;attaquer. \u00bb En 2026, l&rsquo;initiative change de camp : c&rsquo;est d\u00e9sormais l&rsquo;\u00c9tat qui impose son rythme \u00e0 l&rsquo;ennemi.<\/p>\n<p>En concluant son discours par ses v\u0153ux pour l&rsquo;ann\u00e9e 2026, le Ministre d\u2019Etat a promis une intensification des op\u00e9rations. L&rsquo;heure n&rsquo;est plus \u00e0 la simple gestion de crise, mais \u00e0 la victoire d\u00e9finitive. Le message est re\u00e7u : personne ne viendra sauver le pays \u00e0 la place de ses propres enfants.<\/p>\n<p>L&rsquo;ind\u00e9pendance ne se donne pas, elle s&rsquo;arrache par le fer et la volont\u00e9.<\/p>\n<p>La DCRP\/MDAC<\/p>\n<p>Reveil-info<\/p>\n","protected":false},"excerpt":{"rendered":"<p>Vers la victoire totale: Le Ministre d\u2019Etat, Ministre de la Guerre aux c\u00f4t\u00e9s des Forces<\/p>\n","protected":false},"author":1,"featured_media":0,"comment_status":"open","ping_status":"open","sticky":false,"template":"","format":"standard","meta":{"footnotes":""},"categories":[39,2],"tags":[],"class_list":["post-41498","post","type-post","status-publish","format-standard","hentry","category-une","category-actu"],"yoast_head":"<!-- This site is optimized with the Yoast SEO plugin v27.5 - https:\/\/yoast.com\/product\/yoast-seo-wordpress\/ -->\n<title>Lutte contre le terrorisme au Burkina : le ministre de la guerre sur le terrain de la guerre - R\u00e9veil Info<\/title>\n<meta name=\"robots\" content=\"noindex, follow, max-snippet:-1, max-image-preview:large, max-video-preview:-1\" \/>\n<meta property=\"og:locale\" content=\"fr_FR\" \/>\n<meta property=\"og:type\" content=\"article\" \/>\n<meta property=\"og:title\" content=\"Lutte contre le terrorisme au Burkina : le ministre de la guerre sur le terrain de la guerre - R\u00e9veil Info\" \/>\n<meta property=\"og:description\" content=\"Vers la victoire totale: Le Ministre d\u2019Etat, Ministre de la Guerre aux c\u00f4t\u00e9s des Forces\" \/>\n<meta property=\"og:url\" content=\"https:\/\/reveil-info.net\/?p=41498\" \/>\n<meta property=\"og:site_name\" content=\"R\u00e9veil Info\" \/>\n<meta property=\"article:published_time\" content=\"2026-01-25T10:57:17+00:00\" \/>\n<meta property=\"og:image\" content=\"https:\/\/reveil-info.net\/wp-content\/uploads\/2026\/01\/1769338402110.jpg\" \/>\n\t<meta property=\"og:image:width\" content=\"720\" \/>\n\t<meta property=\"og:image:height\" content=\"480\" \/>\n\t<meta property=\"og:image:type\" content=\"image\/jpeg\" \/>\n<meta name=\"author\" content=\"R\u00e9veil info\" \/>\n<meta name=\"twitter:card\" content=\"summary_large_image\" \/>\n<meta name=\"twitter:label1\" content=\"\u00c9crit par\" \/>\n\t<meta name=\"twitter:data1\" content=\"R\u00e9veil info\" \/>\n\t<meta name=\"twitter:label2\" content=\"Dur\u00e9e de lecture estim\u00e9e\" \/>\n\t<meta name=\"twitter:data2\" content=\"4 minutes\" \/>\n<script type=\"application\/ld+json\" class=\"yoast-schema-graph\">{\"@context\":\"https:\\\/\\\/schema.org\",\"@graph\":[{\"@type\":\"Article\",\"@id\":\"https:\\\/\\\/reveil-info.net\\\/?p=41498#article\",\"isPartOf\":{\"@id\":\"https:\\\/\\\/reveil-info.net\\\/?p=41498\"},\"author\":{\"name\":\"R\u00e9veil info\",\"@id\":\"https:\\\/\\\/reveil-info.net\\\/#\\\/schema\\\/person\\\/ca0cc8e70088e0a2b5e92556c1ee60f5\"},\"headline\":\"Lutte contre le terrorisme au Burkina : le ministre de la guerre sur le terrain de la guerre\",\"datePublished\":\"2026-01-25T10:57:17+00:00\",\"mainEntityOfPage\":{\"@id\":\"https:\\\/\\\/reveil-info.net\\\/?p=41498\"},\"wordCount\":539,\"commentCount\":0,\"publisher\":{\"@id\":\"https:\\\/\\\/reveil-info.net\\\/#organization\"},\"image\":{\"@id\":\"https:\\\/\\\/reveil-info.net\\\/?p=41498#primaryimage\"},\"thumbnailUrl\":\"https:\\\/\\\/reveil-info.net\\\/wp-content\\\/uploads\\\/2026\\\/01\\\/1769338402110.jpg\",\"articleSection\":[\"A la une\",\"Actualit\u00e9\"],\"inLanguage\":\"fr-FR\",\"potentialAction\":[{\"@type\":\"CommentAction\",\"name\":\"Comment\",\"target\":[\"https:\\\/\\\/reveil-info.net\\\/?p=41498#respond\"]}]},{\"@type\":\"WebPage\",\"@id\":\"https:\\\/\\\/reveil-info.net\\\/?p=41498\",\"url\":\"https:\\\/\\\/reveil-info.net\\\/?p=41498\",\"name\":\"Lutte contre le terrorisme au Burkina : le ministre de la guerre sur le terrain de la guerre - R\u00e9veil Info\",\"isPartOf\":{\"@id\":\"https:\\\/\\\/reveil-info.net\\\/#website\"},\"primaryImageOfPage\":{\"@id\":\"https:\\\/\\\/reveil-info.net\\\/?p=41498#primaryimage\"},\"image\":{\"@id\":\"https:\\\/\\\/reveil-info.net\\\/?p=41498#primaryimage\"},\"thumbnailUrl\":\"https:\\\/\\\/reveil-info.net\\\/wp-content\\\/uploads\\\/2026\\\/01\\\/1769338402110.jpg\",\"datePublished\":\"2026-01-25T10:57:17+00:00\",\"breadcrumb\":{\"@id\":\"https:\\\/\\\/reveil-info.net\\\/?p=41498#breadcrumb\"},\"inLanguage\":\"fr-FR\",\"potentialAction\":[{\"@type\":\"ReadAction\",\"target\":[\"https:\\\/\\\/reveil-info.net\\\/?p=41498\"]}]},{\"@type\":\"ImageObject\",\"inLanguage\":\"fr-FR\",\"@id\":\"https:\\\/\\\/reveil-info.net\\\/?p=41498#primaryimage\",\"url\":\"https:\\\/\\\/reveil-info.net\\\/wp-content\\\/uploads\\\/2026\\\/01\\\/1769338402110.jpg\",\"contentUrl\":\"https:\\\/\\\/reveil-info.net\\\/wp-content\\\/uploads\\\/2026\\\/01\\\/1769338402110.jpg\",\"width\":720,\"height\":480},{\"@type\":\"BreadcrumbList\",\"@id\":\"https:\\\/\\\/reveil-info.net\\\/?p=41498#breadcrumb\",\"itemListElement\":[{\"@type\":\"ListItem\",\"position\":1,\"name\":\"Home\",\"item\":\"https:\\\/\\\/reveil-info.net\\\/\"},{\"@type\":\"ListItem\",\"position\":2,\"name\":\"Lutte contre le terrorisme au Burkina : le ministre de la guerre sur le terrain de la guerre\"}]},{\"@type\":\"WebSite\",\"@id\":\"https:\\\/\\\/reveil-info.net\\\/#website\",\"url\":\"https:\\\/\\\/reveil-info.net\\\/\",\"name\":\"R\u00e9veil Info\",\"description\":\"Le devoir d&#039;informer!\",\"publisher\":{\"@id\":\"https:\\\/\\\/reveil-info.net\\\/#organization\"},\"potentialAction\":[{\"@type\":\"SearchAction\",\"target\":{\"@type\":\"EntryPoint\",\"urlTemplate\":\"https:\\\/\\\/reveil-info.net\\\/?s={search_term_string}\"},\"query-input\":{\"@type\":\"PropertyValueSpecification\",\"valueRequired\":true,\"valueName\":\"search_term_string\"}}],\"inLanguage\":\"fr-FR\"},{\"@type\":\"Organization\",\"@id\":\"https:\\\/\\\/reveil-info.net\\\/#organization\",\"name\":\"R\u00e9veil Info\",\"url\":\"https:\\\/\\\/reveil-info.net\\\/\",\"logo\":{\"@type\":\"ImageObject\",\"inLanguage\":\"fr-FR\",\"@id\":\"https:\\\/\\\/reveil-info.net\\\/#\\\/schema\\\/logo\\\/image\\\/\",\"url\":\"https:\\\/\\\/reveil-info.net\\\/wp-content\\\/uploads\\\/2024\\\/07\\\/bnddd1.jpg\",\"contentUrl\":\"https:\\\/\\\/reveil-info.net\\\/wp-content\\\/uploads\\\/2024\\\/07\\\/bnddd1.jpg\",\"width\":903,\"height\":125,\"caption\":\"R\u00e9veil Info\"},\"image\":{\"@id\":\"https:\\\/\\\/reveil-info.net\\\/#\\\/schema\\\/logo\\\/image\\\/\"}},{\"@type\":\"Person\",\"@id\":\"https:\\\/\\\/reveil-info.net\\\/#\\\/schema\\\/person\\\/ca0cc8e70088e0a2b5e92556c1ee60f5\",\"name\":\"R\u00e9veil info\",\"image\":{\"@type\":\"ImageObject\",\"inLanguage\":\"fr-FR\",\"@id\":\"https:\\\/\\\/secure.gravatar.com\\\/avatar\\\/e4ad5bb743c8b6cb174d9df6c7d30a8a16f6889731241345fc6444e6485f02af?s=96&d=mm&r=g\",\"url\":\"https:\\\/\\\/secure.gravatar.com\\\/avatar\\\/e4ad5bb743c8b6cb174d9df6c7d30a8a16f6889731241345fc6444e6485f02af?s=96&d=mm&r=g\",\"contentUrl\":\"https:\\\/\\\/secure.gravatar.com\\\/avatar\\\/e4ad5bb743c8b6cb174d9df6c7d30a8a16f6889731241345fc6444e6485f02af?s=96&d=mm&r=g\",\"caption\":\"R\u00e9veil info\"},\"sameAs\":[\"https:\\\/\\\/reveil-info.net\"],\"url\":\"https:\\\/\\\/reveil-info.net\\\/?author=1\"}]}<\/script>\n<!-- \/ Yoast SEO plugin. -->","yoast_head_json":{"title":"Lutte contre le terrorisme au Burkina : le ministre de la guerre sur le terrain de la guerre - R\u00e9veil Info","robots":{"index":"noindex","follow":"follow","max-snippet":"max-snippet:-1","max-image-preview":"max-image-preview:large","max-video-preview":"max-video-preview:-1"},"og_locale":"fr_FR","og_type":"article","og_title":"Lutte contre le terrorisme au Burkina : le ministre de la guerre sur le terrain de la guerre - R\u00e9veil Info","og_description":"Vers la victoire totale: Le Ministre d\u2019Etat, Ministre de la Guerre aux c\u00f4t\u00e9s des Forces","og_url":"https:\/\/reveil-info.net\/?p=41498","og_site_name":"R\u00e9veil Info","article_published_time":"2026-01-25T10:57:17+00:00","og_image":[{"width":720,"height":480,"url":"https:\/\/reveil-info.net\/wp-content\/uploads\/2026\/01\/1769338402110.jpg","type":"image\/jpeg"}],"author":"R\u00e9veil info","twitter_card":"summary_large_image","twitter_misc":{"\u00c9crit par":"R\u00e9veil info","Dur\u00e9e de lecture estim\u00e9e":"4 minutes"},"schema":{"@context":"https:\/\/schema.org","@graph":[{"@type":"Article","@id":"https:\/\/reveil-info.net\/?p=41498#article","isPartOf":{"@id":"https:\/\/reveil-info.net\/?p=41498"},"author":{"name":"R\u00e9veil info","@id":"https:\/\/reveil-info.net\/#\/schema\/person\/ca0cc8e70088e0a2b5e92556c1ee60f5"},"headline":"Lutte contre le terrorisme au Burkina : le ministre de la guerre sur le terrain de la guerre","datePublished":"2026-01-25T10:57:17+00:00","mainEntityOfPage":{"@id":"https:\/\/reveil-info.net\/?p=41498"},"wordCount":539,"commentCount":0,"publisher":{"@id":"https:\/\/reveil-info.net\/#organization"},"image":{"@id":"https:\/\/reveil-info.net\/?p=41498#primaryimage"},"thumbnailUrl":"https:\/\/reveil-info.net\/wp-content\/uploads\/2026\/01\/1769338402110.jpg","articleSection":["A la une","Actualit\u00e9"],"inLanguage":"fr-FR","potentialAction":[{"@type":"CommentAction","name":"Comment","target":["https:\/\/reveil-info.net\/?p=41498#respond"]}]},{"@type":"WebPage","@id":"https:\/\/reveil-info.net\/?p=41498","url":"https:\/\/reveil-info.net\/?p=41498","name":"Lutte contre le terrorisme au Burkina : le ministre de la guerre sur le terrain de la guerre - R\u00e9veil Info","isPartOf":{"@id":"https:\/\/reveil-info.net\/#website"},"primaryImageOfPage":{"@id":"https:\/\/reveil-info.net\/?p=41498#primaryimage"},"image":{"@id":"https:\/\/reveil-info.net\/?p=41498#primaryimage"},"thumbnailUrl":"https:\/\/reveil-info.net\/wp-content\/uploads\/2026\/01\/1769338402110.jpg","datePublished":"2026-01-25T10:57:17+00:00","breadcrumb":{"@id":"https:\/\/reveil-info.net\/?p=41498#breadcrumb"},"inLanguage":"fr-FR","potentialAction":[{"@type":"ReadAction","target":["https:\/\/reveil-info.net\/?p=41498"]}]},{"@type":"ImageObject","inLanguage":"fr-FR","@id":"https:\/\/reveil-info.net\/?p=41498#primaryimage","url":"https:\/\/reveil-info.net\/wp-content\/uploads\/2026\/01\/1769338402110.jpg","contentUrl":"https:\/\/reveil-info.net\/wp-content\/uploads\/2026\/01\/1769338402110.jpg","width":720,"height":480},{"@type":"BreadcrumbList","@id":"https:\/\/reveil-info.net\/?p=41498#breadcrumb","itemListElement":[{"@type":"ListItem","position":1,"name":"Home","item":"https:\/\/reveil-info.net\/"},{"@type":"ListItem","position":2,"name":"Lutte contre le terrorisme au Burkina : le ministre de la guerre sur le terrain de la guerre"}]},{"@type":"WebSite","@id":"https:\/\/reveil-info.net\/#website","url":"https:\/\/reveil-info.net\/","name":"R\u00e9veil Info","description":"Le devoir d&#039;informer!","publisher":{"@id":"https:\/\/reveil-info.net\/#organization"},"potentialAction":[{"@type":"SearchAction","target":{"@type":"EntryPoint","urlTemplate":"https:\/\/reveil-info.net\/?s={search_term_string}"},"query-input":{"@type":"PropertyValueSpecification","valueRequired":true,"valueName":"search_term_string"}}],"inLanguage":"fr-FR"},{"@type":"Organization","@id":"https:\/\/reveil-info.net\/#organization","name":"R\u00e9veil Info","url":"https:\/\/reveil-info.net\/","logo":{"@type":"ImageObject","inLanguage":"fr-FR","@id":"https:\/\/reveil-info.net\/#\/schema\/logo\/image\/","url":"https:\/\/reveil-info.net\/wp-content\/uploads\/2024\/07\/bnddd1.jpg","contentUrl":"https:\/\/reveil-info.net\/wp-content\/uploads\/2024\/07\/bnddd1.jpg","width":903,"height":125,"caption":"R\u00e9veil Info"},"image":{"@id":"https:\/\/reveil-info.net\/#\/schema\/logo\/image\/"}},{"@type":"Person","@id":"https:\/\/reveil-info.net\/#\/schema\/person\/ca0cc8e70088e0a2b5e92556c1ee60f5","name":"R\u00e9veil info","image":{"@type":"ImageObject","inLanguage":"fr-FR","@id":"https:\/\/secure.gravatar.com\/avatar\/e4ad5bb743c8b6cb174d9df6c7d30a8a16f6889731241345fc6444e6485f02af?s=96&d=mm&r=g","url":"https:\/\/secure.gravatar.com\/avatar\/e4ad5bb743c8b6cb174d9df6c7d30a8a16f6889731241345fc6444e6485f02af?s=96&d=mm&r=g","contentUrl":"https:\/\/secure.gravatar.com\/avatar\/e4ad5bb743c8b6cb174d9df6c7d30a8a16f6889731241345fc6444e6485f02af?s=96&d=mm&r=g","caption":"R\u00e9veil info"},"sameAs":["https:\/\/reveil-info.net"],"url":"https:\/\/reveil-info.net\/?author=1"}]}},"jetpack_featured_media_url":"","featured_image_urls":{"full":"","thumbnail":"","medium":"","medium_large":"","large":"","1536x1536":"","2048x2048":"","chromenews-featured":"","chromenews-large":"","chromenews-medium":""},"author_info":{"display_name":"R\u00e9veil info","author_link":"https:\/\/reveil-info.net\/?author=1"},"category_info":"<a href=\"https:\/\/reveil-info.net\/?cat=39\" rel=\"category\">A la une<\/a> <a href=\"https:\/\/reveil-info.net\/?cat=2\" rel=\"category\">Actualit\u00e9<\/a>","tag_info":"Actualit\u00e9","comment_count":"0","_links":{"self":[{"href":"https:\/\/reveil-info.net\/index.php?rest_route=\/wp\/v2\/posts\/41498","targetHints":{"allow":["GET"]}}],"collection":[{"href":"https:\/\/reveil-info.net\/index.php?rest_route=\/wp\/v2\/posts"}],"about":[{"href":"https:\/\/reveil-info.net\/index.php?rest_route=\/wp\/v2\/types\/post"}],"author":[{"embeddable":true,"href":"https:\/\/reveil-info.net\/index.php?rest_route=\/wp\/v2\/users\/1"}],"replies":[{"embeddable":true,"href":"https:\/\/reveil-info.net\/index.php?rest_route=%2Fwp%2Fv2%2Fcomments&post=41498"}],"version-history":[{"count":4,"href":"https:\/\/reveil-info.net\/index.php?rest_route=\/wp\/v2\/posts\/41498\/revisions"}],"predecessor-version":[{"id":41507,"href":"https:\/\/reveil-info.net\/index.php?rest_route=\/wp\/v2\/posts\/41498\/revisions\/41507"}],"wp:attachment":[{"href":"https:\/\/reveil-info.net\/index.php?rest_route=%2Fwp%2Fv2%2Fmedia&parent=41498"}],"wp:term":[{"taxonomy":"category","embeddable":true,"href":"https:\/\/reveil-info.net\/index.php?rest_route=%2Fwp%2Fv2%2Fcategories&post=41498"},{"taxonomy":"post_tag","embeddable":true,"href":"https:\/\/reveil-info.net\/index.php?rest_route=%2Fwp%2Fv2%2Ftags&post=41498"}],"curies":[{"name":"wp","href":"https:\/\/api.w.org\/{rel}","templated":true}]}}