{"id":40907,"date":"2026-01-18T20:46:16","date_gmt":"2026-01-18T20:46:16","guid":{"rendered":"https:\/\/reveil-info.net\/?p=40907"},"modified":"2026-01-18T20:46:16","modified_gmt":"2026-01-18T20:46:16","slug":"organisation-de-la-coupe-dafrique-militaire-au-burkina-faso-bassolma-bazie-se-prononce","status":"publish","type":"post","link":"https:\/\/reveil-info.net\/?p=40907","title":{"rendered":"Organisation de la Coupe d&rsquo;Afrique militaire au Burkina Faso : Bassolma Bazi\u00e9 se prononce"},"content":{"rendered":"<p>\u00ab\u00a0Non, les autorit\u00e9s ne se sont pas encore prononc\u00e9es sur une proposition d&rsquo;organiser une coupe militaire de football au Burkina !<\/p>\n<p><img loading=\"lazy\" decoding=\"async\" class=\"alignnone size-full wp-image-40910\" src=\"https:\/\/reveil-info.net\/wp-content\/uploads\/2026\/01\/1768768883462.jpg\" alt=\"\" width=\"720\" height=\"480\" srcset=\"https:\/\/reveil-info.net\/wp-content\/uploads\/2026\/01\/1768768883462.jpg 720w, https:\/\/reveil-info.net\/wp-content\/uploads\/2026\/01\/1768768883462-300x200.jpg 300w\" sizes=\"auto, (max-width: 720px) 100vw, 720px\" \/><\/p>\n<p>D&rsquo;hier \u00e0 aujourd\u2019hui plus d\u2019un millier de messages, audios et vid\u00e9os watsap atterrissent sur mon portable !<\/p>\n<p>Depuis hier, des messages, des audios et de vid\u00e9os pleuvent sur une probable organisation de la 9e \u00c9dition d\u2019une coupe militaire au Burkina Faso. Plus difficile, certains sont des appels directs de personnes \u00e2g\u00e9es au bout des larmes!<\/p>\n<p>Rappelons que depuis le d\u00e9but de cette Revolution Progressiste Populaire (RPP), le Peuple veille au grain sur leur \u00e9lan r\u00e9volutionnaire plein d\u2019espoir en s\u00e9curit\u00e9, souverainet\u00e9 et progr\u00e8s social v\u00e9ritable !<br \/>\nQuoi de plus normal puisque les sentinelles s\u2019appellent les \u00ab Wayiyans \u00bb, signifiant litt\u00e9ralement \u00ab Venez sortir \u00bb ou tout simplement \u00ab sortez \u00bb en cas d\u2019alerte!<br \/>\nCela a \u00e9t\u00e9 prouv\u00e9 \u00e0 plusieurs reprises en prenant d\u2019assaut l\u2019espace afin de parer \u00e0 toute \u00e9ventualit\u00e9 malveillante !<\/p>\n<p><img loading=\"lazy\" decoding=\"async\" class=\"alignnone size-full wp-image-40911\" src=\"https:\/\/reveil-info.net\/wp-content\/uploads\/2026\/01\/1768768873712.jpg\" alt=\"\" width=\"720\" height=\"392\" srcset=\"https:\/\/reveil-info.net\/wp-content\/uploads\/2026\/01\/1768768873712.jpg 720w, https:\/\/reveil-info.net\/wp-content\/uploads\/2026\/01\/1768768873712-300x163.jpg 300w\" sizes=\"auto, (max-width: 720px) 100vw, 720px\" \/><\/p>\n<p>Cet \u00e9lan de veille est salutaire pour tout peuple ayant davantage pris conscience qu\u2019une r\u00e9volution est un pouvoir du peuple; donc quoi de plus normal pour tout peuple ayant davantage pris conscience qu\u2019il est imp\u00e9ratif de prot\u00e9ger son Pouvoir. Surtout lorsque les plaies malveillantes du pass\u00e9 sont toujours en pleine puanteur, avec des envies de rapaces qui continuent de r\u00f4der en guettant la moindre baisse de vigilance!<\/p>\n<p>C\u2019est justement dans cet \u00e9lan de veille que depuis hier des messages, des audios et des vid\u00e9os fusent sur une audience accord\u00e9e par nos autorit\u00e9s militaires \u00e0 une \u00e9quipe parlant d\u2019organisation de la 9e \u00e9dition de la coupe militaire au Burkina Faso.<\/p>\n<p>Faisons remarquer que les dirigeants ont besoin de sentir l\u2019\u00e9lan populaire et solidaire de veille! Il en est m\u00eame un devoir pour tout peuple r\u00e9volutionnaire ! Mais ce Peuple int\u00e8gre ne doit douter que leurs dirigeants sont des personnalit\u00e9s qui regardent avec les yeux mais voient avec l\u2019esprit, entendent avec les oreilles mais \u00e9coutent avec l\u2019esprit. Dans une telle posture, difficile que le moindre d\u00e9tail leur \u00e9chappe.<\/p>\n<p>Par \u00e9ducation, fraternit\u00e9, diplomatie et respect, on ne peut pas parler de panafricanisme et refuser de recevoir un autre fr\u00e8re africain qui demande une audience. Le plus important, c\u2019est ce qui sera d\u00e9cid\u00e9 \u00e0 l\u2019endroit de celui qui a \u00e9t\u00e9 re\u00e7u au nom du peuple qui COMPTE. Or ici et jusque-l\u00e0, les autorit\u00e9s \u00e0 quelque niveau que ce soit ne se sont pas encore prononcer sur une proposition d\u2019organiser une coupe militaire.<br \/>\nL\u2019autre est libre de faire ses propositions, autant les autorit\u00e9s en toute courtoisie ont toujours su r\u00e9server la r\u00e9ponse qui sied!<br \/>\nDonc, tout en saluant l\u2019\u00e9lan de veille r\u00e9volutionnaire, s\u2019exprimer en donnant sa position sur cette requ\u00eate est l\u00e9gitime; mais retenons que jusque-l\u00e0 aucune autorit\u00e9 militaire rencontr\u00e9e n\u2019ait donn\u00e9 son avis sur une telle proposition encore moins d\u00e9cid\u00e9, dans la mesure o\u00f9 l\u2019Etat a un responsable.<\/p>\n<p>Mieux, m\u00eame si la confiance n\u2019exclut pas le contr\u00f4le, justifiant les r\u00e9actions patriotiques (m\u00eame des pleurs dans certains audios), retenons que les autorit\u00e9s se sont toujours faites le devoir de ne pas dissocier prudence, lucidit\u00e9, patriotisme, voix du peuple et int\u00e9r\u00eat national !<\/p>\n<p>Des autorit\u00e9s militaires ont donc accord\u00e9 une audience fraternellement panafricaine \u00e0 leurs fr\u00e8res d\u2019armes, mais ne se sont pas prononc\u00e9es encore moins pris une d\u00e9cision sur l\u2019organisation d\u2019une quelconque coupe: ni eux, ni le chef supr\u00eame des arm\u00e9es qu\u2019est le Chef de l\u2019\u00c9tat!<\/p>\n<p>Pr\u00e9senter ses inqui\u00e9tudes est l\u00e9gitime, mais associer les images en parlant d\u00e9j\u00e0 de d\u00e9cision me para\u00eet un peu pr\u00e9cipit\u00e9 ! Recevoir une personne en audience est une chose, donner une suite favorable ou pas en est une autre et cela n&rsquo;est pas encore fait par qui de droit!<\/p>\n<p>F\u00e9licitations et encouragements pour la veille citoyenne !<\/p>\n<p>Bassolma Bazi\u00e9<\/p>\n<p>Reveil-info<\/p>\n<p>&nbsp;<\/p>\n","protected":false},"excerpt":{"rendered":"<p>\u00ab\u00a0Non, les autorit\u00e9s ne se sont pas encore prononc\u00e9es sur une proposition d&rsquo;organiser une coupe<\/p>\n","protected":false},"author":1,"featured_media":0,"comment_status":"open","ping_status":"open","sticky":false,"template":"","format":"standard","meta":{"footnotes":""},"categories":[2,18],"tags":[],"class_list":["post-40907","post","type-post","status-publish","format-standard","hentry","category-actu","category-sports-et-culture"],"yoast_head":"<!-- This site is optimized with the Yoast SEO plugin v27.5 - https:\/\/yoast.com\/product\/yoast-seo-wordpress\/ -->\n<title>Organisation de la Coupe d&#039;Afrique militaire au Burkina Faso : Bassolma Bazi\u00e9 se prononce - R\u00e9veil Info<\/title>\n<meta name=\"robots\" content=\"noindex, follow, max-snippet:-1, max-image-preview:large, max-video-preview:-1\" \/>\n<meta property=\"og:locale\" content=\"fr_FR\" \/>\n<meta property=\"og:type\" content=\"article\" \/>\n<meta property=\"og:title\" content=\"Organisation de la Coupe d&#039;Afrique militaire au Burkina Faso : Bassolma Bazi\u00e9 se prononce - R\u00e9veil Info\" \/>\n<meta property=\"og:description\" content=\"\u00ab\u00a0Non, les autorit\u00e9s ne se sont pas encore prononc\u00e9es sur une proposition d&rsquo;organiser une coupe\" \/>\n<meta property=\"og:url\" content=\"https:\/\/reveil-info.net\/?p=40907\" \/>\n<meta property=\"og:site_name\" content=\"R\u00e9veil Info\" \/>\n<meta property=\"article:published_time\" content=\"2026-01-18T20:46:16+00:00\" \/>\n<meta property=\"og:image\" content=\"https:\/\/reveil-info.net\/wp-content\/uploads\/2026\/01\/1768768883462.jpg\" \/>\n\t<meta property=\"og:image:width\" content=\"720\" \/>\n\t<meta property=\"og:image:height\" content=\"480\" \/>\n\t<meta property=\"og:image:type\" content=\"image\/jpeg\" \/>\n<meta name=\"author\" content=\"R\u00e9veil info\" \/>\n<meta name=\"twitter:card\" content=\"summary_large_image\" \/>\n<meta name=\"twitter:label1\" content=\"\u00c9crit par\" \/>\n\t<meta name=\"twitter:data1\" content=\"R\u00e9veil info\" \/>\n\t<meta name=\"twitter:label2\" content=\"Dur\u00e9e de lecture estim\u00e9e\" \/>\n\t<meta name=\"twitter:data2\" content=\"4 minutes\" \/>\n<script type=\"application\/ld+json\" class=\"yoast-schema-graph\">{\"@context\":\"https:\\\/\\\/schema.org\",\"@graph\":[{\"@type\":\"Article\",\"@id\":\"https:\\\/\\\/reveil-info.net\\\/?p=40907#article\",\"isPartOf\":{\"@id\":\"https:\\\/\\\/reveil-info.net\\\/?p=40907\"},\"author\":{\"name\":\"R\u00e9veil info\",\"@id\":\"https:\\\/\\\/reveil-info.net\\\/#\\\/schema\\\/person\\\/ca0cc8e70088e0a2b5e92556c1ee60f5\"},\"headline\":\"Organisation de la Coupe d&rsquo;Afrique militaire au Burkina Faso : Bassolma Bazi\u00e9 se prononce\",\"datePublished\":\"2026-01-18T20:46:16+00:00\",\"mainEntityOfPage\":{\"@id\":\"https:\\\/\\\/reveil-info.net\\\/?p=40907\"},\"wordCount\":693,\"commentCount\":0,\"publisher\":{\"@id\":\"https:\\\/\\\/reveil-info.net\\\/#organization\"},\"image\":{\"@id\":\"https:\\\/\\\/reveil-info.net\\\/?p=40907#primaryimage\"},\"thumbnailUrl\":\"https:\\\/\\\/reveil-info.net\\\/wp-content\\\/uploads\\\/2026\\\/01\\\/1768768883462.jpg\",\"articleSection\":[\"Actualit\u00e9\",\"Sports et Culture\"],\"inLanguage\":\"fr-FR\",\"potentialAction\":[{\"@type\":\"CommentAction\",\"name\":\"Comment\",\"target\":[\"https:\\\/\\\/reveil-info.net\\\/?p=40907#respond\"]}]},{\"@type\":\"WebPage\",\"@id\":\"https:\\\/\\\/reveil-info.net\\\/?p=40907\",\"url\":\"https:\\\/\\\/reveil-info.net\\\/?p=40907\",\"name\":\"Organisation de la Coupe d'Afrique militaire au Burkina Faso : Bassolma Bazi\u00e9 se prononce - R\u00e9veil Info\",\"isPartOf\":{\"@id\":\"https:\\\/\\\/reveil-info.net\\\/#website\"},\"primaryImageOfPage\":{\"@id\":\"https:\\\/\\\/reveil-info.net\\\/?p=40907#primaryimage\"},\"image\":{\"@id\":\"https:\\\/\\\/reveil-info.net\\\/?p=40907#primaryimage\"},\"thumbnailUrl\":\"https:\\\/\\\/reveil-info.net\\\/wp-content\\\/uploads\\\/2026\\\/01\\\/1768768883462.jpg\",\"datePublished\":\"2026-01-18T20:46:16+00:00\",\"breadcrumb\":{\"@id\":\"https:\\\/\\\/reveil-info.net\\\/?p=40907#breadcrumb\"},\"inLanguage\":\"fr-FR\",\"potentialAction\":[{\"@type\":\"ReadAction\",\"target\":[\"https:\\\/\\\/reveil-info.net\\\/?p=40907\"]}]},{\"@type\":\"ImageObject\",\"inLanguage\":\"fr-FR\",\"@id\":\"https:\\\/\\\/reveil-info.net\\\/?p=40907#primaryimage\",\"url\":\"https:\\\/\\\/reveil-info.net\\\/wp-content\\\/uploads\\\/2026\\\/01\\\/1768768883462.jpg\",\"contentUrl\":\"https:\\\/\\\/reveil-info.net\\\/wp-content\\\/uploads\\\/2026\\\/01\\\/1768768883462.jpg\",\"width\":720,\"height\":480},{\"@type\":\"BreadcrumbList\",\"@id\":\"https:\\\/\\\/reveil-info.net\\\/?p=40907#breadcrumb\",\"itemListElement\":[{\"@type\":\"ListItem\",\"position\":1,\"name\":\"Home\",\"item\":\"https:\\\/\\\/reveil-info.net\\\/\"},{\"@type\":\"ListItem\",\"position\":2,\"name\":\"Organisation de la Coupe d&rsquo;Afrique militaire au Burkina Faso : Bassolma Bazi\u00e9 se prononce\"}]},{\"@type\":\"WebSite\",\"@id\":\"https:\\\/\\\/reveil-info.net\\\/#website\",\"url\":\"https:\\\/\\\/reveil-info.net\\\/\",\"name\":\"R\u00e9veil Info\",\"description\":\"Le devoir d&#039;informer!\",\"publisher\":{\"@id\":\"https:\\\/\\\/reveil-info.net\\\/#organization\"},\"potentialAction\":[{\"@type\":\"SearchAction\",\"target\":{\"@type\":\"EntryPoint\",\"urlTemplate\":\"https:\\\/\\\/reveil-info.net\\\/?s={search_term_string}\"},\"query-input\":{\"@type\":\"PropertyValueSpecification\",\"valueRequired\":true,\"valueName\":\"search_term_string\"}}],\"inLanguage\":\"fr-FR\"},{\"@type\":\"Organization\",\"@id\":\"https:\\\/\\\/reveil-info.net\\\/#organization\",\"name\":\"R\u00e9veil Info\",\"url\":\"https:\\\/\\\/reveil-info.net\\\/\",\"logo\":{\"@type\":\"ImageObject\",\"inLanguage\":\"fr-FR\",\"@id\":\"https:\\\/\\\/reveil-info.net\\\/#\\\/schema\\\/logo\\\/image\\\/\",\"url\":\"https:\\\/\\\/reveil-info.net\\\/wp-content\\\/uploads\\\/2024\\\/07\\\/bnddd1.jpg\",\"contentUrl\":\"https:\\\/\\\/reveil-info.net\\\/wp-content\\\/uploads\\\/2024\\\/07\\\/bnddd1.jpg\",\"width\":903,\"height\":125,\"caption\":\"R\u00e9veil Info\"},\"image\":{\"@id\":\"https:\\\/\\\/reveil-info.net\\\/#\\\/schema\\\/logo\\\/image\\\/\"}},{\"@type\":\"Person\",\"@id\":\"https:\\\/\\\/reveil-info.net\\\/#\\\/schema\\\/person\\\/ca0cc8e70088e0a2b5e92556c1ee60f5\",\"name\":\"R\u00e9veil info\",\"image\":{\"@type\":\"ImageObject\",\"inLanguage\":\"fr-FR\",\"@id\":\"https:\\\/\\\/secure.gravatar.com\\\/avatar\\\/e4ad5bb743c8b6cb174d9df6c7d30a8a16f6889731241345fc6444e6485f02af?s=96&d=mm&r=g\",\"url\":\"https:\\\/\\\/secure.gravatar.com\\\/avatar\\\/e4ad5bb743c8b6cb174d9df6c7d30a8a16f6889731241345fc6444e6485f02af?s=96&d=mm&r=g\",\"contentUrl\":\"https:\\\/\\\/secure.gravatar.com\\\/avatar\\\/e4ad5bb743c8b6cb174d9df6c7d30a8a16f6889731241345fc6444e6485f02af?s=96&d=mm&r=g\",\"caption\":\"R\u00e9veil info\"},\"sameAs\":[\"https:\\\/\\\/reveil-info.net\"],\"url\":\"https:\\\/\\\/reveil-info.net\\\/?author=1\"}]}<\/script>\n<!-- \/ Yoast SEO plugin. -->","yoast_head_json":{"title":"Organisation de la Coupe d'Afrique militaire au Burkina Faso : Bassolma Bazi\u00e9 se prononce - R\u00e9veil Info","robots":{"index":"noindex","follow":"follow","max-snippet":"max-snippet:-1","max-image-preview":"max-image-preview:large","max-video-preview":"max-video-preview:-1"},"og_locale":"fr_FR","og_type":"article","og_title":"Organisation de la Coupe d'Afrique militaire au Burkina Faso : Bassolma Bazi\u00e9 se prononce - R\u00e9veil Info","og_description":"\u00ab\u00a0Non, les autorit\u00e9s ne se sont pas encore prononc\u00e9es sur une proposition d&rsquo;organiser une coupe","og_url":"https:\/\/reveil-info.net\/?p=40907","og_site_name":"R\u00e9veil Info","article_published_time":"2026-01-18T20:46:16+00:00","og_image":[{"width":720,"height":480,"url":"https:\/\/reveil-info.net\/wp-content\/uploads\/2026\/01\/1768768883462.jpg","type":"image\/jpeg"}],"author":"R\u00e9veil info","twitter_card":"summary_large_image","twitter_misc":{"\u00c9crit par":"R\u00e9veil info","Dur\u00e9e de lecture estim\u00e9e":"4 minutes"},"schema":{"@context":"https:\/\/schema.org","@graph":[{"@type":"Article","@id":"https:\/\/reveil-info.net\/?p=40907#article","isPartOf":{"@id":"https:\/\/reveil-info.net\/?p=40907"},"author":{"name":"R\u00e9veil info","@id":"https:\/\/reveil-info.net\/#\/schema\/person\/ca0cc8e70088e0a2b5e92556c1ee60f5"},"headline":"Organisation de la Coupe d&rsquo;Afrique militaire au Burkina Faso : Bassolma Bazi\u00e9 se prononce","datePublished":"2026-01-18T20:46:16+00:00","mainEntityOfPage":{"@id":"https:\/\/reveil-info.net\/?p=40907"},"wordCount":693,"commentCount":0,"publisher":{"@id":"https:\/\/reveil-info.net\/#organization"},"image":{"@id":"https:\/\/reveil-info.net\/?p=40907#primaryimage"},"thumbnailUrl":"https:\/\/reveil-info.net\/wp-content\/uploads\/2026\/01\/1768768883462.jpg","articleSection":["Actualit\u00e9","Sports et Culture"],"inLanguage":"fr-FR","potentialAction":[{"@type":"CommentAction","name":"Comment","target":["https:\/\/reveil-info.net\/?p=40907#respond"]}]},{"@type":"WebPage","@id":"https:\/\/reveil-info.net\/?p=40907","url":"https:\/\/reveil-info.net\/?p=40907","name":"Organisation de la Coupe d'Afrique militaire au Burkina Faso : Bassolma Bazi\u00e9 se prononce - R\u00e9veil Info","isPartOf":{"@id":"https:\/\/reveil-info.net\/#website"},"primaryImageOfPage":{"@id":"https:\/\/reveil-info.net\/?p=40907#primaryimage"},"image":{"@id":"https:\/\/reveil-info.net\/?p=40907#primaryimage"},"thumbnailUrl":"https:\/\/reveil-info.net\/wp-content\/uploads\/2026\/01\/1768768883462.jpg","datePublished":"2026-01-18T20:46:16+00:00","breadcrumb":{"@id":"https:\/\/reveil-info.net\/?p=40907#breadcrumb"},"inLanguage":"fr-FR","potentialAction":[{"@type":"ReadAction","target":["https:\/\/reveil-info.net\/?p=40907"]}]},{"@type":"ImageObject","inLanguage":"fr-FR","@id":"https:\/\/reveil-info.net\/?p=40907#primaryimage","url":"https:\/\/reveil-info.net\/wp-content\/uploads\/2026\/01\/1768768883462.jpg","contentUrl":"https:\/\/reveil-info.net\/wp-content\/uploads\/2026\/01\/1768768883462.jpg","width":720,"height":480},{"@type":"BreadcrumbList","@id":"https:\/\/reveil-info.net\/?p=40907#breadcrumb","itemListElement":[{"@type":"ListItem","position":1,"name":"Home","item":"https:\/\/reveil-info.net\/"},{"@type":"ListItem","position":2,"name":"Organisation de la Coupe d&rsquo;Afrique militaire au Burkina Faso : Bassolma Bazi\u00e9 se prononce"}]},{"@type":"WebSite","@id":"https:\/\/reveil-info.net\/#website","url":"https:\/\/reveil-info.net\/","name":"R\u00e9veil Info","description":"Le devoir d&#039;informer!","publisher":{"@id":"https:\/\/reveil-info.net\/#organization"},"potentialAction":[{"@type":"SearchAction","target":{"@type":"EntryPoint","urlTemplate":"https:\/\/reveil-info.net\/?s={search_term_string}"},"query-input":{"@type":"PropertyValueSpecification","valueRequired":true,"valueName":"search_term_string"}}],"inLanguage":"fr-FR"},{"@type":"Organization","@id":"https:\/\/reveil-info.net\/#organization","name":"R\u00e9veil Info","url":"https:\/\/reveil-info.net\/","logo":{"@type":"ImageObject","inLanguage":"fr-FR","@id":"https:\/\/reveil-info.net\/#\/schema\/logo\/image\/","url":"https:\/\/reveil-info.net\/wp-content\/uploads\/2024\/07\/bnddd1.jpg","contentUrl":"https:\/\/reveil-info.net\/wp-content\/uploads\/2024\/07\/bnddd1.jpg","width":903,"height":125,"caption":"R\u00e9veil Info"},"image":{"@id":"https:\/\/reveil-info.net\/#\/schema\/logo\/image\/"}},{"@type":"Person","@id":"https:\/\/reveil-info.net\/#\/schema\/person\/ca0cc8e70088e0a2b5e92556c1ee60f5","name":"R\u00e9veil info","image":{"@type":"ImageObject","inLanguage":"fr-FR","@id":"https:\/\/secure.gravatar.com\/avatar\/e4ad5bb743c8b6cb174d9df6c7d30a8a16f6889731241345fc6444e6485f02af?s=96&d=mm&r=g","url":"https:\/\/secure.gravatar.com\/avatar\/e4ad5bb743c8b6cb174d9df6c7d30a8a16f6889731241345fc6444e6485f02af?s=96&d=mm&r=g","contentUrl":"https:\/\/secure.gravatar.com\/avatar\/e4ad5bb743c8b6cb174d9df6c7d30a8a16f6889731241345fc6444e6485f02af?s=96&d=mm&r=g","caption":"R\u00e9veil info"},"sameAs":["https:\/\/reveil-info.net"],"url":"https:\/\/reveil-info.net\/?author=1"}]}},"jetpack_featured_media_url":"","featured_image_urls":{"full":"","thumbnail":"","medium":"","medium_large":"","large":"","1536x1536":"","2048x2048":"","chromenews-featured":"","chromenews-large":"","chromenews-medium":""},"author_info":{"display_name":"R\u00e9veil info","author_link":"https:\/\/reveil-info.net\/?author=1"},"category_info":"<a href=\"https:\/\/reveil-info.net\/?cat=2\" rel=\"category\">Actualit\u00e9<\/a> <a href=\"https:\/\/reveil-info.net\/?cat=18\" rel=\"category\">Sports et Culture<\/a>","tag_info":"Sports et Culture","comment_count":"0","_links":{"self":[{"href":"https:\/\/reveil-info.net\/index.php?rest_route=\/wp\/v2\/posts\/40907","targetHints":{"allow":["GET"]}}],"collection":[{"href":"https:\/\/reveil-info.net\/index.php?rest_route=\/wp\/v2\/posts"}],"about":[{"href":"https:\/\/reveil-info.net\/index.php?rest_route=\/wp\/v2\/types\/post"}],"author":[{"embeddable":true,"href":"https:\/\/reveil-info.net\/index.php?rest_route=\/wp\/v2\/users\/1"}],"replies":[{"embeddable":true,"href":"https:\/\/reveil-info.net\/index.php?rest_route=%2Fwp%2Fv2%2Fcomments&post=40907"}],"version-history":[{"count":4,"href":"https:\/\/reveil-info.net\/index.php?rest_route=\/wp\/v2\/posts\/40907\/revisions"}],"predecessor-version":[{"id":40913,"href":"https:\/\/reveil-info.net\/index.php?rest_route=\/wp\/v2\/posts\/40907\/revisions\/40913"}],"wp:attachment":[{"href":"https:\/\/reveil-info.net\/index.php?rest_route=%2Fwp%2Fv2%2Fmedia&parent=40907"}],"wp:term":[{"taxonomy":"category","embeddable":true,"href":"https:\/\/reveil-info.net\/index.php?rest_route=%2Fwp%2Fv2%2Fcategories&post=40907"},{"taxonomy":"post_tag","embeddable":true,"href":"https:\/\/reveil-info.net\/index.php?rest_route=%2Fwp%2Fv2%2Ftags&post=40907"}],"curies":[{"name":"wp","href":"https:\/\/api.w.org\/{rel}","templated":true}]}}