{"id":40800,"date":"2026-01-17T11:14:21","date_gmt":"2026-01-17T11:14:21","guid":{"rendered":"https:\/\/reveil-info.net\/?p=40800"},"modified":"2026-01-17T11:14:21","modified_gmt":"2026-01-17T11:14:21","slug":"burkina-proces-pour-corruption-impliquant-des-magistrats","status":"publish","type":"post","link":"https:\/\/reveil-info.net\/?p=40800","title":{"rendered":"Burkina : proc\u00e8s pour corruption impliquant des magistrats"},"content":{"rendered":"<p>Burkina : le proc\u00e8s pour corruption impliquant des magistrats et d\u2019autres pr\u00e9venus renvoy\u00e9 au 2 f\u00e9vrier, leurs demandes de libert\u00e9 rejet\u00e9es<\/p>\n<p><img loading=\"lazy\" decoding=\"async\" class=\"alignnone size-full wp-image-40802\" src=\"https:\/\/reveil-info.net\/wp-content\/uploads\/2026\/01\/1768648257660.jpg\" alt=\"\" width=\"720\" height=\"403\" srcset=\"https:\/\/reveil-info.net\/wp-content\/uploads\/2026\/01\/1768648257660.jpg 720w, https:\/\/reveil-info.net\/wp-content\/uploads\/2026\/01\/1768648257660-300x168.jpg 300w\" sizes=\"auto, (max-width: 720px) 100vw, 720px\" \/><\/p>\n<p>Koup\u00e9la, 16 janv. 2026 (AIB)-Le proc\u00e8s mettant en cause des magistrats, des douaniers et des avocats, poursuivis pour des faits de corruption d\u2019agent public, de divulgation d\u2019identit\u00e9 de t\u00e9moin et de blanchiment de capitaux, ouvert vendredi au TGI de Koup\u00e9la, a \u00e9t\u00e9 renvoy\u00e9 pour jugement au 2 f\u00e9vrier 2026 devant la m\u00eame juridiction. Les requ\u00eates de mise en libert\u00e9 provisoire ont \u00e9t\u00e9 rejet\u00e9es.<\/p>\n<p><img loading=\"lazy\" decoding=\"async\" class=\"alignnone size-full wp-image-40804\" src=\"https:\/\/reveil-info.net\/wp-content\/uploads\/2026\/01\/1768648265122.jpg\" alt=\"\" width=\"720\" height=\"540\" srcset=\"https:\/\/reveil-info.net\/wp-content\/uploads\/2026\/01\/1768648265122.jpg 720w, https:\/\/reveil-info.net\/wp-content\/uploads\/2026\/01\/1768648265122-300x225.jpg 300w\" sizes=\"auto, (max-width: 720px) 100vw, 720px\" \/><\/p>\n<p>Acceptation de cadeaux indus, corruption d\u2019agent public, divulgation d\u2019identit\u00e9 de t\u00e9moin, d\u00e9tention d\u2019arme \u00e0 feu, blanchiment de capitaux et trafic d\u2019influence figurent, entre autres, parmi les chefs d\u2019accusation retenus contre les pr\u00e9venus, dont des magistrats.<\/p>\n<p>Tous ont comparu le vendredi 16 janvier 2026 devant le Tribunal de grande instance de Koup\u00e9la, a constat\u00e9 l&rsquo;AIB.<\/p>\n<p>Apr\u00e8s une premi\u00e8re suspension de 20 minutes sollicit\u00e9e par la d\u00e9fense pour concertation, l\u2019audience a repris avec une demande de renvoi du dossier sous huitaine. Le parquet n\u2019y a pas trouv\u00e9 d\u2019inconv\u00e9nient.<\/p>\n<p>\u00c0 l\u2019appui de cette requ\u00eate, les parties ont invoqu\u00e9 la n\u00e9cessit\u00e9 pour les conseils de mieux s\u2019approprier le dossier, conform\u00e9ment \u00e0 l\u2019article 321 du Code de proc\u00e9dure p\u00e9nale, qui dispose que \u00ab si le dossier n\u2019est pas en \u00e9tat de recevoir jugement, il est renvoy\u00e9 \u00e0 une date ult\u00e9rieure \u00bb.<\/p>\n<p>\u00ab Comment d\u00e9fendre des pr\u00e9venus dont on ne ma\u00eetrise pas le dossier ? \u00bb, s\u2019est interrog\u00e9e Me Antoinette Ou\u00e9draogo, avant d\u2019ajouter que juger ces acteurs dans ces conditions, \u00ab c\u2019est les envoyer dans un couloir sans limite \u00bb.<\/p>\n<p>Si les parties se sont accord\u00e9es sur le principe du renvoi, la date et la forme de celui-ci ont donn\u00e9 lieu \u00e0 de longs d\u00e9bats entre le parquet, le si\u00e8ge et la d\u00e9fense, entra\u00eenant une nouvelle suspension de l\u2019audience de 20 minutes.<\/p>\n<p>\u00c0 l\u2019issue de cette pause, le tribunal a d\u00e9cid\u00e9 de renvoyer l\u2019affaire pour jugement au 2 f\u00e9vrier 2026.<\/p>\n<p>Les principes de l\u2019article 321 ayant \u00e9t\u00e9 act\u00e9s, une longue plaidoirie s\u2019ensuivit sur les demandes de mise en libert\u00e9 provisoire des mis en cause et de d\u00e9gel des comptes de plusieurs d\u2019entre eux.<\/p>\n<p>Selon les avocats de la d\u00e9fense, la d\u00e9tention doit rester une exception. Ils ont soutenu que leurs clients sont dispos\u00e9s \u00e0 compara\u00eetre librement afin de d\u00e9fendre leur honneur et que leur mise en libert\u00e9 n\u2019affecterait ni la suite de la proc\u00e9dure ni la manifestation de la v\u00e9rit\u00e9.<\/p>\n<p>Ils ont \u00e9galement affirm\u00e9 qu\u2019elle n\u2019entra\u00eenerait aucune subornation de t\u00e9moins.<\/p>\n<p>Les conseils ont en outre soulign\u00e9 que plusieurs d\u00e9cisions judiciaires, d\u00e9pendant de la situation de certains mis en cause, sont en attente et que l\u2019acceptation de leurs requ\u00eates soulagerait de nombreux justiciables.<\/p>\n<p>Pour le Procureur, bien que les garanties de repr\u00e9sentation des pr\u00e9venus et l\u2019absence de risque de pression sur les t\u00e9moins soient reconnues, la mise en libert\u00e9 ne saurait \u00eatre accord\u00e9e, car elle pourrait engendrer des troubles \u00e0 l\u2019ordre public.<\/p>\n<p>Il a \u00e9galement estim\u00e9 qu\u2019une telle mesure susciterait un sentiment d\u2019injustice au sein de l\u2019opinion publique.<\/p>\n<p>Par ailleurs, le parquet a indiqu\u00e9 qu\u2019au regard de l\u2019absence de garanties s\u00e9curitaires suffisantes, la demande de mise en libert\u00e9 est inop\u00e9rante et a requis le maintien en d\u00e9tention des int\u00e9ress\u00e9s jusqu\u2019au 2 f\u00e9vrier 2026.<\/p>\n<p>S\u2019agissant de la demande de d\u00e9gel des comptes, le Procureur a estim\u00e9 qu\u2019au stade actuel de la proc\u00e9dure, il serait hasardeux d\u2019y faire droit, arguant que cela pourrait laisser pr\u00e9sager de l\u2019orientation du dossier.<\/p>\n<p>Cette position a suscit\u00e9 de vives r\u00e9actions de la part de la d\u00e9fense, qui a r\u00e9torqu\u00e9 que, sur le plan s\u00e9curitaire, personne n\u2019en veut aux mis en cause, rappelant que depuis 2021, aucune plainte n\u2019a \u00e9t\u00e9 enregistr\u00e9e contre eux.<\/p>\n<p>Les conseils ont \u00e9galement critiqu\u00e9 la notion de trouble \u00e0 l\u2019ordre public \u00e9voqu\u00e9e par le parquet, estimant que les d\u00e9cisions de justice ne doivent pas \u00eatre rendues pour satisfaire l\u2019opinion publique.<\/p>\n<p>\u00ab La libert\u00e9 n\u2019est pas un privil\u00e8ge, mais un droit auquel tout pr\u00e9venu peut pr\u00e9tendre, surtout dans une proc\u00e9dure de flagrance \u00bb, ont-ils conclu.<\/p>\n<p>Statuant publiquement, en mati\u00e8re correctionnelle et avant de se prononcer sur le fond, le tribunal a rejet\u00e9 les demandes de mise en libert\u00e9 provisoire et de d\u00e9gel des comptes des personnes mises en cause.<\/p>\n<p>Pour rappel, dans un communiqu\u00e9 en date du 12 novembre 2025, le Korag avait mis en cause dix magistrats (pr\u00e9sident de chambre, procureur g\u00e9n\u00e9ral, substitut g\u00e9n\u00e9ral, procureur du Faso, juge d\u2019instruction, juge au si\u00e8ge, entre autres) et un avocat pour des faits de corruption d\u2019agent public, de divulgation d\u2019identit\u00e9 de t\u00e9moin, de d\u00e9tention d\u2019arme \u00e0 feu, de blanchiment de capitaux et de trafic d\u2019influence.<\/p>\n<p>Dans le cadre de cette affaire, une s\u00e9rie d\u2019interpellations d\u2019acteurs de la justice, suivie d\u2019auditions men\u00e9es courant octobre 2025, a r\u00e9v\u00e9l\u00e9 l\u2019existence d\u2019un vaste r\u00e9seau d\u2019agents ind\u00e9licats \u00e0 la Cour d\u2019appel de Ouagadougou.<\/p>\n<p>En tant que magistrats officiant \u00e0 Ouagadougou la loi impose qu\u2019ils soient jug\u00e9s dans un autre tribunal d\u2019o\u00f9 la raison de Koup\u00e9la qui rel\u00e8ve de la Cour d\u2019appel de Fada N&rsquo;Gourma.<\/p>\n<p>Agence d\u2019Information du Burkina<\/p>\n<p>Reveil-info<\/p>\n","protected":false},"excerpt":{"rendered":"<p>Burkina : le proc\u00e8s pour corruption impliquant des magistrats et d\u2019autres pr\u00e9venus renvoy\u00e9 au 2<\/p>\n","protected":false},"author":1,"featured_media":0,"comment_status":"open","ping_status":"open","sticky":false,"template":"","format":"standard","meta":{"footnotes":""},"categories":[2,45],"tags":[],"class_list":["post-40800","post","type-post","status-publish","format-standard","hentry","category-actu","category-justice"],"yoast_head":"<!-- This site is optimized with the Yoast SEO plugin v27.5 - https:\/\/yoast.com\/product\/yoast-seo-wordpress\/ -->\n<title>Burkina : proc\u00e8s pour corruption impliquant des magistrats - R\u00e9veil Info<\/title>\n<meta name=\"robots\" content=\"noindex, follow, max-snippet:-1, max-image-preview:large, max-video-preview:-1\" \/>\n<meta property=\"og:locale\" content=\"fr_FR\" \/>\n<meta property=\"og:type\" content=\"article\" \/>\n<meta property=\"og:title\" content=\"Burkina : proc\u00e8s pour corruption impliquant des magistrats - R\u00e9veil Info\" \/>\n<meta property=\"og:description\" content=\"Burkina : le proc\u00e8s pour corruption impliquant des magistrats et d\u2019autres pr\u00e9venus renvoy\u00e9 au 2\" \/>\n<meta property=\"og:url\" content=\"https:\/\/reveil-info.net\/?p=40800\" \/>\n<meta property=\"og:site_name\" content=\"R\u00e9veil Info\" \/>\n<meta property=\"article:published_time\" content=\"2026-01-17T11:14:21+00:00\" \/>\n<meta property=\"og:image\" content=\"https:\/\/reveil-info.net\/wp-content\/uploads\/2026\/01\/1768648257660.jpg\" \/>\n\t<meta property=\"og:image:width\" content=\"720\" \/>\n\t<meta property=\"og:image:height\" content=\"403\" \/>\n\t<meta property=\"og:image:type\" content=\"image\/jpeg\" \/>\n<meta name=\"author\" content=\"R\u00e9veil info\" \/>\n<meta name=\"twitter:card\" content=\"summary_large_image\" \/>\n<meta name=\"twitter:label1\" content=\"\u00c9crit par\" \/>\n\t<meta name=\"twitter:data1\" content=\"R\u00e9veil info\" \/>\n\t<meta name=\"twitter:label2\" content=\"Dur\u00e9e de lecture estim\u00e9e\" \/>\n\t<meta name=\"twitter:data2\" content=\"5 minutes\" \/>\n<script type=\"application\/ld+json\" class=\"yoast-schema-graph\">{\"@context\":\"https:\\\/\\\/schema.org\",\"@graph\":[{\"@type\":\"Article\",\"@id\":\"https:\\\/\\\/reveil-info.net\\\/?p=40800#article\",\"isPartOf\":{\"@id\":\"https:\\\/\\\/reveil-info.net\\\/?p=40800\"},\"author\":{\"name\":\"R\u00e9veil info\",\"@id\":\"https:\\\/\\\/reveil-info.net\\\/#\\\/schema\\\/person\\\/ca0cc8e70088e0a2b5e92556c1ee60f5\"},\"headline\":\"Burkina : proc\u00e8s pour corruption impliquant des magistrats\",\"datePublished\":\"2026-01-17T11:14:21+00:00\",\"mainEntityOfPage\":{\"@id\":\"https:\\\/\\\/reveil-info.net\\\/?p=40800\"},\"wordCount\":952,\"commentCount\":0,\"publisher\":{\"@id\":\"https:\\\/\\\/reveil-info.net\\\/#organization\"},\"image\":{\"@id\":\"https:\\\/\\\/reveil-info.net\\\/?p=40800#primaryimage\"},\"thumbnailUrl\":\"https:\\\/\\\/reveil-info.net\\\/wp-content\\\/uploads\\\/2026\\\/01\\\/1768648257660.jpg\",\"articleSection\":[\"Actualit\u00e9\",\"Justice\"],\"inLanguage\":\"fr-FR\",\"potentialAction\":[{\"@type\":\"CommentAction\",\"name\":\"Comment\",\"target\":[\"https:\\\/\\\/reveil-info.net\\\/?p=40800#respond\"]}]},{\"@type\":\"WebPage\",\"@id\":\"https:\\\/\\\/reveil-info.net\\\/?p=40800\",\"url\":\"https:\\\/\\\/reveil-info.net\\\/?p=40800\",\"name\":\"Burkina : proc\u00e8s pour corruption impliquant des magistrats - R\u00e9veil Info\",\"isPartOf\":{\"@id\":\"https:\\\/\\\/reveil-info.net\\\/#website\"},\"primaryImageOfPage\":{\"@id\":\"https:\\\/\\\/reveil-info.net\\\/?p=40800#primaryimage\"},\"image\":{\"@id\":\"https:\\\/\\\/reveil-info.net\\\/?p=40800#primaryimage\"},\"thumbnailUrl\":\"https:\\\/\\\/reveil-info.net\\\/wp-content\\\/uploads\\\/2026\\\/01\\\/1768648257660.jpg\",\"datePublished\":\"2026-01-17T11:14:21+00:00\",\"breadcrumb\":{\"@id\":\"https:\\\/\\\/reveil-info.net\\\/?p=40800#breadcrumb\"},\"inLanguage\":\"fr-FR\",\"potentialAction\":[{\"@type\":\"ReadAction\",\"target\":[\"https:\\\/\\\/reveil-info.net\\\/?p=40800\"]}]},{\"@type\":\"ImageObject\",\"inLanguage\":\"fr-FR\",\"@id\":\"https:\\\/\\\/reveil-info.net\\\/?p=40800#primaryimage\",\"url\":\"https:\\\/\\\/reveil-info.net\\\/wp-content\\\/uploads\\\/2026\\\/01\\\/1768648257660.jpg\",\"contentUrl\":\"https:\\\/\\\/reveil-info.net\\\/wp-content\\\/uploads\\\/2026\\\/01\\\/1768648257660.jpg\",\"width\":720,\"height\":403},{\"@type\":\"BreadcrumbList\",\"@id\":\"https:\\\/\\\/reveil-info.net\\\/?p=40800#breadcrumb\",\"itemListElement\":[{\"@type\":\"ListItem\",\"position\":1,\"name\":\"Home\",\"item\":\"https:\\\/\\\/reveil-info.net\\\/\"},{\"@type\":\"ListItem\",\"position\":2,\"name\":\"Burkina : proc\u00e8s pour corruption impliquant des magistrats\"}]},{\"@type\":\"WebSite\",\"@id\":\"https:\\\/\\\/reveil-info.net\\\/#website\",\"url\":\"https:\\\/\\\/reveil-info.net\\\/\",\"name\":\"R\u00e9veil Info\",\"description\":\"Le devoir d&#039;informer!\",\"publisher\":{\"@id\":\"https:\\\/\\\/reveil-info.net\\\/#organization\"},\"potentialAction\":[{\"@type\":\"SearchAction\",\"target\":{\"@type\":\"EntryPoint\",\"urlTemplate\":\"https:\\\/\\\/reveil-info.net\\\/?s={search_term_string}\"},\"query-input\":{\"@type\":\"PropertyValueSpecification\",\"valueRequired\":true,\"valueName\":\"search_term_string\"}}],\"inLanguage\":\"fr-FR\"},{\"@type\":\"Organization\",\"@id\":\"https:\\\/\\\/reveil-info.net\\\/#organization\",\"name\":\"R\u00e9veil Info\",\"url\":\"https:\\\/\\\/reveil-info.net\\\/\",\"logo\":{\"@type\":\"ImageObject\",\"inLanguage\":\"fr-FR\",\"@id\":\"https:\\\/\\\/reveil-info.net\\\/#\\\/schema\\\/logo\\\/image\\\/\",\"url\":\"https:\\\/\\\/reveil-info.net\\\/wp-content\\\/uploads\\\/2024\\\/07\\\/bnddd1.jpg\",\"contentUrl\":\"https:\\\/\\\/reveil-info.net\\\/wp-content\\\/uploads\\\/2024\\\/07\\\/bnddd1.jpg\",\"width\":903,\"height\":125,\"caption\":\"R\u00e9veil Info\"},\"image\":{\"@id\":\"https:\\\/\\\/reveil-info.net\\\/#\\\/schema\\\/logo\\\/image\\\/\"}},{\"@type\":\"Person\",\"@id\":\"https:\\\/\\\/reveil-info.net\\\/#\\\/schema\\\/person\\\/ca0cc8e70088e0a2b5e92556c1ee60f5\",\"name\":\"R\u00e9veil info\",\"image\":{\"@type\":\"ImageObject\",\"inLanguage\":\"fr-FR\",\"@id\":\"https:\\\/\\\/secure.gravatar.com\\\/avatar\\\/e4ad5bb743c8b6cb174d9df6c7d30a8a16f6889731241345fc6444e6485f02af?s=96&d=mm&r=g\",\"url\":\"https:\\\/\\\/secure.gravatar.com\\\/avatar\\\/e4ad5bb743c8b6cb174d9df6c7d30a8a16f6889731241345fc6444e6485f02af?s=96&d=mm&r=g\",\"contentUrl\":\"https:\\\/\\\/secure.gravatar.com\\\/avatar\\\/e4ad5bb743c8b6cb174d9df6c7d30a8a16f6889731241345fc6444e6485f02af?s=96&d=mm&r=g\",\"caption\":\"R\u00e9veil info\"},\"sameAs\":[\"https:\\\/\\\/reveil-info.net\"],\"url\":\"https:\\\/\\\/reveil-info.net\\\/?author=1\"}]}<\/script>\n<!-- \/ Yoast SEO plugin. -->","yoast_head_json":{"title":"Burkina : proc\u00e8s pour corruption impliquant des magistrats - R\u00e9veil Info","robots":{"index":"noindex","follow":"follow","max-snippet":"max-snippet:-1","max-image-preview":"max-image-preview:large","max-video-preview":"max-video-preview:-1"},"og_locale":"fr_FR","og_type":"article","og_title":"Burkina : proc\u00e8s pour corruption impliquant des magistrats - R\u00e9veil Info","og_description":"Burkina : le proc\u00e8s pour corruption impliquant des magistrats et d\u2019autres pr\u00e9venus renvoy\u00e9 au 2","og_url":"https:\/\/reveil-info.net\/?p=40800","og_site_name":"R\u00e9veil Info","article_published_time":"2026-01-17T11:14:21+00:00","og_image":[{"width":720,"height":403,"url":"https:\/\/reveil-info.net\/wp-content\/uploads\/2026\/01\/1768648257660.jpg","type":"image\/jpeg"}],"author":"R\u00e9veil info","twitter_card":"summary_large_image","twitter_misc":{"\u00c9crit par":"R\u00e9veil info","Dur\u00e9e de lecture estim\u00e9e":"5 minutes"},"schema":{"@context":"https:\/\/schema.org","@graph":[{"@type":"Article","@id":"https:\/\/reveil-info.net\/?p=40800#article","isPartOf":{"@id":"https:\/\/reveil-info.net\/?p=40800"},"author":{"name":"R\u00e9veil info","@id":"https:\/\/reveil-info.net\/#\/schema\/person\/ca0cc8e70088e0a2b5e92556c1ee60f5"},"headline":"Burkina : proc\u00e8s pour corruption impliquant des magistrats","datePublished":"2026-01-17T11:14:21+00:00","mainEntityOfPage":{"@id":"https:\/\/reveil-info.net\/?p=40800"},"wordCount":952,"commentCount":0,"publisher":{"@id":"https:\/\/reveil-info.net\/#organization"},"image":{"@id":"https:\/\/reveil-info.net\/?p=40800#primaryimage"},"thumbnailUrl":"https:\/\/reveil-info.net\/wp-content\/uploads\/2026\/01\/1768648257660.jpg","articleSection":["Actualit\u00e9","Justice"],"inLanguage":"fr-FR","potentialAction":[{"@type":"CommentAction","name":"Comment","target":["https:\/\/reveil-info.net\/?p=40800#respond"]}]},{"@type":"WebPage","@id":"https:\/\/reveil-info.net\/?p=40800","url":"https:\/\/reveil-info.net\/?p=40800","name":"Burkina : proc\u00e8s pour corruption impliquant des magistrats - R\u00e9veil Info","isPartOf":{"@id":"https:\/\/reveil-info.net\/#website"},"primaryImageOfPage":{"@id":"https:\/\/reveil-info.net\/?p=40800#primaryimage"},"image":{"@id":"https:\/\/reveil-info.net\/?p=40800#primaryimage"},"thumbnailUrl":"https:\/\/reveil-info.net\/wp-content\/uploads\/2026\/01\/1768648257660.jpg","datePublished":"2026-01-17T11:14:21+00:00","breadcrumb":{"@id":"https:\/\/reveil-info.net\/?p=40800#breadcrumb"},"inLanguage":"fr-FR","potentialAction":[{"@type":"ReadAction","target":["https:\/\/reveil-info.net\/?p=40800"]}]},{"@type":"ImageObject","inLanguage":"fr-FR","@id":"https:\/\/reveil-info.net\/?p=40800#primaryimage","url":"https:\/\/reveil-info.net\/wp-content\/uploads\/2026\/01\/1768648257660.jpg","contentUrl":"https:\/\/reveil-info.net\/wp-content\/uploads\/2026\/01\/1768648257660.jpg","width":720,"height":403},{"@type":"BreadcrumbList","@id":"https:\/\/reveil-info.net\/?p=40800#breadcrumb","itemListElement":[{"@type":"ListItem","position":1,"name":"Home","item":"https:\/\/reveil-info.net\/"},{"@type":"ListItem","position":2,"name":"Burkina : proc\u00e8s pour corruption impliquant des magistrats"}]},{"@type":"WebSite","@id":"https:\/\/reveil-info.net\/#website","url":"https:\/\/reveil-info.net\/","name":"R\u00e9veil Info","description":"Le devoir d&#039;informer!","publisher":{"@id":"https:\/\/reveil-info.net\/#organization"},"potentialAction":[{"@type":"SearchAction","target":{"@type":"EntryPoint","urlTemplate":"https:\/\/reveil-info.net\/?s={search_term_string}"},"query-input":{"@type":"PropertyValueSpecification","valueRequired":true,"valueName":"search_term_string"}}],"inLanguage":"fr-FR"},{"@type":"Organization","@id":"https:\/\/reveil-info.net\/#organization","name":"R\u00e9veil Info","url":"https:\/\/reveil-info.net\/","logo":{"@type":"ImageObject","inLanguage":"fr-FR","@id":"https:\/\/reveil-info.net\/#\/schema\/logo\/image\/","url":"https:\/\/reveil-info.net\/wp-content\/uploads\/2024\/07\/bnddd1.jpg","contentUrl":"https:\/\/reveil-info.net\/wp-content\/uploads\/2024\/07\/bnddd1.jpg","width":903,"height":125,"caption":"R\u00e9veil Info"},"image":{"@id":"https:\/\/reveil-info.net\/#\/schema\/logo\/image\/"}},{"@type":"Person","@id":"https:\/\/reveil-info.net\/#\/schema\/person\/ca0cc8e70088e0a2b5e92556c1ee60f5","name":"R\u00e9veil info","image":{"@type":"ImageObject","inLanguage":"fr-FR","@id":"https:\/\/secure.gravatar.com\/avatar\/e4ad5bb743c8b6cb174d9df6c7d30a8a16f6889731241345fc6444e6485f02af?s=96&d=mm&r=g","url":"https:\/\/secure.gravatar.com\/avatar\/e4ad5bb743c8b6cb174d9df6c7d30a8a16f6889731241345fc6444e6485f02af?s=96&d=mm&r=g","contentUrl":"https:\/\/secure.gravatar.com\/avatar\/e4ad5bb743c8b6cb174d9df6c7d30a8a16f6889731241345fc6444e6485f02af?s=96&d=mm&r=g","caption":"R\u00e9veil info"},"sameAs":["https:\/\/reveil-info.net"],"url":"https:\/\/reveil-info.net\/?author=1"}]}},"jetpack_featured_media_url":"","featured_image_urls":{"full":"","thumbnail":"","medium":"","medium_large":"","large":"","1536x1536":"","2048x2048":"","chromenews-featured":"","chromenews-large":"","chromenews-medium":""},"author_info":{"display_name":"R\u00e9veil info","author_link":"https:\/\/reveil-info.net\/?author=1"},"category_info":"<a href=\"https:\/\/reveil-info.net\/?cat=2\" rel=\"category\">Actualit\u00e9<\/a> <a href=\"https:\/\/reveil-info.net\/?cat=45\" rel=\"category\">Justice<\/a>","tag_info":"Justice","comment_count":"0","_links":{"self":[{"href":"https:\/\/reveil-info.net\/index.php?rest_route=\/wp\/v2\/posts\/40800","targetHints":{"allow":["GET"]}}],"collection":[{"href":"https:\/\/reveil-info.net\/index.php?rest_route=\/wp\/v2\/posts"}],"about":[{"href":"https:\/\/reveil-info.net\/index.php?rest_route=\/wp\/v2\/types\/post"}],"author":[{"embeddable":true,"href":"https:\/\/reveil-info.net\/index.php?rest_route=\/wp\/v2\/users\/1"}],"replies":[{"embeddable":true,"href":"https:\/\/reveil-info.net\/index.php?rest_route=%2Fwp%2Fv2%2Fcomments&post=40800"}],"version-history":[{"count":3,"href":"https:\/\/reveil-info.net\/index.php?rest_route=\/wp\/v2\/posts\/40800\/revisions"}],"predecessor-version":[{"id":40805,"href":"https:\/\/reveil-info.net\/index.php?rest_route=\/wp\/v2\/posts\/40800\/revisions\/40805"}],"wp:attachment":[{"href":"https:\/\/reveil-info.net\/index.php?rest_route=%2Fwp%2Fv2%2Fmedia&parent=40800"}],"wp:term":[{"taxonomy":"category","embeddable":true,"href":"https:\/\/reveil-info.net\/index.php?rest_route=%2Fwp%2Fv2%2Fcategories&post=40800"},{"taxonomy":"post_tag","embeddable":true,"href":"https:\/\/reveil-info.net\/index.php?rest_route=%2Fwp%2Fv2%2Ftags&post=40800"}],"curies":[{"name":"wp","href":"https:\/\/api.w.org\/{rel}","templated":true}]}}