{"id":40601,"date":"2026-01-15T11:54:28","date_gmt":"2026-01-15T11:54:28","guid":{"rendered":"https:\/\/reveil-info.net\/?p=40601"},"modified":"2026-01-15T11:55:31","modified_gmt":"2026-01-15T11:55:31","slug":"burkina-le-dg-de-la-police-chez-le-ministre-de-la-guerre","status":"publish","type":"post","link":"https:\/\/reveil-info.net\/?p=40601","title":{"rendered":"Burkina : le DG de la police chez le ministre de la guerre"},"content":{"rendered":"<p>Le Directeur G\u00e9n\u00e9ral de la Police Nationale pr\u00e9sente ses civilit\u00e9s au Ministre de la Guerre et de la D\u00e9fense Patriotique.<\/p>\n<p><img loading=\"lazy\" decoding=\"async\" class=\"alignnone size-full wp-image-40603\" src=\"https:\/\/reveil-info.net\/wp-content\/uploads\/2026\/01\/1768477768778.jpg\" alt=\"\" width=\"720\" height=\"535\" srcset=\"https:\/\/reveil-info.net\/wp-content\/uploads\/2026\/01\/1768477768778.jpg 720w, https:\/\/reveil-info.net\/wp-content\/uploads\/2026\/01\/1768477768778-300x223.jpg 300w\" sizes=\"auto, (max-width: 720px) 100vw, 720px\" \/><\/p>\n<p>Le mardi 13 janvier 2026, le Directeur G\u00e9n\u00e9ral de la Police Nationale (DGPN), l\u2019Inspecteur G\u00e9n\u00e9ral de Police Thierry Dofizouho TUINA, a rendu une visite de courtoisie au Ministre d\u2019Etat, Ministre de la Guerre et de la D\u00e9fense Patriotique, le G\u00e9n\u00e9ral de Division C\u00e9lestin SIMPORE.<\/p>\n<p>Empreinte de civilit\u00e9, cette visite, selon le DGPN, a pour objet de pr\u00e9senter ses admirations au Ministre d\u2019Etat pour sa nomination r\u00e9cente au grade de G\u00e9n\u00e9ral de Division ainsi que sa reconduction au poste de Ministre d\u2019Etat, Ministre de la Guerre et de la D\u00e9fense Patriotique, intervenue hier dans le cadre du remaniement minist\u00e9riel. Sacrifiant \u00e0 la tradition, le DGPN a saisi l\u2019occasion pour pr\u00e9senter ses meilleurs v\u0153ux au Ministre d\u2019Etat, lui souhaitant plein succ\u00e8s dans son leadership dans la reconqu\u00eate du territoire national. Du reste, un leadership qui a permis aux Forces de D\u00e9fense et de S\u00e9curit\u00e9 (FDS), aux Volontaires pour la D\u00e9fense de la Patrie (VDP) et aux populations de faire corps contre les ennemis de la Nation burkinab\u00e8.<\/p>\n<p><img loading=\"lazy\" decoding=\"async\" class=\"alignnone size-full wp-image-40605\" src=\"https:\/\/reveil-info.net\/wp-content\/uploads\/2026\/01\/1768477784960.jpg\" alt=\"\" width=\"720\" height=\"931\" srcset=\"https:\/\/reveil-info.net\/wp-content\/uploads\/2026\/01\/1768477784960.jpg 720w, https:\/\/reveil-info.net\/wp-content\/uploads\/2026\/01\/1768477784960-232x300.jpg 232w\" sizes=\"auto, (max-width: 720px) 100vw, 720px\" \/><\/p>\n<p>Toute chose qui a \u00e9t\u00e9 reconnue et salu\u00e9e par le patron de la Police Nationale Burkinab\u00e8, lui qui a marqu\u00e9 une fois de plus l\u2019enti\u00e8re disponibilit\u00e9 de son institution \u00e0 ne m\u00e9nager aucun effort pour jouer sa partition dans la guerre.<\/p>\n<p>Reconnaissant que son \u00e9l\u00e9vation au grade sup\u00e9rieur et la confiance \u00e0 lui renouvel\u00e9e par les plus hautes autorit\u00e9s sont la r\u00e9sultante de l\u2019effort de tous, le G\u00e9n\u00e9ral de Division a laiss\u00e9 entendre entre autres que : \u00ab Quand le pays est en p\u00e9ril, on se met ensemble pour chercher la paix \u00bb, comme pour inviter \u00e0 davantage d\u2019union sacr\u00e9e.<\/p>\n<p><img loading=\"lazy\" decoding=\"async\" class=\"alignnone size-full wp-image-40607\" src=\"https:\/\/reveil-info.net\/wp-content\/uploads\/2026\/01\/1768477776490.jpg\" alt=\"\" width=\"720\" height=\"439\" srcset=\"https:\/\/reveil-info.net\/wp-content\/uploads\/2026\/01\/1768477776490.jpg 720w, https:\/\/reveil-info.net\/wp-content\/uploads\/2026\/01\/1768477776490-300x183.jpg 300w\" sizes=\"auto, (max-width: 720px) 100vw, 720px\" \/><\/p>\n<p>C\u2019est sur des notes d\u2019esprit de patriotisme et de synergie d\u2019actions entre la Police Nationale et les Forces Arm\u00e9es Nationales que la rencontre a pris fin avec un espoir affich\u00e9 de la \u00ab victoire imminente du pays des Hommes int\u00e8gres sur le terrorisme \u00bb, foi du G\u00e9n\u00e9ral.<\/p>\n<p>Source :Police Nationale<\/p>\n<p>Reveil-info<\/p>\n","protected":false},"excerpt":{"rendered":"<p>Le Directeur G\u00e9n\u00e9ral de la Police Nationale pr\u00e9sente ses civilit\u00e9s au Ministre de la Guerre<\/p>\n","protected":false},"author":1,"featured_media":0,"comment_status":"open","ping_status":"open","sticky":false,"template":"","format":"standard","meta":{"footnotes":""},"categories":[2],"tags":[],"class_list":["post-40601","post","type-post","status-publish","format-standard","hentry","category-actu"],"yoast_head":"<!-- This site is optimized with the Yoast SEO plugin v27.5 - https:\/\/yoast.com\/product\/yoast-seo-wordpress\/ -->\n<title>Burkina : le DG de la police chez le ministre de la guerre - R\u00e9veil Info<\/title>\n<meta name=\"robots\" content=\"noindex, follow, max-snippet:-1, max-image-preview:large, max-video-preview:-1\" \/>\n<meta property=\"og:locale\" content=\"fr_FR\" \/>\n<meta property=\"og:type\" content=\"article\" \/>\n<meta property=\"og:title\" content=\"Burkina : le DG de la police chez le ministre de la guerre - R\u00e9veil Info\" \/>\n<meta property=\"og:description\" content=\"Le Directeur G\u00e9n\u00e9ral de la Police Nationale pr\u00e9sente ses civilit\u00e9s au Ministre de la Guerre\" \/>\n<meta property=\"og:url\" content=\"https:\/\/reveil-info.net\/?p=40601\" \/>\n<meta property=\"og:site_name\" content=\"R\u00e9veil Info\" \/>\n<meta property=\"article:published_time\" content=\"2026-01-15T11:54:28+00:00\" \/>\n<meta property=\"article:modified_time\" content=\"2026-01-15T11:55:31+00:00\" \/>\n<meta property=\"og:image\" content=\"https:\/\/reveil-info.net\/wp-content\/uploads\/2026\/01\/1768477768778.jpg\" \/>\n\t<meta property=\"og:image:width\" content=\"720\" \/>\n\t<meta property=\"og:image:height\" content=\"535\" \/>\n\t<meta property=\"og:image:type\" content=\"image\/jpeg\" \/>\n<meta name=\"author\" content=\"R\u00e9veil info\" \/>\n<meta name=\"twitter:card\" content=\"summary_large_image\" \/>\n<meta name=\"twitter:label1\" content=\"\u00c9crit par\" \/>\n\t<meta name=\"twitter:data1\" content=\"R\u00e9veil info\" \/>\n\t<meta name=\"twitter:label2\" content=\"Dur\u00e9e de lecture estim\u00e9e\" \/>\n\t<meta name=\"twitter:data2\" content=\"3 minutes\" \/>\n<script type=\"application\/ld+json\" class=\"yoast-schema-graph\">{\"@context\":\"https:\\\/\\\/schema.org\",\"@graph\":[{\"@type\":\"Article\",\"@id\":\"https:\\\/\\\/reveil-info.net\\\/?p=40601#article\",\"isPartOf\":{\"@id\":\"https:\\\/\\\/reveil-info.net\\\/?p=40601\"},\"author\":{\"name\":\"R\u00e9veil info\",\"@id\":\"https:\\\/\\\/reveil-info.net\\\/#\\\/schema\\\/person\\\/ca0cc8e70088e0a2b5e92556c1ee60f5\"},\"headline\":\"Burkina : le DG de la police chez le ministre de la guerre\",\"datePublished\":\"2026-01-15T11:54:28+00:00\",\"dateModified\":\"2026-01-15T11:55:31+00:00\",\"mainEntityOfPage\":{\"@id\":\"https:\\\/\\\/reveil-info.net\\\/?p=40601\"},\"wordCount\":391,\"commentCount\":0,\"publisher\":{\"@id\":\"https:\\\/\\\/reveil-info.net\\\/#organization\"},\"image\":{\"@id\":\"https:\\\/\\\/reveil-info.net\\\/?p=40601#primaryimage\"},\"thumbnailUrl\":\"https:\\\/\\\/reveil-info.net\\\/wp-content\\\/uploads\\\/2026\\\/01\\\/1768477768778.jpg\",\"articleSection\":[\"Actualit\u00e9\"],\"inLanguage\":\"fr-FR\",\"potentialAction\":[{\"@type\":\"CommentAction\",\"name\":\"Comment\",\"target\":[\"https:\\\/\\\/reveil-info.net\\\/?p=40601#respond\"]}]},{\"@type\":\"WebPage\",\"@id\":\"https:\\\/\\\/reveil-info.net\\\/?p=40601\",\"url\":\"https:\\\/\\\/reveil-info.net\\\/?p=40601\",\"name\":\"Burkina : le DG de la police chez le ministre de la guerre - R\u00e9veil Info\",\"isPartOf\":{\"@id\":\"https:\\\/\\\/reveil-info.net\\\/#website\"},\"primaryImageOfPage\":{\"@id\":\"https:\\\/\\\/reveil-info.net\\\/?p=40601#primaryimage\"},\"image\":{\"@id\":\"https:\\\/\\\/reveil-info.net\\\/?p=40601#primaryimage\"},\"thumbnailUrl\":\"https:\\\/\\\/reveil-info.net\\\/wp-content\\\/uploads\\\/2026\\\/01\\\/1768477768778.jpg\",\"datePublished\":\"2026-01-15T11:54:28+00:00\",\"dateModified\":\"2026-01-15T11:55:31+00:00\",\"breadcrumb\":{\"@id\":\"https:\\\/\\\/reveil-info.net\\\/?p=40601#breadcrumb\"},\"inLanguage\":\"fr-FR\",\"potentialAction\":[{\"@type\":\"ReadAction\",\"target\":[\"https:\\\/\\\/reveil-info.net\\\/?p=40601\"]}]},{\"@type\":\"ImageObject\",\"inLanguage\":\"fr-FR\",\"@id\":\"https:\\\/\\\/reveil-info.net\\\/?p=40601#primaryimage\",\"url\":\"https:\\\/\\\/reveil-info.net\\\/wp-content\\\/uploads\\\/2026\\\/01\\\/1768477768778.jpg\",\"contentUrl\":\"https:\\\/\\\/reveil-info.net\\\/wp-content\\\/uploads\\\/2026\\\/01\\\/1768477768778.jpg\",\"width\":720,\"height\":535},{\"@type\":\"BreadcrumbList\",\"@id\":\"https:\\\/\\\/reveil-info.net\\\/?p=40601#breadcrumb\",\"itemListElement\":[{\"@type\":\"ListItem\",\"position\":1,\"name\":\"Home\",\"item\":\"https:\\\/\\\/reveil-info.net\\\/\"},{\"@type\":\"ListItem\",\"position\":2,\"name\":\"Burkina : le DG de la police chez le ministre de la guerre\"}]},{\"@type\":\"WebSite\",\"@id\":\"https:\\\/\\\/reveil-info.net\\\/#website\",\"url\":\"https:\\\/\\\/reveil-info.net\\\/\",\"name\":\"R\u00e9veil Info\",\"description\":\"Le devoir d&#039;informer!\",\"publisher\":{\"@id\":\"https:\\\/\\\/reveil-info.net\\\/#organization\"},\"potentialAction\":[{\"@type\":\"SearchAction\",\"target\":{\"@type\":\"EntryPoint\",\"urlTemplate\":\"https:\\\/\\\/reveil-info.net\\\/?s={search_term_string}\"},\"query-input\":{\"@type\":\"PropertyValueSpecification\",\"valueRequired\":true,\"valueName\":\"search_term_string\"}}],\"inLanguage\":\"fr-FR\"},{\"@type\":\"Organization\",\"@id\":\"https:\\\/\\\/reveil-info.net\\\/#organization\",\"name\":\"R\u00e9veil Info\",\"url\":\"https:\\\/\\\/reveil-info.net\\\/\",\"logo\":{\"@type\":\"ImageObject\",\"inLanguage\":\"fr-FR\",\"@id\":\"https:\\\/\\\/reveil-info.net\\\/#\\\/schema\\\/logo\\\/image\\\/\",\"url\":\"https:\\\/\\\/reveil-info.net\\\/wp-content\\\/uploads\\\/2024\\\/07\\\/bnddd1.jpg\",\"contentUrl\":\"https:\\\/\\\/reveil-info.net\\\/wp-content\\\/uploads\\\/2024\\\/07\\\/bnddd1.jpg\",\"width\":903,\"height\":125,\"caption\":\"R\u00e9veil Info\"},\"image\":{\"@id\":\"https:\\\/\\\/reveil-info.net\\\/#\\\/schema\\\/logo\\\/image\\\/\"}},{\"@type\":\"Person\",\"@id\":\"https:\\\/\\\/reveil-info.net\\\/#\\\/schema\\\/person\\\/ca0cc8e70088e0a2b5e92556c1ee60f5\",\"name\":\"R\u00e9veil info\",\"image\":{\"@type\":\"ImageObject\",\"inLanguage\":\"fr-FR\",\"@id\":\"https:\\\/\\\/secure.gravatar.com\\\/avatar\\\/e4ad5bb743c8b6cb174d9df6c7d30a8a16f6889731241345fc6444e6485f02af?s=96&d=mm&r=g\",\"url\":\"https:\\\/\\\/secure.gravatar.com\\\/avatar\\\/e4ad5bb743c8b6cb174d9df6c7d30a8a16f6889731241345fc6444e6485f02af?s=96&d=mm&r=g\",\"contentUrl\":\"https:\\\/\\\/secure.gravatar.com\\\/avatar\\\/e4ad5bb743c8b6cb174d9df6c7d30a8a16f6889731241345fc6444e6485f02af?s=96&d=mm&r=g\",\"caption\":\"R\u00e9veil info\"},\"sameAs\":[\"https:\\\/\\\/reveil-info.net\"],\"url\":\"https:\\\/\\\/reveil-info.net\\\/?author=1\"}]}<\/script>\n<!-- \/ Yoast SEO plugin. -->","yoast_head_json":{"title":"Burkina : le DG de la police chez le ministre de la guerre - R\u00e9veil Info","robots":{"index":"noindex","follow":"follow","max-snippet":"max-snippet:-1","max-image-preview":"max-image-preview:large","max-video-preview":"max-video-preview:-1"},"og_locale":"fr_FR","og_type":"article","og_title":"Burkina : le DG de la police chez le ministre de la guerre - R\u00e9veil Info","og_description":"Le Directeur G\u00e9n\u00e9ral de la Police Nationale pr\u00e9sente ses civilit\u00e9s au Ministre de la Guerre","og_url":"https:\/\/reveil-info.net\/?p=40601","og_site_name":"R\u00e9veil Info","article_published_time":"2026-01-15T11:54:28+00:00","article_modified_time":"2026-01-15T11:55:31+00:00","og_image":[{"width":720,"height":535,"url":"https:\/\/reveil-info.net\/wp-content\/uploads\/2026\/01\/1768477768778.jpg","type":"image\/jpeg"}],"author":"R\u00e9veil info","twitter_card":"summary_large_image","twitter_misc":{"\u00c9crit par":"R\u00e9veil info","Dur\u00e9e de lecture estim\u00e9e":"3 minutes"},"schema":{"@context":"https:\/\/schema.org","@graph":[{"@type":"Article","@id":"https:\/\/reveil-info.net\/?p=40601#article","isPartOf":{"@id":"https:\/\/reveil-info.net\/?p=40601"},"author":{"name":"R\u00e9veil info","@id":"https:\/\/reveil-info.net\/#\/schema\/person\/ca0cc8e70088e0a2b5e92556c1ee60f5"},"headline":"Burkina : le DG de la police chez le ministre de la guerre","datePublished":"2026-01-15T11:54:28+00:00","dateModified":"2026-01-15T11:55:31+00:00","mainEntityOfPage":{"@id":"https:\/\/reveil-info.net\/?p=40601"},"wordCount":391,"commentCount":0,"publisher":{"@id":"https:\/\/reveil-info.net\/#organization"},"image":{"@id":"https:\/\/reveil-info.net\/?p=40601#primaryimage"},"thumbnailUrl":"https:\/\/reveil-info.net\/wp-content\/uploads\/2026\/01\/1768477768778.jpg","articleSection":["Actualit\u00e9"],"inLanguage":"fr-FR","potentialAction":[{"@type":"CommentAction","name":"Comment","target":["https:\/\/reveil-info.net\/?p=40601#respond"]}]},{"@type":"WebPage","@id":"https:\/\/reveil-info.net\/?p=40601","url":"https:\/\/reveil-info.net\/?p=40601","name":"Burkina : le DG de la police chez le ministre de la guerre - R\u00e9veil Info","isPartOf":{"@id":"https:\/\/reveil-info.net\/#website"},"primaryImageOfPage":{"@id":"https:\/\/reveil-info.net\/?p=40601#primaryimage"},"image":{"@id":"https:\/\/reveil-info.net\/?p=40601#primaryimage"},"thumbnailUrl":"https:\/\/reveil-info.net\/wp-content\/uploads\/2026\/01\/1768477768778.jpg","datePublished":"2026-01-15T11:54:28+00:00","dateModified":"2026-01-15T11:55:31+00:00","breadcrumb":{"@id":"https:\/\/reveil-info.net\/?p=40601#breadcrumb"},"inLanguage":"fr-FR","potentialAction":[{"@type":"ReadAction","target":["https:\/\/reveil-info.net\/?p=40601"]}]},{"@type":"ImageObject","inLanguage":"fr-FR","@id":"https:\/\/reveil-info.net\/?p=40601#primaryimage","url":"https:\/\/reveil-info.net\/wp-content\/uploads\/2026\/01\/1768477768778.jpg","contentUrl":"https:\/\/reveil-info.net\/wp-content\/uploads\/2026\/01\/1768477768778.jpg","width":720,"height":535},{"@type":"BreadcrumbList","@id":"https:\/\/reveil-info.net\/?p=40601#breadcrumb","itemListElement":[{"@type":"ListItem","position":1,"name":"Home","item":"https:\/\/reveil-info.net\/"},{"@type":"ListItem","position":2,"name":"Burkina : le DG de la police chez le ministre de la guerre"}]},{"@type":"WebSite","@id":"https:\/\/reveil-info.net\/#website","url":"https:\/\/reveil-info.net\/","name":"R\u00e9veil Info","description":"Le devoir d&#039;informer!","publisher":{"@id":"https:\/\/reveil-info.net\/#organization"},"potentialAction":[{"@type":"SearchAction","target":{"@type":"EntryPoint","urlTemplate":"https:\/\/reveil-info.net\/?s={search_term_string}"},"query-input":{"@type":"PropertyValueSpecification","valueRequired":true,"valueName":"search_term_string"}}],"inLanguage":"fr-FR"},{"@type":"Organization","@id":"https:\/\/reveil-info.net\/#organization","name":"R\u00e9veil Info","url":"https:\/\/reveil-info.net\/","logo":{"@type":"ImageObject","inLanguage":"fr-FR","@id":"https:\/\/reveil-info.net\/#\/schema\/logo\/image\/","url":"https:\/\/reveil-info.net\/wp-content\/uploads\/2024\/07\/bnddd1.jpg","contentUrl":"https:\/\/reveil-info.net\/wp-content\/uploads\/2024\/07\/bnddd1.jpg","width":903,"height":125,"caption":"R\u00e9veil Info"},"image":{"@id":"https:\/\/reveil-info.net\/#\/schema\/logo\/image\/"}},{"@type":"Person","@id":"https:\/\/reveil-info.net\/#\/schema\/person\/ca0cc8e70088e0a2b5e92556c1ee60f5","name":"R\u00e9veil info","image":{"@type":"ImageObject","inLanguage":"fr-FR","@id":"https:\/\/secure.gravatar.com\/avatar\/e4ad5bb743c8b6cb174d9df6c7d30a8a16f6889731241345fc6444e6485f02af?s=96&d=mm&r=g","url":"https:\/\/secure.gravatar.com\/avatar\/e4ad5bb743c8b6cb174d9df6c7d30a8a16f6889731241345fc6444e6485f02af?s=96&d=mm&r=g","contentUrl":"https:\/\/secure.gravatar.com\/avatar\/e4ad5bb743c8b6cb174d9df6c7d30a8a16f6889731241345fc6444e6485f02af?s=96&d=mm&r=g","caption":"R\u00e9veil info"},"sameAs":["https:\/\/reveil-info.net"],"url":"https:\/\/reveil-info.net\/?author=1"}]}},"jetpack_featured_media_url":"","featured_image_urls":{"full":"","thumbnail":"","medium":"","medium_large":"","large":"","1536x1536":"","2048x2048":"","chromenews-featured":"","chromenews-large":"","chromenews-medium":""},"author_info":{"display_name":"R\u00e9veil info","author_link":"https:\/\/reveil-info.net\/?author=1"},"category_info":"<a href=\"https:\/\/reveil-info.net\/?cat=2\" rel=\"category\">Actualit\u00e9<\/a>","tag_info":"Actualit\u00e9","comment_count":"0","_links":{"self":[{"href":"https:\/\/reveil-info.net\/index.php?rest_route=\/wp\/v2\/posts\/40601","targetHints":{"allow":["GET"]}}],"collection":[{"href":"https:\/\/reveil-info.net\/index.php?rest_route=\/wp\/v2\/posts"}],"about":[{"href":"https:\/\/reveil-info.net\/index.php?rest_route=\/wp\/v2\/types\/post"}],"author":[{"embeddable":true,"href":"https:\/\/reveil-info.net\/index.php?rest_route=\/wp\/v2\/users\/1"}],"replies":[{"embeddable":true,"href":"https:\/\/reveil-info.net\/index.php?rest_route=%2Fwp%2Fv2%2Fcomments&post=40601"}],"version-history":[{"count":5,"href":"https:\/\/reveil-info.net\/index.php?rest_route=\/wp\/v2\/posts\/40601\/revisions"}],"predecessor-version":[{"id":40609,"href":"https:\/\/reveil-info.net\/index.php?rest_route=\/wp\/v2\/posts\/40601\/revisions\/40609"}],"wp:attachment":[{"href":"https:\/\/reveil-info.net\/index.php?rest_route=%2Fwp%2Fv2%2Fmedia&parent=40601"}],"wp:term":[{"taxonomy":"category","embeddable":true,"href":"https:\/\/reveil-info.net\/index.php?rest_route=%2Fwp%2Fv2%2Fcategories&post=40601"},{"taxonomy":"post_tag","embeddable":true,"href":"https:\/\/reveil-info.net\/index.php?rest_route=%2Fwp%2Fv2%2Ftags&post=40601"}],"curies":[{"name":"wp","href":"https:\/\/api.w.org\/{rel}","templated":true}]}}