{"id":40457,"date":"2026-01-14T09:07:23","date_gmt":"2026-01-14T09:07:23","guid":{"rendered":"https:\/\/reveil-info.net\/?p=40457"},"modified":"2026-01-14T09:07:23","modified_gmt":"2026-01-14T09:07:23","slug":"operationnalisation-de-faso-yaar-le-ministre-en-charge-du-commerce-tient-une-reunion-technique","status":"publish","type":"post","link":"https:\/\/reveil-info.net\/?p=40457","title":{"rendered":"Op\u00e9rationnalisation de Faso Yaar : le ministre en charge du Commerce tient une r\u00e9union technique"},"content":{"rendered":"<div class=\"xdj266r x14z9mp xat24cr x1lziwak x1vvkbs x126k92a\">\n<div dir=\"auto\"><strong>Ouagadougou, le 13 janvier 2026- Le ministre de l\u2019Industrie, du Commerce et de l\u2019Artisanat, Monsieur Serge Gnaniodem PODA, a pr\u00e9sid\u00e9, ce mardi matin, une s\u00e9ance de travail consacr\u00e9e \u00e0 l\u2019op\u00e9rationnalisation de Faso Yaar.<\/strong><\/div>\n<div dir=\"auto\"><img loading=\"lazy\" decoding=\"async\" class=\"alignnone  wp-image-40462\" src=\"https:\/\/reveil-info.net\/wp-content\/uploads\/2026\/01\/614617272_1456658973166738_3608079894148663022_n.jpg\" alt=\"\" width=\"774\" height=\"371\" srcset=\"https:\/\/reveil-info.net\/wp-content\/uploads\/2026\/01\/614617272_1456658973166738_3608079894148663022_n.jpg 585w, https:\/\/reveil-info.net\/wp-content\/uploads\/2026\/01\/614617272_1456658973166738_3608079894148663022_n-300x144.jpg 300w\" sizes=\"auto, (max-width: 774px) 100vw, 774px\" \/>Il s&rsquo;est agi pour le ministre et ses collaborateurs de faire le point de l\u2019\u00e9tat d\u2019avancement des travaux li\u00e9s \u00e0 l\u2019op\u00e9rationnalisation effective de la soci\u00e9t\u00e9.<\/div>\n<\/div>\n<div class=\"x14z9mp xat24cr x1lziwak x1vvkbs xtlvy1s x126k92a\">\n<div dir=\"auto\">Selon le Directeur G\u00e9n\u00e9ral de Faso Yaar, le Commandant Moussa BAKO le ministre nous a instruit l\u2019\u00e9quipe d\u2019acc\u00e9l\u00e9rer le processus de mise en \u0153uvre afin que Faso Yaar soit fonctionnelle dans les plus bref d\u00e9lais.<\/div>\n<\/div>\n<div class=\"x14z9mp xat24cr x1lziwak x1vvkbs xtlvy1s x126k92a\">\n<div dir=\"auto\">La soci\u00e9t\u00e9 Faso Yaar a pour ambition de mettre \u00e0 la disposition des populations des produits de grande consommation, en quantit\u00e9 suffisante, de bonne qualit\u00e9 et \u00e0 des prix accessibles.<\/div>\n<div dir=\"auto\"><\/div>\n<\/div>\n<div class=\"x14z9mp xat24cr x1lziwak x1vvkbs xtlvy1s x126k92a\">\n<div dir=\"auto\"><strong>DCRP\/MICA<\/strong><\/div>\n<div dir=\"auto\"><img loading=\"lazy\" decoding=\"async\" class=\"alignnone size-full wp-image-39036\" src=\"https:\/\/reveil-info.net\/wp-content\/uploads\/2025\/12\/IMG-20250509-WA0037.jpg\" alt=\"\" width=\"1280\" height=\"935\" srcset=\"https:\/\/reveil-info.net\/wp-content\/uploads\/2025\/12\/IMG-20250509-WA0037.jpg 1280w, https:\/\/reveil-info.net\/wp-content\/uploads\/2025\/12\/IMG-20250509-WA0037-300x219.jpg 300w, https:\/\/reveil-info.net\/wp-content\/uploads\/2025\/12\/IMG-20250509-WA0037-1024x748.jpg 1024w, https:\/\/reveil-info.net\/wp-content\/uploads\/2025\/12\/IMG-20250509-WA0037-768x561.jpg 768w\" sizes=\"auto, (max-width: 1280px) 100vw, 1280px\" \/><\/div>\n<\/div>\n","protected":false},"excerpt":{"rendered":"<p>Ouagadougou, le 13 janvier 2026- Le ministre de l\u2019Industrie, du Commerce et de l\u2019Artisanat, Monsieur<\/p>\n","protected":false},"author":1,"featured_media":0,"comment_status":"open","ping_status":"open","sticky":false,"template":"","format":"standard","meta":{"footnotes":""},"categories":[2],"tags":[],"class_list":["post-40457","post","type-post","status-publish","format-standard","hentry","category-actu"],"yoast_head":"<!-- This site is optimized with the Yoast SEO plugin v27.5 - https:\/\/yoast.com\/product\/yoast-seo-wordpress\/ -->\n<title>Op\u00e9rationnalisation de Faso Yaar : le ministre en charge du Commerce tient une r\u00e9union technique - R\u00e9veil Info<\/title>\n<meta name=\"robots\" content=\"noindex, follow, max-snippet:-1, max-image-preview:large, max-video-preview:-1\" \/>\n<meta property=\"og:locale\" content=\"fr_FR\" \/>\n<meta property=\"og:type\" content=\"article\" \/>\n<meta property=\"og:title\" content=\"Op\u00e9rationnalisation de Faso Yaar : le ministre en charge du Commerce tient une r\u00e9union technique - R\u00e9veil Info\" \/>\n<meta property=\"og:description\" content=\"Ouagadougou, le 13 janvier 2026- Le ministre de l\u2019Industrie, du Commerce et de l\u2019Artisanat, Monsieur\" \/>\n<meta property=\"og:url\" content=\"https:\/\/reveil-info.net\/?p=40457\" \/>\n<meta property=\"og:site_name\" content=\"R\u00e9veil Info\" \/>\n<meta property=\"article:published_time\" content=\"2026-01-14T09:07:23+00:00\" \/>\n<meta property=\"og:image\" content=\"https:\/\/reveil-info.net\/wp-content\/uploads\/2026\/01\/614617272_1456658973166738_3608079894148663022_n.jpg\" \/>\n\t<meta property=\"og:image:width\" content=\"585\" \/>\n\t<meta property=\"og:image:height\" content=\"280\" \/>\n\t<meta property=\"og:image:type\" content=\"image\/jpeg\" \/>\n<meta name=\"author\" content=\"R\u00e9veil info\" \/>\n<meta name=\"twitter:card\" content=\"summary_large_image\" \/>\n<meta name=\"twitter:label1\" content=\"\u00c9crit par\" \/>\n\t<meta name=\"twitter:data1\" content=\"R\u00e9veil info\" \/>\n\t<meta name=\"twitter:label2\" content=\"Dur\u00e9e de lecture estim\u00e9e\" \/>\n\t<meta name=\"twitter:data2\" content=\"2 minutes\" \/>\n<script type=\"application\/ld+json\" class=\"yoast-schema-graph\">{\"@context\":\"https:\\\/\\\/schema.org\",\"@graph\":[{\"@type\":\"Article\",\"@id\":\"https:\\\/\\\/reveil-info.net\\\/?p=40457#article\",\"isPartOf\":{\"@id\":\"https:\\\/\\\/reveil-info.net\\\/?p=40457\"},\"author\":{\"name\":\"R\u00e9veil info\",\"@id\":\"https:\\\/\\\/reveil-info.net\\\/#\\\/schema\\\/person\\\/ca0cc8e70088e0a2b5e92556c1ee60f5\"},\"headline\":\"Op\u00e9rationnalisation de Faso Yaar : le ministre en charge du Commerce tient une r\u00e9union technique\",\"datePublished\":\"2026-01-14T09:07:23+00:00\",\"mainEntityOfPage\":{\"@id\":\"https:\\\/\\\/reveil-info.net\\\/?p=40457\"},\"wordCount\":158,\"commentCount\":0,\"publisher\":{\"@id\":\"https:\\\/\\\/reveil-info.net\\\/#organization\"},\"image\":{\"@id\":\"https:\\\/\\\/reveil-info.net\\\/?p=40457#primaryimage\"},\"thumbnailUrl\":\"https:\\\/\\\/reveil-info.net\\\/wp-content\\\/uploads\\\/2026\\\/01\\\/614617272_1456658973166738_3608079894148663022_n.jpg\",\"articleSection\":[\"Actualit\u00e9\"],\"inLanguage\":\"fr-FR\",\"potentialAction\":[{\"@type\":\"CommentAction\",\"name\":\"Comment\",\"target\":[\"https:\\\/\\\/reveil-info.net\\\/?p=40457#respond\"]}]},{\"@type\":\"WebPage\",\"@id\":\"https:\\\/\\\/reveil-info.net\\\/?p=40457\",\"url\":\"https:\\\/\\\/reveil-info.net\\\/?p=40457\",\"name\":\"Op\u00e9rationnalisation de Faso Yaar : le ministre en charge du Commerce tient une r\u00e9union technique - R\u00e9veil Info\",\"isPartOf\":{\"@id\":\"https:\\\/\\\/reveil-info.net\\\/#website\"},\"primaryImageOfPage\":{\"@id\":\"https:\\\/\\\/reveil-info.net\\\/?p=40457#primaryimage\"},\"image\":{\"@id\":\"https:\\\/\\\/reveil-info.net\\\/?p=40457#primaryimage\"},\"thumbnailUrl\":\"https:\\\/\\\/reveil-info.net\\\/wp-content\\\/uploads\\\/2026\\\/01\\\/614617272_1456658973166738_3608079894148663022_n.jpg\",\"datePublished\":\"2026-01-14T09:07:23+00:00\",\"breadcrumb\":{\"@id\":\"https:\\\/\\\/reveil-info.net\\\/?p=40457#breadcrumb\"},\"inLanguage\":\"fr-FR\",\"potentialAction\":[{\"@type\":\"ReadAction\",\"target\":[\"https:\\\/\\\/reveil-info.net\\\/?p=40457\"]}]},{\"@type\":\"ImageObject\",\"inLanguage\":\"fr-FR\",\"@id\":\"https:\\\/\\\/reveil-info.net\\\/?p=40457#primaryimage\",\"url\":\"https:\\\/\\\/reveil-info.net\\\/wp-content\\\/uploads\\\/2026\\\/01\\\/614617272_1456658973166738_3608079894148663022_n.jpg\",\"contentUrl\":\"https:\\\/\\\/reveil-info.net\\\/wp-content\\\/uploads\\\/2026\\\/01\\\/614617272_1456658973166738_3608079894148663022_n.jpg\",\"width\":585,\"height\":280},{\"@type\":\"BreadcrumbList\",\"@id\":\"https:\\\/\\\/reveil-info.net\\\/?p=40457#breadcrumb\",\"itemListElement\":[{\"@type\":\"ListItem\",\"position\":1,\"name\":\"Home\",\"item\":\"https:\\\/\\\/reveil-info.net\\\/\"},{\"@type\":\"ListItem\",\"position\":2,\"name\":\"Op\u00e9rationnalisation de Faso Yaar : le ministre en charge du Commerce tient une r\u00e9union technique\"}]},{\"@type\":\"WebSite\",\"@id\":\"https:\\\/\\\/reveil-info.net\\\/#website\",\"url\":\"https:\\\/\\\/reveil-info.net\\\/\",\"name\":\"R\u00e9veil Info\",\"description\":\"Le devoir d&#039;informer!\",\"publisher\":{\"@id\":\"https:\\\/\\\/reveil-info.net\\\/#organization\"},\"potentialAction\":[{\"@type\":\"SearchAction\",\"target\":{\"@type\":\"EntryPoint\",\"urlTemplate\":\"https:\\\/\\\/reveil-info.net\\\/?s={search_term_string}\"},\"query-input\":{\"@type\":\"PropertyValueSpecification\",\"valueRequired\":true,\"valueName\":\"search_term_string\"}}],\"inLanguage\":\"fr-FR\"},{\"@type\":\"Organization\",\"@id\":\"https:\\\/\\\/reveil-info.net\\\/#organization\",\"name\":\"R\u00e9veil Info\",\"url\":\"https:\\\/\\\/reveil-info.net\\\/\",\"logo\":{\"@type\":\"ImageObject\",\"inLanguage\":\"fr-FR\",\"@id\":\"https:\\\/\\\/reveil-info.net\\\/#\\\/schema\\\/logo\\\/image\\\/\",\"url\":\"https:\\\/\\\/reveil-info.net\\\/wp-content\\\/uploads\\\/2024\\\/07\\\/bnddd1.jpg\",\"contentUrl\":\"https:\\\/\\\/reveil-info.net\\\/wp-content\\\/uploads\\\/2024\\\/07\\\/bnddd1.jpg\",\"width\":903,\"height\":125,\"caption\":\"R\u00e9veil Info\"},\"image\":{\"@id\":\"https:\\\/\\\/reveil-info.net\\\/#\\\/schema\\\/logo\\\/image\\\/\"}},{\"@type\":\"Person\",\"@id\":\"https:\\\/\\\/reveil-info.net\\\/#\\\/schema\\\/person\\\/ca0cc8e70088e0a2b5e92556c1ee60f5\",\"name\":\"R\u00e9veil info\",\"image\":{\"@type\":\"ImageObject\",\"inLanguage\":\"fr-FR\",\"@id\":\"https:\\\/\\\/secure.gravatar.com\\\/avatar\\\/e4ad5bb743c8b6cb174d9df6c7d30a8a16f6889731241345fc6444e6485f02af?s=96&d=mm&r=g\",\"url\":\"https:\\\/\\\/secure.gravatar.com\\\/avatar\\\/e4ad5bb743c8b6cb174d9df6c7d30a8a16f6889731241345fc6444e6485f02af?s=96&d=mm&r=g\",\"contentUrl\":\"https:\\\/\\\/secure.gravatar.com\\\/avatar\\\/e4ad5bb743c8b6cb174d9df6c7d30a8a16f6889731241345fc6444e6485f02af?s=96&d=mm&r=g\",\"caption\":\"R\u00e9veil info\"},\"sameAs\":[\"https:\\\/\\\/reveil-info.net\"],\"url\":\"https:\\\/\\\/reveil-info.net\\\/?author=1\"}]}<\/script>\n<!-- \/ Yoast SEO plugin. -->","yoast_head_json":{"title":"Op\u00e9rationnalisation de Faso Yaar : le ministre en charge du Commerce tient une r\u00e9union technique - R\u00e9veil Info","robots":{"index":"noindex","follow":"follow","max-snippet":"max-snippet:-1","max-image-preview":"max-image-preview:large","max-video-preview":"max-video-preview:-1"},"og_locale":"fr_FR","og_type":"article","og_title":"Op\u00e9rationnalisation de Faso Yaar : le ministre en charge du Commerce tient une r\u00e9union technique - R\u00e9veil Info","og_description":"Ouagadougou, le 13 janvier 2026- Le ministre de l\u2019Industrie, du Commerce et de l\u2019Artisanat, Monsieur","og_url":"https:\/\/reveil-info.net\/?p=40457","og_site_name":"R\u00e9veil Info","article_published_time":"2026-01-14T09:07:23+00:00","og_image":[{"width":585,"height":280,"url":"https:\/\/reveil-info.net\/wp-content\/uploads\/2026\/01\/614617272_1456658973166738_3608079894148663022_n.jpg","type":"image\/jpeg"}],"author":"R\u00e9veil info","twitter_card":"summary_large_image","twitter_misc":{"\u00c9crit par":"R\u00e9veil info","Dur\u00e9e de lecture estim\u00e9e":"2 minutes"},"schema":{"@context":"https:\/\/schema.org","@graph":[{"@type":"Article","@id":"https:\/\/reveil-info.net\/?p=40457#article","isPartOf":{"@id":"https:\/\/reveil-info.net\/?p=40457"},"author":{"name":"R\u00e9veil info","@id":"https:\/\/reveil-info.net\/#\/schema\/person\/ca0cc8e70088e0a2b5e92556c1ee60f5"},"headline":"Op\u00e9rationnalisation de Faso Yaar : le ministre en charge du Commerce tient une r\u00e9union technique","datePublished":"2026-01-14T09:07:23+00:00","mainEntityOfPage":{"@id":"https:\/\/reveil-info.net\/?p=40457"},"wordCount":158,"commentCount":0,"publisher":{"@id":"https:\/\/reveil-info.net\/#organization"},"image":{"@id":"https:\/\/reveil-info.net\/?p=40457#primaryimage"},"thumbnailUrl":"https:\/\/reveil-info.net\/wp-content\/uploads\/2026\/01\/614617272_1456658973166738_3608079894148663022_n.jpg","articleSection":["Actualit\u00e9"],"inLanguage":"fr-FR","potentialAction":[{"@type":"CommentAction","name":"Comment","target":["https:\/\/reveil-info.net\/?p=40457#respond"]}]},{"@type":"WebPage","@id":"https:\/\/reveil-info.net\/?p=40457","url":"https:\/\/reveil-info.net\/?p=40457","name":"Op\u00e9rationnalisation de Faso Yaar : le ministre en charge du Commerce tient une r\u00e9union technique - R\u00e9veil Info","isPartOf":{"@id":"https:\/\/reveil-info.net\/#website"},"primaryImageOfPage":{"@id":"https:\/\/reveil-info.net\/?p=40457#primaryimage"},"image":{"@id":"https:\/\/reveil-info.net\/?p=40457#primaryimage"},"thumbnailUrl":"https:\/\/reveil-info.net\/wp-content\/uploads\/2026\/01\/614617272_1456658973166738_3608079894148663022_n.jpg","datePublished":"2026-01-14T09:07:23+00:00","breadcrumb":{"@id":"https:\/\/reveil-info.net\/?p=40457#breadcrumb"},"inLanguage":"fr-FR","potentialAction":[{"@type":"ReadAction","target":["https:\/\/reveil-info.net\/?p=40457"]}]},{"@type":"ImageObject","inLanguage":"fr-FR","@id":"https:\/\/reveil-info.net\/?p=40457#primaryimage","url":"https:\/\/reveil-info.net\/wp-content\/uploads\/2026\/01\/614617272_1456658973166738_3608079894148663022_n.jpg","contentUrl":"https:\/\/reveil-info.net\/wp-content\/uploads\/2026\/01\/614617272_1456658973166738_3608079894148663022_n.jpg","width":585,"height":280},{"@type":"BreadcrumbList","@id":"https:\/\/reveil-info.net\/?p=40457#breadcrumb","itemListElement":[{"@type":"ListItem","position":1,"name":"Home","item":"https:\/\/reveil-info.net\/"},{"@type":"ListItem","position":2,"name":"Op\u00e9rationnalisation de Faso Yaar : le ministre en charge du Commerce tient une r\u00e9union technique"}]},{"@type":"WebSite","@id":"https:\/\/reveil-info.net\/#website","url":"https:\/\/reveil-info.net\/","name":"R\u00e9veil Info","description":"Le devoir d&#039;informer!","publisher":{"@id":"https:\/\/reveil-info.net\/#organization"},"potentialAction":[{"@type":"SearchAction","target":{"@type":"EntryPoint","urlTemplate":"https:\/\/reveil-info.net\/?s={search_term_string}"},"query-input":{"@type":"PropertyValueSpecification","valueRequired":true,"valueName":"search_term_string"}}],"inLanguage":"fr-FR"},{"@type":"Organization","@id":"https:\/\/reveil-info.net\/#organization","name":"R\u00e9veil Info","url":"https:\/\/reveil-info.net\/","logo":{"@type":"ImageObject","inLanguage":"fr-FR","@id":"https:\/\/reveil-info.net\/#\/schema\/logo\/image\/","url":"https:\/\/reveil-info.net\/wp-content\/uploads\/2024\/07\/bnddd1.jpg","contentUrl":"https:\/\/reveil-info.net\/wp-content\/uploads\/2024\/07\/bnddd1.jpg","width":903,"height":125,"caption":"R\u00e9veil Info"},"image":{"@id":"https:\/\/reveil-info.net\/#\/schema\/logo\/image\/"}},{"@type":"Person","@id":"https:\/\/reveil-info.net\/#\/schema\/person\/ca0cc8e70088e0a2b5e92556c1ee60f5","name":"R\u00e9veil info","image":{"@type":"ImageObject","inLanguage":"fr-FR","@id":"https:\/\/secure.gravatar.com\/avatar\/e4ad5bb743c8b6cb174d9df6c7d30a8a16f6889731241345fc6444e6485f02af?s=96&d=mm&r=g","url":"https:\/\/secure.gravatar.com\/avatar\/e4ad5bb743c8b6cb174d9df6c7d30a8a16f6889731241345fc6444e6485f02af?s=96&d=mm&r=g","contentUrl":"https:\/\/secure.gravatar.com\/avatar\/e4ad5bb743c8b6cb174d9df6c7d30a8a16f6889731241345fc6444e6485f02af?s=96&d=mm&r=g","caption":"R\u00e9veil info"},"sameAs":["https:\/\/reveil-info.net"],"url":"https:\/\/reveil-info.net\/?author=1"}]}},"jetpack_featured_media_url":"","featured_image_urls":{"full":"","thumbnail":"","medium":"","medium_large":"","large":"","1536x1536":"","2048x2048":"","chromenews-featured":"","chromenews-large":"","chromenews-medium":""},"author_info":{"display_name":"R\u00e9veil info","author_link":"https:\/\/reveil-info.net\/?author=1"},"category_info":"<a href=\"https:\/\/reveil-info.net\/?cat=2\" rel=\"category\">Actualit\u00e9<\/a>","tag_info":"Actualit\u00e9","comment_count":"0","_links":{"self":[{"href":"https:\/\/reveil-info.net\/index.php?rest_route=\/wp\/v2\/posts\/40457","targetHints":{"allow":["GET"]}}],"collection":[{"href":"https:\/\/reveil-info.net\/index.php?rest_route=\/wp\/v2\/posts"}],"about":[{"href":"https:\/\/reveil-info.net\/index.php?rest_route=\/wp\/v2\/types\/post"}],"author":[{"embeddable":true,"href":"https:\/\/reveil-info.net\/index.php?rest_route=\/wp\/v2\/users\/1"}],"replies":[{"embeddable":true,"href":"https:\/\/reveil-info.net\/index.php?rest_route=%2Fwp%2Fv2%2Fcomments&post=40457"}],"version-history":[{"count":10,"href":"https:\/\/reveil-info.net\/index.php?rest_route=\/wp\/v2\/posts\/40457\/revisions"}],"predecessor-version":[{"id":40469,"href":"https:\/\/reveil-info.net\/index.php?rest_route=\/wp\/v2\/posts\/40457\/revisions\/40469"}],"wp:attachment":[{"href":"https:\/\/reveil-info.net\/index.php?rest_route=%2Fwp%2Fv2%2Fmedia&parent=40457"}],"wp:term":[{"taxonomy":"category","embeddable":true,"href":"https:\/\/reveil-info.net\/index.php?rest_route=%2Fwp%2Fv2%2Fcategories&post=40457"},{"taxonomy":"post_tag","embeddable":true,"href":"https:\/\/reveil-info.net\/index.php?rest_route=%2Fwp%2Fv2%2Ftags&post=40457"}],"curies":[{"name":"wp","href":"https:\/\/api.w.org\/{rel}","templated":true}]}}