{"id":39440,"date":"2025-12-27T12:31:14","date_gmt":"2025-12-27T12:31:14","guid":{"rendered":"https:\/\/reveil-info.net\/?p=39440"},"modified":"2025-12-27T12:31:14","modified_gmt":"2025-12-27T12:31:14","slug":"burkina-letat-prend-desormais-en-charge-lorganisation-du-hadj","status":"publish","type":"post","link":"https:\/\/reveil-info.net\/?p=39440","title":{"rendered":"Burkina : l\u2019\u00c9tat prend d\u00e9sormais en charge l\u2019organisation du Hadj"},"content":{"rendered":"<div class=\"xdj266r x14z9mp xat24cr x1lziwak x1vvkbs x126k92a\">\n<div dir=\"auto\"><strong>Ouagadougou, 27 d\u00e9c. 2025 (AIB)-L\u2019Etat burkinab\u00e8 va prendre d\u00e9sormais, la prise en charge directe de l\u2019organisation du p\u00e8lerinage musulman (Hadj), afin d\u2019am\u00e9liorer les conditions de s\u00e9jour des p\u00e8lerins en Terre Sainte d\u2019Islam, a appris l\u2019AIB samedi.<\/strong><\/div>\n<div dir=\"auto\"><img loading=\"lazy\" decoding=\"async\" class=\"alignnone size-full wp-image-39443\" src=\"https:\/\/reveil-info.net\/wp-content\/uploads\/2025\/12\/601933209_1545970597535566_4235600328760472824_n.jpg\" alt=\"\" width=\"1080\" height=\"810\" srcset=\"https:\/\/reveil-info.net\/wp-content\/uploads\/2025\/12\/601933209_1545970597535566_4235600328760472824_n.jpg 1080w, https:\/\/reveil-info.net\/wp-content\/uploads\/2025\/12\/601933209_1545970597535566_4235600328760472824_n-300x225.jpg 300w, https:\/\/reveil-info.net\/wp-content\/uploads\/2025\/12\/601933209_1545970597535566_4235600328760472824_n-1024x768.jpg 1024w, https:\/\/reveil-info.net\/wp-content\/uploads\/2025\/12\/601933209_1545970597535566_4235600328760472824_n-768x576.jpg 768w\" sizes=\"auto, (max-width: 1080px) 100vw, 1080px\" \/><\/div>\n<\/div>\n<div class=\"x14z9mp xat24cr x1lziwak x1vvkbs xtlvy1s x126k92a\">\n<div dir=\"auto\">Le directeur de cabinet repr\u00e9sentant le ministre en charge des Cultes, Bertrand To\u00e9, a lanc\u00e9 officiellement, samedi \u00e0 Ouagadougou, le Hadj 2026, dont le co\u00fbt est fix\u00e9 \u00e0 3 285 000 FCFA.<\/div>\n<\/div>\n<div class=\"x14z9mp xat24cr x1lziwak x1vvkbs xtlvy1s x126k92a\">\n<div dir=\"auto\">La principale innovation annonc\u00e9e est la prise en charge directe de l\u2019organisation du p\u00e8lerinage par l\u2019\u00c9tat burkinab\u00e8.<\/div>\n<\/div>\n<div class=\"x14z9mp xat24cr x1lziwak x1vvkbs xtlvy1s x126k92a\">\n<div dir=\"auto\">\u00ab D\u00e9sormais, l\u2019organisation du p\u00e8lerinage \u00e0 La Mecque est assur\u00e9e par l\u2019\u00c9tat \u00e0 travers le Comit\u00e9 national d\u2019organisation du p\u00e8lerinage \u00e0 La Mecque. \u00c0 ce titre, le Comit\u00e9 national est charg\u00e9 du recrutement des candidats. Chaque p\u00e8lerin choisit ensuite une agence de son choix pour son encadrement \u00bb, a expliqu\u00e9 Bertrand To\u00e9.<\/div>\n<div dir=\"auto\"><img loading=\"lazy\" decoding=\"async\" class=\"alignnone size-full wp-image-39445\" src=\"https:\/\/reveil-info.net\/wp-content\/uploads\/2025\/12\/604518326_1545970827535543_7274816890416018142_n.jpg\" alt=\"\" width=\"1080\" height=\"810\" srcset=\"https:\/\/reveil-info.net\/wp-content\/uploads\/2025\/12\/604518326_1545970827535543_7274816890416018142_n.jpg 1080w, https:\/\/reveil-info.net\/wp-content\/uploads\/2025\/12\/604518326_1545970827535543_7274816890416018142_n-300x225.jpg 300w, https:\/\/reveil-info.net\/wp-content\/uploads\/2025\/12\/604518326_1545970827535543_7274816890416018142_n-1024x768.jpg 1024w, https:\/\/reveil-info.net\/wp-content\/uploads\/2025\/12\/604518326_1545970827535543_7274816890416018142_n-768x576.jpg 768w\" sizes=\"auto, (max-width: 1080px) 100vw, 1080px\" \/><\/div>\n<\/div>\n<div class=\"x14z9mp xat24cr x1lziwak x1vvkbs xtlvy1s x126k92a\">\n<div dir=\"auto\">Selon lui, ces r\u00e9formes s\u2019appuient sur le d\u00e9cret du 7 octobre 2025 portant r\u00e9glementation du p\u00e8lerinage religieux. Le texte pr\u00e9cise toutefois que l\u2019\u00c9tat peut confier, par arr\u00eat\u00e9 du ministre charg\u00e9 des Cultes, certaines missions aux agences de voyage et de tourisme.<\/div>\n<\/div>\n<div class=\"x14z9mp xat24cr x1lziwak x1vvkbs xtlvy1s x126k92a\">\n<div dir=\"auto\">M. To\u00e9 a indiqu\u00e9 que, tenant compte des difficult\u00e9s v\u00e9cues l\u2019ann\u00e9e derni\u00e8re, le co\u00fbt du p\u00e8lerinage, fix\u00e9 \u00e0 3millions 285 mille FCFA , prend d\u00e9sormais en compte les frais de restauration \u00e0 La Mecque et \u00e0 M\u00e9dine, estim\u00e9s \u00e0 317 mille FCFA.<\/div>\n<\/div>\n<div class=\"x14z9mp xat24cr x1lziwak x1vvkbs xtlvy1s x126k92a\">\n<div dir=\"auto\">Par ailleurs, l\u2019\u00c9tat assure d\u00e9sormais la s\u00e9lection des prestataires de services en Arabie saoudite.<\/div>\n<\/div>\n<div class=\"x14z9mp xat24cr x1lziwak x1vvkbs xtlvy1s x126k92a\">\n<div dir=\"auto\">Sur le plan organisationnel et conform\u00e9ment aux exigences des autorit\u00e9s saoudiennes, la r\u00e9forme pr\u00e9voit une structuration des regroupements d\u2019agences en fonction du nombre de p\u00e8lerins enr\u00f4l\u00e9s.<\/div>\n<\/div>\n<div class=\"x14z9mp xat24cr x1lziwak x1vvkbs xtlvy1s x126k92a\">\n<div dir=\"auto\">Selon le directeur de cabinet, ces mesures visent \u00e0 am\u00e9liorer les conditions de s\u00e9jour des p\u00e8lerins, notamment l\u2019h\u00e9bergement, le logement et le transport, tout en renfor\u00e7ant la coordination et le suivi de l\u2019organisation du Hadj.<\/div>\n<\/div>\n<div class=\"x14z9mp xat24cr x1lziwak x1vvkbs xtlvy1s x126k92a\">\n<div dir=\"auto\">Le pr\u00e9sident du Comit\u00e9 national d\u2019organisation du p\u00e8lerinage \u00e0 La Mecque, Amadou Sidib\u00e9, a indiqu\u00e9 que les transporteurs a\u00e9riens sont d\u00e9j\u00e0 retenus et que des contrats ont \u00e9t\u00e9 sign\u00e9s avec les prestataires saoudiens.<\/div>\n<\/div>\n<div class=\"x14z9mp xat24cr x1lziwak x1vvkbs xtlvy1s x126k92a\">\n<div dir=\"auto\">\u00ab L\u2019enr\u00f4lement des p\u00e8lerins ainsi que les visites m\u00e9dicales d\u00e9buteront au d\u00e9but du mois de janvier \u00bb, a-t-il pr\u00e9cis\u00e9.<\/div>\n<\/div>\n<div class=\"x14z9mp xat24cr x1lziwak x1vvkbs xtlvy1s x126k92a\">\n<div dir=\"auto\">Plusieurs textes ont \u00e9t\u00e9 \u00e9labor\u00e9s ou r\u00e9vis\u00e9s, notamment le cahier des charges applicable aux agences de voyage et de tourisme, ainsi que l\u2019arr\u00eat\u00e9 interminist\u00e9riel portant organisation du p\u00e8lerinage \u00e0 La Mecque, afin de mieux encadrer l\u2019organisation du p\u00e8lerinage.<\/div>\n<div dir=\"auto\">Agence d\u2019Information du Burkina<\/div>\n<\/div>\n","protected":false},"excerpt":{"rendered":"<p>Ouagadougou, 27 d\u00e9c. 2025 (AIB)-L\u2019Etat burkinab\u00e8 va prendre d\u00e9sormais, la prise en charge directe de<\/p>\n","protected":false},"author":1,"featured_media":0,"comment_status":"open","ping_status":"open","sticky":false,"template":"","format":"standard","meta":{"footnotes":""},"categories":[2,4],"tags":[],"class_list":["post-39440","post","type-post","status-publish","format-standard","hentry","category-actu","category-coutume-et-religion"],"yoast_head":"<!-- This site is optimized with the Yoast SEO plugin v27.5 - https:\/\/yoast.com\/product\/yoast-seo-wordpress\/ -->\n<title>Burkina : l\u2019\u00c9tat prend d\u00e9sormais en charge l\u2019organisation du Hadj - R\u00e9veil Info<\/title>\n<meta name=\"robots\" content=\"noindex, follow, max-snippet:-1, max-image-preview:large, max-video-preview:-1\" \/>\n<meta property=\"og:locale\" content=\"fr_FR\" \/>\n<meta property=\"og:type\" content=\"article\" \/>\n<meta property=\"og:title\" content=\"Burkina : l\u2019\u00c9tat prend d\u00e9sormais en charge l\u2019organisation du Hadj - R\u00e9veil Info\" \/>\n<meta property=\"og:description\" content=\"Ouagadougou, 27 d\u00e9c. 2025 (AIB)-L\u2019Etat burkinab\u00e8 va prendre d\u00e9sormais, la prise en charge directe de\" \/>\n<meta property=\"og:url\" content=\"https:\/\/reveil-info.net\/?p=39440\" \/>\n<meta property=\"og:site_name\" content=\"R\u00e9veil Info\" \/>\n<meta property=\"article:published_time\" content=\"2025-12-27T12:31:14+00:00\" \/>\n<meta property=\"og:image\" content=\"https:\/\/reveil-info.net\/wp-content\/uploads\/2025\/12\/601933209_1545970597535566_4235600328760472824_n.jpg\" \/>\n\t<meta property=\"og:image:width\" content=\"1080\" \/>\n\t<meta property=\"og:image:height\" content=\"810\" \/>\n\t<meta property=\"og:image:type\" content=\"image\/jpeg\" \/>\n<meta name=\"author\" content=\"R\u00e9veil info\" \/>\n<meta name=\"twitter:card\" content=\"summary_large_image\" \/>\n<meta name=\"twitter:label1\" content=\"\u00c9crit par\" \/>\n\t<meta name=\"twitter:data1\" content=\"R\u00e9veil info\" \/>\n\t<meta name=\"twitter:label2\" content=\"Dur\u00e9e de lecture estim\u00e9e\" \/>\n\t<meta name=\"twitter:data2\" content=\"3 minutes\" \/>\n<script type=\"application\/ld+json\" class=\"yoast-schema-graph\">{\"@context\":\"https:\\\/\\\/schema.org\",\"@graph\":[{\"@type\":\"Article\",\"@id\":\"https:\\\/\\\/reveil-info.net\\\/?p=39440#article\",\"isPartOf\":{\"@id\":\"https:\\\/\\\/reveil-info.net\\\/?p=39440\"},\"author\":{\"name\":\"R\u00e9veil info\",\"@id\":\"https:\\\/\\\/reveil-info.net\\\/#\\\/schema\\\/person\\\/ca0cc8e70088e0a2b5e92556c1ee60f5\"},\"headline\":\"Burkina : l\u2019\u00c9tat prend d\u00e9sormais en charge l\u2019organisation du Hadj\",\"datePublished\":\"2025-12-27T12:31:14+00:00\",\"mainEntityOfPage\":{\"@id\":\"https:\\\/\\\/reveil-info.net\\\/?p=39440\"},\"wordCount\":458,\"commentCount\":0,\"publisher\":{\"@id\":\"https:\\\/\\\/reveil-info.net\\\/#organization\"},\"image\":{\"@id\":\"https:\\\/\\\/reveil-info.net\\\/?p=39440#primaryimage\"},\"thumbnailUrl\":\"https:\\\/\\\/reveil-info.net\\\/wp-content\\\/uploads\\\/2025\\\/12\\\/601933209_1545970597535566_4235600328760472824_n.jpg\",\"articleSection\":[\"Actualit\u00e9\",\"Coutume et religion\"],\"inLanguage\":\"fr-FR\",\"potentialAction\":[{\"@type\":\"CommentAction\",\"name\":\"Comment\",\"target\":[\"https:\\\/\\\/reveil-info.net\\\/?p=39440#respond\"]}]},{\"@type\":\"WebPage\",\"@id\":\"https:\\\/\\\/reveil-info.net\\\/?p=39440\",\"url\":\"https:\\\/\\\/reveil-info.net\\\/?p=39440\",\"name\":\"Burkina : l\u2019\u00c9tat prend d\u00e9sormais en charge l\u2019organisation du Hadj - R\u00e9veil Info\",\"isPartOf\":{\"@id\":\"https:\\\/\\\/reveil-info.net\\\/#website\"},\"primaryImageOfPage\":{\"@id\":\"https:\\\/\\\/reveil-info.net\\\/?p=39440#primaryimage\"},\"image\":{\"@id\":\"https:\\\/\\\/reveil-info.net\\\/?p=39440#primaryimage\"},\"thumbnailUrl\":\"https:\\\/\\\/reveil-info.net\\\/wp-content\\\/uploads\\\/2025\\\/12\\\/601933209_1545970597535566_4235600328760472824_n.jpg\",\"datePublished\":\"2025-12-27T12:31:14+00:00\",\"breadcrumb\":{\"@id\":\"https:\\\/\\\/reveil-info.net\\\/?p=39440#breadcrumb\"},\"inLanguage\":\"fr-FR\",\"potentialAction\":[{\"@type\":\"ReadAction\",\"target\":[\"https:\\\/\\\/reveil-info.net\\\/?p=39440\"]}]},{\"@type\":\"ImageObject\",\"inLanguage\":\"fr-FR\",\"@id\":\"https:\\\/\\\/reveil-info.net\\\/?p=39440#primaryimage\",\"url\":\"https:\\\/\\\/reveil-info.net\\\/wp-content\\\/uploads\\\/2025\\\/12\\\/601933209_1545970597535566_4235600328760472824_n.jpg\",\"contentUrl\":\"https:\\\/\\\/reveil-info.net\\\/wp-content\\\/uploads\\\/2025\\\/12\\\/601933209_1545970597535566_4235600328760472824_n.jpg\",\"width\":1080,\"height\":810},{\"@type\":\"BreadcrumbList\",\"@id\":\"https:\\\/\\\/reveil-info.net\\\/?p=39440#breadcrumb\",\"itemListElement\":[{\"@type\":\"ListItem\",\"position\":1,\"name\":\"Home\",\"item\":\"https:\\\/\\\/reveil-info.net\\\/\"},{\"@type\":\"ListItem\",\"position\":2,\"name\":\"Burkina : l\u2019\u00c9tat prend d\u00e9sormais en charge l\u2019organisation du Hadj\"}]},{\"@type\":\"WebSite\",\"@id\":\"https:\\\/\\\/reveil-info.net\\\/#website\",\"url\":\"https:\\\/\\\/reveil-info.net\\\/\",\"name\":\"R\u00e9veil Info\",\"description\":\"Le devoir d&#039;informer!\",\"publisher\":{\"@id\":\"https:\\\/\\\/reveil-info.net\\\/#organization\"},\"potentialAction\":[{\"@type\":\"SearchAction\",\"target\":{\"@type\":\"EntryPoint\",\"urlTemplate\":\"https:\\\/\\\/reveil-info.net\\\/?s={search_term_string}\"},\"query-input\":{\"@type\":\"PropertyValueSpecification\",\"valueRequired\":true,\"valueName\":\"search_term_string\"}}],\"inLanguage\":\"fr-FR\"},{\"@type\":\"Organization\",\"@id\":\"https:\\\/\\\/reveil-info.net\\\/#organization\",\"name\":\"R\u00e9veil Info\",\"url\":\"https:\\\/\\\/reveil-info.net\\\/\",\"logo\":{\"@type\":\"ImageObject\",\"inLanguage\":\"fr-FR\",\"@id\":\"https:\\\/\\\/reveil-info.net\\\/#\\\/schema\\\/logo\\\/image\\\/\",\"url\":\"https:\\\/\\\/reveil-info.net\\\/wp-content\\\/uploads\\\/2024\\\/07\\\/bnddd1.jpg\",\"contentUrl\":\"https:\\\/\\\/reveil-info.net\\\/wp-content\\\/uploads\\\/2024\\\/07\\\/bnddd1.jpg\",\"width\":903,\"height\":125,\"caption\":\"R\u00e9veil Info\"},\"image\":{\"@id\":\"https:\\\/\\\/reveil-info.net\\\/#\\\/schema\\\/logo\\\/image\\\/\"}},{\"@type\":\"Person\",\"@id\":\"https:\\\/\\\/reveil-info.net\\\/#\\\/schema\\\/person\\\/ca0cc8e70088e0a2b5e92556c1ee60f5\",\"name\":\"R\u00e9veil info\",\"image\":{\"@type\":\"ImageObject\",\"inLanguage\":\"fr-FR\",\"@id\":\"https:\\\/\\\/secure.gravatar.com\\\/avatar\\\/e4ad5bb743c8b6cb174d9df6c7d30a8a16f6889731241345fc6444e6485f02af?s=96&d=mm&r=g\",\"url\":\"https:\\\/\\\/secure.gravatar.com\\\/avatar\\\/e4ad5bb743c8b6cb174d9df6c7d30a8a16f6889731241345fc6444e6485f02af?s=96&d=mm&r=g\",\"contentUrl\":\"https:\\\/\\\/secure.gravatar.com\\\/avatar\\\/e4ad5bb743c8b6cb174d9df6c7d30a8a16f6889731241345fc6444e6485f02af?s=96&d=mm&r=g\",\"caption\":\"R\u00e9veil info\"},\"sameAs\":[\"https:\\\/\\\/reveil-info.net\"],\"url\":\"https:\\\/\\\/reveil-info.net\\\/?author=1\"}]}<\/script>\n<!-- \/ Yoast SEO plugin. -->","yoast_head_json":{"title":"Burkina : l\u2019\u00c9tat prend d\u00e9sormais en charge l\u2019organisation du Hadj - R\u00e9veil Info","robots":{"index":"noindex","follow":"follow","max-snippet":"max-snippet:-1","max-image-preview":"max-image-preview:large","max-video-preview":"max-video-preview:-1"},"og_locale":"fr_FR","og_type":"article","og_title":"Burkina : l\u2019\u00c9tat prend d\u00e9sormais en charge l\u2019organisation du Hadj - R\u00e9veil Info","og_description":"Ouagadougou, 27 d\u00e9c. 2025 (AIB)-L\u2019Etat burkinab\u00e8 va prendre d\u00e9sormais, la prise en charge directe de","og_url":"https:\/\/reveil-info.net\/?p=39440","og_site_name":"R\u00e9veil Info","article_published_time":"2025-12-27T12:31:14+00:00","og_image":[{"width":1080,"height":810,"url":"https:\/\/reveil-info.net\/wp-content\/uploads\/2025\/12\/601933209_1545970597535566_4235600328760472824_n.jpg","type":"image\/jpeg"}],"author":"R\u00e9veil info","twitter_card":"summary_large_image","twitter_misc":{"\u00c9crit par":"R\u00e9veil info","Dur\u00e9e de lecture estim\u00e9e":"3 minutes"},"schema":{"@context":"https:\/\/schema.org","@graph":[{"@type":"Article","@id":"https:\/\/reveil-info.net\/?p=39440#article","isPartOf":{"@id":"https:\/\/reveil-info.net\/?p=39440"},"author":{"name":"R\u00e9veil info","@id":"https:\/\/reveil-info.net\/#\/schema\/person\/ca0cc8e70088e0a2b5e92556c1ee60f5"},"headline":"Burkina : l\u2019\u00c9tat prend d\u00e9sormais en charge l\u2019organisation du Hadj","datePublished":"2025-12-27T12:31:14+00:00","mainEntityOfPage":{"@id":"https:\/\/reveil-info.net\/?p=39440"},"wordCount":458,"commentCount":0,"publisher":{"@id":"https:\/\/reveil-info.net\/#organization"},"image":{"@id":"https:\/\/reveil-info.net\/?p=39440#primaryimage"},"thumbnailUrl":"https:\/\/reveil-info.net\/wp-content\/uploads\/2025\/12\/601933209_1545970597535566_4235600328760472824_n.jpg","articleSection":["Actualit\u00e9","Coutume et religion"],"inLanguage":"fr-FR","potentialAction":[{"@type":"CommentAction","name":"Comment","target":["https:\/\/reveil-info.net\/?p=39440#respond"]}]},{"@type":"WebPage","@id":"https:\/\/reveil-info.net\/?p=39440","url":"https:\/\/reveil-info.net\/?p=39440","name":"Burkina : l\u2019\u00c9tat prend d\u00e9sormais en charge l\u2019organisation du Hadj - R\u00e9veil Info","isPartOf":{"@id":"https:\/\/reveil-info.net\/#website"},"primaryImageOfPage":{"@id":"https:\/\/reveil-info.net\/?p=39440#primaryimage"},"image":{"@id":"https:\/\/reveil-info.net\/?p=39440#primaryimage"},"thumbnailUrl":"https:\/\/reveil-info.net\/wp-content\/uploads\/2025\/12\/601933209_1545970597535566_4235600328760472824_n.jpg","datePublished":"2025-12-27T12:31:14+00:00","breadcrumb":{"@id":"https:\/\/reveil-info.net\/?p=39440#breadcrumb"},"inLanguage":"fr-FR","potentialAction":[{"@type":"ReadAction","target":["https:\/\/reveil-info.net\/?p=39440"]}]},{"@type":"ImageObject","inLanguage":"fr-FR","@id":"https:\/\/reveil-info.net\/?p=39440#primaryimage","url":"https:\/\/reveil-info.net\/wp-content\/uploads\/2025\/12\/601933209_1545970597535566_4235600328760472824_n.jpg","contentUrl":"https:\/\/reveil-info.net\/wp-content\/uploads\/2025\/12\/601933209_1545970597535566_4235600328760472824_n.jpg","width":1080,"height":810},{"@type":"BreadcrumbList","@id":"https:\/\/reveil-info.net\/?p=39440#breadcrumb","itemListElement":[{"@type":"ListItem","position":1,"name":"Home","item":"https:\/\/reveil-info.net\/"},{"@type":"ListItem","position":2,"name":"Burkina : l\u2019\u00c9tat prend d\u00e9sormais en charge l\u2019organisation du Hadj"}]},{"@type":"WebSite","@id":"https:\/\/reveil-info.net\/#website","url":"https:\/\/reveil-info.net\/","name":"R\u00e9veil Info","description":"Le devoir d&#039;informer!","publisher":{"@id":"https:\/\/reveil-info.net\/#organization"},"potentialAction":[{"@type":"SearchAction","target":{"@type":"EntryPoint","urlTemplate":"https:\/\/reveil-info.net\/?s={search_term_string}"},"query-input":{"@type":"PropertyValueSpecification","valueRequired":true,"valueName":"search_term_string"}}],"inLanguage":"fr-FR"},{"@type":"Organization","@id":"https:\/\/reveil-info.net\/#organization","name":"R\u00e9veil Info","url":"https:\/\/reveil-info.net\/","logo":{"@type":"ImageObject","inLanguage":"fr-FR","@id":"https:\/\/reveil-info.net\/#\/schema\/logo\/image\/","url":"https:\/\/reveil-info.net\/wp-content\/uploads\/2024\/07\/bnddd1.jpg","contentUrl":"https:\/\/reveil-info.net\/wp-content\/uploads\/2024\/07\/bnddd1.jpg","width":903,"height":125,"caption":"R\u00e9veil Info"},"image":{"@id":"https:\/\/reveil-info.net\/#\/schema\/logo\/image\/"}},{"@type":"Person","@id":"https:\/\/reveil-info.net\/#\/schema\/person\/ca0cc8e70088e0a2b5e92556c1ee60f5","name":"R\u00e9veil info","image":{"@type":"ImageObject","inLanguage":"fr-FR","@id":"https:\/\/secure.gravatar.com\/avatar\/e4ad5bb743c8b6cb174d9df6c7d30a8a16f6889731241345fc6444e6485f02af?s=96&d=mm&r=g","url":"https:\/\/secure.gravatar.com\/avatar\/e4ad5bb743c8b6cb174d9df6c7d30a8a16f6889731241345fc6444e6485f02af?s=96&d=mm&r=g","contentUrl":"https:\/\/secure.gravatar.com\/avatar\/e4ad5bb743c8b6cb174d9df6c7d30a8a16f6889731241345fc6444e6485f02af?s=96&d=mm&r=g","caption":"R\u00e9veil info"},"sameAs":["https:\/\/reveil-info.net"],"url":"https:\/\/reveil-info.net\/?author=1"}]}},"jetpack_featured_media_url":"","featured_image_urls":{"full":"","thumbnail":"","medium":"","medium_large":"","large":"","1536x1536":"","2048x2048":"","chromenews-featured":"","chromenews-large":"","chromenews-medium":""},"author_info":{"display_name":"R\u00e9veil info","author_link":"https:\/\/reveil-info.net\/?author=1"},"category_info":"<a href=\"https:\/\/reveil-info.net\/?cat=2\" rel=\"category\">Actualit\u00e9<\/a> <a href=\"https:\/\/reveil-info.net\/?cat=4\" rel=\"category\">Coutume et religion<\/a>","tag_info":"Coutume et religion","comment_count":"0","_links":{"self":[{"href":"https:\/\/reveil-info.net\/index.php?rest_route=\/wp\/v2\/posts\/39440","targetHints":{"allow":["GET"]}}],"collection":[{"href":"https:\/\/reveil-info.net\/index.php?rest_route=\/wp\/v2\/posts"}],"about":[{"href":"https:\/\/reveil-info.net\/index.php?rest_route=\/wp\/v2\/types\/post"}],"author":[{"embeddable":true,"href":"https:\/\/reveil-info.net\/index.php?rest_route=\/wp\/v2\/users\/1"}],"replies":[{"embeddable":true,"href":"https:\/\/reveil-info.net\/index.php?rest_route=%2Fwp%2Fv2%2Fcomments&post=39440"}],"version-history":[{"count":4,"href":"https:\/\/reveil-info.net\/index.php?rest_route=\/wp\/v2\/posts\/39440\/revisions"}],"predecessor-version":[{"id":39446,"href":"https:\/\/reveil-info.net\/index.php?rest_route=\/wp\/v2\/posts\/39440\/revisions\/39446"}],"wp:attachment":[{"href":"https:\/\/reveil-info.net\/index.php?rest_route=%2Fwp%2Fv2%2Fmedia&parent=39440"}],"wp:term":[{"taxonomy":"category","embeddable":true,"href":"https:\/\/reveil-info.net\/index.php?rest_route=%2Fwp%2Fv2%2Fcategories&post=39440"},{"taxonomy":"post_tag","embeddable":true,"href":"https:\/\/reveil-info.net\/index.php?rest_route=%2Fwp%2Fv2%2Ftags&post=39440"}],"curies":[{"name":"wp","href":"https:\/\/api.w.org\/{rel}","templated":true}]}}