{"id":39189,"date":"2025-12-21T10:20:00","date_gmt":"2025-12-21T10:20:00","guid":{"rendered":"https:\/\/reveil-info.net\/?p=39189"},"modified":"2025-12-21T10:20:00","modified_gmt":"2025-12-21T10:20:00","slug":"sejour-du-president-ib-a-bobo-dioulasso-engagement-et-determination","status":"publish","type":"post","link":"https:\/\/reveil-info.net\/?p=39189","title":{"rendered":"S\u00e9jour du pr\u00e9sident IB \u00e0 Bobo Dioulasso : engagement et d\u00e9termination"},"content":{"rendered":"<p>S\u00c9JOUR DU PR\u00c9SIDENT DU FASO \u00c0 BOBO-DIOULASSO<\/p>\n<p>Les Forces de d\u00e9fense et de s\u00e9curit\u00e9 r\u00e9it\u00e8rent leur d\u00e9termination pour la reconqu\u00eate du territoire<\/p>\n<p><img loading=\"lazy\" decoding=\"async\" class=\"alignnone size-full wp-image-39193\" src=\"https:\/\/reveil-info.net\/wp-content\/uploads\/2025\/12\/FB_IMG_17663121131815857.jpg\" alt=\"\" width=\"720\" height=\"490\" srcset=\"https:\/\/reveil-info.net\/wp-content\/uploads\/2025\/12\/FB_IMG_17663121131815857.jpg 720w, https:\/\/reveil-info.net\/wp-content\/uploads\/2025\/12\/FB_IMG_17663121131815857-300x204.jpg 300w\" sizes=\"auto, (max-width: 720px) 100vw, 720px\" \/><\/p>\n<p>(Bobo-Dioulasso, 21 d\u00e9cembre 2025). Le Pr\u00e9sident du Faso, Chef de l\u2019\u00c9tat, Chef supr\u00eame des Forces Arm\u00e9es Nationales, Son Excellence le Capitaine Ibrahim TRAOR\u00c9, a re\u00e7u en audience ce samedi 20 d\u00e9cembre, la haute hi\u00e9rarchie des Forces de d\u00e9fense et de s\u00e9curit\u00e9 dans la r\u00e9gion du Guiriko.<\/p>\n<p>Selon le Commandant de la 2e r\u00e9gion militaire, le Lieutenant-colonel Lassan\u00e9 PORGO, l\u2019audience a permis de faire le point au Pr\u00e9sident du Faso, Chef supr\u00eame des Forces Arm\u00e9es Nationales, \u00ab des activit\u00e9s op\u00e9rationnelles et de s\u00e9curisation et la collaboration avec la population dans notre zone de responsabilit\u00e9 \u00bb.<\/p>\n<p>\u00ab Le Chef de l\u2019\u00c9tat nous a donn\u00e9 des instructions qui rentrent dans la cadre de notre mission de s\u00e9curisation et de reconqu\u00eate de tout le territoire \u00bb, souligne le Lieutenant-colonel Lassan\u00e9 PORGO.<\/p>\n<p><img loading=\"lazy\" decoding=\"async\" class=\"alignnone size-full wp-image-39194\" src=\"https:\/\/reveil-info.net\/wp-content\/uploads\/2025\/12\/FB_IMG_17663121085502063.jpg\" alt=\"\" width=\"720\" height=\"631\" srcset=\"https:\/\/reveil-info.net\/wp-content\/uploads\/2025\/12\/FB_IMG_17663121085502063.jpg 720w, https:\/\/reveil-info.net\/wp-content\/uploads\/2025\/12\/FB_IMG_17663121085502063-300x263.jpg 300w\" sizes=\"auto, (max-width: 720px) 100vw, 720px\" \/><\/p>\n<p>\u00ab Nous restons fid\u00e8les et engag\u00e9s pour la reconqu\u00eate et \u00e0 remplir toutes les missions qui seront confi\u00e9es \u00e0 nous les FDS, pour cette Patrie que le leader le Capitaine Ibrahim TRAOR\u00c9 veut prosp\u00e8re dans quelques ann\u00e9es \u00bb, soutient le Commandant de la 2e r\u00e9gion militaire.<\/p>\n<p><img loading=\"lazy\" decoding=\"async\" class=\"alignnone size-full wp-image-39196\" src=\"https:\/\/reveil-info.net\/wp-content\/uploads\/2025\/12\/FB_IMG_17663121221134476.jpg\" alt=\"\" width=\"720\" height=\"470\" srcset=\"https:\/\/reveil-info.net\/wp-content\/uploads\/2025\/12\/FB_IMG_17663121221134476.jpg 720w, https:\/\/reveil-info.net\/wp-content\/uploads\/2025\/12\/FB_IMG_17663121221134476-300x196.jpg 300w\" sizes=\"auto, (max-width: 720px) 100vw, 720px\" \/><\/p>\n<p>Direction de la communication de la Pr\u00e9sidence du Faso<\/p>\n<p><img loading=\"lazy\" decoding=\"async\" class=\"alignnone size-full wp-image-39192\" src=\"https:\/\/reveil-info.net\/wp-content\/uploads\/2025\/12\/FB_IMG_17618127685409260.jpg\" alt=\"\" width=\"720\" height=\"507\" srcset=\"https:\/\/reveil-info.net\/wp-content\/uploads\/2025\/12\/FB_IMG_17618127685409260.jpg 720w, https:\/\/reveil-info.net\/wp-content\/uploads\/2025\/12\/FB_IMG_17618127685409260-300x211.jpg 300w\" sizes=\"auto, (max-width: 720px) 100vw, 720px\" \/><\/p>\n","protected":false},"excerpt":{"rendered":"<p>S\u00c9JOUR DU PR\u00c9SIDENT DU FASO \u00c0 BOBO-DIOULASSO Les Forces de d\u00e9fense et de s\u00e9curit\u00e9 r\u00e9it\u00e8rent<\/p>\n","protected":false},"author":1,"featured_media":0,"comment_status":"open","ping_status":"open","sticky":false,"template":"","format":"standard","meta":{"footnotes":""},"categories":[2,12],"tags":[],"class_list":["post-39189","post","type-post","status-publish","format-standard","hentry","category-actu","category-politique"],"yoast_head":"<!-- This site is optimized with the Yoast SEO plugin v27.5 - https:\/\/yoast.com\/product\/yoast-seo-wordpress\/ -->\n<title>S\u00e9jour du pr\u00e9sident IB \u00e0 Bobo Dioulasso : engagement et d\u00e9termination - R\u00e9veil Info<\/title>\n<meta name=\"robots\" content=\"noindex, follow, max-snippet:-1, max-image-preview:large, max-video-preview:-1\" \/>\n<meta property=\"og:locale\" content=\"fr_FR\" \/>\n<meta property=\"og:type\" content=\"article\" \/>\n<meta property=\"og:title\" content=\"S\u00e9jour du pr\u00e9sident IB \u00e0 Bobo Dioulasso : engagement et d\u00e9termination - R\u00e9veil Info\" \/>\n<meta property=\"og:description\" content=\"S\u00c9JOUR DU PR\u00c9SIDENT DU FASO \u00c0 BOBO-DIOULASSO Les Forces de d\u00e9fense et de s\u00e9curit\u00e9 r\u00e9it\u00e8rent\" \/>\n<meta property=\"og:url\" content=\"https:\/\/reveil-info.net\/?p=39189\" \/>\n<meta property=\"og:site_name\" content=\"R\u00e9veil Info\" \/>\n<meta property=\"article:published_time\" content=\"2025-12-21T10:20:00+00:00\" \/>\n<meta property=\"og:image\" content=\"https:\/\/reveil-info.net\/wp-content\/uploads\/2025\/12\/FB_IMG_17663121131815857.jpg\" \/>\n\t<meta property=\"og:image:width\" content=\"720\" \/>\n\t<meta property=\"og:image:height\" content=\"490\" \/>\n\t<meta property=\"og:image:type\" content=\"image\/jpeg\" \/>\n<meta name=\"author\" content=\"R\u00e9veil info\" \/>\n<meta name=\"twitter:card\" content=\"summary_large_image\" \/>\n<meta name=\"twitter:label1\" content=\"\u00c9crit par\" \/>\n\t<meta name=\"twitter:data1\" content=\"R\u00e9veil info\" \/>\n\t<meta name=\"twitter:label2\" content=\"Dur\u00e9e de lecture estim\u00e9e\" \/>\n\t<meta name=\"twitter:data2\" content=\"2 minutes\" \/>\n<script type=\"application\/ld+json\" class=\"yoast-schema-graph\">{\"@context\":\"https:\\\/\\\/schema.org\",\"@graph\":[{\"@type\":\"Article\",\"@id\":\"https:\\\/\\\/reveil-info.net\\\/?p=39189#article\",\"isPartOf\":{\"@id\":\"https:\\\/\\\/reveil-info.net\\\/?p=39189\"},\"author\":{\"name\":\"R\u00e9veil info\",\"@id\":\"https:\\\/\\\/reveil-info.net\\\/#\\\/schema\\\/person\\\/ca0cc8e70088e0a2b5e92556c1ee60f5\"},\"headline\":\"S\u00e9jour du pr\u00e9sident IB \u00e0 Bobo Dioulasso : engagement et d\u00e9termination\",\"datePublished\":\"2025-12-21T10:20:00+00:00\",\"mainEntityOfPage\":{\"@id\":\"https:\\\/\\\/reveil-info.net\\\/?p=39189\"},\"wordCount\":242,\"commentCount\":0,\"publisher\":{\"@id\":\"https:\\\/\\\/reveil-info.net\\\/#organization\"},\"image\":{\"@id\":\"https:\\\/\\\/reveil-info.net\\\/?p=39189#primaryimage\"},\"thumbnailUrl\":\"https:\\\/\\\/reveil-info.net\\\/wp-content\\\/uploads\\\/2025\\\/12\\\/FB_IMG_17663121131815857.jpg\",\"articleSection\":[\"Actualit\u00e9\",\"Politique\"],\"inLanguage\":\"fr-FR\",\"potentialAction\":[{\"@type\":\"CommentAction\",\"name\":\"Comment\",\"target\":[\"https:\\\/\\\/reveil-info.net\\\/?p=39189#respond\"]}]},{\"@type\":\"WebPage\",\"@id\":\"https:\\\/\\\/reveil-info.net\\\/?p=39189\",\"url\":\"https:\\\/\\\/reveil-info.net\\\/?p=39189\",\"name\":\"S\u00e9jour du pr\u00e9sident IB \u00e0 Bobo Dioulasso : engagement et d\u00e9termination - R\u00e9veil Info\",\"isPartOf\":{\"@id\":\"https:\\\/\\\/reveil-info.net\\\/#website\"},\"primaryImageOfPage\":{\"@id\":\"https:\\\/\\\/reveil-info.net\\\/?p=39189#primaryimage\"},\"image\":{\"@id\":\"https:\\\/\\\/reveil-info.net\\\/?p=39189#primaryimage\"},\"thumbnailUrl\":\"https:\\\/\\\/reveil-info.net\\\/wp-content\\\/uploads\\\/2025\\\/12\\\/FB_IMG_17663121131815857.jpg\",\"datePublished\":\"2025-12-21T10:20:00+00:00\",\"breadcrumb\":{\"@id\":\"https:\\\/\\\/reveil-info.net\\\/?p=39189#breadcrumb\"},\"inLanguage\":\"fr-FR\",\"potentialAction\":[{\"@type\":\"ReadAction\",\"target\":[\"https:\\\/\\\/reveil-info.net\\\/?p=39189\"]}]},{\"@type\":\"ImageObject\",\"inLanguage\":\"fr-FR\",\"@id\":\"https:\\\/\\\/reveil-info.net\\\/?p=39189#primaryimage\",\"url\":\"https:\\\/\\\/reveil-info.net\\\/wp-content\\\/uploads\\\/2025\\\/12\\\/FB_IMG_17663121131815857.jpg\",\"contentUrl\":\"https:\\\/\\\/reveil-info.net\\\/wp-content\\\/uploads\\\/2025\\\/12\\\/FB_IMG_17663121131815857.jpg\",\"width\":720,\"height\":490},{\"@type\":\"BreadcrumbList\",\"@id\":\"https:\\\/\\\/reveil-info.net\\\/?p=39189#breadcrumb\",\"itemListElement\":[{\"@type\":\"ListItem\",\"position\":1,\"name\":\"Home\",\"item\":\"https:\\\/\\\/reveil-info.net\\\/\"},{\"@type\":\"ListItem\",\"position\":2,\"name\":\"S\u00e9jour du pr\u00e9sident IB \u00e0 Bobo Dioulasso : engagement et d\u00e9termination\"}]},{\"@type\":\"WebSite\",\"@id\":\"https:\\\/\\\/reveil-info.net\\\/#website\",\"url\":\"https:\\\/\\\/reveil-info.net\\\/\",\"name\":\"R\u00e9veil Info\",\"description\":\"Le devoir d&#039;informer!\",\"publisher\":{\"@id\":\"https:\\\/\\\/reveil-info.net\\\/#organization\"},\"potentialAction\":[{\"@type\":\"SearchAction\",\"target\":{\"@type\":\"EntryPoint\",\"urlTemplate\":\"https:\\\/\\\/reveil-info.net\\\/?s={search_term_string}\"},\"query-input\":{\"@type\":\"PropertyValueSpecification\",\"valueRequired\":true,\"valueName\":\"search_term_string\"}}],\"inLanguage\":\"fr-FR\"},{\"@type\":\"Organization\",\"@id\":\"https:\\\/\\\/reveil-info.net\\\/#organization\",\"name\":\"R\u00e9veil Info\",\"url\":\"https:\\\/\\\/reveil-info.net\\\/\",\"logo\":{\"@type\":\"ImageObject\",\"inLanguage\":\"fr-FR\",\"@id\":\"https:\\\/\\\/reveil-info.net\\\/#\\\/schema\\\/logo\\\/image\\\/\",\"url\":\"https:\\\/\\\/reveil-info.net\\\/wp-content\\\/uploads\\\/2024\\\/07\\\/bnddd1.jpg\",\"contentUrl\":\"https:\\\/\\\/reveil-info.net\\\/wp-content\\\/uploads\\\/2024\\\/07\\\/bnddd1.jpg\",\"width\":903,\"height\":125,\"caption\":\"R\u00e9veil Info\"},\"image\":{\"@id\":\"https:\\\/\\\/reveil-info.net\\\/#\\\/schema\\\/logo\\\/image\\\/\"}},{\"@type\":\"Person\",\"@id\":\"https:\\\/\\\/reveil-info.net\\\/#\\\/schema\\\/person\\\/ca0cc8e70088e0a2b5e92556c1ee60f5\",\"name\":\"R\u00e9veil info\",\"image\":{\"@type\":\"ImageObject\",\"inLanguage\":\"fr-FR\",\"@id\":\"https:\\\/\\\/secure.gravatar.com\\\/avatar\\\/e4ad5bb743c8b6cb174d9df6c7d30a8a16f6889731241345fc6444e6485f02af?s=96&d=mm&r=g\",\"url\":\"https:\\\/\\\/secure.gravatar.com\\\/avatar\\\/e4ad5bb743c8b6cb174d9df6c7d30a8a16f6889731241345fc6444e6485f02af?s=96&d=mm&r=g\",\"contentUrl\":\"https:\\\/\\\/secure.gravatar.com\\\/avatar\\\/e4ad5bb743c8b6cb174d9df6c7d30a8a16f6889731241345fc6444e6485f02af?s=96&d=mm&r=g\",\"caption\":\"R\u00e9veil info\"},\"sameAs\":[\"https:\\\/\\\/reveil-info.net\"],\"url\":\"https:\\\/\\\/reveil-info.net\\\/?author=1\"}]}<\/script>\n<!-- \/ Yoast SEO plugin. -->","yoast_head_json":{"title":"S\u00e9jour du pr\u00e9sident IB \u00e0 Bobo Dioulasso : engagement et d\u00e9termination - R\u00e9veil Info","robots":{"index":"noindex","follow":"follow","max-snippet":"max-snippet:-1","max-image-preview":"max-image-preview:large","max-video-preview":"max-video-preview:-1"},"og_locale":"fr_FR","og_type":"article","og_title":"S\u00e9jour du pr\u00e9sident IB \u00e0 Bobo Dioulasso : engagement et d\u00e9termination - R\u00e9veil Info","og_description":"S\u00c9JOUR DU PR\u00c9SIDENT DU FASO \u00c0 BOBO-DIOULASSO Les Forces de d\u00e9fense et de s\u00e9curit\u00e9 r\u00e9it\u00e8rent","og_url":"https:\/\/reveil-info.net\/?p=39189","og_site_name":"R\u00e9veil Info","article_published_time":"2025-12-21T10:20:00+00:00","og_image":[{"width":720,"height":490,"url":"https:\/\/reveil-info.net\/wp-content\/uploads\/2025\/12\/FB_IMG_17663121131815857.jpg","type":"image\/jpeg"}],"author":"R\u00e9veil info","twitter_card":"summary_large_image","twitter_misc":{"\u00c9crit par":"R\u00e9veil info","Dur\u00e9e de lecture estim\u00e9e":"2 minutes"},"schema":{"@context":"https:\/\/schema.org","@graph":[{"@type":"Article","@id":"https:\/\/reveil-info.net\/?p=39189#article","isPartOf":{"@id":"https:\/\/reveil-info.net\/?p=39189"},"author":{"name":"R\u00e9veil info","@id":"https:\/\/reveil-info.net\/#\/schema\/person\/ca0cc8e70088e0a2b5e92556c1ee60f5"},"headline":"S\u00e9jour du pr\u00e9sident IB \u00e0 Bobo Dioulasso : engagement et d\u00e9termination","datePublished":"2025-12-21T10:20:00+00:00","mainEntityOfPage":{"@id":"https:\/\/reveil-info.net\/?p=39189"},"wordCount":242,"commentCount":0,"publisher":{"@id":"https:\/\/reveil-info.net\/#organization"},"image":{"@id":"https:\/\/reveil-info.net\/?p=39189#primaryimage"},"thumbnailUrl":"https:\/\/reveil-info.net\/wp-content\/uploads\/2025\/12\/FB_IMG_17663121131815857.jpg","articleSection":["Actualit\u00e9","Politique"],"inLanguage":"fr-FR","potentialAction":[{"@type":"CommentAction","name":"Comment","target":["https:\/\/reveil-info.net\/?p=39189#respond"]}]},{"@type":"WebPage","@id":"https:\/\/reveil-info.net\/?p=39189","url":"https:\/\/reveil-info.net\/?p=39189","name":"S\u00e9jour du pr\u00e9sident IB \u00e0 Bobo Dioulasso : engagement et d\u00e9termination - R\u00e9veil Info","isPartOf":{"@id":"https:\/\/reveil-info.net\/#website"},"primaryImageOfPage":{"@id":"https:\/\/reveil-info.net\/?p=39189#primaryimage"},"image":{"@id":"https:\/\/reveil-info.net\/?p=39189#primaryimage"},"thumbnailUrl":"https:\/\/reveil-info.net\/wp-content\/uploads\/2025\/12\/FB_IMG_17663121131815857.jpg","datePublished":"2025-12-21T10:20:00+00:00","breadcrumb":{"@id":"https:\/\/reveil-info.net\/?p=39189#breadcrumb"},"inLanguage":"fr-FR","potentialAction":[{"@type":"ReadAction","target":["https:\/\/reveil-info.net\/?p=39189"]}]},{"@type":"ImageObject","inLanguage":"fr-FR","@id":"https:\/\/reveil-info.net\/?p=39189#primaryimage","url":"https:\/\/reveil-info.net\/wp-content\/uploads\/2025\/12\/FB_IMG_17663121131815857.jpg","contentUrl":"https:\/\/reveil-info.net\/wp-content\/uploads\/2025\/12\/FB_IMG_17663121131815857.jpg","width":720,"height":490},{"@type":"BreadcrumbList","@id":"https:\/\/reveil-info.net\/?p=39189#breadcrumb","itemListElement":[{"@type":"ListItem","position":1,"name":"Home","item":"https:\/\/reveil-info.net\/"},{"@type":"ListItem","position":2,"name":"S\u00e9jour du pr\u00e9sident IB \u00e0 Bobo Dioulasso : engagement et d\u00e9termination"}]},{"@type":"WebSite","@id":"https:\/\/reveil-info.net\/#website","url":"https:\/\/reveil-info.net\/","name":"R\u00e9veil Info","description":"Le devoir d&#039;informer!","publisher":{"@id":"https:\/\/reveil-info.net\/#organization"},"potentialAction":[{"@type":"SearchAction","target":{"@type":"EntryPoint","urlTemplate":"https:\/\/reveil-info.net\/?s={search_term_string}"},"query-input":{"@type":"PropertyValueSpecification","valueRequired":true,"valueName":"search_term_string"}}],"inLanguage":"fr-FR"},{"@type":"Organization","@id":"https:\/\/reveil-info.net\/#organization","name":"R\u00e9veil Info","url":"https:\/\/reveil-info.net\/","logo":{"@type":"ImageObject","inLanguage":"fr-FR","@id":"https:\/\/reveil-info.net\/#\/schema\/logo\/image\/","url":"https:\/\/reveil-info.net\/wp-content\/uploads\/2024\/07\/bnddd1.jpg","contentUrl":"https:\/\/reveil-info.net\/wp-content\/uploads\/2024\/07\/bnddd1.jpg","width":903,"height":125,"caption":"R\u00e9veil Info"},"image":{"@id":"https:\/\/reveil-info.net\/#\/schema\/logo\/image\/"}},{"@type":"Person","@id":"https:\/\/reveil-info.net\/#\/schema\/person\/ca0cc8e70088e0a2b5e92556c1ee60f5","name":"R\u00e9veil info","image":{"@type":"ImageObject","inLanguage":"fr-FR","@id":"https:\/\/secure.gravatar.com\/avatar\/e4ad5bb743c8b6cb174d9df6c7d30a8a16f6889731241345fc6444e6485f02af?s=96&d=mm&r=g","url":"https:\/\/secure.gravatar.com\/avatar\/e4ad5bb743c8b6cb174d9df6c7d30a8a16f6889731241345fc6444e6485f02af?s=96&d=mm&r=g","contentUrl":"https:\/\/secure.gravatar.com\/avatar\/e4ad5bb743c8b6cb174d9df6c7d30a8a16f6889731241345fc6444e6485f02af?s=96&d=mm&r=g","caption":"R\u00e9veil info"},"sameAs":["https:\/\/reveil-info.net"],"url":"https:\/\/reveil-info.net\/?author=1"}]}},"jetpack_featured_media_url":"","featured_image_urls":{"full":"","thumbnail":"","medium":"","medium_large":"","large":"","1536x1536":"","2048x2048":"","chromenews-featured":"","chromenews-large":"","chromenews-medium":""},"author_info":{"display_name":"R\u00e9veil info","author_link":"https:\/\/reveil-info.net\/?author=1"},"category_info":"<a href=\"https:\/\/reveil-info.net\/?cat=2\" rel=\"category\">Actualit\u00e9<\/a> <a href=\"https:\/\/reveil-info.net\/?cat=12\" rel=\"category\">Politique<\/a>","tag_info":"Politique","comment_count":"0","_links":{"self":[{"href":"https:\/\/reveil-info.net\/index.php?rest_route=\/wp\/v2\/posts\/39189","targetHints":{"allow":["GET"]}}],"collection":[{"href":"https:\/\/reveil-info.net\/index.php?rest_route=\/wp\/v2\/posts"}],"about":[{"href":"https:\/\/reveil-info.net\/index.php?rest_route=\/wp\/v2\/types\/post"}],"author":[{"embeddable":true,"href":"https:\/\/reveil-info.net\/index.php?rest_route=\/wp\/v2\/users\/1"}],"replies":[{"embeddable":true,"href":"https:\/\/reveil-info.net\/index.php?rest_route=%2Fwp%2Fv2%2Fcomments&post=39189"}],"version-history":[{"count":4,"href":"https:\/\/reveil-info.net\/index.php?rest_route=\/wp\/v2\/posts\/39189\/revisions"}],"predecessor-version":[{"id":39197,"href":"https:\/\/reveil-info.net\/index.php?rest_route=\/wp\/v2\/posts\/39189\/revisions\/39197"}],"wp:attachment":[{"href":"https:\/\/reveil-info.net\/index.php?rest_route=%2Fwp%2Fv2%2Fmedia&parent=39189"}],"wp:term":[{"taxonomy":"category","embeddable":true,"href":"https:\/\/reveil-info.net\/index.php?rest_route=%2Fwp%2Fv2%2Fcategories&post=39189"},{"taxonomy":"post_tag","embeddable":true,"href":"https:\/\/reveil-info.net\/index.php?rest_route=%2Fwp%2Fv2%2Ftags&post=39189"}],"curies":[{"name":"wp","href":"https:\/\/api.w.org\/{rel}","templated":true}]}}