{"id":39172,"date":"2025-12-20T20:10:06","date_gmt":"2025-12-20T20:10:06","guid":{"rendered":"https:\/\/reveil-info.net\/?p=39172"},"modified":"2025-12-20T20:10:06","modified_gmt":"2025-12-20T20:10:06","slug":"burkina-le-president-inaugure-une-unite-de-transformation-de-mais-en-produits-derives","status":"publish","type":"post","link":"https:\/\/reveil-info.net\/?p=39172","title":{"rendered":"Burkina : le pr\u00e9sident inaugure une unit\u00e9 de transformation de ma\u00efs en produits d\u00e9riv\u00e9s"},"content":{"rendered":"<p>D\u00e9veloppement industriel : le Pr\u00e9sident du Faso inaugure une usine de transformation de ma\u00efs en produits d\u00e9riv\u00e9s<img loading=\"lazy\" decoding=\"async\" class=\"alignnone size-full wp-image-39175\" src=\"https:\/\/reveil-info.net\/wp-content\/uploads\/2025\/12\/FB_IMG_17662610983134347.jpg\" alt=\"\" width=\"720\" height=\"513\" srcset=\"https:\/\/reveil-info.net\/wp-content\/uploads\/2025\/12\/FB_IMG_17662610983134347.jpg 720w, https:\/\/reveil-info.net\/wp-content\/uploads\/2025\/12\/FB_IMG_17662610983134347-300x214.jpg 300w\" sizes=\"auto, (max-width: 720px) 100vw, 720px\" \/><\/p>\n<p>(Bobo-Dioulasso, 20 d\u00e9cembre 2025). Le Pr\u00e9sident du Faso, Chef de l\u2019\u00c9tat, Son Excellence le Capitaine Ibrahim TRAOR\u00c9 a inaugur\u00e9, ce samedi apr\u00e8s-midi, le complexe agroindustriel Agroserv Industrie \u00e0 Bobo-Dioulasso.<\/p>\n<p>La soci\u00e9t\u00e9 Agroserv Industrie est sp\u00e9cialis\u00e9e dans la transformation du ma\u00efs en produits d\u00e9riv\u00e9s en l\u2019occurrence la semoule, la farine, le gritz et le son. Elle produit \u00e9galement de la farine infantile et des prot\u00e9ines de soja.<\/p>\n<p><img loading=\"lazy\" decoding=\"async\" class=\"alignnone size-full wp-image-39177\" src=\"https:\/\/reveil-info.net\/wp-content\/uploads\/2025\/12\/FB_IMG_17662611020372297.jpg\" alt=\"\" width=\"720\" height=\"480\" srcset=\"https:\/\/reveil-info.net\/wp-content\/uploads\/2025\/12\/FB_IMG_17662611020372297.jpg 720w, https:\/\/reveil-info.net\/wp-content\/uploads\/2025\/12\/FB_IMG_17662611020372297-300x200.jpg 300w\" sizes=\"auto, (max-width: 720px) 100vw, 720px\" \/><\/p>\n<p>Pour le Capitaine Ibrahim TRAOR\u00c9, l\u2019inauguration de cette usine est \u00ab la mat\u00e9rialisation concr\u00e8te de notre vision de valoriser nos mati\u00e8res premi\u00e8res \u00e0 travers la transformation industrielle. L\u2019industrie, c\u2019est ce qu\u2019il faut au Burkina Faso et nous encourageons tout le secteur priv\u00e9 \u00e0 embo\u00eeter le pas \u00e0 ceux qui ont d\u00e9cid\u00e9 de transformer nos mati\u00e8res premi\u00e8res \u00bb.<\/p>\n<p>Le Ministre de l\u2019Industrie, du Commerce et de l\u2019Artisanat, M. Serge Gnaniodem PODA soutient que cette inauguration marque \u00ab une \u00e9tape de plus dans la dynamique industrielle de notre pays, impuls\u00e9e sous le leadership du Capitaine Ibrahim TRAOR\u00c9 \u00bb.<\/p>\n<p><img loading=\"lazy\" decoding=\"async\" class=\"alignnone size-full wp-image-39178\" src=\"https:\/\/reveil-info.net\/wp-content\/uploads\/2025\/12\/FB_IMG_17662610944259369.jpg\" alt=\"\" width=\"720\" height=\"480\" srcset=\"https:\/\/reveil-info.net\/wp-content\/uploads\/2025\/12\/FB_IMG_17662610944259369.jpg 720w, https:\/\/reveil-info.net\/wp-content\/uploads\/2025\/12\/FB_IMG_17662610944259369-300x200.jpg 300w\" sizes=\"auto, (max-width: 720px) 100vw, 720px\" \/><\/p>\n<p>La pr\u00e9sence du Pr\u00e9sident du Faso \u00e0 la c\u00e9r\u00e9monie d\u2019inauguration, selon le promoteur du complexe Agroserv Industrie, M. Siaka SANON, traduit l\u2019engagement constant du Chef de l\u2019\u00c9tat pour la transformation des mati\u00e8res premi\u00e8res locales. Ainsi, Agroserv Industrie entend \u00ab contribuer par l\u2019investissement priv\u00e9 productif \u00e0 l\u2019atteinte de l\u2019autosuffisance alimentaire et \u00e0 la r\u00e9duction de la d\u00e9pendance aux importations \u00bb, soutient-il.<\/p>\n<p>D\u2019un co\u00fbt d\u2019investissement de 11 milliards FCFA, ce complexe agroindustriel dot\u00e9 d\u2019\u00e9quipements modernes, a une capacit\u00e9 de transformation de 160 tonnes de ma\u00efs par jour et 12 tonnes de farine infantile par jour.<\/p>\n<p>Boost\u00e9 par l\u2019engagement du gouvernement \u00e0 soutenir durablement le d\u00e9veloppement industriel de notre pays, le promoteur entend cr\u00e9er un champ de ma\u00efs et de soja de 3 000 hectares dans la perspective de couvrir 50% des besoins de son complexe industriel \u00e0 l\u2019horizon 2026.<\/p>\n<p>Direction de la communication de la Pr\u00e9sidence du Faso<\/p>\n<p><img loading=\"lazy\" decoding=\"async\" class=\"alignnone size-full wp-image-39093\" src=\"https:\/\/reveil-info.net\/wp-content\/uploads\/2025\/12\/IMG-20250509-WA0037-1.jpg\" alt=\"\" width=\"1280\" height=\"935\" srcset=\"https:\/\/reveil-info.net\/wp-content\/uploads\/2025\/12\/IMG-20250509-WA0037-1.jpg 1280w, https:\/\/reveil-info.net\/wp-content\/uploads\/2025\/12\/IMG-20250509-WA0037-1-300x219.jpg 300w, https:\/\/reveil-info.net\/wp-content\/uploads\/2025\/12\/IMG-20250509-WA0037-1-1024x748.jpg 1024w, https:\/\/reveil-info.net\/wp-content\/uploads\/2025\/12\/IMG-20250509-WA0037-1-768x561.jpg 768w\" sizes=\"auto, (max-width: 1280px) 100vw, 1280px\" \/><\/p>\n","protected":false},"excerpt":{"rendered":"<p>D\u00e9veloppement industriel : le Pr\u00e9sident du Faso inaugure une usine de transformation de ma\u00efs en<\/p>\n","protected":false},"author":1,"featured_media":0,"comment_status":"open","ping_status":"open","sticky":false,"template":"","format":"standard","meta":{"footnotes":""},"categories":[2,5],"tags":[],"class_list":["post-39172","post","type-post","status-publish","format-standard","hentry","category-actu","category-developpement"],"yoast_head":"<!-- This site is optimized with the Yoast SEO plugin v27.5 - https:\/\/yoast.com\/product\/yoast-seo-wordpress\/ -->\n<title>Burkina : le pr\u00e9sident inaugure une unit\u00e9 de transformation de ma\u00efs en produits d\u00e9riv\u00e9s - R\u00e9veil Info<\/title>\n<meta name=\"robots\" content=\"noindex, follow, max-snippet:-1, max-image-preview:large, max-video-preview:-1\" \/>\n<meta property=\"og:locale\" content=\"fr_FR\" \/>\n<meta property=\"og:type\" content=\"article\" \/>\n<meta property=\"og:title\" content=\"Burkina : le pr\u00e9sident inaugure une unit\u00e9 de transformation de ma\u00efs en produits d\u00e9riv\u00e9s - R\u00e9veil Info\" \/>\n<meta property=\"og:description\" content=\"D\u00e9veloppement industriel : le Pr\u00e9sident du Faso inaugure une usine de transformation de ma\u00efs en\" \/>\n<meta property=\"og:url\" content=\"https:\/\/reveil-info.net\/?p=39172\" \/>\n<meta property=\"og:site_name\" content=\"R\u00e9veil Info\" \/>\n<meta property=\"article:published_time\" content=\"2025-12-20T20:10:06+00:00\" \/>\n<meta property=\"og:image\" content=\"https:\/\/reveil-info.net\/wp-content\/uploads\/2025\/12\/FB_IMG_17662610983134347.jpg\" \/>\n\t<meta property=\"og:image:width\" content=\"720\" \/>\n\t<meta property=\"og:image:height\" content=\"513\" \/>\n\t<meta property=\"og:image:type\" content=\"image\/jpeg\" \/>\n<meta name=\"author\" content=\"R\u00e9veil info\" \/>\n<meta name=\"twitter:card\" content=\"summary_large_image\" \/>\n<meta name=\"twitter:label1\" content=\"\u00c9crit par\" \/>\n\t<meta name=\"twitter:data1\" content=\"R\u00e9veil info\" \/>\n\t<meta name=\"twitter:label2\" content=\"Dur\u00e9e de lecture estim\u00e9e\" \/>\n\t<meta name=\"twitter:data2\" content=\"3 minutes\" \/>\n<script type=\"application\/ld+json\" class=\"yoast-schema-graph\">{\"@context\":\"https:\\\/\\\/schema.org\",\"@graph\":[{\"@type\":\"Article\",\"@id\":\"https:\\\/\\\/reveil-info.net\\\/?p=39172#article\",\"isPartOf\":{\"@id\":\"https:\\\/\\\/reveil-info.net\\\/?p=39172\"},\"author\":{\"name\":\"R\u00e9veil info\",\"@id\":\"https:\\\/\\\/reveil-info.net\\\/#\\\/schema\\\/person\\\/ca0cc8e70088e0a2b5e92556c1ee60f5\"},\"headline\":\"Burkina : le pr\u00e9sident inaugure une unit\u00e9 de transformation de ma\u00efs en produits d\u00e9riv\u00e9s\",\"datePublished\":\"2025-12-20T20:10:06+00:00\",\"mainEntityOfPage\":{\"@id\":\"https:\\\/\\\/reveil-info.net\\\/?p=39172\"},\"wordCount\":374,\"commentCount\":0,\"publisher\":{\"@id\":\"https:\\\/\\\/reveil-info.net\\\/#organization\"},\"image\":{\"@id\":\"https:\\\/\\\/reveil-info.net\\\/?p=39172#primaryimage\"},\"thumbnailUrl\":\"https:\\\/\\\/reveil-info.net\\\/wp-content\\\/uploads\\\/2025\\\/12\\\/FB_IMG_17662610983134347.jpg\",\"articleSection\":[\"Actualit\u00e9\",\"D\u00e9veloppement\"],\"inLanguage\":\"fr-FR\",\"potentialAction\":[{\"@type\":\"CommentAction\",\"name\":\"Comment\",\"target\":[\"https:\\\/\\\/reveil-info.net\\\/?p=39172#respond\"]}]},{\"@type\":\"WebPage\",\"@id\":\"https:\\\/\\\/reveil-info.net\\\/?p=39172\",\"url\":\"https:\\\/\\\/reveil-info.net\\\/?p=39172\",\"name\":\"Burkina : le pr\u00e9sident inaugure une unit\u00e9 de transformation de ma\u00efs en produits d\u00e9riv\u00e9s - R\u00e9veil Info\",\"isPartOf\":{\"@id\":\"https:\\\/\\\/reveil-info.net\\\/#website\"},\"primaryImageOfPage\":{\"@id\":\"https:\\\/\\\/reveil-info.net\\\/?p=39172#primaryimage\"},\"image\":{\"@id\":\"https:\\\/\\\/reveil-info.net\\\/?p=39172#primaryimage\"},\"thumbnailUrl\":\"https:\\\/\\\/reveil-info.net\\\/wp-content\\\/uploads\\\/2025\\\/12\\\/FB_IMG_17662610983134347.jpg\",\"datePublished\":\"2025-12-20T20:10:06+00:00\",\"breadcrumb\":{\"@id\":\"https:\\\/\\\/reveil-info.net\\\/?p=39172#breadcrumb\"},\"inLanguage\":\"fr-FR\",\"potentialAction\":[{\"@type\":\"ReadAction\",\"target\":[\"https:\\\/\\\/reveil-info.net\\\/?p=39172\"]}]},{\"@type\":\"ImageObject\",\"inLanguage\":\"fr-FR\",\"@id\":\"https:\\\/\\\/reveil-info.net\\\/?p=39172#primaryimage\",\"url\":\"https:\\\/\\\/reveil-info.net\\\/wp-content\\\/uploads\\\/2025\\\/12\\\/FB_IMG_17662610983134347.jpg\",\"contentUrl\":\"https:\\\/\\\/reveil-info.net\\\/wp-content\\\/uploads\\\/2025\\\/12\\\/FB_IMG_17662610983134347.jpg\",\"width\":720,\"height\":513},{\"@type\":\"BreadcrumbList\",\"@id\":\"https:\\\/\\\/reveil-info.net\\\/?p=39172#breadcrumb\",\"itemListElement\":[{\"@type\":\"ListItem\",\"position\":1,\"name\":\"Home\",\"item\":\"https:\\\/\\\/reveil-info.net\\\/\"},{\"@type\":\"ListItem\",\"position\":2,\"name\":\"Burkina : le pr\u00e9sident inaugure une unit\u00e9 de transformation de ma\u00efs en produits d\u00e9riv\u00e9s\"}]},{\"@type\":\"WebSite\",\"@id\":\"https:\\\/\\\/reveil-info.net\\\/#website\",\"url\":\"https:\\\/\\\/reveil-info.net\\\/\",\"name\":\"R\u00e9veil Info\",\"description\":\"Le devoir d&#039;informer!\",\"publisher\":{\"@id\":\"https:\\\/\\\/reveil-info.net\\\/#organization\"},\"potentialAction\":[{\"@type\":\"SearchAction\",\"target\":{\"@type\":\"EntryPoint\",\"urlTemplate\":\"https:\\\/\\\/reveil-info.net\\\/?s={search_term_string}\"},\"query-input\":{\"@type\":\"PropertyValueSpecification\",\"valueRequired\":true,\"valueName\":\"search_term_string\"}}],\"inLanguage\":\"fr-FR\"},{\"@type\":\"Organization\",\"@id\":\"https:\\\/\\\/reveil-info.net\\\/#organization\",\"name\":\"R\u00e9veil Info\",\"url\":\"https:\\\/\\\/reveil-info.net\\\/\",\"logo\":{\"@type\":\"ImageObject\",\"inLanguage\":\"fr-FR\",\"@id\":\"https:\\\/\\\/reveil-info.net\\\/#\\\/schema\\\/logo\\\/image\\\/\",\"url\":\"https:\\\/\\\/reveil-info.net\\\/wp-content\\\/uploads\\\/2024\\\/07\\\/bnddd1.jpg\",\"contentUrl\":\"https:\\\/\\\/reveil-info.net\\\/wp-content\\\/uploads\\\/2024\\\/07\\\/bnddd1.jpg\",\"width\":903,\"height\":125,\"caption\":\"R\u00e9veil Info\"},\"image\":{\"@id\":\"https:\\\/\\\/reveil-info.net\\\/#\\\/schema\\\/logo\\\/image\\\/\"}},{\"@type\":\"Person\",\"@id\":\"https:\\\/\\\/reveil-info.net\\\/#\\\/schema\\\/person\\\/ca0cc8e70088e0a2b5e92556c1ee60f5\",\"name\":\"R\u00e9veil info\",\"image\":{\"@type\":\"ImageObject\",\"inLanguage\":\"fr-FR\",\"@id\":\"https:\\\/\\\/secure.gravatar.com\\\/avatar\\\/e4ad5bb743c8b6cb174d9df6c7d30a8a16f6889731241345fc6444e6485f02af?s=96&d=mm&r=g\",\"url\":\"https:\\\/\\\/secure.gravatar.com\\\/avatar\\\/e4ad5bb743c8b6cb174d9df6c7d30a8a16f6889731241345fc6444e6485f02af?s=96&d=mm&r=g\",\"contentUrl\":\"https:\\\/\\\/secure.gravatar.com\\\/avatar\\\/e4ad5bb743c8b6cb174d9df6c7d30a8a16f6889731241345fc6444e6485f02af?s=96&d=mm&r=g\",\"caption\":\"R\u00e9veil info\"},\"sameAs\":[\"https:\\\/\\\/reveil-info.net\"],\"url\":\"https:\\\/\\\/reveil-info.net\\\/?author=1\"}]}<\/script>\n<!-- \/ Yoast SEO plugin. -->","yoast_head_json":{"title":"Burkina : le pr\u00e9sident inaugure une unit\u00e9 de transformation de ma\u00efs en produits d\u00e9riv\u00e9s - R\u00e9veil Info","robots":{"index":"noindex","follow":"follow","max-snippet":"max-snippet:-1","max-image-preview":"max-image-preview:large","max-video-preview":"max-video-preview:-1"},"og_locale":"fr_FR","og_type":"article","og_title":"Burkina : le pr\u00e9sident inaugure une unit\u00e9 de transformation de ma\u00efs en produits d\u00e9riv\u00e9s - R\u00e9veil Info","og_description":"D\u00e9veloppement industriel : le Pr\u00e9sident du Faso inaugure une usine de transformation de ma\u00efs en","og_url":"https:\/\/reveil-info.net\/?p=39172","og_site_name":"R\u00e9veil Info","article_published_time":"2025-12-20T20:10:06+00:00","og_image":[{"width":720,"height":513,"url":"https:\/\/reveil-info.net\/wp-content\/uploads\/2025\/12\/FB_IMG_17662610983134347.jpg","type":"image\/jpeg"}],"author":"R\u00e9veil info","twitter_card":"summary_large_image","twitter_misc":{"\u00c9crit par":"R\u00e9veil info","Dur\u00e9e de lecture estim\u00e9e":"3 minutes"},"schema":{"@context":"https:\/\/schema.org","@graph":[{"@type":"Article","@id":"https:\/\/reveil-info.net\/?p=39172#article","isPartOf":{"@id":"https:\/\/reveil-info.net\/?p=39172"},"author":{"name":"R\u00e9veil info","@id":"https:\/\/reveil-info.net\/#\/schema\/person\/ca0cc8e70088e0a2b5e92556c1ee60f5"},"headline":"Burkina : le pr\u00e9sident inaugure une unit\u00e9 de transformation de ma\u00efs en produits d\u00e9riv\u00e9s","datePublished":"2025-12-20T20:10:06+00:00","mainEntityOfPage":{"@id":"https:\/\/reveil-info.net\/?p=39172"},"wordCount":374,"commentCount":0,"publisher":{"@id":"https:\/\/reveil-info.net\/#organization"},"image":{"@id":"https:\/\/reveil-info.net\/?p=39172#primaryimage"},"thumbnailUrl":"https:\/\/reveil-info.net\/wp-content\/uploads\/2025\/12\/FB_IMG_17662610983134347.jpg","articleSection":["Actualit\u00e9","D\u00e9veloppement"],"inLanguage":"fr-FR","potentialAction":[{"@type":"CommentAction","name":"Comment","target":["https:\/\/reveil-info.net\/?p=39172#respond"]}]},{"@type":"WebPage","@id":"https:\/\/reveil-info.net\/?p=39172","url":"https:\/\/reveil-info.net\/?p=39172","name":"Burkina : le pr\u00e9sident inaugure une unit\u00e9 de transformation de ma\u00efs en produits d\u00e9riv\u00e9s - R\u00e9veil Info","isPartOf":{"@id":"https:\/\/reveil-info.net\/#website"},"primaryImageOfPage":{"@id":"https:\/\/reveil-info.net\/?p=39172#primaryimage"},"image":{"@id":"https:\/\/reveil-info.net\/?p=39172#primaryimage"},"thumbnailUrl":"https:\/\/reveil-info.net\/wp-content\/uploads\/2025\/12\/FB_IMG_17662610983134347.jpg","datePublished":"2025-12-20T20:10:06+00:00","breadcrumb":{"@id":"https:\/\/reveil-info.net\/?p=39172#breadcrumb"},"inLanguage":"fr-FR","potentialAction":[{"@type":"ReadAction","target":["https:\/\/reveil-info.net\/?p=39172"]}]},{"@type":"ImageObject","inLanguage":"fr-FR","@id":"https:\/\/reveil-info.net\/?p=39172#primaryimage","url":"https:\/\/reveil-info.net\/wp-content\/uploads\/2025\/12\/FB_IMG_17662610983134347.jpg","contentUrl":"https:\/\/reveil-info.net\/wp-content\/uploads\/2025\/12\/FB_IMG_17662610983134347.jpg","width":720,"height":513},{"@type":"BreadcrumbList","@id":"https:\/\/reveil-info.net\/?p=39172#breadcrumb","itemListElement":[{"@type":"ListItem","position":1,"name":"Home","item":"https:\/\/reveil-info.net\/"},{"@type":"ListItem","position":2,"name":"Burkina : le pr\u00e9sident inaugure une unit\u00e9 de transformation de ma\u00efs en produits d\u00e9riv\u00e9s"}]},{"@type":"WebSite","@id":"https:\/\/reveil-info.net\/#website","url":"https:\/\/reveil-info.net\/","name":"R\u00e9veil Info","description":"Le devoir d&#039;informer!","publisher":{"@id":"https:\/\/reveil-info.net\/#organization"},"potentialAction":[{"@type":"SearchAction","target":{"@type":"EntryPoint","urlTemplate":"https:\/\/reveil-info.net\/?s={search_term_string}"},"query-input":{"@type":"PropertyValueSpecification","valueRequired":true,"valueName":"search_term_string"}}],"inLanguage":"fr-FR"},{"@type":"Organization","@id":"https:\/\/reveil-info.net\/#organization","name":"R\u00e9veil Info","url":"https:\/\/reveil-info.net\/","logo":{"@type":"ImageObject","inLanguage":"fr-FR","@id":"https:\/\/reveil-info.net\/#\/schema\/logo\/image\/","url":"https:\/\/reveil-info.net\/wp-content\/uploads\/2024\/07\/bnddd1.jpg","contentUrl":"https:\/\/reveil-info.net\/wp-content\/uploads\/2024\/07\/bnddd1.jpg","width":903,"height":125,"caption":"R\u00e9veil Info"},"image":{"@id":"https:\/\/reveil-info.net\/#\/schema\/logo\/image\/"}},{"@type":"Person","@id":"https:\/\/reveil-info.net\/#\/schema\/person\/ca0cc8e70088e0a2b5e92556c1ee60f5","name":"R\u00e9veil info","image":{"@type":"ImageObject","inLanguage":"fr-FR","@id":"https:\/\/secure.gravatar.com\/avatar\/e4ad5bb743c8b6cb174d9df6c7d30a8a16f6889731241345fc6444e6485f02af?s=96&d=mm&r=g","url":"https:\/\/secure.gravatar.com\/avatar\/e4ad5bb743c8b6cb174d9df6c7d30a8a16f6889731241345fc6444e6485f02af?s=96&d=mm&r=g","contentUrl":"https:\/\/secure.gravatar.com\/avatar\/e4ad5bb743c8b6cb174d9df6c7d30a8a16f6889731241345fc6444e6485f02af?s=96&d=mm&r=g","caption":"R\u00e9veil info"},"sameAs":["https:\/\/reveil-info.net"],"url":"https:\/\/reveil-info.net\/?author=1"}]}},"jetpack_featured_media_url":"","featured_image_urls":{"full":"","thumbnail":"","medium":"","medium_large":"","large":"","1536x1536":"","2048x2048":"","chromenews-featured":"","chromenews-large":"","chromenews-medium":""},"author_info":{"display_name":"R\u00e9veil info","author_link":"https:\/\/reveil-info.net\/?author=1"},"category_info":"<a href=\"https:\/\/reveil-info.net\/?cat=2\" rel=\"category\">Actualit\u00e9<\/a> <a href=\"https:\/\/reveil-info.net\/?cat=5\" rel=\"category\">D\u00e9veloppement<\/a>","tag_info":"D\u00e9veloppement","comment_count":"0","_links":{"self":[{"href":"https:\/\/reveil-info.net\/index.php?rest_route=\/wp\/v2\/posts\/39172","targetHints":{"allow":["GET"]}}],"collection":[{"href":"https:\/\/reveil-info.net\/index.php?rest_route=\/wp\/v2\/posts"}],"about":[{"href":"https:\/\/reveil-info.net\/index.php?rest_route=\/wp\/v2\/types\/post"}],"author":[{"embeddable":true,"href":"https:\/\/reveil-info.net\/index.php?rest_route=\/wp\/v2\/users\/1"}],"replies":[{"embeddable":true,"href":"https:\/\/reveil-info.net\/index.php?rest_route=%2Fwp%2Fv2%2Fcomments&post=39172"}],"version-history":[{"count":4,"href":"https:\/\/reveil-info.net\/index.php?rest_route=\/wp\/v2\/posts\/39172\/revisions"}],"predecessor-version":[{"id":39179,"href":"https:\/\/reveil-info.net\/index.php?rest_route=\/wp\/v2\/posts\/39172\/revisions\/39179"}],"wp:attachment":[{"href":"https:\/\/reveil-info.net\/index.php?rest_route=%2Fwp%2Fv2%2Fmedia&parent=39172"}],"wp:term":[{"taxonomy":"category","embeddable":true,"href":"https:\/\/reveil-info.net\/index.php?rest_route=%2Fwp%2Fv2%2Fcategories&post=39172"},{"taxonomy":"post_tag","embeddable":true,"href":"https:\/\/reveil-info.net\/index.php?rest_route=%2Fwp%2Fv2%2Ftags&post=39172"}],"curies":[{"name":"wp","href":"https:\/\/api.w.org\/{rel}","templated":true}]}}