{"id":39075,"date":"2025-12-19T22:23:50","date_gmt":"2025-12-19T22:23:50","guid":{"rendered":"https:\/\/reveil-info.net\/?p=39075"},"modified":"2025-12-19T22:23:50","modified_gmt":"2025-12-19T22:23:50","slug":"institut-des-peuples-noirs-farafina-ipn-kyelem-de-tambela-installe","status":"publish","type":"post","link":"https:\/\/reveil-info.net\/?p=39075","title":{"rendered":"Institut des peuples noirs Farafina ( IPN): Kyelem de Tambela install\u00e9"},"content":{"rendered":"<p>INSTITUT DES PEUPLES NOIRS FARAFINA<\/p>\n<p>Le pr\u00e9sident Apollinaire Joachimson KYELEM de Tambela install\u00e9<\/p>\n<p><img loading=\"lazy\" decoding=\"async\" class=\"alignnone size-full wp-image-39078\" src=\"https:\/\/reveil-info.net\/wp-content\/uploads\/2025\/12\/FB_IMG_17661826690211498.jpg\" alt=\"\" width=\"720\" height=\"564\" srcset=\"https:\/\/reveil-info.net\/wp-content\/uploads\/2025\/12\/FB_IMG_17661826690211498.jpg 720w, https:\/\/reveil-info.net\/wp-content\/uploads\/2025\/12\/FB_IMG_17661826690211498-300x235.jpg 300w\" sizes=\"auto, (max-width: 720px) 100vw, 720px\" \/><\/p>\n<p>(Ouagadougou, 19 d\u00e9cembre 2025). Le Ministre Secr\u00e9taire g\u00e9n\u00e9ral de la Pr\u00e9sidence du Faso, Dr Zakaria SOR\u00c9, repr\u00e9sentant le Pr\u00e9sident du Faso, a install\u00e9 ce vendredi, Dr Apollinaire Joachimson KYELEM de Tamb\u00e8la dans ses fonctions de pr\u00e9sident de l\u2019Institut des Peuples Noirs Farafina (IPN-Farafina). Nomm\u00e9 le 13 ao\u00fbt 2025, Apollinaire Joachimson KYELEM de Tamb\u00e8la, ancien Premier ministre prend ainsi les r\u00eanes de l\u2019IPN-Farafina, cr\u00e9\u00e9 le 14 mai dernier.<\/p>\n<p><img loading=\"lazy\" decoding=\"async\" class=\"alignnone size-full wp-image-39080\" src=\"https:\/\/reveil-info.net\/wp-content\/uploads\/2025\/12\/FB_IMG_17661826730613203.jpg\" alt=\"\" width=\"720\" height=\"716\" srcset=\"https:\/\/reveil-info.net\/wp-content\/uploads\/2025\/12\/FB_IMG_17661826730613203.jpg 720w, https:\/\/reveil-info.net\/wp-content\/uploads\/2025\/12\/FB_IMG_17661826730613203-300x298.jpg 300w, https:\/\/reveil-info.net\/wp-content\/uploads\/2025\/12\/FB_IMG_17661826730613203-150x150.jpg 150w\" sizes=\"auto, (max-width: 720px) 100vw, 720px\" \/><\/p>\n<p>Le Ministre Secr\u00e9taire g\u00e9n\u00e9ral de la Pr\u00e9sidence du Faso, Dr Zakaria SOR\u00c9 a rappel\u00e9 que l\u2019IPN, cr\u00e9\u00e9 sous la R\u00e9volution d\u2019ao\u00fbt 1983, rena\u00eet dans un contexte de R\u00e9volution sous le leadership du Capitaine Ibrahim TRAOR\u00c9. Il a donc invit\u00e9 le pr\u00e9sident de l\u2019IPN-Farafina \u00e0 porter l\u2019espoir du Capitaine Thomas SANKARA et la vision du Pr\u00e9sident du Faso, le Capitaine Ibrahim TRAOR\u00c9.<\/p>\n<p><img loading=\"lazy\" decoding=\"async\" class=\"alignnone size-full wp-image-39081\" src=\"https:\/\/reveil-info.net\/wp-content\/uploads\/2025\/12\/FB_IMG_17661826813486259.jpg\" alt=\"\" width=\"719\" height=\"530\" srcset=\"https:\/\/reveil-info.net\/wp-content\/uploads\/2025\/12\/FB_IMG_17661826813486259.jpg 719w, https:\/\/reveil-info.net\/wp-content\/uploads\/2025\/12\/FB_IMG_17661826813486259-300x221.jpg 300w\" sizes=\"auto, (max-width: 719px) 100vw, 719px\" \/><\/p>\n<p>Apr\u00e8s son installation, le pr\u00e9sident de l\u2019IPN-Farafina, Dr Apollinaire Joachimson KYELEM de Tamb\u00e8la a exprim\u00e9 ses remerciements au Pr\u00e9sident du Faso pour la confiance plac\u00e9e en lui. \u00ab L\u2019Institut des Peuples Noirs Farafina concerne les Peuples Noirs, au-del\u00e0, l\u2019humanit\u00e9 enti\u00e8re \u00bb, soutient-il.<\/p>\n<p>Pour lui, l\u2019une des t\u00e2ches de l\u2019IPN-Farafina va consister \u00e0 enseigner aux peuples noirs leur histoire afin de se projeter dans le futur. \u00ab L\u2019Institut des Peuples Noirs Farafina sera un laboratoire qui va recueillir les avis des uns et des autres pour que nous puissions reconstruire notre histoire \u00bb, indique Dr Apollinaire Joachimson KYELEM de Tamb\u00e8la.<\/p>\n<p><img loading=\"lazy\" decoding=\"async\" class=\"alignnone size-full wp-image-39083\" src=\"https:\/\/reveil-info.net\/wp-content\/uploads\/2025\/12\/FB_IMG_17661826773584859.jpg\" alt=\"\" width=\"720\" height=\"600\" srcset=\"https:\/\/reveil-info.net\/wp-content\/uploads\/2025\/12\/FB_IMG_17661826773584859.jpg 720w, https:\/\/reveil-info.net\/wp-content\/uploads\/2025\/12\/FB_IMG_17661826773584859-300x250.jpg 300w\" sizes=\"auto, (max-width: 720px) 100vw, 720px\" \/><\/p>\n<p>Direction de la communication de la Pr\u00e9sidence du Faso<\/p>\n","protected":false},"excerpt":{"rendered":"<p>INSTITUT DES PEUPLES NOIRS FARAFINA Le pr\u00e9sident Apollinaire Joachimson KYELEM de Tambela install\u00e9 (Ouagadougou, 19<\/p>\n","protected":false},"author":1,"featured_media":0,"comment_status":"open","ping_status":"open","sticky":false,"template":"","format":"standard","meta":{"footnotes":""},"categories":[2,15,16],"tags":[],"class_list":["post-39075","post","type-post","status-publish","format-standard","hentry","category-actu","category-science","category-societe"],"yoast_head":"<!-- This site is optimized with the Yoast SEO plugin v27.5 - https:\/\/yoast.com\/product\/yoast-seo-wordpress\/ -->\n<title>Institut des peuples noirs Farafina ( IPN): Kyelem de Tambela install\u00e9 - R\u00e9veil Info<\/title>\n<meta name=\"robots\" content=\"noindex, follow, max-snippet:-1, max-image-preview:large, max-video-preview:-1\" \/>\n<meta property=\"og:locale\" content=\"fr_FR\" \/>\n<meta property=\"og:type\" content=\"article\" \/>\n<meta property=\"og:title\" content=\"Institut des peuples noirs Farafina ( IPN): Kyelem de Tambela install\u00e9 - R\u00e9veil Info\" \/>\n<meta property=\"og:description\" content=\"INSTITUT DES PEUPLES NOIRS FARAFINA Le pr\u00e9sident Apollinaire Joachimson KYELEM de Tambela install\u00e9 (Ouagadougou, 19\" \/>\n<meta property=\"og:url\" content=\"https:\/\/reveil-info.net\/?p=39075\" \/>\n<meta property=\"og:site_name\" content=\"R\u00e9veil Info\" \/>\n<meta property=\"article:published_time\" content=\"2025-12-19T22:23:50+00:00\" \/>\n<meta property=\"og:image\" content=\"https:\/\/reveil-info.net\/wp-content\/uploads\/2025\/12\/FB_IMG_17661826690211498.jpg\" \/>\n\t<meta property=\"og:image:width\" content=\"720\" \/>\n\t<meta property=\"og:image:height\" content=\"564\" \/>\n\t<meta property=\"og:image:type\" content=\"image\/jpeg\" \/>\n<meta name=\"author\" content=\"R\u00e9veil info\" \/>\n<meta name=\"twitter:card\" content=\"summary_large_image\" \/>\n<meta name=\"twitter:label1\" content=\"\u00c9crit par\" \/>\n\t<meta name=\"twitter:data1\" content=\"R\u00e9veil info\" \/>\n\t<meta name=\"twitter:label2\" content=\"Dur\u00e9e de lecture estim\u00e9e\" \/>\n\t<meta name=\"twitter:data2\" content=\"3 minutes\" \/>\n<script type=\"application\/ld+json\" class=\"yoast-schema-graph\">{\"@context\":\"https:\\\/\\\/schema.org\",\"@graph\":[{\"@type\":\"Article\",\"@id\":\"https:\\\/\\\/reveil-info.net\\\/?p=39075#article\",\"isPartOf\":{\"@id\":\"https:\\\/\\\/reveil-info.net\\\/?p=39075\"},\"author\":{\"name\":\"R\u00e9veil info\",\"@id\":\"https:\\\/\\\/reveil-info.net\\\/#\\\/schema\\\/person\\\/ca0cc8e70088e0a2b5e92556c1ee60f5\"},\"headline\":\"Institut des peuples noirs Farafina ( IPN): Kyelem de Tambela install\u00e9\",\"datePublished\":\"2025-12-19T22:23:50+00:00\",\"mainEntityOfPage\":{\"@id\":\"https:\\\/\\\/reveil-info.net\\\/?p=39075\"},\"wordCount\":291,\"commentCount\":0,\"publisher\":{\"@id\":\"https:\\\/\\\/reveil-info.net\\\/#organization\"},\"image\":{\"@id\":\"https:\\\/\\\/reveil-info.net\\\/?p=39075#primaryimage\"},\"thumbnailUrl\":\"https:\\\/\\\/reveil-info.net\\\/wp-content\\\/uploads\\\/2025\\\/12\\\/FB_IMG_17661826690211498.jpg\",\"articleSection\":[\"Actualit\u00e9\",\"Science\",\"Soci\u00e9t\u00e9\"],\"inLanguage\":\"fr-FR\",\"potentialAction\":[{\"@type\":\"CommentAction\",\"name\":\"Comment\",\"target\":[\"https:\\\/\\\/reveil-info.net\\\/?p=39075#respond\"]}]},{\"@type\":\"WebPage\",\"@id\":\"https:\\\/\\\/reveil-info.net\\\/?p=39075\",\"url\":\"https:\\\/\\\/reveil-info.net\\\/?p=39075\",\"name\":\"Institut des peuples noirs Farafina ( IPN): Kyelem de Tambela install\u00e9 - R\u00e9veil Info\",\"isPartOf\":{\"@id\":\"https:\\\/\\\/reveil-info.net\\\/#website\"},\"primaryImageOfPage\":{\"@id\":\"https:\\\/\\\/reveil-info.net\\\/?p=39075#primaryimage\"},\"image\":{\"@id\":\"https:\\\/\\\/reveil-info.net\\\/?p=39075#primaryimage\"},\"thumbnailUrl\":\"https:\\\/\\\/reveil-info.net\\\/wp-content\\\/uploads\\\/2025\\\/12\\\/FB_IMG_17661826690211498.jpg\",\"datePublished\":\"2025-12-19T22:23:50+00:00\",\"breadcrumb\":{\"@id\":\"https:\\\/\\\/reveil-info.net\\\/?p=39075#breadcrumb\"},\"inLanguage\":\"fr-FR\",\"potentialAction\":[{\"@type\":\"ReadAction\",\"target\":[\"https:\\\/\\\/reveil-info.net\\\/?p=39075\"]}]},{\"@type\":\"ImageObject\",\"inLanguage\":\"fr-FR\",\"@id\":\"https:\\\/\\\/reveil-info.net\\\/?p=39075#primaryimage\",\"url\":\"https:\\\/\\\/reveil-info.net\\\/wp-content\\\/uploads\\\/2025\\\/12\\\/FB_IMG_17661826690211498.jpg\",\"contentUrl\":\"https:\\\/\\\/reveil-info.net\\\/wp-content\\\/uploads\\\/2025\\\/12\\\/FB_IMG_17661826690211498.jpg\",\"width\":720,\"height\":564},{\"@type\":\"BreadcrumbList\",\"@id\":\"https:\\\/\\\/reveil-info.net\\\/?p=39075#breadcrumb\",\"itemListElement\":[{\"@type\":\"ListItem\",\"position\":1,\"name\":\"Home\",\"item\":\"https:\\\/\\\/reveil-info.net\\\/\"},{\"@type\":\"ListItem\",\"position\":2,\"name\":\"Institut des peuples noirs Farafina ( IPN): Kyelem de Tambela install\u00e9\"}]},{\"@type\":\"WebSite\",\"@id\":\"https:\\\/\\\/reveil-info.net\\\/#website\",\"url\":\"https:\\\/\\\/reveil-info.net\\\/\",\"name\":\"R\u00e9veil Info\",\"description\":\"Le devoir d&#039;informer!\",\"publisher\":{\"@id\":\"https:\\\/\\\/reveil-info.net\\\/#organization\"},\"potentialAction\":[{\"@type\":\"SearchAction\",\"target\":{\"@type\":\"EntryPoint\",\"urlTemplate\":\"https:\\\/\\\/reveil-info.net\\\/?s={search_term_string}\"},\"query-input\":{\"@type\":\"PropertyValueSpecification\",\"valueRequired\":true,\"valueName\":\"search_term_string\"}}],\"inLanguage\":\"fr-FR\"},{\"@type\":\"Organization\",\"@id\":\"https:\\\/\\\/reveil-info.net\\\/#organization\",\"name\":\"R\u00e9veil Info\",\"url\":\"https:\\\/\\\/reveil-info.net\\\/\",\"logo\":{\"@type\":\"ImageObject\",\"inLanguage\":\"fr-FR\",\"@id\":\"https:\\\/\\\/reveil-info.net\\\/#\\\/schema\\\/logo\\\/image\\\/\",\"url\":\"https:\\\/\\\/reveil-info.net\\\/wp-content\\\/uploads\\\/2024\\\/07\\\/bnddd1.jpg\",\"contentUrl\":\"https:\\\/\\\/reveil-info.net\\\/wp-content\\\/uploads\\\/2024\\\/07\\\/bnddd1.jpg\",\"width\":903,\"height\":125,\"caption\":\"R\u00e9veil Info\"},\"image\":{\"@id\":\"https:\\\/\\\/reveil-info.net\\\/#\\\/schema\\\/logo\\\/image\\\/\"}},{\"@type\":\"Person\",\"@id\":\"https:\\\/\\\/reveil-info.net\\\/#\\\/schema\\\/person\\\/ca0cc8e70088e0a2b5e92556c1ee60f5\",\"name\":\"R\u00e9veil info\",\"image\":{\"@type\":\"ImageObject\",\"inLanguage\":\"fr-FR\",\"@id\":\"https:\\\/\\\/secure.gravatar.com\\\/avatar\\\/e4ad5bb743c8b6cb174d9df6c7d30a8a16f6889731241345fc6444e6485f02af?s=96&d=mm&r=g\",\"url\":\"https:\\\/\\\/secure.gravatar.com\\\/avatar\\\/e4ad5bb743c8b6cb174d9df6c7d30a8a16f6889731241345fc6444e6485f02af?s=96&d=mm&r=g\",\"contentUrl\":\"https:\\\/\\\/secure.gravatar.com\\\/avatar\\\/e4ad5bb743c8b6cb174d9df6c7d30a8a16f6889731241345fc6444e6485f02af?s=96&d=mm&r=g\",\"caption\":\"R\u00e9veil info\"},\"sameAs\":[\"https:\\\/\\\/reveil-info.net\"],\"url\":\"https:\\\/\\\/reveil-info.net\\\/?author=1\"}]}<\/script>\n<!-- \/ Yoast SEO plugin. -->","yoast_head_json":{"title":"Institut des peuples noirs Farafina ( IPN): Kyelem de Tambela install\u00e9 - R\u00e9veil Info","robots":{"index":"noindex","follow":"follow","max-snippet":"max-snippet:-1","max-image-preview":"max-image-preview:large","max-video-preview":"max-video-preview:-1"},"og_locale":"fr_FR","og_type":"article","og_title":"Institut des peuples noirs Farafina ( IPN): Kyelem de Tambela install\u00e9 - R\u00e9veil Info","og_description":"INSTITUT DES PEUPLES NOIRS FARAFINA Le pr\u00e9sident Apollinaire Joachimson KYELEM de Tambela install\u00e9 (Ouagadougou, 19","og_url":"https:\/\/reveil-info.net\/?p=39075","og_site_name":"R\u00e9veil Info","article_published_time":"2025-12-19T22:23:50+00:00","og_image":[{"width":720,"height":564,"url":"https:\/\/reveil-info.net\/wp-content\/uploads\/2025\/12\/FB_IMG_17661826690211498.jpg","type":"image\/jpeg"}],"author":"R\u00e9veil info","twitter_card":"summary_large_image","twitter_misc":{"\u00c9crit par":"R\u00e9veil info","Dur\u00e9e de lecture estim\u00e9e":"3 minutes"},"schema":{"@context":"https:\/\/schema.org","@graph":[{"@type":"Article","@id":"https:\/\/reveil-info.net\/?p=39075#article","isPartOf":{"@id":"https:\/\/reveil-info.net\/?p=39075"},"author":{"name":"R\u00e9veil info","@id":"https:\/\/reveil-info.net\/#\/schema\/person\/ca0cc8e70088e0a2b5e92556c1ee60f5"},"headline":"Institut des peuples noirs Farafina ( IPN): Kyelem de Tambela install\u00e9","datePublished":"2025-12-19T22:23:50+00:00","mainEntityOfPage":{"@id":"https:\/\/reveil-info.net\/?p=39075"},"wordCount":291,"commentCount":0,"publisher":{"@id":"https:\/\/reveil-info.net\/#organization"},"image":{"@id":"https:\/\/reveil-info.net\/?p=39075#primaryimage"},"thumbnailUrl":"https:\/\/reveil-info.net\/wp-content\/uploads\/2025\/12\/FB_IMG_17661826690211498.jpg","articleSection":["Actualit\u00e9","Science","Soci\u00e9t\u00e9"],"inLanguage":"fr-FR","potentialAction":[{"@type":"CommentAction","name":"Comment","target":["https:\/\/reveil-info.net\/?p=39075#respond"]}]},{"@type":"WebPage","@id":"https:\/\/reveil-info.net\/?p=39075","url":"https:\/\/reveil-info.net\/?p=39075","name":"Institut des peuples noirs Farafina ( IPN): Kyelem de Tambela install\u00e9 - R\u00e9veil Info","isPartOf":{"@id":"https:\/\/reveil-info.net\/#website"},"primaryImageOfPage":{"@id":"https:\/\/reveil-info.net\/?p=39075#primaryimage"},"image":{"@id":"https:\/\/reveil-info.net\/?p=39075#primaryimage"},"thumbnailUrl":"https:\/\/reveil-info.net\/wp-content\/uploads\/2025\/12\/FB_IMG_17661826690211498.jpg","datePublished":"2025-12-19T22:23:50+00:00","breadcrumb":{"@id":"https:\/\/reveil-info.net\/?p=39075#breadcrumb"},"inLanguage":"fr-FR","potentialAction":[{"@type":"ReadAction","target":["https:\/\/reveil-info.net\/?p=39075"]}]},{"@type":"ImageObject","inLanguage":"fr-FR","@id":"https:\/\/reveil-info.net\/?p=39075#primaryimage","url":"https:\/\/reveil-info.net\/wp-content\/uploads\/2025\/12\/FB_IMG_17661826690211498.jpg","contentUrl":"https:\/\/reveil-info.net\/wp-content\/uploads\/2025\/12\/FB_IMG_17661826690211498.jpg","width":720,"height":564},{"@type":"BreadcrumbList","@id":"https:\/\/reveil-info.net\/?p=39075#breadcrumb","itemListElement":[{"@type":"ListItem","position":1,"name":"Home","item":"https:\/\/reveil-info.net\/"},{"@type":"ListItem","position":2,"name":"Institut des peuples noirs Farafina ( IPN): Kyelem de Tambela install\u00e9"}]},{"@type":"WebSite","@id":"https:\/\/reveil-info.net\/#website","url":"https:\/\/reveil-info.net\/","name":"R\u00e9veil Info","description":"Le devoir d&#039;informer!","publisher":{"@id":"https:\/\/reveil-info.net\/#organization"},"potentialAction":[{"@type":"SearchAction","target":{"@type":"EntryPoint","urlTemplate":"https:\/\/reveil-info.net\/?s={search_term_string}"},"query-input":{"@type":"PropertyValueSpecification","valueRequired":true,"valueName":"search_term_string"}}],"inLanguage":"fr-FR"},{"@type":"Organization","@id":"https:\/\/reveil-info.net\/#organization","name":"R\u00e9veil Info","url":"https:\/\/reveil-info.net\/","logo":{"@type":"ImageObject","inLanguage":"fr-FR","@id":"https:\/\/reveil-info.net\/#\/schema\/logo\/image\/","url":"https:\/\/reveil-info.net\/wp-content\/uploads\/2024\/07\/bnddd1.jpg","contentUrl":"https:\/\/reveil-info.net\/wp-content\/uploads\/2024\/07\/bnddd1.jpg","width":903,"height":125,"caption":"R\u00e9veil Info"},"image":{"@id":"https:\/\/reveil-info.net\/#\/schema\/logo\/image\/"}},{"@type":"Person","@id":"https:\/\/reveil-info.net\/#\/schema\/person\/ca0cc8e70088e0a2b5e92556c1ee60f5","name":"R\u00e9veil info","image":{"@type":"ImageObject","inLanguage":"fr-FR","@id":"https:\/\/secure.gravatar.com\/avatar\/e4ad5bb743c8b6cb174d9df6c7d30a8a16f6889731241345fc6444e6485f02af?s=96&d=mm&r=g","url":"https:\/\/secure.gravatar.com\/avatar\/e4ad5bb743c8b6cb174d9df6c7d30a8a16f6889731241345fc6444e6485f02af?s=96&d=mm&r=g","contentUrl":"https:\/\/secure.gravatar.com\/avatar\/e4ad5bb743c8b6cb174d9df6c7d30a8a16f6889731241345fc6444e6485f02af?s=96&d=mm&r=g","caption":"R\u00e9veil info"},"sameAs":["https:\/\/reveil-info.net"],"url":"https:\/\/reveil-info.net\/?author=1"}]}},"jetpack_featured_media_url":"","featured_image_urls":{"full":"","thumbnail":"","medium":"","medium_large":"","large":"","1536x1536":"","2048x2048":"","chromenews-featured":"","chromenews-large":"","chromenews-medium":""},"author_info":{"display_name":"R\u00e9veil info","author_link":"https:\/\/reveil-info.net\/?author=1"},"category_info":"<a href=\"https:\/\/reveil-info.net\/?cat=2\" rel=\"category\">Actualit\u00e9<\/a> <a href=\"https:\/\/reveil-info.net\/?cat=15\" rel=\"category\">Science<\/a> <a href=\"https:\/\/reveil-info.net\/?cat=16\" rel=\"category\">Soci\u00e9t\u00e9<\/a>","tag_info":"Soci\u00e9t\u00e9","comment_count":"0","_links":{"self":[{"href":"https:\/\/reveil-info.net\/index.php?rest_route=\/wp\/v2\/posts\/39075","targetHints":{"allow":["GET"]}}],"collection":[{"href":"https:\/\/reveil-info.net\/index.php?rest_route=\/wp\/v2\/posts"}],"about":[{"href":"https:\/\/reveil-info.net\/index.php?rest_route=\/wp\/v2\/types\/post"}],"author":[{"embeddable":true,"href":"https:\/\/reveil-info.net\/index.php?rest_route=\/wp\/v2\/users\/1"}],"replies":[{"embeddable":true,"href":"https:\/\/reveil-info.net\/index.php?rest_route=%2Fwp%2Fv2%2Fcomments&post=39075"}],"version-history":[{"count":5,"href":"https:\/\/reveil-info.net\/index.php?rest_route=\/wp\/v2\/posts\/39075\/revisions"}],"predecessor-version":[{"id":39084,"href":"https:\/\/reveil-info.net\/index.php?rest_route=\/wp\/v2\/posts\/39075\/revisions\/39084"}],"wp:attachment":[{"href":"https:\/\/reveil-info.net\/index.php?rest_route=%2Fwp%2Fv2%2Fmedia&parent=39075"}],"wp:term":[{"taxonomy":"category","embeddable":true,"href":"https:\/\/reveil-info.net\/index.php?rest_route=%2Fwp%2Fv2%2Fcategories&post=39075"},{"taxonomy":"post_tag","embeddable":true,"href":"https:\/\/reveil-info.net\/index.php?rest_route=%2Fwp%2Fv2%2Ftags&post=39075"}],"curies":[{"name":"wp","href":"https:\/\/api.w.org\/{rel}","templated":true}]}}