{"id":38967,"date":"2025-12-18T20:01:46","date_gmt":"2025-12-18T20:01:46","guid":{"rendered":"https:\/\/reveil-info.net\/?p=38967"},"modified":"2025-12-18T20:01:46","modified_gmt":"2025-12-18T20:01:46","slug":"news-de-la-diaspora-dakar-des-etudiants-nigeriens-chez-lambassadeur-maiga","status":"publish","type":"post","link":"https:\/\/reveil-info.net\/?p=38967","title":{"rendered":"News de la diaspora &#8211; Dakar: des \u00e9tudiants nig\u00e9riens chez l&rsquo;ambassadeur Ma\u00efga"},"content":{"rendered":"<p>Audience avec l\u2019Amicale des Nig\u00e9riens \u00c9tudiants et Stagiaires au S\u00e9n\u00e9gal (AMINESS)<\/p>\n<p><img loading=\"lazy\" decoding=\"async\" class=\"alignnone size-full wp-image-38970\" src=\"https:\/\/reveil-info.net\/wp-content\/uploads\/2025\/12\/FB_IMG_17660878582089376.jpg\" alt=\"\" width=\"720\" height=\"478\" srcset=\"https:\/\/reveil-info.net\/wp-content\/uploads\/2025\/12\/FB_IMG_17660878582089376.jpg 720w, https:\/\/reveil-info.net\/wp-content\/uploads\/2025\/12\/FB_IMG_17660878582089376-300x199.jpg 300w\" sizes=\"auto, (max-width: 720px) 100vw, 720px\" \/><\/p>\n<p>Dans l\u2019apr\u00e8s-midi du jeudi 18 d\u00e9cembre 2025, Son Excellence Monsieur Sa\u00efdou MA\u00cfGA, Ambassadeur du Burkina Faso au S\u00e9n\u00e9gal, a re\u00e7u en audience une d\u00e9l\u00e9gation du Bureau ex\u00e9cutif de l\u2019Amicale des Nig\u00e9riens \u00c9tudiants et Stagiaires au S\u00e9n\u00e9gal (AMINESS), accompagn\u00e9e des membres du comit\u00e9 d\u2019organisation du Festival de la Nuit du T\u00e9n\u00e9r\u00e9.<\/p>\n<p>Cette audience s\u2019inscrivait dans le cadre de la pr\u00e9sentation officielle de la Nuit du T\u00e9n\u00e9r\u00e9 2025, un \u00e9v\u00e9nement culturel majeur dont la 3\u1d49 \u00e9dition est pr\u00e9vue \u00e0 Dakar les 19, 20 et 21 d\u00e9cembre 2025. La d\u00e9l\u00e9gation a expos\u00e9 \u00e0 Son Excellence le contexte, les objectifs et les grandes articulations de cet \u00e9v\u00e9nement, plac\u00e9 sous le signe de la fraternit\u00e9 sah\u00e9lienne, de la valorisation du patrimoine culturel nig\u00e9rien et du renforcement des liens entre les peuples du Sahel, notamment ceux du Niger, du Burkina Faso et du Mali, dans le cadre de l\u2019Alliance des \u00c9tats du Sahel (AES).<\/p>\n<p>Ils ont \u00e9galement soulign\u00e9 que la Nuit du T\u00e9n\u00e9r\u00e9 vise \u00e0 sensibiliser la jeunesse nig\u00e9rienne, tant au pays qu\u2019au sein de la diaspora, \u00e0 l\u2019importance de la pr\u00e9servation et de la promotion du patrimoine culturel, tout en contribuant \u00e0 la promotion touristique et au rayonnement international du Niger.<\/p>\n<p><img loading=\"lazy\" decoding=\"async\" class=\"alignnone size-full wp-image-38972\" src=\"https:\/\/reveil-info.net\/wp-content\/uploads\/2025\/12\/FB_IMG_17660878661627560.jpg\" alt=\"\" width=\"720\" height=\"422\" srcset=\"https:\/\/reveil-info.net\/wp-content\/uploads\/2025\/12\/FB_IMG_17660878661627560.jpg 720w, https:\/\/reveil-info.net\/wp-content\/uploads\/2025\/12\/FB_IMG_17660878661627560-300x176.jpg 300w\" sizes=\"auto, (max-width: 720px) 100vw, 720px\" \/><\/p>\n<p>Son Excellence Monsieur l\u2019Ambassadeur a salu\u00e9 cette initiative et a encourag\u00e9 les organisateurs \u00e0 poursuivre leurs efforts en faveur de la promotion culturelle, de la coh\u00e9sion sociale et du vivre-ensemble.<\/p>\n<p>L\u2019audience s\u2019est achev\u00e9e par des remerciements adress\u00e9s \u00e0 Son Excellence pour sa disponibilit\u00e9, son \u00e9coute attentive et son soutien moral aux communaut\u00e9s de l\u2019AES.<\/p>\n","protected":false},"excerpt":{"rendered":"<p>Audience avec l\u2019Amicale des Nig\u00e9riens \u00c9tudiants et Stagiaires au S\u00e9n\u00e9gal (AMINESS) Dans l\u2019apr\u00e8s-midi du jeudi<\/p>\n","protected":false},"author":1,"featured_media":0,"comment_status":"open","ping_status":"open","sticky":false,"template":"","format":"standard","meta":{"footnotes":""},"categories":[41],"tags":[],"class_list":["post-38967","post","type-post","status-publish","format-standard","hentry","category-news-de-la-diaspora"],"yoast_head":"<!-- This site is optimized with the Yoast SEO plugin v27.5 - https:\/\/yoast.com\/product\/yoast-seo-wordpress\/ -->\n<title>News de la diaspora - Dakar: des \u00e9tudiants nig\u00e9riens chez l&#039;ambassadeur Ma\u00efga - R\u00e9veil Info<\/title>\n<meta name=\"robots\" content=\"noindex, follow, max-snippet:-1, max-image-preview:large, max-video-preview:-1\" \/>\n<meta property=\"og:locale\" content=\"fr_FR\" \/>\n<meta property=\"og:type\" content=\"article\" \/>\n<meta property=\"og:title\" content=\"News de la diaspora - Dakar: des \u00e9tudiants nig\u00e9riens chez l&#039;ambassadeur Ma\u00efga - R\u00e9veil Info\" \/>\n<meta property=\"og:description\" content=\"Audience avec l\u2019Amicale des Nig\u00e9riens \u00c9tudiants et Stagiaires au S\u00e9n\u00e9gal (AMINESS) Dans l\u2019apr\u00e8s-midi du jeudi\" \/>\n<meta property=\"og:url\" content=\"https:\/\/reveil-info.net\/?p=38967\" \/>\n<meta property=\"og:site_name\" content=\"R\u00e9veil Info\" \/>\n<meta property=\"article:published_time\" content=\"2025-12-18T20:01:46+00:00\" \/>\n<meta property=\"og:image\" content=\"https:\/\/reveil-info.net\/wp-content\/uploads\/2025\/12\/FB_IMG_17660878582089376.jpg\" \/>\n\t<meta property=\"og:image:width\" content=\"720\" \/>\n\t<meta property=\"og:image:height\" content=\"478\" \/>\n\t<meta property=\"og:image:type\" content=\"image\/jpeg\" \/>\n<meta name=\"author\" content=\"R\u00e9veil info\" \/>\n<meta name=\"twitter:card\" content=\"summary_large_image\" \/>\n<meta name=\"twitter:label1\" content=\"\u00c9crit par\" \/>\n\t<meta name=\"twitter:data1\" content=\"R\u00e9veil info\" \/>\n\t<meta name=\"twitter:label2\" content=\"Dur\u00e9e de lecture estim\u00e9e\" \/>\n\t<meta name=\"twitter:data2\" content=\"2 minutes\" \/>\n<script type=\"application\/ld+json\" class=\"yoast-schema-graph\">{\"@context\":\"https:\\\/\\\/schema.org\",\"@graph\":[{\"@type\":\"Article\",\"@id\":\"https:\\\/\\\/reveil-info.net\\\/?p=38967#article\",\"isPartOf\":{\"@id\":\"https:\\\/\\\/reveil-info.net\\\/?p=38967\"},\"author\":{\"name\":\"R\u00e9veil info\",\"@id\":\"https:\\\/\\\/reveil-info.net\\\/#\\\/schema\\\/person\\\/ca0cc8e70088e0a2b5e92556c1ee60f5\"},\"headline\":\"News de la diaspora &#8211; Dakar: des \u00e9tudiants nig\u00e9riens chez l&rsquo;ambassadeur Ma\u00efga\",\"datePublished\":\"2025-12-18T20:01:46+00:00\",\"mainEntityOfPage\":{\"@id\":\"https:\\\/\\\/reveil-info.net\\\/?p=38967\"},\"wordCount\":311,\"commentCount\":0,\"publisher\":{\"@id\":\"https:\\\/\\\/reveil-info.net\\\/#organization\"},\"image\":{\"@id\":\"https:\\\/\\\/reveil-info.net\\\/?p=38967#primaryimage\"},\"thumbnailUrl\":\"https:\\\/\\\/reveil-info.net\\\/wp-content\\\/uploads\\\/2025\\\/12\\\/FB_IMG_17660878582089376.jpg\",\"articleSection\":[\"NEWS DE LA DIASPORA\"],\"inLanguage\":\"fr-FR\",\"potentialAction\":[{\"@type\":\"CommentAction\",\"name\":\"Comment\",\"target\":[\"https:\\\/\\\/reveil-info.net\\\/?p=38967#respond\"]}]},{\"@type\":\"WebPage\",\"@id\":\"https:\\\/\\\/reveil-info.net\\\/?p=38967\",\"url\":\"https:\\\/\\\/reveil-info.net\\\/?p=38967\",\"name\":\"News de la diaspora - Dakar: des \u00e9tudiants nig\u00e9riens chez l'ambassadeur Ma\u00efga - R\u00e9veil Info\",\"isPartOf\":{\"@id\":\"https:\\\/\\\/reveil-info.net\\\/#website\"},\"primaryImageOfPage\":{\"@id\":\"https:\\\/\\\/reveil-info.net\\\/?p=38967#primaryimage\"},\"image\":{\"@id\":\"https:\\\/\\\/reveil-info.net\\\/?p=38967#primaryimage\"},\"thumbnailUrl\":\"https:\\\/\\\/reveil-info.net\\\/wp-content\\\/uploads\\\/2025\\\/12\\\/FB_IMG_17660878582089376.jpg\",\"datePublished\":\"2025-12-18T20:01:46+00:00\",\"breadcrumb\":{\"@id\":\"https:\\\/\\\/reveil-info.net\\\/?p=38967#breadcrumb\"},\"inLanguage\":\"fr-FR\",\"potentialAction\":[{\"@type\":\"ReadAction\",\"target\":[\"https:\\\/\\\/reveil-info.net\\\/?p=38967\"]}]},{\"@type\":\"ImageObject\",\"inLanguage\":\"fr-FR\",\"@id\":\"https:\\\/\\\/reveil-info.net\\\/?p=38967#primaryimage\",\"url\":\"https:\\\/\\\/reveil-info.net\\\/wp-content\\\/uploads\\\/2025\\\/12\\\/FB_IMG_17660878582089376.jpg\",\"contentUrl\":\"https:\\\/\\\/reveil-info.net\\\/wp-content\\\/uploads\\\/2025\\\/12\\\/FB_IMG_17660878582089376.jpg\",\"width\":720,\"height\":478},{\"@type\":\"BreadcrumbList\",\"@id\":\"https:\\\/\\\/reveil-info.net\\\/?p=38967#breadcrumb\",\"itemListElement\":[{\"@type\":\"ListItem\",\"position\":1,\"name\":\"Home\",\"item\":\"https:\\\/\\\/reveil-info.net\\\/\"},{\"@type\":\"ListItem\",\"position\":2,\"name\":\"News de la diaspora &#8211; Dakar: des \u00e9tudiants nig\u00e9riens chez l&rsquo;ambassadeur Ma\u00efga\"}]},{\"@type\":\"WebSite\",\"@id\":\"https:\\\/\\\/reveil-info.net\\\/#website\",\"url\":\"https:\\\/\\\/reveil-info.net\\\/\",\"name\":\"R\u00e9veil Info\",\"description\":\"Le devoir d&#039;informer!\",\"publisher\":{\"@id\":\"https:\\\/\\\/reveil-info.net\\\/#organization\"},\"potentialAction\":[{\"@type\":\"SearchAction\",\"target\":{\"@type\":\"EntryPoint\",\"urlTemplate\":\"https:\\\/\\\/reveil-info.net\\\/?s={search_term_string}\"},\"query-input\":{\"@type\":\"PropertyValueSpecification\",\"valueRequired\":true,\"valueName\":\"search_term_string\"}}],\"inLanguage\":\"fr-FR\"},{\"@type\":\"Organization\",\"@id\":\"https:\\\/\\\/reveil-info.net\\\/#organization\",\"name\":\"R\u00e9veil Info\",\"url\":\"https:\\\/\\\/reveil-info.net\\\/\",\"logo\":{\"@type\":\"ImageObject\",\"inLanguage\":\"fr-FR\",\"@id\":\"https:\\\/\\\/reveil-info.net\\\/#\\\/schema\\\/logo\\\/image\\\/\",\"url\":\"https:\\\/\\\/reveil-info.net\\\/wp-content\\\/uploads\\\/2024\\\/07\\\/bnddd1.jpg\",\"contentUrl\":\"https:\\\/\\\/reveil-info.net\\\/wp-content\\\/uploads\\\/2024\\\/07\\\/bnddd1.jpg\",\"width\":903,\"height\":125,\"caption\":\"R\u00e9veil Info\"},\"image\":{\"@id\":\"https:\\\/\\\/reveil-info.net\\\/#\\\/schema\\\/logo\\\/image\\\/\"}},{\"@type\":\"Person\",\"@id\":\"https:\\\/\\\/reveil-info.net\\\/#\\\/schema\\\/person\\\/ca0cc8e70088e0a2b5e92556c1ee60f5\",\"name\":\"R\u00e9veil info\",\"image\":{\"@type\":\"ImageObject\",\"inLanguage\":\"fr-FR\",\"@id\":\"https:\\\/\\\/secure.gravatar.com\\\/avatar\\\/e4ad5bb743c8b6cb174d9df6c7d30a8a16f6889731241345fc6444e6485f02af?s=96&d=mm&r=g\",\"url\":\"https:\\\/\\\/secure.gravatar.com\\\/avatar\\\/e4ad5bb743c8b6cb174d9df6c7d30a8a16f6889731241345fc6444e6485f02af?s=96&d=mm&r=g\",\"contentUrl\":\"https:\\\/\\\/secure.gravatar.com\\\/avatar\\\/e4ad5bb743c8b6cb174d9df6c7d30a8a16f6889731241345fc6444e6485f02af?s=96&d=mm&r=g\",\"caption\":\"R\u00e9veil info\"},\"sameAs\":[\"https:\\\/\\\/reveil-info.net\"],\"url\":\"https:\\\/\\\/reveil-info.net\\\/?author=1\"}]}<\/script>\n<!-- \/ Yoast SEO plugin. -->","yoast_head_json":{"title":"News de la diaspora - Dakar: des \u00e9tudiants nig\u00e9riens chez l'ambassadeur Ma\u00efga - R\u00e9veil Info","robots":{"index":"noindex","follow":"follow","max-snippet":"max-snippet:-1","max-image-preview":"max-image-preview:large","max-video-preview":"max-video-preview:-1"},"og_locale":"fr_FR","og_type":"article","og_title":"News de la diaspora - Dakar: des \u00e9tudiants nig\u00e9riens chez l'ambassadeur Ma\u00efga - R\u00e9veil Info","og_description":"Audience avec l\u2019Amicale des Nig\u00e9riens \u00c9tudiants et Stagiaires au S\u00e9n\u00e9gal (AMINESS) Dans l\u2019apr\u00e8s-midi du jeudi","og_url":"https:\/\/reveil-info.net\/?p=38967","og_site_name":"R\u00e9veil Info","article_published_time":"2025-12-18T20:01:46+00:00","og_image":[{"width":720,"height":478,"url":"https:\/\/reveil-info.net\/wp-content\/uploads\/2025\/12\/FB_IMG_17660878582089376.jpg","type":"image\/jpeg"}],"author":"R\u00e9veil info","twitter_card":"summary_large_image","twitter_misc":{"\u00c9crit par":"R\u00e9veil info","Dur\u00e9e de lecture estim\u00e9e":"2 minutes"},"schema":{"@context":"https:\/\/schema.org","@graph":[{"@type":"Article","@id":"https:\/\/reveil-info.net\/?p=38967#article","isPartOf":{"@id":"https:\/\/reveil-info.net\/?p=38967"},"author":{"name":"R\u00e9veil info","@id":"https:\/\/reveil-info.net\/#\/schema\/person\/ca0cc8e70088e0a2b5e92556c1ee60f5"},"headline":"News de la diaspora &#8211; Dakar: des \u00e9tudiants nig\u00e9riens chez l&rsquo;ambassadeur Ma\u00efga","datePublished":"2025-12-18T20:01:46+00:00","mainEntityOfPage":{"@id":"https:\/\/reveil-info.net\/?p=38967"},"wordCount":311,"commentCount":0,"publisher":{"@id":"https:\/\/reveil-info.net\/#organization"},"image":{"@id":"https:\/\/reveil-info.net\/?p=38967#primaryimage"},"thumbnailUrl":"https:\/\/reveil-info.net\/wp-content\/uploads\/2025\/12\/FB_IMG_17660878582089376.jpg","articleSection":["NEWS DE LA DIASPORA"],"inLanguage":"fr-FR","potentialAction":[{"@type":"CommentAction","name":"Comment","target":["https:\/\/reveil-info.net\/?p=38967#respond"]}]},{"@type":"WebPage","@id":"https:\/\/reveil-info.net\/?p=38967","url":"https:\/\/reveil-info.net\/?p=38967","name":"News de la diaspora - Dakar: des \u00e9tudiants nig\u00e9riens chez l'ambassadeur Ma\u00efga - R\u00e9veil Info","isPartOf":{"@id":"https:\/\/reveil-info.net\/#website"},"primaryImageOfPage":{"@id":"https:\/\/reveil-info.net\/?p=38967#primaryimage"},"image":{"@id":"https:\/\/reveil-info.net\/?p=38967#primaryimage"},"thumbnailUrl":"https:\/\/reveil-info.net\/wp-content\/uploads\/2025\/12\/FB_IMG_17660878582089376.jpg","datePublished":"2025-12-18T20:01:46+00:00","breadcrumb":{"@id":"https:\/\/reveil-info.net\/?p=38967#breadcrumb"},"inLanguage":"fr-FR","potentialAction":[{"@type":"ReadAction","target":["https:\/\/reveil-info.net\/?p=38967"]}]},{"@type":"ImageObject","inLanguage":"fr-FR","@id":"https:\/\/reveil-info.net\/?p=38967#primaryimage","url":"https:\/\/reveil-info.net\/wp-content\/uploads\/2025\/12\/FB_IMG_17660878582089376.jpg","contentUrl":"https:\/\/reveil-info.net\/wp-content\/uploads\/2025\/12\/FB_IMG_17660878582089376.jpg","width":720,"height":478},{"@type":"BreadcrumbList","@id":"https:\/\/reveil-info.net\/?p=38967#breadcrumb","itemListElement":[{"@type":"ListItem","position":1,"name":"Home","item":"https:\/\/reveil-info.net\/"},{"@type":"ListItem","position":2,"name":"News de la diaspora &#8211; Dakar: des \u00e9tudiants nig\u00e9riens chez l&rsquo;ambassadeur Ma\u00efga"}]},{"@type":"WebSite","@id":"https:\/\/reveil-info.net\/#website","url":"https:\/\/reveil-info.net\/","name":"R\u00e9veil Info","description":"Le devoir d&#039;informer!","publisher":{"@id":"https:\/\/reveil-info.net\/#organization"},"potentialAction":[{"@type":"SearchAction","target":{"@type":"EntryPoint","urlTemplate":"https:\/\/reveil-info.net\/?s={search_term_string}"},"query-input":{"@type":"PropertyValueSpecification","valueRequired":true,"valueName":"search_term_string"}}],"inLanguage":"fr-FR"},{"@type":"Organization","@id":"https:\/\/reveil-info.net\/#organization","name":"R\u00e9veil Info","url":"https:\/\/reveil-info.net\/","logo":{"@type":"ImageObject","inLanguage":"fr-FR","@id":"https:\/\/reveil-info.net\/#\/schema\/logo\/image\/","url":"https:\/\/reveil-info.net\/wp-content\/uploads\/2024\/07\/bnddd1.jpg","contentUrl":"https:\/\/reveil-info.net\/wp-content\/uploads\/2024\/07\/bnddd1.jpg","width":903,"height":125,"caption":"R\u00e9veil Info"},"image":{"@id":"https:\/\/reveil-info.net\/#\/schema\/logo\/image\/"}},{"@type":"Person","@id":"https:\/\/reveil-info.net\/#\/schema\/person\/ca0cc8e70088e0a2b5e92556c1ee60f5","name":"R\u00e9veil info","image":{"@type":"ImageObject","inLanguage":"fr-FR","@id":"https:\/\/secure.gravatar.com\/avatar\/e4ad5bb743c8b6cb174d9df6c7d30a8a16f6889731241345fc6444e6485f02af?s=96&d=mm&r=g","url":"https:\/\/secure.gravatar.com\/avatar\/e4ad5bb743c8b6cb174d9df6c7d30a8a16f6889731241345fc6444e6485f02af?s=96&d=mm&r=g","contentUrl":"https:\/\/secure.gravatar.com\/avatar\/e4ad5bb743c8b6cb174d9df6c7d30a8a16f6889731241345fc6444e6485f02af?s=96&d=mm&r=g","caption":"R\u00e9veil info"},"sameAs":["https:\/\/reveil-info.net"],"url":"https:\/\/reveil-info.net\/?author=1"}]}},"jetpack_featured_media_url":"","featured_image_urls":{"full":"","thumbnail":"","medium":"","medium_large":"","large":"","1536x1536":"","2048x2048":"","chromenews-featured":"","chromenews-large":"","chromenews-medium":""},"author_info":{"display_name":"R\u00e9veil info","author_link":"https:\/\/reveil-info.net\/?author=1"},"category_info":"<a href=\"https:\/\/reveil-info.net\/?cat=41\" rel=\"category\">NEWS DE LA DIASPORA<\/a>","tag_info":"NEWS DE LA DIASPORA","comment_count":"0","_links":{"self":[{"href":"https:\/\/reveil-info.net\/index.php?rest_route=\/wp\/v2\/posts\/38967","targetHints":{"allow":["GET"]}}],"collection":[{"href":"https:\/\/reveil-info.net\/index.php?rest_route=\/wp\/v2\/posts"}],"about":[{"href":"https:\/\/reveil-info.net\/index.php?rest_route=\/wp\/v2\/types\/post"}],"author":[{"embeddable":true,"href":"https:\/\/reveil-info.net\/index.php?rest_route=\/wp\/v2\/users\/1"}],"replies":[{"embeddable":true,"href":"https:\/\/reveil-info.net\/index.php?rest_route=%2Fwp%2Fv2%2Fcomments&post=38967"}],"version-history":[{"count":4,"href":"https:\/\/reveil-info.net\/index.php?rest_route=\/wp\/v2\/posts\/38967\/revisions"}],"predecessor-version":[{"id":38973,"href":"https:\/\/reveil-info.net\/index.php?rest_route=\/wp\/v2\/posts\/38967\/revisions\/38973"}],"wp:attachment":[{"href":"https:\/\/reveil-info.net\/index.php?rest_route=%2Fwp%2Fv2%2Fmedia&parent=38967"}],"wp:term":[{"taxonomy":"category","embeddable":true,"href":"https:\/\/reveil-info.net\/index.php?rest_route=%2Fwp%2Fv2%2Fcategories&post=38967"},{"taxonomy":"post_tag","embeddable":true,"href":"https:\/\/reveil-info.net\/index.php?rest_route=%2Fwp%2Fv2%2Ftags&post=38967"}],"curies":[{"name":"wp","href":"https:\/\/api.w.org\/{rel}","templated":true}]}}