{"id":38643,"date":"2025-12-14T13:17:44","date_gmt":"2025-12-14T13:17:44","guid":{"rendered":"https:\/\/reveil-info.net\/?p=38643"},"modified":"2025-12-14T13:17:44","modified_gmt":"2025-12-14T13:17:44","slug":"retour-sur-le-passe-idi-amin-dada-et-les-droits-de-lhomme","status":"publish","type":"post","link":"https:\/\/reveil-info.net\/?p=38643","title":{"rendered":"Retour sur le pass\u00e9 : idi Amin dada  et les droits de l&rsquo;homme"},"content":{"rendered":"<p>Interrog\u00e9 sur les droits de l\u2019Homme dans son pays, le pr\u00e9sident ougandais Idi Amin Dada d\u00e9clare :<\/p>\n<p><img loading=\"lazy\" decoding=\"async\" class=\"alignnone size-full wp-image-38645\" src=\"https:\/\/reveil-info.net\/wp-content\/uploads\/2025\/12\/IMG-20251211-WA0044.jpg\" alt=\"\" width=\"687\" height=\"900\" srcset=\"https:\/\/reveil-info.net\/wp-content\/uploads\/2025\/12\/IMG-20251211-WA0044.jpg 687w, https:\/\/reveil-info.net\/wp-content\/uploads\/2025\/12\/IMG-20251211-WA0044-229x300.jpg 229w\" sizes=\"auto, (max-width: 687px) 100vw, 687px\" \/><\/p>\n<p>\u00ab LA LIBERT\u00c9 D\u2019EXPRESSION EST GARANTIE ICI, MAIS JE NE PEUX PAS GARANTIR LA LIBERT\u00c9 APR\u00c8S L\u2019EXPRESSION. \u00bb<\/p>\n<p>Cette phrase r\u00e9sume \u00e0 elle seule la nature de son r\u00e9gime. Derri\u00e8re l\u2019ironie apparente, elle dit la peur, la violence et le silence impos\u00e9 aux Ougandais. Idi Amin Dada, arriv\u00e9 au pouvoir par un coup d\u2019\u00c9tat en 1971, a gouvern\u00e9 l\u2019Ouganda comme un terrain de domination personnelle, m\u00ealant brutalit\u00e9, arbitraire et culte de la force.<\/p>\n<p>Son r\u00e8gne fut marqu\u00e9 par des purges sanglantes, des disparitions et une r\u00e9pression syst\u00e9matique de toute voix dissidente. Militaire charismatique mais impr\u00e9visible, il a plong\u00e9 son pays dans un climat o\u00f9 l\u2019humour noir servait souvent de masque \u00e0 la terreur.<\/p>\n<p>Aujourd\u2019hui encore, son nom demeure associ\u00e9 \u00e0 l\u2019une des dictatures les plus violentes du continent africain, rappelant que lorsqu\u2019un pouvoir promet la libert\u00e9 tout en en mena\u00e7ant le prix, c\u2019est toujours la libert\u00e9 qui dispara\u00eet en premier.<\/p>\n<p>\ud83c\uddfa\ud83c\uddec<\/p>\n","protected":false},"excerpt":{"rendered":"<p>Interrog\u00e9 sur les droits de l\u2019Homme dans son pays, le pr\u00e9sident ougandais Idi Amin Dada<\/p>\n","protected":false},"author":1,"featured_media":0,"comment_status":"open","ping_status":"open","sticky":false,"template":"","format":"standard","meta":{"footnotes":""},"categories":[2],"tags":[],"class_list":["post-38643","post","type-post","status-publish","format-standard","hentry","category-actu"],"yoast_head":"<!-- This site is optimized with the Yoast SEO plugin v27.5 - https:\/\/yoast.com\/product\/yoast-seo-wordpress\/ -->\n<title>Retour sur le pass\u00e9 : idi Amin dada et les droits de l&#039;homme - R\u00e9veil Info<\/title>\n<meta name=\"robots\" content=\"noindex, follow, max-snippet:-1, max-image-preview:large, max-video-preview:-1\" \/>\n<meta property=\"og:locale\" content=\"fr_FR\" \/>\n<meta property=\"og:type\" content=\"article\" \/>\n<meta property=\"og:title\" content=\"Retour sur le pass\u00e9 : idi Amin dada et les droits de l&#039;homme - R\u00e9veil Info\" \/>\n<meta property=\"og:description\" content=\"Interrog\u00e9 sur les droits de l\u2019Homme dans son pays, le pr\u00e9sident ougandais Idi Amin Dada\" \/>\n<meta property=\"og:url\" content=\"https:\/\/reveil-info.net\/?p=38643\" \/>\n<meta property=\"og:site_name\" content=\"R\u00e9veil Info\" \/>\n<meta property=\"article:published_time\" content=\"2025-12-14T13:17:44+00:00\" \/>\n<meta property=\"og:image\" content=\"https:\/\/reveil-info.net\/wp-content\/uploads\/2025\/12\/IMG-20251211-WA0044.jpg\" \/>\n\t<meta property=\"og:image:width\" content=\"687\" \/>\n\t<meta property=\"og:image:height\" content=\"900\" \/>\n\t<meta property=\"og:image:type\" content=\"image\/jpeg\" \/>\n<meta name=\"author\" content=\"R\u00e9veil info\" \/>\n<meta name=\"twitter:card\" content=\"summary_large_image\" \/>\n<meta name=\"twitter:label1\" content=\"\u00c9crit par\" \/>\n\t<meta name=\"twitter:data1\" content=\"R\u00e9veil info\" \/>\n\t<meta name=\"twitter:label2\" content=\"Dur\u00e9e de lecture estim\u00e9e\" \/>\n\t<meta name=\"twitter:data2\" content=\"2 minutes\" \/>\n<script type=\"application\/ld+json\" class=\"yoast-schema-graph\">{\"@context\":\"https:\\\/\\\/schema.org\",\"@graph\":[{\"@type\":\"Article\",\"@id\":\"https:\\\/\\\/reveil-info.net\\\/?p=38643#article\",\"isPartOf\":{\"@id\":\"https:\\\/\\\/reveil-info.net\\\/?p=38643\"},\"author\":{\"name\":\"R\u00e9veil info\",\"@id\":\"https:\\\/\\\/reveil-info.net\\\/#\\\/schema\\\/person\\\/ca0cc8e70088e0a2b5e92556c1ee60f5\"},\"headline\":\"Retour sur le pass\u00e9 : idi Amin dada et les droits de l&rsquo;homme\",\"datePublished\":\"2025-12-14T13:17:44+00:00\",\"mainEntityOfPage\":{\"@id\":\"https:\\\/\\\/reveil-info.net\\\/?p=38643\"},\"wordCount\":197,\"commentCount\":0,\"publisher\":{\"@id\":\"https:\\\/\\\/reveil-info.net\\\/#organization\"},\"image\":{\"@id\":\"https:\\\/\\\/reveil-info.net\\\/?p=38643#primaryimage\"},\"thumbnailUrl\":\"https:\\\/\\\/reveil-info.net\\\/wp-content\\\/uploads\\\/2025\\\/12\\\/IMG-20251211-WA0044.jpg\",\"articleSection\":[\"Actualit\u00e9\"],\"inLanguage\":\"fr-FR\",\"potentialAction\":[{\"@type\":\"CommentAction\",\"name\":\"Comment\",\"target\":[\"https:\\\/\\\/reveil-info.net\\\/?p=38643#respond\"]}]},{\"@type\":\"WebPage\",\"@id\":\"https:\\\/\\\/reveil-info.net\\\/?p=38643\",\"url\":\"https:\\\/\\\/reveil-info.net\\\/?p=38643\",\"name\":\"Retour sur le pass\u00e9 : idi Amin dada et les droits de l'homme - R\u00e9veil Info\",\"isPartOf\":{\"@id\":\"https:\\\/\\\/reveil-info.net\\\/#website\"},\"primaryImageOfPage\":{\"@id\":\"https:\\\/\\\/reveil-info.net\\\/?p=38643#primaryimage\"},\"image\":{\"@id\":\"https:\\\/\\\/reveil-info.net\\\/?p=38643#primaryimage\"},\"thumbnailUrl\":\"https:\\\/\\\/reveil-info.net\\\/wp-content\\\/uploads\\\/2025\\\/12\\\/IMG-20251211-WA0044.jpg\",\"datePublished\":\"2025-12-14T13:17:44+00:00\",\"breadcrumb\":{\"@id\":\"https:\\\/\\\/reveil-info.net\\\/?p=38643#breadcrumb\"},\"inLanguage\":\"fr-FR\",\"potentialAction\":[{\"@type\":\"ReadAction\",\"target\":[\"https:\\\/\\\/reveil-info.net\\\/?p=38643\"]}]},{\"@type\":\"ImageObject\",\"inLanguage\":\"fr-FR\",\"@id\":\"https:\\\/\\\/reveil-info.net\\\/?p=38643#primaryimage\",\"url\":\"https:\\\/\\\/reveil-info.net\\\/wp-content\\\/uploads\\\/2025\\\/12\\\/IMG-20251211-WA0044.jpg\",\"contentUrl\":\"https:\\\/\\\/reveil-info.net\\\/wp-content\\\/uploads\\\/2025\\\/12\\\/IMG-20251211-WA0044.jpg\",\"width\":687,\"height\":900},{\"@type\":\"BreadcrumbList\",\"@id\":\"https:\\\/\\\/reveil-info.net\\\/?p=38643#breadcrumb\",\"itemListElement\":[{\"@type\":\"ListItem\",\"position\":1,\"name\":\"Home\",\"item\":\"https:\\\/\\\/reveil-info.net\\\/\"},{\"@type\":\"ListItem\",\"position\":2,\"name\":\"Retour sur le pass\u00e9 : idi Amin dada et les droits de l&rsquo;homme\"}]},{\"@type\":\"WebSite\",\"@id\":\"https:\\\/\\\/reveil-info.net\\\/#website\",\"url\":\"https:\\\/\\\/reveil-info.net\\\/\",\"name\":\"R\u00e9veil Info\",\"description\":\"Le devoir d&#039;informer!\",\"publisher\":{\"@id\":\"https:\\\/\\\/reveil-info.net\\\/#organization\"},\"potentialAction\":[{\"@type\":\"SearchAction\",\"target\":{\"@type\":\"EntryPoint\",\"urlTemplate\":\"https:\\\/\\\/reveil-info.net\\\/?s={search_term_string}\"},\"query-input\":{\"@type\":\"PropertyValueSpecification\",\"valueRequired\":true,\"valueName\":\"search_term_string\"}}],\"inLanguage\":\"fr-FR\"},{\"@type\":\"Organization\",\"@id\":\"https:\\\/\\\/reveil-info.net\\\/#organization\",\"name\":\"R\u00e9veil Info\",\"url\":\"https:\\\/\\\/reveil-info.net\\\/\",\"logo\":{\"@type\":\"ImageObject\",\"inLanguage\":\"fr-FR\",\"@id\":\"https:\\\/\\\/reveil-info.net\\\/#\\\/schema\\\/logo\\\/image\\\/\",\"url\":\"https:\\\/\\\/reveil-info.net\\\/wp-content\\\/uploads\\\/2024\\\/07\\\/bnddd1.jpg\",\"contentUrl\":\"https:\\\/\\\/reveil-info.net\\\/wp-content\\\/uploads\\\/2024\\\/07\\\/bnddd1.jpg\",\"width\":903,\"height\":125,\"caption\":\"R\u00e9veil Info\"},\"image\":{\"@id\":\"https:\\\/\\\/reveil-info.net\\\/#\\\/schema\\\/logo\\\/image\\\/\"}},{\"@type\":\"Person\",\"@id\":\"https:\\\/\\\/reveil-info.net\\\/#\\\/schema\\\/person\\\/ca0cc8e70088e0a2b5e92556c1ee60f5\",\"name\":\"R\u00e9veil info\",\"image\":{\"@type\":\"ImageObject\",\"inLanguage\":\"fr-FR\",\"@id\":\"https:\\\/\\\/secure.gravatar.com\\\/avatar\\\/e4ad5bb743c8b6cb174d9df6c7d30a8a16f6889731241345fc6444e6485f02af?s=96&d=mm&r=g\",\"url\":\"https:\\\/\\\/secure.gravatar.com\\\/avatar\\\/e4ad5bb743c8b6cb174d9df6c7d30a8a16f6889731241345fc6444e6485f02af?s=96&d=mm&r=g\",\"contentUrl\":\"https:\\\/\\\/secure.gravatar.com\\\/avatar\\\/e4ad5bb743c8b6cb174d9df6c7d30a8a16f6889731241345fc6444e6485f02af?s=96&d=mm&r=g\",\"caption\":\"R\u00e9veil info\"},\"sameAs\":[\"https:\\\/\\\/reveil-info.net\"],\"url\":\"https:\\\/\\\/reveil-info.net\\\/?author=1\"}]}<\/script>\n<!-- \/ Yoast SEO plugin. -->","yoast_head_json":{"title":"Retour sur le pass\u00e9 : idi Amin dada et les droits de l'homme - R\u00e9veil Info","robots":{"index":"noindex","follow":"follow","max-snippet":"max-snippet:-1","max-image-preview":"max-image-preview:large","max-video-preview":"max-video-preview:-1"},"og_locale":"fr_FR","og_type":"article","og_title":"Retour sur le pass\u00e9 : idi Amin dada et les droits de l'homme - R\u00e9veil Info","og_description":"Interrog\u00e9 sur les droits de l\u2019Homme dans son pays, le pr\u00e9sident ougandais Idi Amin Dada","og_url":"https:\/\/reveil-info.net\/?p=38643","og_site_name":"R\u00e9veil Info","article_published_time":"2025-12-14T13:17:44+00:00","og_image":[{"width":687,"height":900,"url":"https:\/\/reveil-info.net\/wp-content\/uploads\/2025\/12\/IMG-20251211-WA0044.jpg","type":"image\/jpeg"}],"author":"R\u00e9veil info","twitter_card":"summary_large_image","twitter_misc":{"\u00c9crit par":"R\u00e9veil info","Dur\u00e9e de lecture estim\u00e9e":"2 minutes"},"schema":{"@context":"https:\/\/schema.org","@graph":[{"@type":"Article","@id":"https:\/\/reveil-info.net\/?p=38643#article","isPartOf":{"@id":"https:\/\/reveil-info.net\/?p=38643"},"author":{"name":"R\u00e9veil info","@id":"https:\/\/reveil-info.net\/#\/schema\/person\/ca0cc8e70088e0a2b5e92556c1ee60f5"},"headline":"Retour sur le pass\u00e9 : idi Amin dada et les droits de l&rsquo;homme","datePublished":"2025-12-14T13:17:44+00:00","mainEntityOfPage":{"@id":"https:\/\/reveil-info.net\/?p=38643"},"wordCount":197,"commentCount":0,"publisher":{"@id":"https:\/\/reveil-info.net\/#organization"},"image":{"@id":"https:\/\/reveil-info.net\/?p=38643#primaryimage"},"thumbnailUrl":"https:\/\/reveil-info.net\/wp-content\/uploads\/2025\/12\/IMG-20251211-WA0044.jpg","articleSection":["Actualit\u00e9"],"inLanguage":"fr-FR","potentialAction":[{"@type":"CommentAction","name":"Comment","target":["https:\/\/reveil-info.net\/?p=38643#respond"]}]},{"@type":"WebPage","@id":"https:\/\/reveil-info.net\/?p=38643","url":"https:\/\/reveil-info.net\/?p=38643","name":"Retour sur le pass\u00e9 : idi Amin dada et les droits de l'homme - R\u00e9veil Info","isPartOf":{"@id":"https:\/\/reveil-info.net\/#website"},"primaryImageOfPage":{"@id":"https:\/\/reveil-info.net\/?p=38643#primaryimage"},"image":{"@id":"https:\/\/reveil-info.net\/?p=38643#primaryimage"},"thumbnailUrl":"https:\/\/reveil-info.net\/wp-content\/uploads\/2025\/12\/IMG-20251211-WA0044.jpg","datePublished":"2025-12-14T13:17:44+00:00","breadcrumb":{"@id":"https:\/\/reveil-info.net\/?p=38643#breadcrumb"},"inLanguage":"fr-FR","potentialAction":[{"@type":"ReadAction","target":["https:\/\/reveil-info.net\/?p=38643"]}]},{"@type":"ImageObject","inLanguage":"fr-FR","@id":"https:\/\/reveil-info.net\/?p=38643#primaryimage","url":"https:\/\/reveil-info.net\/wp-content\/uploads\/2025\/12\/IMG-20251211-WA0044.jpg","contentUrl":"https:\/\/reveil-info.net\/wp-content\/uploads\/2025\/12\/IMG-20251211-WA0044.jpg","width":687,"height":900},{"@type":"BreadcrumbList","@id":"https:\/\/reveil-info.net\/?p=38643#breadcrumb","itemListElement":[{"@type":"ListItem","position":1,"name":"Home","item":"https:\/\/reveil-info.net\/"},{"@type":"ListItem","position":2,"name":"Retour sur le pass\u00e9 : idi Amin dada et les droits de l&rsquo;homme"}]},{"@type":"WebSite","@id":"https:\/\/reveil-info.net\/#website","url":"https:\/\/reveil-info.net\/","name":"R\u00e9veil Info","description":"Le devoir d&#039;informer!","publisher":{"@id":"https:\/\/reveil-info.net\/#organization"},"potentialAction":[{"@type":"SearchAction","target":{"@type":"EntryPoint","urlTemplate":"https:\/\/reveil-info.net\/?s={search_term_string}"},"query-input":{"@type":"PropertyValueSpecification","valueRequired":true,"valueName":"search_term_string"}}],"inLanguage":"fr-FR"},{"@type":"Organization","@id":"https:\/\/reveil-info.net\/#organization","name":"R\u00e9veil Info","url":"https:\/\/reveil-info.net\/","logo":{"@type":"ImageObject","inLanguage":"fr-FR","@id":"https:\/\/reveil-info.net\/#\/schema\/logo\/image\/","url":"https:\/\/reveil-info.net\/wp-content\/uploads\/2024\/07\/bnddd1.jpg","contentUrl":"https:\/\/reveil-info.net\/wp-content\/uploads\/2024\/07\/bnddd1.jpg","width":903,"height":125,"caption":"R\u00e9veil Info"},"image":{"@id":"https:\/\/reveil-info.net\/#\/schema\/logo\/image\/"}},{"@type":"Person","@id":"https:\/\/reveil-info.net\/#\/schema\/person\/ca0cc8e70088e0a2b5e92556c1ee60f5","name":"R\u00e9veil info","image":{"@type":"ImageObject","inLanguage":"fr-FR","@id":"https:\/\/secure.gravatar.com\/avatar\/e4ad5bb743c8b6cb174d9df6c7d30a8a16f6889731241345fc6444e6485f02af?s=96&d=mm&r=g","url":"https:\/\/secure.gravatar.com\/avatar\/e4ad5bb743c8b6cb174d9df6c7d30a8a16f6889731241345fc6444e6485f02af?s=96&d=mm&r=g","contentUrl":"https:\/\/secure.gravatar.com\/avatar\/e4ad5bb743c8b6cb174d9df6c7d30a8a16f6889731241345fc6444e6485f02af?s=96&d=mm&r=g","caption":"R\u00e9veil info"},"sameAs":["https:\/\/reveil-info.net"],"url":"https:\/\/reveil-info.net\/?author=1"}]}},"jetpack_featured_media_url":"","featured_image_urls":{"full":"","thumbnail":"","medium":"","medium_large":"","large":"","1536x1536":"","2048x2048":"","chromenews-featured":"","chromenews-large":"","chromenews-medium":""},"author_info":{"display_name":"R\u00e9veil info","author_link":"https:\/\/reveil-info.net\/?author=1"},"category_info":"<a href=\"https:\/\/reveil-info.net\/?cat=2\" rel=\"category\">Actualit\u00e9<\/a>","tag_info":"Actualit\u00e9","comment_count":"0","_links":{"self":[{"href":"https:\/\/reveil-info.net\/index.php?rest_route=\/wp\/v2\/posts\/38643","targetHints":{"allow":["GET"]}}],"collection":[{"href":"https:\/\/reveil-info.net\/index.php?rest_route=\/wp\/v2\/posts"}],"about":[{"href":"https:\/\/reveil-info.net\/index.php?rest_route=\/wp\/v2\/types\/post"}],"author":[{"embeddable":true,"href":"https:\/\/reveil-info.net\/index.php?rest_route=\/wp\/v2\/users\/1"}],"replies":[{"embeddable":true,"href":"https:\/\/reveil-info.net\/index.php?rest_route=%2Fwp%2Fv2%2Fcomments&post=38643"}],"version-history":[{"count":2,"href":"https:\/\/reveil-info.net\/index.php?rest_route=\/wp\/v2\/posts\/38643\/revisions"}],"predecessor-version":[{"id":38646,"href":"https:\/\/reveil-info.net\/index.php?rest_route=\/wp\/v2\/posts\/38643\/revisions\/38646"}],"wp:attachment":[{"href":"https:\/\/reveil-info.net\/index.php?rest_route=%2Fwp%2Fv2%2Fmedia&parent=38643"}],"wp:term":[{"taxonomy":"category","embeddable":true,"href":"https:\/\/reveil-info.net\/index.php?rest_route=%2Fwp%2Fv2%2Fcategories&post=38643"},{"taxonomy":"post_tag","embeddable":true,"href":"https:\/\/reveil-info.net\/index.php?rest_route=%2Fwp%2Fv2%2Ftags&post=38643"}],"curies":[{"name":"wp","href":"https:\/\/api.w.org\/{rel}","templated":true}]}}