{"id":38050,"date":"2025-12-06T13:23:54","date_gmt":"2025-12-06T13:23:54","guid":{"rendered":"https:\/\/reveil-info.net\/?p=38050"},"modified":"2025-12-06T13:23:54","modified_gmt":"2025-12-06T13:23:54","slug":"rechauffement-de-laxe-abidjan-ouagadougou-visite-du-ministre-ivoirien-de-lintegration","status":"publish","type":"post","link":"https:\/\/reveil-info.net\/?p=38050","title":{"rendered":"R\u00e9chauffement de l&rsquo;axe Abidjan- Ouagadougou : visite du ministre ivoirien de l&rsquo;int\u00e9gration"},"content":{"rendered":"<p>R\u00e9chauffement de l&rsquo;axe Abidjan-Ouagadougou : le Ministre ivoirien charg\u00e9 de l\u2019Int\u00e9gration africaine re\u00e7u par le Chef de la diplomatie burkinab\u00e8<\/p>\n<p>(Ouagadougou, le 6 d\u00e9cembre 2025)<\/p>\n<p><img loading=\"lazy\" decoding=\"async\" class=\"alignnone size-full wp-image-38053\" src=\"https:\/\/reveil-info.net\/wp-content\/uploads\/2025\/12\/FB_IMG_17650271245313099.jpg\" alt=\"\" width=\"720\" height=\"497\" srcset=\"https:\/\/reveil-info.net\/wp-content\/uploads\/2025\/12\/FB_IMG_17650271245313099.jpg 720w, https:\/\/reveil-info.net\/wp-content\/uploads\/2025\/12\/FB_IMG_17650271245313099-300x207.jpg 300w\" sizes=\"auto, (max-width: 720px) 100vw, 720px\" \/> <img loading=\"lazy\" decoding=\"async\" class=\"alignnone size-full wp-image-38055\" src=\"https:\/\/reveil-info.net\/wp-content\/uploads\/2025\/12\/FB_IMG_17650271278490069.jpg\" alt=\"\" width=\"720\" height=\"510\" srcset=\"https:\/\/reveil-info.net\/wp-content\/uploads\/2025\/12\/FB_IMG_17650271278490069.jpg 720w, https:\/\/reveil-info.net\/wp-content\/uploads\/2025\/12\/FB_IMG_17650271278490069-300x213.jpg 300w\" sizes=\"auto, (max-width: 720px) 100vw, 720px\" \/><\/p>\n<p>\u00c0 la demande des autorit\u00e9s ivoiriennes, Son Excellence Monsieur Karamoko Jean Marie TRAOR\u00c9, Ministre des Affaires \u00e9trang\u00e8res, de la Coop\u00e9ration r\u00e9gionale et des Burkinab\u00e8 de l&rsquo;Ext\u00e9rieur, a re\u00e7u en audience, ce samedi 6 d\u00e9cembre 2025 \u00e0 Ouagadougou, Son Excellence Monsieur Adama DOSSO, Ministre D\u00e9l\u00e9gu\u00e9 charg\u00e9 de l\u2019Int\u00e9gration africaine et des Ivoiriens de l&rsquo;Ext\u00e9rieur.<\/p>\n<p>Cette audience traduit la disponibilit\u00e9 du Burkina Faso \u00e0 favoriser un dialogue franc, serein et constructif avec la R\u00e9publique de C\u00f4te dIvoire, dans un esprit de fraternit\u00e9 et de respect mutuel.<\/p>\n<p>Elle illustre l&rsquo;engagement constant du Pays des Hommes int\u00e8gres \u00e0 promouvoir une coop\u00e9ration r\u00e9gionale apais\u00e9e, fid\u00e8le aux relations historiques et humaines profondes unissant les deux peuples.<\/p>\n<p>Dans un climat empreint de v\u00e9rit\u00e9, d&rsquo;ouverture et de sinc\u00e9rit\u00e9, les deux personnalit\u00e9s ont discut\u00e9, en toute franchise et sans langue de bois, de l&rsquo;\u00e9tat actuel des relations bilat\u00e9rales.<\/p>\n<p>L&rsquo;objectif partag\u00e9 a \u00e9t\u00e9 de travailler \u00e0 renforcer la confiance, dans l&rsquo;int\u00e9r\u00eat sup\u00e9rieur des populations des deux pays.<\/p>\n<p>Pour le Ministre ivoirien, Son Excellence Adama DOSSO \u00ab la C\u00f4te dIvoire et le Burkina Faso sont comme deux poumons d&rsquo;un m\u00eame corps \u00e9conomique et social, li\u00e9s par l&rsquo;histoire et la g\u00e9ographie. \u00bb<\/p>\n<p>Il a ajout\u00e9 : \u00ab Les relations entre nos deux pays sont historiques, avec des populations entrem\u00eal\u00e9es vivant de part et dautre. Ce socle sociologique ne peut pas \u00eatre alt\u00e9r\u00e9 ou d\u00e9natur\u00e9 par les rapports. \u00bb Et de conclure : \u00ab Nous sommes ici pour que les incompr\u00e9hensions appartiennent d\u00e9finitivement au pass\u00e9 et que nos relations, jadis un mod\u00e8le de coop\u00e9ration en Afrique de l&rsquo;Ouest, redeviennent ce quelles ont \u00e9t\u00e9. \u00bb<\/p>\n<p>De son c\u00f4t\u00e9, le Chef de la diplomatie burkinab\u00e8, Son Excellence Karamoko Jean Marie TRAOR\u00c9, a affirm\u00e9 que les \u00e9changes se sont d\u00e9roul\u00e9s dans un esprit fraternel, guid\u00e9 par l&rsquo;int\u00e9r\u00eat des populations et en conformit\u00e9 avec la vision du Chef de l&rsquo;\u00c9tat, le Capitaine Ibrahim TRAOR\u00c9.<\/p>\n<p>\u00ab Nous nous sommes parl\u00e9 en fr\u00e8res, avec ouverture et sinc\u00e9rit\u00e9. Je pense que nous avons pos\u00e9 un pas important, qui doit \u00eatre approfondi. Il y a un travail de consolidation de la confiance \u00e0 mener ; nous avons convenu que nos instances diplomatiques travailleront sur ces questions afin que nos deux pays puissent avancer ensemble. \u00bb<\/p>\n<p>Le Gouvernement burkinab\u00e8 a r\u00e9it\u00e9r\u00e9 sa d\u00e9termination \u00e0 pr\u00e9server la paix et \u00e0 agir avec fermet\u00e9 lorsque cela est n\u00e9cessaire, tout en maintenant un esprit de fraternit\u00e9 et de dialogue envers le peuple ivoirien.<\/p>\n<p>Cette d\u00e9marche s&rsquo;inscrit pleinement dans la vision strat\u00e9gique du Chef de l&rsquo;\u00c9tat, le Capitaine Ibrahim TRAOR\u00c9, ax\u00e9e sur la responsabilit\u00e9, la v\u00e9rit\u00e9 et la souverainet\u00e9 constructive.<\/p>\n<p>DCRP \/ MAECRBE<\/p>\n<p><img loading=\"lazy\" decoding=\"async\" class=\"alignnone size-full wp-image-37697\" src=\"https:\/\/reveil-info.net\/wp-content\/uploads\/2025\/12\/IMG-20240629-WA0041-1.jpg\" alt=\"\" width=\"1034\" height=\"729\" srcset=\"https:\/\/reveil-info.net\/wp-content\/uploads\/2025\/12\/IMG-20240629-WA0041-1.jpg 1034w, https:\/\/reveil-info.net\/wp-content\/uploads\/2025\/12\/IMG-20240629-WA0041-1-300x212.jpg 300w, https:\/\/reveil-info.net\/wp-content\/uploads\/2025\/12\/IMG-20240629-WA0041-1-1024x722.jpg 1024w, https:\/\/reveil-info.net\/wp-content\/uploads\/2025\/12\/IMG-20240629-WA0041-1-768x541.jpg 768w\" sizes=\"auto, (max-width: 1034px) 100vw, 1034px\" \/><\/p>\n<p>&nbsp;<\/p>\n","protected":false},"excerpt":{"rendered":"<p>R\u00e9chauffement de l&rsquo;axe Abidjan-Ouagadougou : le Ministre ivoirien charg\u00e9 de l\u2019Int\u00e9gration africaine re\u00e7u par le<\/p>\n","protected":false},"author":1,"featured_media":38053,"comment_status":"open","ping_status":"open","sticky":false,"template":"","format":"standard","meta":{"footnotes":""},"categories":[39,2],"tags":[],"class_list":["post-38050","post","type-post","status-publish","format-standard","has-post-thumbnail","hentry","category-une","category-actu"],"yoast_head":"<!-- This site is optimized with the Yoast SEO plugin v27.5 - https:\/\/yoast.com\/product\/yoast-seo-wordpress\/ -->\n<title>R\u00e9chauffement de l&#039;axe Abidjan- Ouagadougou : visite du ministre ivoirien de l&#039;int\u00e9gration - R\u00e9veil Info<\/title>\n<meta name=\"robots\" content=\"noindex, follow, max-snippet:-1, max-image-preview:large, max-video-preview:-1\" \/>\n<meta property=\"og:locale\" content=\"fr_FR\" \/>\n<meta property=\"og:type\" content=\"article\" \/>\n<meta property=\"og:title\" content=\"R\u00e9chauffement de l&#039;axe Abidjan- Ouagadougou : visite du ministre ivoirien de l&#039;int\u00e9gration - R\u00e9veil Info\" \/>\n<meta property=\"og:description\" content=\"R\u00e9chauffement de l&rsquo;axe Abidjan-Ouagadougou : le Ministre ivoirien charg\u00e9 de l\u2019Int\u00e9gration africaine re\u00e7u par le\" \/>\n<meta property=\"og:url\" content=\"https:\/\/reveil-info.net\/?p=38050\" \/>\n<meta property=\"og:site_name\" content=\"R\u00e9veil Info\" \/>\n<meta property=\"article:published_time\" content=\"2025-12-06T13:23:54+00:00\" \/>\n<meta property=\"og:image\" content=\"https:\/\/reveil-info.net\/wp-content\/uploads\/2025\/12\/FB_IMG_17650271245313099.jpg\" \/>\n\t<meta property=\"og:image:width\" content=\"720\" \/>\n\t<meta property=\"og:image:height\" content=\"497\" \/>\n\t<meta property=\"og:image:type\" content=\"image\/jpeg\" \/>\n<meta name=\"author\" content=\"R\u00e9veil info\" \/>\n<meta name=\"twitter:card\" content=\"summary_large_image\" \/>\n<meta name=\"twitter:label1\" content=\"\u00c9crit par\" \/>\n\t<meta name=\"twitter:data1\" content=\"R\u00e9veil info\" \/>\n\t<meta name=\"twitter:label2\" content=\"Dur\u00e9e de lecture estim\u00e9e\" \/>\n\t<meta name=\"twitter:data2\" content=\"4 minutes\" \/>\n<script type=\"application\/ld+json\" class=\"yoast-schema-graph\">{\"@context\":\"https:\\\/\\\/schema.org\",\"@graph\":[{\"@type\":\"Article\",\"@id\":\"https:\\\/\\\/reveil-info.net\\\/?p=38050#article\",\"isPartOf\":{\"@id\":\"https:\\\/\\\/reveil-info.net\\\/?p=38050\"},\"author\":{\"name\":\"R\u00e9veil info\",\"@id\":\"https:\\\/\\\/reveil-info.net\\\/#\\\/schema\\\/person\\\/ca0cc8e70088e0a2b5e92556c1ee60f5\"},\"headline\":\"R\u00e9chauffement de l&rsquo;axe Abidjan- Ouagadougou : visite du ministre ivoirien de l&rsquo;int\u00e9gration\",\"datePublished\":\"2025-12-06T13:23:54+00:00\",\"mainEntityOfPage\":{\"@id\":\"https:\\\/\\\/reveil-info.net\\\/?p=38050\"},\"wordCount\":517,\"commentCount\":0,\"publisher\":{\"@id\":\"https:\\\/\\\/reveil-info.net\\\/#organization\"},\"image\":{\"@id\":\"https:\\\/\\\/reveil-info.net\\\/?p=38050#primaryimage\"},\"thumbnailUrl\":\"https:\\\/\\\/reveil-info.net\\\/wp-content\\\/uploads\\\/2025\\\/12\\\/FB_IMG_17650271245313099.jpg\",\"articleSection\":[\"A la une\",\"Actualit\u00e9\"],\"inLanguage\":\"fr-FR\",\"potentialAction\":[{\"@type\":\"CommentAction\",\"name\":\"Comment\",\"target\":[\"https:\\\/\\\/reveil-info.net\\\/?p=38050#respond\"]}]},{\"@type\":\"WebPage\",\"@id\":\"https:\\\/\\\/reveil-info.net\\\/?p=38050\",\"url\":\"https:\\\/\\\/reveil-info.net\\\/?p=38050\",\"name\":\"R\u00e9chauffement de l'axe Abidjan- Ouagadougou : visite du ministre ivoirien de l'int\u00e9gration - R\u00e9veil Info\",\"isPartOf\":{\"@id\":\"https:\\\/\\\/reveil-info.net\\\/#website\"},\"primaryImageOfPage\":{\"@id\":\"https:\\\/\\\/reveil-info.net\\\/?p=38050#primaryimage\"},\"image\":{\"@id\":\"https:\\\/\\\/reveil-info.net\\\/?p=38050#primaryimage\"},\"thumbnailUrl\":\"https:\\\/\\\/reveil-info.net\\\/wp-content\\\/uploads\\\/2025\\\/12\\\/FB_IMG_17650271245313099.jpg\",\"datePublished\":\"2025-12-06T13:23:54+00:00\",\"breadcrumb\":{\"@id\":\"https:\\\/\\\/reveil-info.net\\\/?p=38050#breadcrumb\"},\"inLanguage\":\"fr-FR\",\"potentialAction\":[{\"@type\":\"ReadAction\",\"target\":[\"https:\\\/\\\/reveil-info.net\\\/?p=38050\"]}]},{\"@type\":\"ImageObject\",\"inLanguage\":\"fr-FR\",\"@id\":\"https:\\\/\\\/reveil-info.net\\\/?p=38050#primaryimage\",\"url\":\"https:\\\/\\\/reveil-info.net\\\/wp-content\\\/uploads\\\/2025\\\/12\\\/FB_IMG_17650271245313099.jpg\",\"contentUrl\":\"https:\\\/\\\/reveil-info.net\\\/wp-content\\\/uploads\\\/2025\\\/12\\\/FB_IMG_17650271245313099.jpg\",\"width\":720,\"height\":497},{\"@type\":\"BreadcrumbList\",\"@id\":\"https:\\\/\\\/reveil-info.net\\\/?p=38050#breadcrumb\",\"itemListElement\":[{\"@type\":\"ListItem\",\"position\":1,\"name\":\"Home\",\"item\":\"https:\\\/\\\/reveil-info.net\\\/\"},{\"@type\":\"ListItem\",\"position\":2,\"name\":\"R\u00e9chauffement de l&rsquo;axe Abidjan- Ouagadougou : visite du ministre ivoirien de l&rsquo;int\u00e9gration\"}]},{\"@type\":\"WebSite\",\"@id\":\"https:\\\/\\\/reveil-info.net\\\/#website\",\"url\":\"https:\\\/\\\/reveil-info.net\\\/\",\"name\":\"R\u00e9veil Info\",\"description\":\"Le devoir d&#039;informer!\",\"publisher\":{\"@id\":\"https:\\\/\\\/reveil-info.net\\\/#organization\"},\"potentialAction\":[{\"@type\":\"SearchAction\",\"target\":{\"@type\":\"EntryPoint\",\"urlTemplate\":\"https:\\\/\\\/reveil-info.net\\\/?s={search_term_string}\"},\"query-input\":{\"@type\":\"PropertyValueSpecification\",\"valueRequired\":true,\"valueName\":\"search_term_string\"}}],\"inLanguage\":\"fr-FR\"},{\"@type\":\"Organization\",\"@id\":\"https:\\\/\\\/reveil-info.net\\\/#organization\",\"name\":\"R\u00e9veil Info\",\"url\":\"https:\\\/\\\/reveil-info.net\\\/\",\"logo\":{\"@type\":\"ImageObject\",\"inLanguage\":\"fr-FR\",\"@id\":\"https:\\\/\\\/reveil-info.net\\\/#\\\/schema\\\/logo\\\/image\\\/\",\"url\":\"https:\\\/\\\/reveil-info.net\\\/wp-content\\\/uploads\\\/2024\\\/07\\\/bnddd1.jpg\",\"contentUrl\":\"https:\\\/\\\/reveil-info.net\\\/wp-content\\\/uploads\\\/2024\\\/07\\\/bnddd1.jpg\",\"width\":903,\"height\":125,\"caption\":\"R\u00e9veil Info\"},\"image\":{\"@id\":\"https:\\\/\\\/reveil-info.net\\\/#\\\/schema\\\/logo\\\/image\\\/\"}},{\"@type\":\"Person\",\"@id\":\"https:\\\/\\\/reveil-info.net\\\/#\\\/schema\\\/person\\\/ca0cc8e70088e0a2b5e92556c1ee60f5\",\"name\":\"R\u00e9veil info\",\"image\":{\"@type\":\"ImageObject\",\"inLanguage\":\"fr-FR\",\"@id\":\"https:\\\/\\\/secure.gravatar.com\\\/avatar\\\/e4ad5bb743c8b6cb174d9df6c7d30a8a16f6889731241345fc6444e6485f02af?s=96&d=mm&r=g\",\"url\":\"https:\\\/\\\/secure.gravatar.com\\\/avatar\\\/e4ad5bb743c8b6cb174d9df6c7d30a8a16f6889731241345fc6444e6485f02af?s=96&d=mm&r=g\",\"contentUrl\":\"https:\\\/\\\/secure.gravatar.com\\\/avatar\\\/e4ad5bb743c8b6cb174d9df6c7d30a8a16f6889731241345fc6444e6485f02af?s=96&d=mm&r=g\",\"caption\":\"R\u00e9veil info\"},\"sameAs\":[\"https:\\\/\\\/reveil-info.net\"],\"url\":\"https:\\\/\\\/reveil-info.net\\\/?author=1\"}]}<\/script>\n<!-- \/ Yoast SEO plugin. -->","yoast_head_json":{"title":"R\u00e9chauffement de l'axe Abidjan- Ouagadougou : visite du ministre ivoirien de l'int\u00e9gration - R\u00e9veil Info","robots":{"index":"noindex","follow":"follow","max-snippet":"max-snippet:-1","max-image-preview":"max-image-preview:large","max-video-preview":"max-video-preview:-1"},"og_locale":"fr_FR","og_type":"article","og_title":"R\u00e9chauffement de l'axe Abidjan- Ouagadougou : visite du ministre ivoirien de l'int\u00e9gration - R\u00e9veil Info","og_description":"R\u00e9chauffement de l&rsquo;axe Abidjan-Ouagadougou : le Ministre ivoirien charg\u00e9 de l\u2019Int\u00e9gration africaine re\u00e7u par le","og_url":"https:\/\/reveil-info.net\/?p=38050","og_site_name":"R\u00e9veil Info","article_published_time":"2025-12-06T13:23:54+00:00","og_image":[{"width":720,"height":497,"url":"https:\/\/reveil-info.net\/wp-content\/uploads\/2025\/12\/FB_IMG_17650271245313099.jpg","type":"image\/jpeg"}],"author":"R\u00e9veil info","twitter_card":"summary_large_image","twitter_misc":{"\u00c9crit par":"R\u00e9veil info","Dur\u00e9e de lecture estim\u00e9e":"4 minutes"},"schema":{"@context":"https:\/\/schema.org","@graph":[{"@type":"Article","@id":"https:\/\/reveil-info.net\/?p=38050#article","isPartOf":{"@id":"https:\/\/reveil-info.net\/?p=38050"},"author":{"name":"R\u00e9veil info","@id":"https:\/\/reveil-info.net\/#\/schema\/person\/ca0cc8e70088e0a2b5e92556c1ee60f5"},"headline":"R\u00e9chauffement de l&rsquo;axe Abidjan- Ouagadougou : visite du ministre ivoirien de l&rsquo;int\u00e9gration","datePublished":"2025-12-06T13:23:54+00:00","mainEntityOfPage":{"@id":"https:\/\/reveil-info.net\/?p=38050"},"wordCount":517,"commentCount":0,"publisher":{"@id":"https:\/\/reveil-info.net\/#organization"},"image":{"@id":"https:\/\/reveil-info.net\/?p=38050#primaryimage"},"thumbnailUrl":"https:\/\/reveil-info.net\/wp-content\/uploads\/2025\/12\/FB_IMG_17650271245313099.jpg","articleSection":["A la une","Actualit\u00e9"],"inLanguage":"fr-FR","potentialAction":[{"@type":"CommentAction","name":"Comment","target":["https:\/\/reveil-info.net\/?p=38050#respond"]}]},{"@type":"WebPage","@id":"https:\/\/reveil-info.net\/?p=38050","url":"https:\/\/reveil-info.net\/?p=38050","name":"R\u00e9chauffement de l'axe Abidjan- Ouagadougou : visite du ministre ivoirien de l'int\u00e9gration - R\u00e9veil Info","isPartOf":{"@id":"https:\/\/reveil-info.net\/#website"},"primaryImageOfPage":{"@id":"https:\/\/reveil-info.net\/?p=38050#primaryimage"},"image":{"@id":"https:\/\/reveil-info.net\/?p=38050#primaryimage"},"thumbnailUrl":"https:\/\/reveil-info.net\/wp-content\/uploads\/2025\/12\/FB_IMG_17650271245313099.jpg","datePublished":"2025-12-06T13:23:54+00:00","breadcrumb":{"@id":"https:\/\/reveil-info.net\/?p=38050#breadcrumb"},"inLanguage":"fr-FR","potentialAction":[{"@type":"ReadAction","target":["https:\/\/reveil-info.net\/?p=38050"]}]},{"@type":"ImageObject","inLanguage":"fr-FR","@id":"https:\/\/reveil-info.net\/?p=38050#primaryimage","url":"https:\/\/reveil-info.net\/wp-content\/uploads\/2025\/12\/FB_IMG_17650271245313099.jpg","contentUrl":"https:\/\/reveil-info.net\/wp-content\/uploads\/2025\/12\/FB_IMG_17650271245313099.jpg","width":720,"height":497},{"@type":"BreadcrumbList","@id":"https:\/\/reveil-info.net\/?p=38050#breadcrumb","itemListElement":[{"@type":"ListItem","position":1,"name":"Home","item":"https:\/\/reveil-info.net\/"},{"@type":"ListItem","position":2,"name":"R\u00e9chauffement de l&rsquo;axe Abidjan- Ouagadougou : visite du ministre ivoirien de l&rsquo;int\u00e9gration"}]},{"@type":"WebSite","@id":"https:\/\/reveil-info.net\/#website","url":"https:\/\/reveil-info.net\/","name":"R\u00e9veil Info","description":"Le devoir d&#039;informer!","publisher":{"@id":"https:\/\/reveil-info.net\/#organization"},"potentialAction":[{"@type":"SearchAction","target":{"@type":"EntryPoint","urlTemplate":"https:\/\/reveil-info.net\/?s={search_term_string}"},"query-input":{"@type":"PropertyValueSpecification","valueRequired":true,"valueName":"search_term_string"}}],"inLanguage":"fr-FR"},{"@type":"Organization","@id":"https:\/\/reveil-info.net\/#organization","name":"R\u00e9veil Info","url":"https:\/\/reveil-info.net\/","logo":{"@type":"ImageObject","inLanguage":"fr-FR","@id":"https:\/\/reveil-info.net\/#\/schema\/logo\/image\/","url":"https:\/\/reveil-info.net\/wp-content\/uploads\/2024\/07\/bnddd1.jpg","contentUrl":"https:\/\/reveil-info.net\/wp-content\/uploads\/2024\/07\/bnddd1.jpg","width":903,"height":125,"caption":"R\u00e9veil Info"},"image":{"@id":"https:\/\/reveil-info.net\/#\/schema\/logo\/image\/"}},{"@type":"Person","@id":"https:\/\/reveil-info.net\/#\/schema\/person\/ca0cc8e70088e0a2b5e92556c1ee60f5","name":"R\u00e9veil info","image":{"@type":"ImageObject","inLanguage":"fr-FR","@id":"https:\/\/secure.gravatar.com\/avatar\/e4ad5bb743c8b6cb174d9df6c7d30a8a16f6889731241345fc6444e6485f02af?s=96&d=mm&r=g","url":"https:\/\/secure.gravatar.com\/avatar\/e4ad5bb743c8b6cb174d9df6c7d30a8a16f6889731241345fc6444e6485f02af?s=96&d=mm&r=g","contentUrl":"https:\/\/secure.gravatar.com\/avatar\/e4ad5bb743c8b6cb174d9df6c7d30a8a16f6889731241345fc6444e6485f02af?s=96&d=mm&r=g","caption":"R\u00e9veil info"},"sameAs":["https:\/\/reveil-info.net"],"url":"https:\/\/reveil-info.net\/?author=1"}]}},"jetpack_featured_media_url":"https:\/\/reveil-info.net\/wp-content\/uploads\/2025\/12\/FB_IMG_17650271245313099.jpg","featured_image_urls":{"full":["https:\/\/reveil-info.net\/wp-content\/uploads\/2025\/12\/FB_IMG_17650271245313099.jpg",720,497,false],"thumbnail":["https:\/\/reveil-info.net\/wp-content\/uploads\/2025\/12\/FB_IMG_17650271245313099-150x150.jpg",150,150,true],"medium":["https:\/\/reveil-info.net\/wp-content\/uploads\/2025\/12\/FB_IMG_17650271245313099-300x207.jpg",300,207,true],"medium_large":["https:\/\/reveil-info.net\/wp-content\/uploads\/2025\/12\/FB_IMG_17650271245313099.jpg",640,442,false],"large":["https:\/\/reveil-info.net\/wp-content\/uploads\/2025\/12\/FB_IMG_17650271245313099.jpg",640,442,false],"1536x1536":["https:\/\/reveil-info.net\/wp-content\/uploads\/2025\/12\/FB_IMG_17650271245313099.jpg",720,497,false],"2048x2048":["https:\/\/reveil-info.net\/wp-content\/uploads\/2025\/12\/FB_IMG_17650271245313099.jpg",720,497,false],"chromenews-featured":["https:\/\/reveil-info.net\/wp-content\/uploads\/2025\/12\/FB_IMG_17650271245313099.jpg",720,497,false],"chromenews-large":["https:\/\/reveil-info.net\/wp-content\/uploads\/2025\/12\/FB_IMG_17650271245313099.jpg",720,497,false],"chromenews-medium":["https:\/\/reveil-info.net\/wp-content\/uploads\/2025\/12\/FB_IMG_17650271245313099-590x410.jpg",590,410,true]},"author_info":{"display_name":"R\u00e9veil info","author_link":"https:\/\/reveil-info.net\/?author=1"},"category_info":"<a href=\"https:\/\/reveil-info.net\/?cat=39\" rel=\"category\">A la une<\/a> <a href=\"https:\/\/reveil-info.net\/?cat=2\" rel=\"category\">Actualit\u00e9<\/a>","tag_info":"Actualit\u00e9","comment_count":"0","_links":{"self":[{"href":"https:\/\/reveil-info.net\/index.php?rest_route=\/wp\/v2\/posts\/38050","targetHints":{"allow":["GET"]}}],"collection":[{"href":"https:\/\/reveil-info.net\/index.php?rest_route=\/wp\/v2\/posts"}],"about":[{"href":"https:\/\/reveil-info.net\/index.php?rest_route=\/wp\/v2\/types\/post"}],"author":[{"embeddable":true,"href":"https:\/\/reveil-info.net\/index.php?rest_route=\/wp\/v2\/users\/1"}],"replies":[{"embeddable":true,"href":"https:\/\/reveil-info.net\/index.php?rest_route=%2Fwp%2Fv2%2Fcomments&post=38050"}],"version-history":[{"count":4,"href":"https:\/\/reveil-info.net\/index.php?rest_route=\/wp\/v2\/posts\/38050\/revisions"}],"predecessor-version":[{"id":38056,"href":"https:\/\/reveil-info.net\/index.php?rest_route=\/wp\/v2\/posts\/38050\/revisions\/38056"}],"wp:featuredmedia":[{"embeddable":true,"href":"https:\/\/reveil-info.net\/index.php?rest_route=\/wp\/v2\/media\/38053"}],"wp:attachment":[{"href":"https:\/\/reveil-info.net\/index.php?rest_route=%2Fwp%2Fv2%2Fmedia&parent=38050"}],"wp:term":[{"taxonomy":"category","embeddable":true,"href":"https:\/\/reveil-info.net\/index.php?rest_route=%2Fwp%2Fv2%2Fcategories&post=38050"},{"taxonomy":"post_tag","embeddable":true,"href":"https:\/\/reveil-info.net\/index.php?rest_route=%2Fwp%2Fv2%2Ftags&post=38050"}],"curies":[{"name":"wp","href":"https:\/\/api.w.org\/{rel}","templated":true}]}}