{"id":3792,"date":"2024-07-27T16:55:28","date_gmt":"2024-07-27T16:55:28","guid":{"rendered":"https:\/\/reveil-info.net\/?p=3792"},"modified":"2024-07-27T16:55:28","modified_gmt":"2024-07-27T16:55:28","slug":"benin-des-militaires-portes-disparus-suite-a-une-attaque-terroriste","status":"publish","type":"post","link":"https:\/\/reveil-info.net\/?p=3792","title":{"rendered":"B\u00e9nin : des militaires port\u00e9s disparus suite \u00e0 une attaque terroriste"},"content":{"rendered":"<p style=\"text-align: justify;\">Nouvelle attaque terroriste survenue dans le nord du B\u00e9nin. L\u2019attaque s\u2019est produite pr\u00e9cis\u00e9ment dans la commune de Karimama, au Parc W. Selon le premier bilan non officiel, l\u2019attaque a fait plusieurs victimes dans le rang des militaires et des rangers.Des militaires b\u00e9ninois et des rangers au poste dans le Parc W \u00a0ont \u00e9t\u00e9 victimes d\u2019une attaque terroriste dans le nord ce jeudi 25 juillet 2024. Les autorit\u00e9s n\u2019ont encore donn\u00e9 aucune information sur l\u2019attaque. Plusieurs m\u00e9dias locaux ont communiqu\u00e9 un bilan non officiel faisant \u00e9tat de deux morts et de plusieurs militaires et rangers disparus.Les Forces de d\u00e9fense et de s\u00e9curit\u00e9 sont en op\u00e9ration de ratissage sur le lieu de l\u2019attaque. C\u2019est certainement apr\u00e8s cette \u00e9tape que le bilan officiel sera disponible.Au B\u00e9nin, la derni\u00e8re attaque terroriste \u00a0avant celle de ce jeudi remonte \u00e0 juin 2024. Sept soldats ont \u00e9t\u00e9 tu\u00e9s dans cette attaque survenue dans le Parc national de la Pendjari. Cette zone frontali\u00e8re avec le Burkina Faso est souvent cibl\u00e9e par les djihadistes qui troublent la qui\u00e9tude des populations.<\/p>\n<p><strong>www.afrique-sur7.ci<\/strong><\/p>\n","protected":false},"excerpt":{"rendered":"<p>Nouvelle attaque terroriste survenue dans le nord du B\u00e9nin. L\u2019attaque s\u2019est produite pr\u00e9cis\u00e9ment dans la<\/p>\n","protected":false},"author":1,"featured_media":3797,"comment_status":"open","ping_status":"open","sticky":false,"template":"","format":"standard","meta":{"footnotes":""},"categories":[2,8],"tags":[],"class_list":["post-3792","post","type-post","status-publish","format-standard","has-post-thumbnail","hentry","category-actu","category-international"],"yoast_head":"<!-- This site is optimized with the Yoast SEO plugin v27.5 - https:\/\/yoast.com\/product\/yoast-seo-wordpress\/ -->\n<title>B\u00e9nin : des militaires port\u00e9s disparus suite \u00e0 une attaque terroriste - R\u00e9veil Info<\/title>\n<meta name=\"robots\" content=\"noindex, follow, max-snippet:-1, max-image-preview:large, max-video-preview:-1\" \/>\n<meta property=\"og:locale\" content=\"fr_FR\" \/>\n<meta property=\"og:type\" content=\"article\" \/>\n<meta property=\"og:title\" content=\"B\u00e9nin : des militaires port\u00e9s disparus suite \u00e0 une attaque terroriste - R\u00e9veil Info\" \/>\n<meta property=\"og:description\" content=\"Nouvelle attaque terroriste survenue dans le nord du B\u00e9nin. L\u2019attaque s\u2019est produite pr\u00e9cis\u00e9ment dans la\" \/>\n<meta property=\"og:url\" content=\"https:\/\/reveil-info.net\/?p=3792\" \/>\n<meta property=\"og:site_name\" content=\"R\u00e9veil Info\" \/>\n<meta property=\"article:published_time\" content=\"2024-07-27T16:55:28+00:00\" \/>\n<meta property=\"og:image\" content=\"https:\/\/reveil-info.net\/wp-content\/uploads\/2024\/07\/militaires-beninois-1-750x375-2.jpg\" \/>\n\t<meta property=\"og:image:width\" content=\"750\" \/>\n\t<meta property=\"og:image:height\" content=\"375\" \/>\n\t<meta property=\"og:image:type\" content=\"image\/jpeg\" \/>\n<meta name=\"author\" content=\"R\u00e9veil info\" \/>\n<meta name=\"twitter:card\" content=\"summary_large_image\" \/>\n<meta name=\"twitter:label1\" content=\"\u00c9crit par\" \/>\n\t<meta name=\"twitter:data1\" content=\"R\u00e9veil info\" \/>\n\t<meta name=\"twitter:label2\" content=\"Dur\u00e9e de lecture estim\u00e9e\" \/>\n\t<meta name=\"twitter:data2\" content=\"2 minutes\" \/>\n<script type=\"application\/ld+json\" class=\"yoast-schema-graph\">{\"@context\":\"https:\\\/\\\/schema.org\",\"@graph\":[{\"@type\":\"Article\",\"@id\":\"https:\\\/\\\/reveil-info.net\\\/?p=3792#article\",\"isPartOf\":{\"@id\":\"https:\\\/\\\/reveil-info.net\\\/?p=3792\"},\"author\":{\"name\":\"R\u00e9veil info\",\"@id\":\"https:\\\/\\\/reveil-info.net\\\/#\\\/schema\\\/person\\\/ca0cc8e70088e0a2b5e92556c1ee60f5\"},\"headline\":\"B\u00e9nin : des militaires port\u00e9s disparus suite \u00e0 une attaque terroriste\",\"datePublished\":\"2024-07-27T16:55:28+00:00\",\"mainEntityOfPage\":{\"@id\":\"https:\\\/\\\/reveil-info.net\\\/?p=3792\"},\"wordCount\":208,\"commentCount\":0,\"publisher\":{\"@id\":\"https:\\\/\\\/reveil-info.net\\\/#organization\"},\"image\":{\"@id\":\"https:\\\/\\\/reveil-info.net\\\/?p=3792#primaryimage\"},\"thumbnailUrl\":\"https:\\\/\\\/reveil-info.net\\\/wp-content\\\/uploads\\\/2024\\\/07\\\/militaires-beninois-1-750x375-2.jpg\",\"articleSection\":[\"Actualit\u00e9\",\"International\"],\"inLanguage\":\"fr-FR\",\"potentialAction\":[{\"@type\":\"CommentAction\",\"name\":\"Comment\",\"target\":[\"https:\\\/\\\/reveil-info.net\\\/?p=3792#respond\"]}]},{\"@type\":\"WebPage\",\"@id\":\"https:\\\/\\\/reveil-info.net\\\/?p=3792\",\"url\":\"https:\\\/\\\/reveil-info.net\\\/?p=3792\",\"name\":\"B\u00e9nin : des militaires port\u00e9s disparus suite \u00e0 une attaque terroriste - R\u00e9veil Info\",\"isPartOf\":{\"@id\":\"https:\\\/\\\/reveil-info.net\\\/#website\"},\"primaryImageOfPage\":{\"@id\":\"https:\\\/\\\/reveil-info.net\\\/?p=3792#primaryimage\"},\"image\":{\"@id\":\"https:\\\/\\\/reveil-info.net\\\/?p=3792#primaryimage\"},\"thumbnailUrl\":\"https:\\\/\\\/reveil-info.net\\\/wp-content\\\/uploads\\\/2024\\\/07\\\/militaires-beninois-1-750x375-2.jpg\",\"datePublished\":\"2024-07-27T16:55:28+00:00\",\"breadcrumb\":{\"@id\":\"https:\\\/\\\/reveil-info.net\\\/?p=3792#breadcrumb\"},\"inLanguage\":\"fr-FR\",\"potentialAction\":[{\"@type\":\"ReadAction\",\"target\":[\"https:\\\/\\\/reveil-info.net\\\/?p=3792\"]}]},{\"@type\":\"ImageObject\",\"inLanguage\":\"fr-FR\",\"@id\":\"https:\\\/\\\/reveil-info.net\\\/?p=3792#primaryimage\",\"url\":\"https:\\\/\\\/reveil-info.net\\\/wp-content\\\/uploads\\\/2024\\\/07\\\/militaires-beninois-1-750x375-2.jpg\",\"contentUrl\":\"https:\\\/\\\/reveil-info.net\\\/wp-content\\\/uploads\\\/2024\\\/07\\\/militaires-beninois-1-750x375-2.jpg\",\"width\":750,\"height\":375},{\"@type\":\"BreadcrumbList\",\"@id\":\"https:\\\/\\\/reveil-info.net\\\/?p=3792#breadcrumb\",\"itemListElement\":[{\"@type\":\"ListItem\",\"position\":1,\"name\":\"Home\",\"item\":\"https:\\\/\\\/reveil-info.net\\\/\"},{\"@type\":\"ListItem\",\"position\":2,\"name\":\"B\u00e9nin : des militaires port\u00e9s disparus suite \u00e0 une attaque terroriste\"}]},{\"@type\":\"WebSite\",\"@id\":\"https:\\\/\\\/reveil-info.net\\\/#website\",\"url\":\"https:\\\/\\\/reveil-info.net\\\/\",\"name\":\"R\u00e9veil Info\",\"description\":\"Le devoir d&#039;informer!\",\"publisher\":{\"@id\":\"https:\\\/\\\/reveil-info.net\\\/#organization\"},\"potentialAction\":[{\"@type\":\"SearchAction\",\"target\":{\"@type\":\"EntryPoint\",\"urlTemplate\":\"https:\\\/\\\/reveil-info.net\\\/?s={search_term_string}\"},\"query-input\":{\"@type\":\"PropertyValueSpecification\",\"valueRequired\":true,\"valueName\":\"search_term_string\"}}],\"inLanguage\":\"fr-FR\"},{\"@type\":\"Organization\",\"@id\":\"https:\\\/\\\/reveil-info.net\\\/#organization\",\"name\":\"R\u00e9veil Info\",\"url\":\"https:\\\/\\\/reveil-info.net\\\/\",\"logo\":{\"@type\":\"ImageObject\",\"inLanguage\":\"fr-FR\",\"@id\":\"https:\\\/\\\/reveil-info.net\\\/#\\\/schema\\\/logo\\\/image\\\/\",\"url\":\"https:\\\/\\\/reveil-info.net\\\/wp-content\\\/uploads\\\/2024\\\/07\\\/bnddd1.jpg\",\"contentUrl\":\"https:\\\/\\\/reveil-info.net\\\/wp-content\\\/uploads\\\/2024\\\/07\\\/bnddd1.jpg\",\"width\":903,\"height\":125,\"caption\":\"R\u00e9veil Info\"},\"image\":{\"@id\":\"https:\\\/\\\/reveil-info.net\\\/#\\\/schema\\\/logo\\\/image\\\/\"}},{\"@type\":\"Person\",\"@id\":\"https:\\\/\\\/reveil-info.net\\\/#\\\/schema\\\/person\\\/ca0cc8e70088e0a2b5e92556c1ee60f5\",\"name\":\"R\u00e9veil info\",\"image\":{\"@type\":\"ImageObject\",\"inLanguage\":\"fr-FR\",\"@id\":\"https:\\\/\\\/secure.gravatar.com\\\/avatar\\\/e4ad5bb743c8b6cb174d9df6c7d30a8a16f6889731241345fc6444e6485f02af?s=96&d=mm&r=g\",\"url\":\"https:\\\/\\\/secure.gravatar.com\\\/avatar\\\/e4ad5bb743c8b6cb174d9df6c7d30a8a16f6889731241345fc6444e6485f02af?s=96&d=mm&r=g\",\"contentUrl\":\"https:\\\/\\\/secure.gravatar.com\\\/avatar\\\/e4ad5bb743c8b6cb174d9df6c7d30a8a16f6889731241345fc6444e6485f02af?s=96&d=mm&r=g\",\"caption\":\"R\u00e9veil info\"},\"sameAs\":[\"https:\\\/\\\/reveil-info.net\"],\"url\":\"https:\\\/\\\/reveil-info.net\\\/?author=1\"}]}<\/script>\n<!-- \/ Yoast SEO plugin. -->","yoast_head_json":{"title":"B\u00e9nin : des militaires port\u00e9s disparus suite \u00e0 une attaque terroriste - R\u00e9veil Info","robots":{"index":"noindex","follow":"follow","max-snippet":"max-snippet:-1","max-image-preview":"max-image-preview:large","max-video-preview":"max-video-preview:-1"},"og_locale":"fr_FR","og_type":"article","og_title":"B\u00e9nin : des militaires port\u00e9s disparus suite \u00e0 une attaque terroriste - R\u00e9veil Info","og_description":"Nouvelle attaque terroriste survenue dans le nord du B\u00e9nin. L\u2019attaque s\u2019est produite pr\u00e9cis\u00e9ment dans la","og_url":"https:\/\/reveil-info.net\/?p=3792","og_site_name":"R\u00e9veil Info","article_published_time":"2024-07-27T16:55:28+00:00","og_image":[{"width":750,"height":375,"url":"https:\/\/reveil-info.net\/wp-content\/uploads\/2024\/07\/militaires-beninois-1-750x375-2.jpg","type":"image\/jpeg"}],"author":"R\u00e9veil info","twitter_card":"summary_large_image","twitter_misc":{"\u00c9crit par":"R\u00e9veil info","Dur\u00e9e de lecture estim\u00e9e":"2 minutes"},"schema":{"@context":"https:\/\/schema.org","@graph":[{"@type":"Article","@id":"https:\/\/reveil-info.net\/?p=3792#article","isPartOf":{"@id":"https:\/\/reveil-info.net\/?p=3792"},"author":{"name":"R\u00e9veil info","@id":"https:\/\/reveil-info.net\/#\/schema\/person\/ca0cc8e70088e0a2b5e92556c1ee60f5"},"headline":"B\u00e9nin : des militaires port\u00e9s disparus suite \u00e0 une attaque terroriste","datePublished":"2024-07-27T16:55:28+00:00","mainEntityOfPage":{"@id":"https:\/\/reveil-info.net\/?p=3792"},"wordCount":208,"commentCount":0,"publisher":{"@id":"https:\/\/reveil-info.net\/#organization"},"image":{"@id":"https:\/\/reveil-info.net\/?p=3792#primaryimage"},"thumbnailUrl":"https:\/\/reveil-info.net\/wp-content\/uploads\/2024\/07\/militaires-beninois-1-750x375-2.jpg","articleSection":["Actualit\u00e9","International"],"inLanguage":"fr-FR","potentialAction":[{"@type":"CommentAction","name":"Comment","target":["https:\/\/reveil-info.net\/?p=3792#respond"]}]},{"@type":"WebPage","@id":"https:\/\/reveil-info.net\/?p=3792","url":"https:\/\/reveil-info.net\/?p=3792","name":"B\u00e9nin : des militaires port\u00e9s disparus suite \u00e0 une attaque terroriste - R\u00e9veil Info","isPartOf":{"@id":"https:\/\/reveil-info.net\/#website"},"primaryImageOfPage":{"@id":"https:\/\/reveil-info.net\/?p=3792#primaryimage"},"image":{"@id":"https:\/\/reveil-info.net\/?p=3792#primaryimage"},"thumbnailUrl":"https:\/\/reveil-info.net\/wp-content\/uploads\/2024\/07\/militaires-beninois-1-750x375-2.jpg","datePublished":"2024-07-27T16:55:28+00:00","breadcrumb":{"@id":"https:\/\/reveil-info.net\/?p=3792#breadcrumb"},"inLanguage":"fr-FR","potentialAction":[{"@type":"ReadAction","target":["https:\/\/reveil-info.net\/?p=3792"]}]},{"@type":"ImageObject","inLanguage":"fr-FR","@id":"https:\/\/reveil-info.net\/?p=3792#primaryimage","url":"https:\/\/reveil-info.net\/wp-content\/uploads\/2024\/07\/militaires-beninois-1-750x375-2.jpg","contentUrl":"https:\/\/reveil-info.net\/wp-content\/uploads\/2024\/07\/militaires-beninois-1-750x375-2.jpg","width":750,"height":375},{"@type":"BreadcrumbList","@id":"https:\/\/reveil-info.net\/?p=3792#breadcrumb","itemListElement":[{"@type":"ListItem","position":1,"name":"Home","item":"https:\/\/reveil-info.net\/"},{"@type":"ListItem","position":2,"name":"B\u00e9nin : des militaires port\u00e9s disparus suite \u00e0 une attaque terroriste"}]},{"@type":"WebSite","@id":"https:\/\/reveil-info.net\/#website","url":"https:\/\/reveil-info.net\/","name":"R\u00e9veil Info","description":"Le devoir d&#039;informer!","publisher":{"@id":"https:\/\/reveil-info.net\/#organization"},"potentialAction":[{"@type":"SearchAction","target":{"@type":"EntryPoint","urlTemplate":"https:\/\/reveil-info.net\/?s={search_term_string}"},"query-input":{"@type":"PropertyValueSpecification","valueRequired":true,"valueName":"search_term_string"}}],"inLanguage":"fr-FR"},{"@type":"Organization","@id":"https:\/\/reveil-info.net\/#organization","name":"R\u00e9veil Info","url":"https:\/\/reveil-info.net\/","logo":{"@type":"ImageObject","inLanguage":"fr-FR","@id":"https:\/\/reveil-info.net\/#\/schema\/logo\/image\/","url":"https:\/\/reveil-info.net\/wp-content\/uploads\/2024\/07\/bnddd1.jpg","contentUrl":"https:\/\/reveil-info.net\/wp-content\/uploads\/2024\/07\/bnddd1.jpg","width":903,"height":125,"caption":"R\u00e9veil Info"},"image":{"@id":"https:\/\/reveil-info.net\/#\/schema\/logo\/image\/"}},{"@type":"Person","@id":"https:\/\/reveil-info.net\/#\/schema\/person\/ca0cc8e70088e0a2b5e92556c1ee60f5","name":"R\u00e9veil info","image":{"@type":"ImageObject","inLanguage":"fr-FR","@id":"https:\/\/secure.gravatar.com\/avatar\/e4ad5bb743c8b6cb174d9df6c7d30a8a16f6889731241345fc6444e6485f02af?s=96&d=mm&r=g","url":"https:\/\/secure.gravatar.com\/avatar\/e4ad5bb743c8b6cb174d9df6c7d30a8a16f6889731241345fc6444e6485f02af?s=96&d=mm&r=g","contentUrl":"https:\/\/secure.gravatar.com\/avatar\/e4ad5bb743c8b6cb174d9df6c7d30a8a16f6889731241345fc6444e6485f02af?s=96&d=mm&r=g","caption":"R\u00e9veil info"},"sameAs":["https:\/\/reveil-info.net"],"url":"https:\/\/reveil-info.net\/?author=1"}]}},"jetpack_featured_media_url":"https:\/\/reveil-info.net\/wp-content\/uploads\/2024\/07\/militaires-beninois-1-750x375-2.jpg","featured_image_urls":{"full":["https:\/\/reveil-info.net\/wp-content\/uploads\/2024\/07\/militaires-beninois-1-750x375-2.jpg",750,375,false],"thumbnail":["https:\/\/reveil-info.net\/wp-content\/uploads\/2024\/07\/militaires-beninois-1-750x375-2-150x150.jpg",150,150,true],"medium":["https:\/\/reveil-info.net\/wp-content\/uploads\/2024\/07\/militaires-beninois-1-750x375-2-300x150.jpg",300,150,true],"medium_large":["https:\/\/reveil-info.net\/wp-content\/uploads\/2024\/07\/militaires-beninois-1-750x375-2.jpg",640,320,false],"large":["https:\/\/reveil-info.net\/wp-content\/uploads\/2024\/07\/militaires-beninois-1-750x375-2.jpg",640,320,false],"1536x1536":["https:\/\/reveil-info.net\/wp-content\/uploads\/2024\/07\/militaires-beninois-1-750x375-2.jpg",750,375,false],"2048x2048":["https:\/\/reveil-info.net\/wp-content\/uploads\/2024\/07\/militaires-beninois-1-750x375-2.jpg",750,375,false],"chromenews-featured":["https:\/\/reveil-info.net\/wp-content\/uploads\/2024\/07\/militaires-beninois-1-750x375-2.jpg",750,375,false],"chromenews-large":["https:\/\/reveil-info.net\/wp-content\/uploads\/2024\/07\/militaires-beninois-1-750x375-2.jpg",750,375,false],"chromenews-medium":["https:\/\/reveil-info.net\/wp-content\/uploads\/2024\/07\/militaires-beninois-1-750x375-2-590x375.jpg",590,375,true]},"author_info":{"display_name":"R\u00e9veil info","author_link":"https:\/\/reveil-info.net\/?author=1"},"category_info":"<a href=\"https:\/\/reveil-info.net\/?cat=2\" rel=\"category\">Actualit\u00e9<\/a> <a href=\"https:\/\/reveil-info.net\/?cat=8\" rel=\"category\">International<\/a>","tag_info":"International","comment_count":"0","_links":{"self":[{"href":"https:\/\/reveil-info.net\/index.php?rest_route=\/wp\/v2\/posts\/3792","targetHints":{"allow":["GET"]}}],"collection":[{"href":"https:\/\/reveil-info.net\/index.php?rest_route=\/wp\/v2\/posts"}],"about":[{"href":"https:\/\/reveil-info.net\/index.php?rest_route=\/wp\/v2\/types\/post"}],"author":[{"embeddable":true,"href":"https:\/\/reveil-info.net\/index.php?rest_route=\/wp\/v2\/users\/1"}],"replies":[{"embeddable":true,"href":"https:\/\/reveil-info.net\/index.php?rest_route=%2Fwp%2Fv2%2Fcomments&post=3792"}],"version-history":[{"count":5,"href":"https:\/\/reveil-info.net\/index.php?rest_route=\/wp\/v2\/posts\/3792\/revisions"}],"predecessor-version":[{"id":3798,"href":"https:\/\/reveil-info.net\/index.php?rest_route=\/wp\/v2\/posts\/3792\/revisions\/3798"}],"wp:featuredmedia":[{"embeddable":true,"href":"https:\/\/reveil-info.net\/index.php?rest_route=\/wp\/v2\/media\/3797"}],"wp:attachment":[{"href":"https:\/\/reveil-info.net\/index.php?rest_route=%2Fwp%2Fv2%2Fmedia&parent=3792"}],"wp:term":[{"taxonomy":"category","embeddable":true,"href":"https:\/\/reveil-info.net\/index.php?rest_route=%2Fwp%2Fv2%2Fcategories&post=3792"},{"taxonomy":"post_tag","embeddable":true,"href":"https:\/\/reveil-info.net\/index.php?rest_route=%2Fwp%2Fv2%2Ftags&post=3792"}],"curies":[{"name":"wp","href":"https:\/\/api.w.org\/{rel}","templated":true}]}}