{"id":37424,"date":"2025-12-01T09:18:36","date_gmt":"2025-12-01T09:18:36","guid":{"rendered":"https:\/\/reveil-info.net\/?p=37424"},"modified":"2025-12-01T09:18:36","modified_gmt":"2025-12-01T09:18:36","slug":"libre-opinion-burkina-faso-la-lecon-de-bonne-gouvernance-etatique-donnee-par-le-capitaine-ibrahim-traore","status":"publish","type":"post","link":"https:\/\/reveil-info.net\/?p=37424","title":{"rendered":"Libre opinion- Burkina Faso: La le\u00e7on de bonne gouvernance \u00e9tatique donn\u00e9e par le capitaine Ibrahim Traor\u00e9"},"content":{"rendered":"<div class=\"x14z9mp xat24cr x1lziwak x1vvkbs xtlvy1s x126k92a\">\n<div dir=\"auto\">\u00a0<strong>L\u2019on s\u2019est toujours pos\u00e9 la question de savoir comment arriver \u00e0 assurer l\u2019ind\u00e9pendance pleine et enti\u00e8re des \u00c9tats africains francophones sans contracter de dettes lourdes qui plongeraient nos \u00c9tats dans la d\u00e9pendance \u00e9conomique vis-\u00e0-vis de l\u2019imp\u00e9rialisme. L\u2019arriv\u00e9e au pouvoir du Capitaine Ibrahim Traor\u00e9, Chef de l\u2019\u00e9tat et Pr\u00e9sident du Faso nous en donne une r\u00e9ponse magistrale.<\/strong><\/div>\n<\/div>\n<div class=\"x14z9mp xat24cr x1lziwak x1vvkbs xtlvy1s x126k92a\">\n<div dir=\"auto\">En tout \u00e9tat de cause, m\u00eame si nous devons nous accorder que les d\u00e9fis restent grands pour un jeune \u00c9tat comme le Burkina Faso, l\u2019amorce d\u2019une politique de gouvernance ouverte au peuple burkinab\u00e9, dans une logique de reddition de compte empreinte d\u2019honn\u00eatet\u00e9, est la preuve de la consolidation de la confiance entre le peuple du Faso et son leader.<\/div>\n<\/div>\n<div class=\"x14z9mp xat24cr x1lziwak x1vvkbs xtlvy1s x126k92a\">\n<div dir=\"auto\"><strong>La mobilisation de l&rsquo;expertise et des entreprises locales.<\/strong><\/div>\n<\/div>\n<div class=\"x14z9mp xat24cr x1lziwak x1vvkbs xtlvy1s x126k92a\">\n<div dir=\"auto\">La priorit\u00e9 est accord\u00e9e \u00e0 la consommation locale tant au niveau des emplois que des ressources humaines capables de r\u00e9aliser des travaux d\u2019envergure tout en rivalisant avec l\u2019expertise \u00e9trang\u00e8re. Bien que cela participe \u00e0 la valorisation des citoyens burkinab\u00e9, cette politique r\u00e9orient\u00e9e sur l\u2019expertise locale permet d\u2019\u00e9viter les retro-commissions et la corruption \u00e0 grande \u00e9chelle savamment organis\u00e9e pour vider les caisses de l\u2019\u00c9tat. On le voit bien en C\u00f4te d\u2019Ivoire avec une dette qui explose \u00e0 plus de 42 000 milliards de francs CFA. Une telle politique incite les jeunes burkinab\u00e9s de l\u2019ext\u00e9rieur \u00e0 retourner au pays pour y prendre toute leur part dans l\u2019\u00e9dification du Burkina nouveau. C\u2019est ce qu\u2019on appelle \u00abl\u2019argent travaille sans pression ni dette \u00e9touffante\u00bb contrairement \u00e0 ce qui est v\u00e9cu en C\u00f4te d\u2019Ivoire o\u00f9, l\u2019argent travaille au profit des int\u00e9r\u00eats des n\u00e9o et ultra-lib\u00e9raux avec une corruption qui gangr\u00e8ne l\u2019\u00e9conomie et la soci\u00e9t\u00e9 et qui fait le tiers de la dette ivoirienne. Il n\u2019y a pas de gestion opaque dans la gouvernance \u00e9tatique au Burkina Faso. A chaque sortie du Pr\u00e9sident Ibrahim Traor\u00e9 lors des inaugurations en s\u00e9rie, des infrastructures routi\u00e8res et industrielles, la part belle des march\u00e9s est faite aux entrepreneurs burkinab\u00e9, nomm\u00e9ment cit\u00e9s, preuve que le Burkina nouveau est en chantier.<\/div>\n<\/div>\n<div class=\"x14z9mp xat24cr x1lziwak x1vvkbs xtlvy1s x126k92a\">\n<div dir=\"auto\"><strong>Une gestion bas\u00e9e sur les capitaux nationaux.<\/strong><\/div>\n<\/div>\n<div class=\"x14z9mp xat24cr x1lziwak x1vvkbs xtlvy1s x126k92a\">\n<div dir=\"auto\">La gestion des affaires de l\u2019\u00c9tat et les multiples r\u00e9alisations depuis deux ans sont la preuve qu\u2019il n\u2019y a pas d\u2019appel aux capitaux \u00e9trangers pour \u00e9viter d\u2019une part, l\u2019immixtion des imp\u00e9rialistes dans la gouvernance \u00e9tatique du Faso, les retro-commissions et les surfacturations dans une logique de corruption \u00e0 grande \u00e9chelle. D\u2019autre part, la strat\u00e9gie du gouvernement du Faso vise \u00e0 redonner espoir \u00e0 la jeunesse burkinab\u00e9 dans une logique entrepreneuriale en les encourageant et en les pr\u00e9parant \u00e0 l\u2019investissement local afin de sortir de l\u2019informel. Sous l\u2019impulsion du Pr\u00e9sident du Faso, le Capitaine Ibrahim Traor\u00e9, le Burkina nouveau se d\u00e9veloppe en redorant son image de l\u2019int\u00e9rieur non pas avec des dettes colossales, mais avec une gestion r\u00e9aliste bas\u00e9e sur un \u00e9quilibre budg\u00e9taire entre recettes et d\u00e9penses, sans d\u00e9pendance ni emprunts ext\u00e9rieurs \u00e9touffants.<\/div>\n<\/div>\n<div class=\"x14z9mp xat24cr x1lziwak x1vvkbs xtlvy1s x126k92a\">\n<div dir=\"auto\"><strong>Tout le contraire en C\u00f4te d&rsquo;Ivoire<\/strong><\/div>\n<\/div>\n<div class=\"x14z9mp xat24cr x1lziwak x1vvkbs xtlvy1s x126k92a\">\n<div dir=\"auto\">En revanche l\u2019on constate qu\u2019ailleurs, notamment en C\u00f4te d\u2019Ivoire, c&rsquo;est tout le contraire. L&rsquo;\u00c9tat a b\u00e9n\u00e9fici\u00e9 du Programme des pays pauvres tr\u00e8s endett\u00e9s (PPTE) et de son point d\u2019ach\u00e8vement d\u00e8s 2010. Ce qui signifie que d\u00e8s sa prise du pouvoir en avril 2011, monsieur Ouattara se trouvant dans une stabilit\u00e9 \u00e9conomique, n\u2019avait nullement de raison \u00e0 contracter une dette de plus de 42 000 milliards de francs, si l\u2019id\u00e9e n\u2019\u00e9tait pas de satisfaire ses bailleurs imp\u00e9rialistes avec des march\u00e9s exorbitants greff\u00e9s de surfacturations abondantes. Au lieu que son arriv\u00e9e au pouvoir suscite un espoir r\u00e9el, ce fut le contraire car l\u2019apr\u00e8s-Ouattara suscite des interrogations pour qui va payer la dette si l\u2019on n\u2019arr\u00eate pas d\u00e8s maintenant l\u2019h\u00e9morragie pr\u00e9judiciable aux g\u00e9n\u00e9rations \u00e0 venir.<\/div>\n<div dir=\"auto\"><\/div>\n<div dir=\"auto\"><strong>Par Jean-Claude De Boyanne<\/strong><\/div>\n<div dir=\"auto\"><strong>Abidjan<\/strong><\/div>\n<div dir=\"auto\"><\/div>\n<\/div>\n","protected":false},"excerpt":{"rendered":"<p>\u00a0L\u2019on s\u2019est toujours pos\u00e9 la question de savoir comment arriver \u00e0 assurer l\u2019ind\u00e9pendance pleine et<\/p>\n","protected":false},"author":1,"featured_media":37429,"comment_status":"open","ping_status":"open","sticky":false,"template":"","format":"standard","meta":{"footnotes":""},"categories":[2,11],"tags":[],"class_list":["post-37424","post","type-post","status-publish","format-standard","has-post-thumbnail","hentry","category-actu","category-libre-opinion"],"yoast_head":"<!-- This site is optimized with the Yoast SEO plugin v27.5 - https:\/\/yoast.com\/product\/yoast-seo-wordpress\/ -->\n<title>Libre opinion- Burkina Faso: La le\u00e7on de bonne gouvernance \u00e9tatique donn\u00e9e par le capitaine Ibrahim Traor\u00e9 - R\u00e9veil Info<\/title>\n<meta name=\"robots\" content=\"noindex, follow, max-snippet:-1, max-image-preview:large, max-video-preview:-1\" \/>\n<meta property=\"og:locale\" content=\"fr_FR\" \/>\n<meta property=\"og:type\" content=\"article\" \/>\n<meta property=\"og:title\" content=\"Libre opinion- Burkina Faso: La le\u00e7on de bonne gouvernance \u00e9tatique donn\u00e9e par le capitaine Ibrahim Traor\u00e9 - R\u00e9veil Info\" \/>\n<meta property=\"og:description\" content=\"\u00a0L\u2019on s\u2019est toujours pos\u00e9 la question de savoir comment arriver \u00e0 assurer l\u2019ind\u00e9pendance pleine et\" \/>\n<meta property=\"og:url\" content=\"https:\/\/reveil-info.net\/?p=37424\" \/>\n<meta property=\"og:site_name\" content=\"R\u00e9veil Info\" \/>\n<meta property=\"article:published_time\" content=\"2025-12-01T09:18:36+00:00\" \/>\n<meta property=\"og:image\" content=\"https:\/\/reveil-info.net\/wp-content\/uploads\/2025\/12\/591912779_1383987643099062_1260151095986000767_n.jpg\" \/>\n\t<meta property=\"og:image:width\" content=\"552\" \/>\n\t<meta property=\"og:image:height\" content=\"520\" \/>\n\t<meta property=\"og:image:type\" content=\"image\/jpeg\" \/>\n<meta name=\"author\" content=\"R\u00e9veil info\" \/>\n<meta name=\"twitter:card\" content=\"summary_large_image\" \/>\n<meta name=\"twitter:label1\" content=\"\u00c9crit par\" \/>\n\t<meta name=\"twitter:data1\" content=\"R\u00e9veil info\" \/>\n\t<meta name=\"twitter:label2\" content=\"Dur\u00e9e de lecture estim\u00e9e\" \/>\n\t<meta name=\"twitter:data2\" content=\"4 minutes\" \/>\n<script type=\"application\/ld+json\" class=\"yoast-schema-graph\">{\"@context\":\"https:\\\/\\\/schema.org\",\"@graph\":[{\"@type\":\"Article\",\"@id\":\"https:\\\/\\\/reveil-info.net\\\/?p=37424#article\",\"isPartOf\":{\"@id\":\"https:\\\/\\\/reveil-info.net\\\/?p=37424\"},\"author\":{\"name\":\"R\u00e9veil info\",\"@id\":\"https:\\\/\\\/reveil-info.net\\\/#\\\/schema\\\/person\\\/ca0cc8e70088e0a2b5e92556c1ee60f5\"},\"headline\":\"Libre opinion- Burkina Faso: La le\u00e7on de bonne gouvernance \u00e9tatique donn\u00e9e par le capitaine Ibrahim Traor\u00e9\",\"datePublished\":\"2025-12-01T09:18:36+00:00\",\"mainEntityOfPage\":{\"@id\":\"https:\\\/\\\/reveil-info.net\\\/?p=37424\"},\"wordCount\":722,\"commentCount\":0,\"publisher\":{\"@id\":\"https:\\\/\\\/reveil-info.net\\\/#organization\"},\"image\":{\"@id\":\"https:\\\/\\\/reveil-info.net\\\/?p=37424#primaryimage\"},\"thumbnailUrl\":\"https:\\\/\\\/reveil-info.net\\\/wp-content\\\/uploads\\\/2025\\\/12\\\/591912779_1383987643099062_1260151095986000767_n.jpg\",\"articleSection\":[\"Actualit\u00e9\",\"Libre Opinion\"],\"inLanguage\":\"fr-FR\",\"potentialAction\":[{\"@type\":\"CommentAction\",\"name\":\"Comment\",\"target\":[\"https:\\\/\\\/reveil-info.net\\\/?p=37424#respond\"]}]},{\"@type\":\"WebPage\",\"@id\":\"https:\\\/\\\/reveil-info.net\\\/?p=37424\",\"url\":\"https:\\\/\\\/reveil-info.net\\\/?p=37424\",\"name\":\"Libre opinion- Burkina Faso: La le\u00e7on de bonne gouvernance \u00e9tatique donn\u00e9e par le capitaine Ibrahim Traor\u00e9 - R\u00e9veil Info\",\"isPartOf\":{\"@id\":\"https:\\\/\\\/reveil-info.net\\\/#website\"},\"primaryImageOfPage\":{\"@id\":\"https:\\\/\\\/reveil-info.net\\\/?p=37424#primaryimage\"},\"image\":{\"@id\":\"https:\\\/\\\/reveil-info.net\\\/?p=37424#primaryimage\"},\"thumbnailUrl\":\"https:\\\/\\\/reveil-info.net\\\/wp-content\\\/uploads\\\/2025\\\/12\\\/591912779_1383987643099062_1260151095986000767_n.jpg\",\"datePublished\":\"2025-12-01T09:18:36+00:00\",\"breadcrumb\":{\"@id\":\"https:\\\/\\\/reveil-info.net\\\/?p=37424#breadcrumb\"},\"inLanguage\":\"fr-FR\",\"potentialAction\":[{\"@type\":\"ReadAction\",\"target\":[\"https:\\\/\\\/reveil-info.net\\\/?p=37424\"]}]},{\"@type\":\"ImageObject\",\"inLanguage\":\"fr-FR\",\"@id\":\"https:\\\/\\\/reveil-info.net\\\/?p=37424#primaryimage\",\"url\":\"https:\\\/\\\/reveil-info.net\\\/wp-content\\\/uploads\\\/2025\\\/12\\\/591912779_1383987643099062_1260151095986000767_n.jpg\",\"contentUrl\":\"https:\\\/\\\/reveil-info.net\\\/wp-content\\\/uploads\\\/2025\\\/12\\\/591912779_1383987643099062_1260151095986000767_n.jpg\",\"width\":552,\"height\":520},{\"@type\":\"BreadcrumbList\",\"@id\":\"https:\\\/\\\/reveil-info.net\\\/?p=37424#breadcrumb\",\"itemListElement\":[{\"@type\":\"ListItem\",\"position\":1,\"name\":\"Home\",\"item\":\"https:\\\/\\\/reveil-info.net\\\/\"},{\"@type\":\"ListItem\",\"position\":2,\"name\":\"Libre opinion- Burkina Faso: La le\u00e7on de bonne gouvernance \u00e9tatique donn\u00e9e par le capitaine Ibrahim Traor\u00e9\"}]},{\"@type\":\"WebSite\",\"@id\":\"https:\\\/\\\/reveil-info.net\\\/#website\",\"url\":\"https:\\\/\\\/reveil-info.net\\\/\",\"name\":\"R\u00e9veil Info\",\"description\":\"Le devoir d&#039;informer!\",\"publisher\":{\"@id\":\"https:\\\/\\\/reveil-info.net\\\/#organization\"},\"potentialAction\":[{\"@type\":\"SearchAction\",\"target\":{\"@type\":\"EntryPoint\",\"urlTemplate\":\"https:\\\/\\\/reveil-info.net\\\/?s={search_term_string}\"},\"query-input\":{\"@type\":\"PropertyValueSpecification\",\"valueRequired\":true,\"valueName\":\"search_term_string\"}}],\"inLanguage\":\"fr-FR\"},{\"@type\":\"Organization\",\"@id\":\"https:\\\/\\\/reveil-info.net\\\/#organization\",\"name\":\"R\u00e9veil Info\",\"url\":\"https:\\\/\\\/reveil-info.net\\\/\",\"logo\":{\"@type\":\"ImageObject\",\"inLanguage\":\"fr-FR\",\"@id\":\"https:\\\/\\\/reveil-info.net\\\/#\\\/schema\\\/logo\\\/image\\\/\",\"url\":\"https:\\\/\\\/reveil-info.net\\\/wp-content\\\/uploads\\\/2024\\\/07\\\/bnddd1.jpg\",\"contentUrl\":\"https:\\\/\\\/reveil-info.net\\\/wp-content\\\/uploads\\\/2024\\\/07\\\/bnddd1.jpg\",\"width\":903,\"height\":125,\"caption\":\"R\u00e9veil Info\"},\"image\":{\"@id\":\"https:\\\/\\\/reveil-info.net\\\/#\\\/schema\\\/logo\\\/image\\\/\"}},{\"@type\":\"Person\",\"@id\":\"https:\\\/\\\/reveil-info.net\\\/#\\\/schema\\\/person\\\/ca0cc8e70088e0a2b5e92556c1ee60f5\",\"name\":\"R\u00e9veil info\",\"image\":{\"@type\":\"ImageObject\",\"inLanguage\":\"fr-FR\",\"@id\":\"https:\\\/\\\/secure.gravatar.com\\\/avatar\\\/e4ad5bb743c8b6cb174d9df6c7d30a8a16f6889731241345fc6444e6485f02af?s=96&d=mm&r=g\",\"url\":\"https:\\\/\\\/secure.gravatar.com\\\/avatar\\\/e4ad5bb743c8b6cb174d9df6c7d30a8a16f6889731241345fc6444e6485f02af?s=96&d=mm&r=g\",\"contentUrl\":\"https:\\\/\\\/secure.gravatar.com\\\/avatar\\\/e4ad5bb743c8b6cb174d9df6c7d30a8a16f6889731241345fc6444e6485f02af?s=96&d=mm&r=g\",\"caption\":\"R\u00e9veil info\"},\"sameAs\":[\"https:\\\/\\\/reveil-info.net\"],\"url\":\"https:\\\/\\\/reveil-info.net\\\/?author=1\"}]}<\/script>\n<!-- \/ Yoast SEO plugin. -->","yoast_head_json":{"title":"Libre opinion- Burkina Faso: La le\u00e7on de bonne gouvernance \u00e9tatique donn\u00e9e par le capitaine Ibrahim Traor\u00e9 - R\u00e9veil Info","robots":{"index":"noindex","follow":"follow","max-snippet":"max-snippet:-1","max-image-preview":"max-image-preview:large","max-video-preview":"max-video-preview:-1"},"og_locale":"fr_FR","og_type":"article","og_title":"Libre opinion- Burkina Faso: La le\u00e7on de bonne gouvernance \u00e9tatique donn\u00e9e par le capitaine Ibrahim Traor\u00e9 - R\u00e9veil Info","og_description":"\u00a0L\u2019on s\u2019est toujours pos\u00e9 la question de savoir comment arriver \u00e0 assurer l\u2019ind\u00e9pendance pleine et","og_url":"https:\/\/reveil-info.net\/?p=37424","og_site_name":"R\u00e9veil Info","article_published_time":"2025-12-01T09:18:36+00:00","og_image":[{"width":552,"height":520,"url":"https:\/\/reveil-info.net\/wp-content\/uploads\/2025\/12\/591912779_1383987643099062_1260151095986000767_n.jpg","type":"image\/jpeg"}],"author":"R\u00e9veil info","twitter_card":"summary_large_image","twitter_misc":{"\u00c9crit par":"R\u00e9veil info","Dur\u00e9e de lecture estim\u00e9e":"4 minutes"},"schema":{"@context":"https:\/\/schema.org","@graph":[{"@type":"Article","@id":"https:\/\/reveil-info.net\/?p=37424#article","isPartOf":{"@id":"https:\/\/reveil-info.net\/?p=37424"},"author":{"name":"R\u00e9veil info","@id":"https:\/\/reveil-info.net\/#\/schema\/person\/ca0cc8e70088e0a2b5e92556c1ee60f5"},"headline":"Libre opinion- Burkina Faso: La le\u00e7on de bonne gouvernance \u00e9tatique donn\u00e9e par le capitaine Ibrahim Traor\u00e9","datePublished":"2025-12-01T09:18:36+00:00","mainEntityOfPage":{"@id":"https:\/\/reveil-info.net\/?p=37424"},"wordCount":722,"commentCount":0,"publisher":{"@id":"https:\/\/reveil-info.net\/#organization"},"image":{"@id":"https:\/\/reveil-info.net\/?p=37424#primaryimage"},"thumbnailUrl":"https:\/\/reveil-info.net\/wp-content\/uploads\/2025\/12\/591912779_1383987643099062_1260151095986000767_n.jpg","articleSection":["Actualit\u00e9","Libre Opinion"],"inLanguage":"fr-FR","potentialAction":[{"@type":"CommentAction","name":"Comment","target":["https:\/\/reveil-info.net\/?p=37424#respond"]}]},{"@type":"WebPage","@id":"https:\/\/reveil-info.net\/?p=37424","url":"https:\/\/reveil-info.net\/?p=37424","name":"Libre opinion- Burkina Faso: La le\u00e7on de bonne gouvernance \u00e9tatique donn\u00e9e par le capitaine Ibrahim Traor\u00e9 - R\u00e9veil Info","isPartOf":{"@id":"https:\/\/reveil-info.net\/#website"},"primaryImageOfPage":{"@id":"https:\/\/reveil-info.net\/?p=37424#primaryimage"},"image":{"@id":"https:\/\/reveil-info.net\/?p=37424#primaryimage"},"thumbnailUrl":"https:\/\/reveil-info.net\/wp-content\/uploads\/2025\/12\/591912779_1383987643099062_1260151095986000767_n.jpg","datePublished":"2025-12-01T09:18:36+00:00","breadcrumb":{"@id":"https:\/\/reveil-info.net\/?p=37424#breadcrumb"},"inLanguage":"fr-FR","potentialAction":[{"@type":"ReadAction","target":["https:\/\/reveil-info.net\/?p=37424"]}]},{"@type":"ImageObject","inLanguage":"fr-FR","@id":"https:\/\/reveil-info.net\/?p=37424#primaryimage","url":"https:\/\/reveil-info.net\/wp-content\/uploads\/2025\/12\/591912779_1383987643099062_1260151095986000767_n.jpg","contentUrl":"https:\/\/reveil-info.net\/wp-content\/uploads\/2025\/12\/591912779_1383987643099062_1260151095986000767_n.jpg","width":552,"height":520},{"@type":"BreadcrumbList","@id":"https:\/\/reveil-info.net\/?p=37424#breadcrumb","itemListElement":[{"@type":"ListItem","position":1,"name":"Home","item":"https:\/\/reveil-info.net\/"},{"@type":"ListItem","position":2,"name":"Libre opinion- Burkina Faso: La le\u00e7on de bonne gouvernance \u00e9tatique donn\u00e9e par le capitaine Ibrahim Traor\u00e9"}]},{"@type":"WebSite","@id":"https:\/\/reveil-info.net\/#website","url":"https:\/\/reveil-info.net\/","name":"R\u00e9veil Info","description":"Le devoir d&#039;informer!","publisher":{"@id":"https:\/\/reveil-info.net\/#organization"},"potentialAction":[{"@type":"SearchAction","target":{"@type":"EntryPoint","urlTemplate":"https:\/\/reveil-info.net\/?s={search_term_string}"},"query-input":{"@type":"PropertyValueSpecification","valueRequired":true,"valueName":"search_term_string"}}],"inLanguage":"fr-FR"},{"@type":"Organization","@id":"https:\/\/reveil-info.net\/#organization","name":"R\u00e9veil Info","url":"https:\/\/reveil-info.net\/","logo":{"@type":"ImageObject","inLanguage":"fr-FR","@id":"https:\/\/reveil-info.net\/#\/schema\/logo\/image\/","url":"https:\/\/reveil-info.net\/wp-content\/uploads\/2024\/07\/bnddd1.jpg","contentUrl":"https:\/\/reveil-info.net\/wp-content\/uploads\/2024\/07\/bnddd1.jpg","width":903,"height":125,"caption":"R\u00e9veil Info"},"image":{"@id":"https:\/\/reveil-info.net\/#\/schema\/logo\/image\/"}},{"@type":"Person","@id":"https:\/\/reveil-info.net\/#\/schema\/person\/ca0cc8e70088e0a2b5e92556c1ee60f5","name":"R\u00e9veil info","image":{"@type":"ImageObject","inLanguage":"fr-FR","@id":"https:\/\/secure.gravatar.com\/avatar\/e4ad5bb743c8b6cb174d9df6c7d30a8a16f6889731241345fc6444e6485f02af?s=96&d=mm&r=g","url":"https:\/\/secure.gravatar.com\/avatar\/e4ad5bb743c8b6cb174d9df6c7d30a8a16f6889731241345fc6444e6485f02af?s=96&d=mm&r=g","contentUrl":"https:\/\/secure.gravatar.com\/avatar\/e4ad5bb743c8b6cb174d9df6c7d30a8a16f6889731241345fc6444e6485f02af?s=96&d=mm&r=g","caption":"R\u00e9veil info"},"sameAs":["https:\/\/reveil-info.net"],"url":"https:\/\/reveil-info.net\/?author=1"}]}},"jetpack_featured_media_url":"https:\/\/reveil-info.net\/wp-content\/uploads\/2025\/12\/591912779_1383987643099062_1260151095986000767_n.jpg","featured_image_urls":{"full":["https:\/\/reveil-info.net\/wp-content\/uploads\/2025\/12\/591912779_1383987643099062_1260151095986000767_n.jpg",552,520,false],"thumbnail":["https:\/\/reveil-info.net\/wp-content\/uploads\/2025\/12\/591912779_1383987643099062_1260151095986000767_n-150x150.jpg",150,150,true],"medium":["https:\/\/reveil-info.net\/wp-content\/uploads\/2025\/12\/591912779_1383987643099062_1260151095986000767_n-300x283.jpg",300,283,true],"medium_large":["https:\/\/reveil-info.net\/wp-content\/uploads\/2025\/12\/591912779_1383987643099062_1260151095986000767_n.jpg",552,520,false],"large":["https:\/\/reveil-info.net\/wp-content\/uploads\/2025\/12\/591912779_1383987643099062_1260151095986000767_n.jpg",552,520,false],"1536x1536":["https:\/\/reveil-info.net\/wp-content\/uploads\/2025\/12\/591912779_1383987643099062_1260151095986000767_n.jpg",552,520,false],"2048x2048":["https:\/\/reveil-info.net\/wp-content\/uploads\/2025\/12\/591912779_1383987643099062_1260151095986000767_n.jpg",552,520,false],"chromenews-featured":["https:\/\/reveil-info.net\/wp-content\/uploads\/2025\/12\/591912779_1383987643099062_1260151095986000767_n.jpg",552,520,false],"chromenews-large":["https:\/\/reveil-info.net\/wp-content\/uploads\/2025\/12\/591912779_1383987643099062_1260151095986000767_n.jpg",552,520,false],"chromenews-medium":["https:\/\/reveil-info.net\/wp-content\/uploads\/2025\/12\/591912779_1383987643099062_1260151095986000767_n-552x410.jpg",552,410,true]},"author_info":{"display_name":"R\u00e9veil info","author_link":"https:\/\/reveil-info.net\/?author=1"},"category_info":"<a href=\"https:\/\/reveil-info.net\/?cat=2\" rel=\"category\">Actualit\u00e9<\/a> <a href=\"https:\/\/reveil-info.net\/?cat=11\" rel=\"category\">Libre Opinion<\/a>","tag_info":"Libre Opinion","comment_count":"0","_links":{"self":[{"href":"https:\/\/reveil-info.net\/index.php?rest_route=\/wp\/v2\/posts\/37424","targetHints":{"allow":["GET"]}}],"collection":[{"href":"https:\/\/reveil-info.net\/index.php?rest_route=\/wp\/v2\/posts"}],"about":[{"href":"https:\/\/reveil-info.net\/index.php?rest_route=\/wp\/v2\/types\/post"}],"author":[{"embeddable":true,"href":"https:\/\/reveil-info.net\/index.php?rest_route=\/wp\/v2\/users\/1"}],"replies":[{"embeddable":true,"href":"https:\/\/reveil-info.net\/index.php?rest_route=%2Fwp%2Fv2%2Fcomments&post=37424"}],"version-history":[{"count":6,"href":"https:\/\/reveil-info.net\/index.php?rest_route=\/wp\/v2\/posts\/37424\/revisions"}],"predecessor-version":[{"id":37431,"href":"https:\/\/reveil-info.net\/index.php?rest_route=\/wp\/v2\/posts\/37424\/revisions\/37431"}],"wp:featuredmedia":[{"embeddable":true,"href":"https:\/\/reveil-info.net\/index.php?rest_route=\/wp\/v2\/media\/37429"}],"wp:attachment":[{"href":"https:\/\/reveil-info.net\/index.php?rest_route=%2Fwp%2Fv2%2Fmedia&parent=37424"}],"wp:term":[{"taxonomy":"category","embeddable":true,"href":"https:\/\/reveil-info.net\/index.php?rest_route=%2Fwp%2Fv2%2Fcategories&post=37424"},{"taxonomy":"post_tag","embeddable":true,"href":"https:\/\/reveil-info.net\/index.php?rest_route=%2Fwp%2Fv2%2Ftags&post=37424"}],"curies":[{"name":"wp","href":"https:\/\/api.w.org\/{rel}","templated":true}]}}