{"id":37233,"date":"2025-11-29T12:40:34","date_gmt":"2025-11-29T12:40:34","guid":{"rendered":"https:\/\/reveil-info.net\/?p=37233"},"modified":"2025-11-29T12:40:34","modified_gmt":"2025-11-29T12:40:34","slug":"burkina-faso-commemoration-des-30-ans-de-la-police-municipale-le-general-de-brigade-celestin-simpore-lance-officiellement-les-activites","status":"publish","type":"post","link":"https:\/\/reveil-info.net\/?p=37233","title":{"rendered":"Burkina Faso-comm\u00e9moration des 30 ans de la Police Municipale\u00a0: Le g\u00e9n\u00e9ral de Brigade C\u00e9lestin Simpor\u00e9 lance officiellement les activit\u00e9s \u00a0\u00a0"},"content":{"rendered":"<p><strong>Le G\u00e9n\u00e9ral de brigade C\u00e9lestin Simpor\u00e9 a proc\u00e9d\u00e9 au lancement des activit\u00e9s de la comm\u00e9moration des trente ans d\u2019existence de la Police Municipal dans la matin\u00e9e du vendredi 28 novembre 2025 \u00e0 Ouagadougou. \u00a0Plac\u00e9e sous le th\u00e8me g\u00e9n\u00e9ral\u00a0:\u00a0\u00ab\u00a0<em>Police Municipale, trente (30) ans au service des populations\u00a0: Bilan, D\u00e9fis et Perspectives<\/em>\u00a0\u00bb, elle se tiendra du 28 novembre au 13 d\u00e9cembre 2025 avec au programme plusieurs activit\u00e9s.<\/strong><\/p>\n<p><img loading=\"lazy\" decoding=\"async\" class=\"alignnone size-full wp-image-37243\" src=\"https:\/\/reveil-info.net\/wp-content\/uploads\/2025\/11\/WhatsApp-Image-2025-11-28-a-15.21.39_02ba0116.jpg\" alt=\"\" width=\"1080\" height=\"809\" srcset=\"https:\/\/reveil-info.net\/wp-content\/uploads\/2025\/11\/WhatsApp-Image-2025-11-28-a-15.21.39_02ba0116.jpg 1080w, https:\/\/reveil-info.net\/wp-content\/uploads\/2025\/11\/WhatsApp-Image-2025-11-28-a-15.21.39_02ba0116-300x225.jpg 300w, https:\/\/reveil-info.net\/wp-content\/uploads\/2025\/11\/WhatsApp-Image-2025-11-28-a-15.21.39_02ba0116-1024x767.jpg 1024w, https:\/\/reveil-info.net\/wp-content\/uploads\/2025\/11\/WhatsApp-Image-2025-11-28-a-15.21.39_02ba0116-768x575.jpg 768w\" sizes=\"auto, (max-width: 1080px) 100vw, 1080px\" \/><\/p>\n<p><img loading=\"lazy\" decoding=\"async\" class=\"alignnone size-full wp-image-37238\" src=\"https:\/\/reveil-info.net\/wp-content\/uploads\/2025\/11\/POLIVZ.jpg\" alt=\"\" width=\"1080\" height=\"809\" srcset=\"https:\/\/reveil-info.net\/wp-content\/uploads\/2025\/11\/POLIVZ.jpg 1080w, https:\/\/reveil-info.net\/wp-content\/uploads\/2025\/11\/POLIVZ-300x225.jpg 300w, https:\/\/reveil-info.net\/wp-content\/uploads\/2025\/11\/POLIVZ-1024x767.jpg 1024w, https:\/\/reveil-info.net\/wp-content\/uploads\/2025\/11\/POLIVZ-768x575.jpg 768w\" sizes=\"auto, (max-width: 1080px) 100vw, 1080px\" \/><\/p>\n<p>Le G\u00e9n\u00e9ral dans sa d\u00e9claration, a fait savoir que la Police Municipale a \u00e9t\u00e9 cr\u00e9\u00e9 il y a de cela trois d\u00e9cennies et qui r\u00e9pondait \u00e0 une exigence : celle de rapprocher davantage l\u2019action publique des citoyens. Pour lui, la Police Municipale a constitu\u00e9 l\u2019un des instruments les plus tangibles de la d\u00e9centralisation, permettant aux communes d\u2019assumer une part active dans la gestion d\u2019une s\u00e9curit\u00e9 de proximit\u00e9 et l\u2019assainissement du cadre de vie urbain.<\/p>\n<p>Il a fait remarquer qu\u2019\u00e0 travers le travail quotidien, la Police Municipale incarne la pr\u00e9sence de l\u2019autorit\u00e9 publique au plus pr\u00e8s des populations. Elle participe \u00e0 la r\u00e9gulation de la vie locale, \u00e0 la lutte contre l\u2019incivisme et \u00e0 la pr\u00e9servation de la tranquillit\u00e9 des citoyens. C\u2019est pour cela, selon lui, rendre un hommage aux pionniers et aux g\u00e9n\u00e9rations successives d\u2019autorit\u00e9s et d\u2019agents municipaux qui souvent dans l\u2019ombre, ont b\u00e2ti dans la rigueur cette institution devenue un maillon essentiel de la gouvernance locale.<\/p>\n<p><img loading=\"lazy\" decoding=\"async\" class=\"alignnone size-full wp-image-37239\" src=\"https:\/\/reveil-info.net\/wp-content\/uploads\/2025\/11\/WhatsApp-Image-2025-11-28-a-15.21.40_8b481b85.jpg\" alt=\"\" width=\"1080\" height=\"809\" srcset=\"https:\/\/reveil-info.net\/wp-content\/uploads\/2025\/11\/WhatsApp-Image-2025-11-28-a-15.21.40_8b481b85.jpg 1080w, https:\/\/reveil-info.net\/wp-content\/uploads\/2025\/11\/WhatsApp-Image-2025-11-28-a-15.21.40_8b481b85-300x225.jpg 300w, https:\/\/reveil-info.net\/wp-content\/uploads\/2025\/11\/WhatsApp-Image-2025-11-28-a-15.21.40_8b481b85-1024x767.jpg 1024w, https:\/\/reveil-info.net\/wp-content\/uploads\/2025\/11\/WhatsApp-Image-2025-11-28-a-15.21.40_8b481b85-768x575.jpg 768w\" sizes=\"auto, (max-width: 1080px) 100vw, 1080px\" \/><\/p>\n<p>Il a ajout\u00e9 que le gouvernement, \u00e0 travers son d\u00e9partement, demeure pleinement engag\u00e9 \u00e0 accompagner les communes du Burkina, dans la consolidation des acquis et le d\u00e9veloppement des polices municipales. La redynamisation des missions et attribution de la Police Municipale \u00e0 travers l\u2019acquisition de la qualit\u00e9 d\u2019Officier et d\u2019Agents de Police Judiciaire le 12 juin 2025, par la r\u00e9cente relecture du code de Proc\u00e9dure P\u00e9nale adopt\u00e9 par l\u2019Assembl\u00e9e L\u00e9gislative de Transition, laquelle qualit\u00e9 s\u2019exerce dans le cadre de ses missions sp\u00e9cifique, sous le contr\u00f4le du Procureur du Faso.<\/p>\n<p>Cet engagement continu du gouvernement se traduira par plusieurs axes prioritaires : La professionnalisation continu des agents \u00e0 travers des formations adapt\u00e9es aux nouveaux enjeux urbains, le renforcement des capacit\u00e9s institutionnelles \u00e0 travers notamment la relecture des textes r\u00e9gissant la Police Municipale, le renforcement des capacit\u00e9s mat\u00e9rielles et logistiques des unit\u00e9s.<\/p>\n<p>\u00c9galement, la coordination renforc\u00e9e entre les polices municipales, la Police et la Gendarmerie nationale et les structures communautaires locale de s\u00e9curit\u00e9, la promotion de l\u2019\u00e9thique, de la discipline et du respect des droits humains dans l\u2019exercice de leurs fonctions.<\/p>\n<p>Ces r\u00e9formes qui vont se poursuivre s\u2019inscrivent selon le g\u00e9n\u00e9ral Simpor\u00e9 dans la dynamique globale de modernisation de la gouvernance locale, port\u00e9e par son excellence le Capitaine Ibrahim Traor\u00e9.<\/p>\n<p>Elles traduisent aussi, la volont\u00e9 du gouvernement de b\u00e2tir des collectivit\u00e9s territoriales fortes, responsables et s\u00e9curis\u00e9es, capable de r\u00e9pondre efficacement aux attentes des populations.<\/p>\n<p>Pour C\u00e9lestin Simpor\u00e9, la s\u00e9curit\u00e9 urbaine ne se r\u00e9duit pas essentiellement \u00e0 la r\u00e9pression, elle est avant tout un \u00e9difice collectif fond\u00e9e sur la pr\u00e9vention, la sensibilisation et la participation citoyenne.<\/p>\n<p>C\u2019est pourquoi il a encourag\u00e9 la Police Municipale \u00e0 approfondir ses liens avec les comit\u00e9s de quartier, les organisations des jeunes, les associations de femmes, les autorit\u00e9s coutumi\u00e8res et religieuses ainsi que les diff\u00e9rentes composantes de la vie locale. <em>\u00ab\u00a0Que ce 30<sup>e<\/sup> anniversaire soit, non pas seulement une comm\u00e9moration, mais un engagement renouvel\u00e9 en faveur d\u2019une Police Municipale encore plus moderne, plus \u00e9thique et plus proche de la population\u00a0\u00bb<\/em> a-t-il conclu.<\/p>\n<p><strong>Par Alice Ou\u00e9draogo\u00a0<\/strong><\/p>\n<p><strong>Reveil-info<\/strong><\/p>\n","protected":false},"excerpt":{"rendered":"<p>Le G\u00e9n\u00e9ral de brigade C\u00e9lestin Simpor\u00e9 a proc\u00e9d\u00e9 au lancement des activit\u00e9s de la comm\u00e9moration<\/p>\n","protected":false},"author":1,"featured_media":37241,"comment_status":"open","ping_status":"open","sticky":false,"template":"","format":"standard","meta":{"footnotes":""},"categories":[2,16],"tags":[],"class_list":["post-37233","post","type-post","status-publish","format-standard","has-post-thumbnail","hentry","category-actu","category-societe"],"yoast_head":"<!-- This site is optimized with the Yoast SEO plugin v27.5 - https:\/\/yoast.com\/product\/yoast-seo-wordpress\/ -->\n<title>Burkina Faso-comm\u00e9moration des 30 ans de la Police Municipale\u00a0: Le g\u00e9n\u00e9ral de Brigade C\u00e9lestin Simpor\u00e9 lance officiellement les activit\u00e9s \u00a0\u00a0 - R\u00e9veil Info<\/title>\n<meta name=\"robots\" content=\"noindex, follow, max-snippet:-1, max-image-preview:large, max-video-preview:-1\" \/>\n<meta property=\"og:locale\" content=\"fr_FR\" \/>\n<meta property=\"og:type\" content=\"article\" \/>\n<meta property=\"og:title\" content=\"Burkina Faso-comm\u00e9moration des 30 ans de la Police Municipale\u00a0: Le g\u00e9n\u00e9ral de Brigade C\u00e9lestin Simpor\u00e9 lance officiellement les activit\u00e9s \u00a0\u00a0 - R\u00e9veil Info\" \/>\n<meta property=\"og:description\" content=\"Le G\u00e9n\u00e9ral de brigade C\u00e9lestin Simpor\u00e9 a proc\u00e9d\u00e9 au lancement des activit\u00e9s de la comm\u00e9moration\" \/>\n<meta property=\"og:url\" content=\"https:\/\/reveil-info.net\/?p=37233\" \/>\n<meta property=\"og:site_name\" content=\"R\u00e9veil Info\" \/>\n<meta property=\"article:published_time\" content=\"2025-11-29T12:40:34+00:00\" \/>\n<meta property=\"og:image\" content=\"https:\/\/reveil-info.net\/wp-content\/uploads\/2025\/11\/WhatsApp-Image-2025-11-28-a-15.21.39_5d46450b.jpg\" \/>\n\t<meta property=\"og:image:width\" content=\"1080\" \/>\n\t<meta property=\"og:image:height\" content=\"809\" \/>\n\t<meta property=\"og:image:type\" content=\"image\/jpeg\" \/>\n<meta name=\"author\" content=\"R\u00e9veil info\" \/>\n<meta name=\"twitter:card\" content=\"summary_large_image\" \/>\n<meta name=\"twitter:label1\" content=\"\u00c9crit par\" \/>\n\t<meta name=\"twitter:data1\" content=\"R\u00e9veil info\" \/>\n\t<meta name=\"twitter:label2\" content=\"Dur\u00e9e de lecture estim\u00e9e\" \/>\n\t<meta name=\"twitter:data2\" content=\"4 minutes\" \/>\n<script type=\"application\/ld+json\" class=\"yoast-schema-graph\">{\"@context\":\"https:\\\/\\\/schema.org\",\"@graph\":[{\"@type\":\"Article\",\"@id\":\"https:\\\/\\\/reveil-info.net\\\/?p=37233#article\",\"isPartOf\":{\"@id\":\"https:\\\/\\\/reveil-info.net\\\/?p=37233\"},\"author\":{\"name\":\"R\u00e9veil info\",\"@id\":\"https:\\\/\\\/reveil-info.net\\\/#\\\/schema\\\/person\\\/ca0cc8e70088e0a2b5e92556c1ee60f5\"},\"headline\":\"Burkina Faso-comm\u00e9moration des 30 ans de la Police Municipale\u00a0: Le g\u00e9n\u00e9ral de Brigade C\u00e9lestin Simpor\u00e9 lance officiellement les activit\u00e9s \u00a0\u00a0\",\"datePublished\":\"2025-11-29T12:40:34+00:00\",\"mainEntityOfPage\":{\"@id\":\"https:\\\/\\\/reveil-info.net\\\/?p=37233\"},\"wordCount\":650,\"commentCount\":0,\"publisher\":{\"@id\":\"https:\\\/\\\/reveil-info.net\\\/#organization\"},\"image\":{\"@id\":\"https:\\\/\\\/reveil-info.net\\\/?p=37233#primaryimage\"},\"thumbnailUrl\":\"https:\\\/\\\/reveil-info.net\\\/wp-content\\\/uploads\\\/2025\\\/11\\\/WhatsApp-Image-2025-11-28-a-15.21.39_5d46450b.jpg\",\"articleSection\":[\"Actualit\u00e9\",\"Soci\u00e9t\u00e9\"],\"inLanguage\":\"fr-FR\",\"potentialAction\":[{\"@type\":\"CommentAction\",\"name\":\"Comment\",\"target\":[\"https:\\\/\\\/reveil-info.net\\\/?p=37233#respond\"]}]},{\"@type\":\"WebPage\",\"@id\":\"https:\\\/\\\/reveil-info.net\\\/?p=37233\",\"url\":\"https:\\\/\\\/reveil-info.net\\\/?p=37233\",\"name\":\"Burkina Faso-comm\u00e9moration des 30 ans de la Police Municipale\u00a0: Le g\u00e9n\u00e9ral de Brigade C\u00e9lestin Simpor\u00e9 lance officiellement les activit\u00e9s \u00a0\u00a0 - R\u00e9veil Info\",\"isPartOf\":{\"@id\":\"https:\\\/\\\/reveil-info.net\\\/#website\"},\"primaryImageOfPage\":{\"@id\":\"https:\\\/\\\/reveil-info.net\\\/?p=37233#primaryimage\"},\"image\":{\"@id\":\"https:\\\/\\\/reveil-info.net\\\/?p=37233#primaryimage\"},\"thumbnailUrl\":\"https:\\\/\\\/reveil-info.net\\\/wp-content\\\/uploads\\\/2025\\\/11\\\/WhatsApp-Image-2025-11-28-a-15.21.39_5d46450b.jpg\",\"datePublished\":\"2025-11-29T12:40:34+00:00\",\"breadcrumb\":{\"@id\":\"https:\\\/\\\/reveil-info.net\\\/?p=37233#breadcrumb\"},\"inLanguage\":\"fr-FR\",\"potentialAction\":[{\"@type\":\"ReadAction\",\"target\":[\"https:\\\/\\\/reveil-info.net\\\/?p=37233\"]}]},{\"@type\":\"ImageObject\",\"inLanguage\":\"fr-FR\",\"@id\":\"https:\\\/\\\/reveil-info.net\\\/?p=37233#primaryimage\",\"url\":\"https:\\\/\\\/reveil-info.net\\\/wp-content\\\/uploads\\\/2025\\\/11\\\/WhatsApp-Image-2025-11-28-a-15.21.39_5d46450b.jpg\",\"contentUrl\":\"https:\\\/\\\/reveil-info.net\\\/wp-content\\\/uploads\\\/2025\\\/11\\\/WhatsApp-Image-2025-11-28-a-15.21.39_5d46450b.jpg\",\"width\":1080,\"height\":809},{\"@type\":\"BreadcrumbList\",\"@id\":\"https:\\\/\\\/reveil-info.net\\\/?p=37233#breadcrumb\",\"itemListElement\":[{\"@type\":\"ListItem\",\"position\":1,\"name\":\"Home\",\"item\":\"https:\\\/\\\/reveil-info.net\\\/\"},{\"@type\":\"ListItem\",\"position\":2,\"name\":\"Burkina Faso-comm\u00e9moration des 30 ans de la Police Municipale\u00a0: Le g\u00e9n\u00e9ral de Brigade C\u00e9lestin Simpor\u00e9 lance officiellement les activit\u00e9s \u00a0\u00a0\"}]},{\"@type\":\"WebSite\",\"@id\":\"https:\\\/\\\/reveil-info.net\\\/#website\",\"url\":\"https:\\\/\\\/reveil-info.net\\\/\",\"name\":\"R\u00e9veil Info\",\"description\":\"Le devoir d&#039;informer!\",\"publisher\":{\"@id\":\"https:\\\/\\\/reveil-info.net\\\/#organization\"},\"potentialAction\":[{\"@type\":\"SearchAction\",\"target\":{\"@type\":\"EntryPoint\",\"urlTemplate\":\"https:\\\/\\\/reveil-info.net\\\/?s={search_term_string}\"},\"query-input\":{\"@type\":\"PropertyValueSpecification\",\"valueRequired\":true,\"valueName\":\"search_term_string\"}}],\"inLanguage\":\"fr-FR\"},{\"@type\":\"Organization\",\"@id\":\"https:\\\/\\\/reveil-info.net\\\/#organization\",\"name\":\"R\u00e9veil Info\",\"url\":\"https:\\\/\\\/reveil-info.net\\\/\",\"logo\":{\"@type\":\"ImageObject\",\"inLanguage\":\"fr-FR\",\"@id\":\"https:\\\/\\\/reveil-info.net\\\/#\\\/schema\\\/logo\\\/image\\\/\",\"url\":\"https:\\\/\\\/reveil-info.net\\\/wp-content\\\/uploads\\\/2024\\\/07\\\/bnddd1.jpg\",\"contentUrl\":\"https:\\\/\\\/reveil-info.net\\\/wp-content\\\/uploads\\\/2024\\\/07\\\/bnddd1.jpg\",\"width\":903,\"height\":125,\"caption\":\"R\u00e9veil Info\"},\"image\":{\"@id\":\"https:\\\/\\\/reveil-info.net\\\/#\\\/schema\\\/logo\\\/image\\\/\"}},{\"@type\":\"Person\",\"@id\":\"https:\\\/\\\/reveil-info.net\\\/#\\\/schema\\\/person\\\/ca0cc8e70088e0a2b5e92556c1ee60f5\",\"name\":\"R\u00e9veil info\",\"image\":{\"@type\":\"ImageObject\",\"inLanguage\":\"fr-FR\",\"@id\":\"https:\\\/\\\/secure.gravatar.com\\\/avatar\\\/e4ad5bb743c8b6cb174d9df6c7d30a8a16f6889731241345fc6444e6485f02af?s=96&d=mm&r=g\",\"url\":\"https:\\\/\\\/secure.gravatar.com\\\/avatar\\\/e4ad5bb743c8b6cb174d9df6c7d30a8a16f6889731241345fc6444e6485f02af?s=96&d=mm&r=g\",\"contentUrl\":\"https:\\\/\\\/secure.gravatar.com\\\/avatar\\\/e4ad5bb743c8b6cb174d9df6c7d30a8a16f6889731241345fc6444e6485f02af?s=96&d=mm&r=g\",\"caption\":\"R\u00e9veil info\"},\"sameAs\":[\"https:\\\/\\\/reveil-info.net\"],\"url\":\"https:\\\/\\\/reveil-info.net\\\/?author=1\"}]}<\/script>\n<!-- \/ Yoast SEO plugin. -->","yoast_head_json":{"title":"Burkina Faso-comm\u00e9moration des 30 ans de la Police Municipale\u00a0: Le g\u00e9n\u00e9ral de Brigade C\u00e9lestin Simpor\u00e9 lance officiellement les activit\u00e9s \u00a0\u00a0 - R\u00e9veil Info","robots":{"index":"noindex","follow":"follow","max-snippet":"max-snippet:-1","max-image-preview":"max-image-preview:large","max-video-preview":"max-video-preview:-1"},"og_locale":"fr_FR","og_type":"article","og_title":"Burkina Faso-comm\u00e9moration des 30 ans de la Police Municipale\u00a0: Le g\u00e9n\u00e9ral de Brigade C\u00e9lestin Simpor\u00e9 lance officiellement les activit\u00e9s \u00a0\u00a0 - R\u00e9veil Info","og_description":"Le G\u00e9n\u00e9ral de brigade C\u00e9lestin Simpor\u00e9 a proc\u00e9d\u00e9 au lancement des activit\u00e9s de la comm\u00e9moration","og_url":"https:\/\/reveil-info.net\/?p=37233","og_site_name":"R\u00e9veil Info","article_published_time":"2025-11-29T12:40:34+00:00","og_image":[{"width":1080,"height":809,"url":"https:\/\/reveil-info.net\/wp-content\/uploads\/2025\/11\/WhatsApp-Image-2025-11-28-a-15.21.39_5d46450b.jpg","type":"image\/jpeg"}],"author":"R\u00e9veil info","twitter_card":"summary_large_image","twitter_misc":{"\u00c9crit par":"R\u00e9veil info","Dur\u00e9e de lecture estim\u00e9e":"4 minutes"},"schema":{"@context":"https:\/\/schema.org","@graph":[{"@type":"Article","@id":"https:\/\/reveil-info.net\/?p=37233#article","isPartOf":{"@id":"https:\/\/reveil-info.net\/?p=37233"},"author":{"name":"R\u00e9veil info","@id":"https:\/\/reveil-info.net\/#\/schema\/person\/ca0cc8e70088e0a2b5e92556c1ee60f5"},"headline":"Burkina Faso-comm\u00e9moration des 30 ans de la Police Municipale\u00a0: Le g\u00e9n\u00e9ral de Brigade C\u00e9lestin Simpor\u00e9 lance officiellement les activit\u00e9s \u00a0\u00a0","datePublished":"2025-11-29T12:40:34+00:00","mainEntityOfPage":{"@id":"https:\/\/reveil-info.net\/?p=37233"},"wordCount":650,"commentCount":0,"publisher":{"@id":"https:\/\/reveil-info.net\/#organization"},"image":{"@id":"https:\/\/reveil-info.net\/?p=37233#primaryimage"},"thumbnailUrl":"https:\/\/reveil-info.net\/wp-content\/uploads\/2025\/11\/WhatsApp-Image-2025-11-28-a-15.21.39_5d46450b.jpg","articleSection":["Actualit\u00e9","Soci\u00e9t\u00e9"],"inLanguage":"fr-FR","potentialAction":[{"@type":"CommentAction","name":"Comment","target":["https:\/\/reveil-info.net\/?p=37233#respond"]}]},{"@type":"WebPage","@id":"https:\/\/reveil-info.net\/?p=37233","url":"https:\/\/reveil-info.net\/?p=37233","name":"Burkina Faso-comm\u00e9moration des 30 ans de la Police Municipale\u00a0: Le g\u00e9n\u00e9ral de Brigade C\u00e9lestin Simpor\u00e9 lance officiellement les activit\u00e9s \u00a0\u00a0 - R\u00e9veil Info","isPartOf":{"@id":"https:\/\/reveil-info.net\/#website"},"primaryImageOfPage":{"@id":"https:\/\/reveil-info.net\/?p=37233#primaryimage"},"image":{"@id":"https:\/\/reveil-info.net\/?p=37233#primaryimage"},"thumbnailUrl":"https:\/\/reveil-info.net\/wp-content\/uploads\/2025\/11\/WhatsApp-Image-2025-11-28-a-15.21.39_5d46450b.jpg","datePublished":"2025-11-29T12:40:34+00:00","breadcrumb":{"@id":"https:\/\/reveil-info.net\/?p=37233#breadcrumb"},"inLanguage":"fr-FR","potentialAction":[{"@type":"ReadAction","target":["https:\/\/reveil-info.net\/?p=37233"]}]},{"@type":"ImageObject","inLanguage":"fr-FR","@id":"https:\/\/reveil-info.net\/?p=37233#primaryimage","url":"https:\/\/reveil-info.net\/wp-content\/uploads\/2025\/11\/WhatsApp-Image-2025-11-28-a-15.21.39_5d46450b.jpg","contentUrl":"https:\/\/reveil-info.net\/wp-content\/uploads\/2025\/11\/WhatsApp-Image-2025-11-28-a-15.21.39_5d46450b.jpg","width":1080,"height":809},{"@type":"BreadcrumbList","@id":"https:\/\/reveil-info.net\/?p=37233#breadcrumb","itemListElement":[{"@type":"ListItem","position":1,"name":"Home","item":"https:\/\/reveil-info.net\/"},{"@type":"ListItem","position":2,"name":"Burkina Faso-comm\u00e9moration des 30 ans de la Police Municipale\u00a0: Le g\u00e9n\u00e9ral de Brigade C\u00e9lestin Simpor\u00e9 lance officiellement les activit\u00e9s \u00a0\u00a0"}]},{"@type":"WebSite","@id":"https:\/\/reveil-info.net\/#website","url":"https:\/\/reveil-info.net\/","name":"R\u00e9veil Info","description":"Le devoir d&#039;informer!","publisher":{"@id":"https:\/\/reveil-info.net\/#organization"},"potentialAction":[{"@type":"SearchAction","target":{"@type":"EntryPoint","urlTemplate":"https:\/\/reveil-info.net\/?s={search_term_string}"},"query-input":{"@type":"PropertyValueSpecification","valueRequired":true,"valueName":"search_term_string"}}],"inLanguage":"fr-FR"},{"@type":"Organization","@id":"https:\/\/reveil-info.net\/#organization","name":"R\u00e9veil Info","url":"https:\/\/reveil-info.net\/","logo":{"@type":"ImageObject","inLanguage":"fr-FR","@id":"https:\/\/reveil-info.net\/#\/schema\/logo\/image\/","url":"https:\/\/reveil-info.net\/wp-content\/uploads\/2024\/07\/bnddd1.jpg","contentUrl":"https:\/\/reveil-info.net\/wp-content\/uploads\/2024\/07\/bnddd1.jpg","width":903,"height":125,"caption":"R\u00e9veil Info"},"image":{"@id":"https:\/\/reveil-info.net\/#\/schema\/logo\/image\/"}},{"@type":"Person","@id":"https:\/\/reveil-info.net\/#\/schema\/person\/ca0cc8e70088e0a2b5e92556c1ee60f5","name":"R\u00e9veil info","image":{"@type":"ImageObject","inLanguage":"fr-FR","@id":"https:\/\/secure.gravatar.com\/avatar\/e4ad5bb743c8b6cb174d9df6c7d30a8a16f6889731241345fc6444e6485f02af?s=96&d=mm&r=g","url":"https:\/\/secure.gravatar.com\/avatar\/e4ad5bb743c8b6cb174d9df6c7d30a8a16f6889731241345fc6444e6485f02af?s=96&d=mm&r=g","contentUrl":"https:\/\/secure.gravatar.com\/avatar\/e4ad5bb743c8b6cb174d9df6c7d30a8a16f6889731241345fc6444e6485f02af?s=96&d=mm&r=g","caption":"R\u00e9veil info"},"sameAs":["https:\/\/reveil-info.net"],"url":"https:\/\/reveil-info.net\/?author=1"}]}},"jetpack_featured_media_url":"https:\/\/reveil-info.net\/wp-content\/uploads\/2025\/11\/WhatsApp-Image-2025-11-28-a-15.21.39_5d46450b.jpg","featured_image_urls":{"full":["https:\/\/reveil-info.net\/wp-content\/uploads\/2025\/11\/WhatsApp-Image-2025-11-28-a-15.21.39_5d46450b.jpg",1080,809,false],"thumbnail":["https:\/\/reveil-info.net\/wp-content\/uploads\/2025\/11\/WhatsApp-Image-2025-11-28-a-15.21.39_5d46450b-150x150.jpg",150,150,true],"medium":["https:\/\/reveil-info.net\/wp-content\/uploads\/2025\/11\/WhatsApp-Image-2025-11-28-a-15.21.39_5d46450b-300x225.jpg",300,225,true],"medium_large":["https:\/\/reveil-info.net\/wp-content\/uploads\/2025\/11\/WhatsApp-Image-2025-11-28-a-15.21.39_5d46450b-768x575.jpg",640,479,true],"large":["https:\/\/reveil-info.net\/wp-content\/uploads\/2025\/11\/WhatsApp-Image-2025-11-28-a-15.21.39_5d46450b-1024x767.jpg",640,479,true],"1536x1536":["https:\/\/reveil-info.net\/wp-content\/uploads\/2025\/11\/WhatsApp-Image-2025-11-28-a-15.21.39_5d46450b.jpg",1080,809,false],"2048x2048":["https:\/\/reveil-info.net\/wp-content\/uploads\/2025\/11\/WhatsApp-Image-2025-11-28-a-15.21.39_5d46450b.jpg",1080,809,false],"chromenews-featured":["https:\/\/reveil-info.net\/wp-content\/uploads\/2025\/11\/WhatsApp-Image-2025-11-28-a-15.21.39_5d46450b-1024x767.jpg",1024,767,true],"chromenews-large":["https:\/\/reveil-info.net\/wp-content\/uploads\/2025\/11\/WhatsApp-Image-2025-11-28-a-15.21.39_5d46450b-825x575.jpg",825,575,true],"chromenews-medium":["https:\/\/reveil-info.net\/wp-content\/uploads\/2025\/11\/WhatsApp-Image-2025-11-28-a-15.21.39_5d46450b-590x410.jpg",590,410,true]},"author_info":{"display_name":"R\u00e9veil info","author_link":"https:\/\/reveil-info.net\/?author=1"},"category_info":"<a href=\"https:\/\/reveil-info.net\/?cat=2\" rel=\"category\">Actualit\u00e9<\/a> <a href=\"https:\/\/reveil-info.net\/?cat=16\" rel=\"category\">Soci\u00e9t\u00e9<\/a>","tag_info":"Soci\u00e9t\u00e9","comment_count":"0","_links":{"self":[{"href":"https:\/\/reveil-info.net\/index.php?rest_route=\/wp\/v2\/posts\/37233","targetHints":{"allow":["GET"]}}],"collection":[{"href":"https:\/\/reveil-info.net\/index.php?rest_route=\/wp\/v2\/posts"}],"about":[{"href":"https:\/\/reveil-info.net\/index.php?rest_route=\/wp\/v2\/types\/post"}],"author":[{"embeddable":true,"href":"https:\/\/reveil-info.net\/index.php?rest_route=\/wp\/v2\/users\/1"}],"replies":[{"embeddable":true,"href":"https:\/\/reveil-info.net\/index.php?rest_route=%2Fwp%2Fv2%2Fcomments&post=37233"}],"version-history":[{"count":6,"href":"https:\/\/reveil-info.net\/index.php?rest_route=\/wp\/v2\/posts\/37233\/revisions"}],"predecessor-version":[{"id":37244,"href":"https:\/\/reveil-info.net\/index.php?rest_route=\/wp\/v2\/posts\/37233\/revisions\/37244"}],"wp:featuredmedia":[{"embeddable":true,"href":"https:\/\/reveil-info.net\/index.php?rest_route=\/wp\/v2\/media\/37241"}],"wp:attachment":[{"href":"https:\/\/reveil-info.net\/index.php?rest_route=%2Fwp%2Fv2%2Fmedia&parent=37233"}],"wp:term":[{"taxonomy":"category","embeddable":true,"href":"https:\/\/reveil-info.net\/index.php?rest_route=%2Fwp%2Fv2%2Fcategories&post=37233"},{"taxonomy":"post_tag","embeddable":true,"href":"https:\/\/reveil-info.net\/index.php?rest_route=%2Fwp%2Fv2%2Ftags&post=37233"}],"curies":[{"name":"wp","href":"https:\/\/api.w.org\/{rel}","templated":true}]}}