{"id":36963,"date":"2025-11-26T15:56:45","date_gmt":"2025-11-26T15:56:45","guid":{"rendered":"https:\/\/reveil-info.net\/?p=36963"},"modified":"2025-11-26T15:56:45","modified_gmt":"2025-11-26T15:56:45","slug":"audience-les-ministres-des-affaires-etrangeres-de-laes-chez-le-president-du-faso","status":"publish","type":"post","link":"https:\/\/reveil-info.net\/?p=36963","title":{"rendered":"Audience : les ministres des affaires \u00e9trang\u00e8res de l&rsquo;AES chez le pr\u00e9sident du Faso"},"content":{"rendered":"<p>AUDIENCE DU PR\u00c9SIDENT DU FASO<\/p>\n<p>Les Ministres des Affaires \u00e9trang\u00e8res de la Conf\u00e9d\u00e9ration des \u00c9tats du Sahel rendent compte de leurs travaux au Capitaine Ibrahim TRAOR\u00c9<\/p>\n<p>(Ouagadougou, 26 novembre 2025). Le Pr\u00e9sident du Faso, Chef de l\u2019\u00c9tat, Son Excellence le Capitaine Ibrahim TRAOR\u00c9 a re\u00e7u en audience, ce mercredi en fin de matin\u00e9e, les Ministres charg\u00e9s des Affaires \u00e9trang\u00e8res de la Conf\u00e9d\u00e9ration des \u00c9tats du Sahel.<\/p>\n<p><img loading=\"lazy\" decoding=\"async\" class=\"alignnone size-full wp-image-36966\" src=\"https:\/\/reveil-info.net\/wp-content\/uploads\/2025\/11\/IMG-20251126-WA0090.jpg\" alt=\"\" width=\"1600\" height=\"1067\" srcset=\"https:\/\/reveil-info.net\/wp-content\/uploads\/2025\/11\/IMG-20251126-WA0090.jpg 1600w, https:\/\/reveil-info.net\/wp-content\/uploads\/2025\/11\/IMG-20251126-WA0090-300x200.jpg 300w, https:\/\/reveil-info.net\/wp-content\/uploads\/2025\/11\/IMG-20251126-WA0090-1024x683.jpg 1024w, https:\/\/reveil-info.net\/wp-content\/uploads\/2025\/11\/IMG-20251126-WA0090-768x512.jpg 768w, https:\/\/reveil-info.net\/wp-content\/uploads\/2025\/11\/IMG-20251126-WA0090-1536x1024.jpg 1536w\" sizes=\"auto, (max-width: 1600px) 100vw, 1600px\" \/><\/p>\n<p>Conduite par le Ministre des Affaires \u00e9trang\u00e8res et de la Coop\u00e9ration internationale de la R\u00e9publique du Mali, M. Abdoulaye DIOP, la d\u00e9l\u00e9gation a fait le point de la r\u00e9union pr\u00e9paratoire du prochain sommet des Chefs d\u2019\u00c9tat de la Conf\u00e9d\u00e9ration AES, ouverte ce mercredi 26 novembre \u00e0 Ouagadougou.<\/p>\n<p>\u00ab Ces travaux se situent dans le cadre de la pr\u00e9paration de la deuxi\u00e8me r\u00e9union du Coll\u00e8ge des Chefs d\u2019\u00c9tat de la Conf\u00e9d\u00e9ration qui doit se tenir les 22 et 23 d\u00e9cembre prochains \u00e0 Bamako \u00bb, indique M. DIOP \u00e0 l&rsquo;issue de l&rsquo;audience avec le Chef de l\u2019\u00c9tat.<\/p>\n<p><img loading=\"lazy\" decoding=\"async\" class=\"alignnone size-full wp-image-36967\" src=\"https:\/\/reveil-info.net\/wp-content\/uploads\/2025\/11\/IMG-20251126-WA0093.jpg\" alt=\"\" width=\"1600\" height=\"1336\" srcset=\"https:\/\/reveil-info.net\/wp-content\/uploads\/2025\/11\/IMG-20251126-WA0093.jpg 1600w, https:\/\/reveil-info.net\/wp-content\/uploads\/2025\/11\/IMG-20251126-WA0093-300x251.jpg 300w, https:\/\/reveil-info.net\/wp-content\/uploads\/2025\/11\/IMG-20251126-WA0093-1024x855.jpg 1024w, https:\/\/reveil-info.net\/wp-content\/uploads\/2025\/11\/IMG-20251126-WA0093-768x641.jpg 768w, https:\/\/reveil-info.net\/wp-content\/uploads\/2025\/11\/IMG-20251126-WA0093-1536x1283.jpg 1536w\" sizes=\"auto, (max-width: 1600px) 100vw, 1600px\" \/><\/p>\n<p>Cette audience a \u00e9t\u00e9 \u00e9galement une occasion pour les Ministres de rendre compte au Pr\u00e9sident du Faso de la mise en \u0153uvre de la feuille de route de la Conf\u00e9d\u00e9ration de l\u2019AES dans les trois piliers que sont la d\u00e9fense, la diplomatie, et le d\u00e9veloppement.<\/p>\n<p>Selon le Ministre Abdoulaye DIOP, sur le volet diplomatie, \u00ab le travail a consist\u00e9 essentiellement \u00e0 faire en sorte que la Conf\u00e9d\u00e9ration AES parle d\u2019une seule voix sous la direction de nos Chefs d\u2019\u00c9tat et puisse travailler \u00e0 asseoir une grande reconnaissance de la Conf\u00e9d\u00e9ration des \u00c9tats du Sahel au plan r\u00e9gional et international \u00bb.<\/p>\n<p>Il souligne que le Pr\u00e9sident du Faso, le Capitaine Ibrahim TRAOR\u00c9 a encourag\u00e9 les Ministres charg\u00e9s des Affaires \u00e9trang\u00e8res \u00e0 poursuivre l\u2019\u0153uvre engag\u00e9e, \u00e0 relever les d\u00e9fis, afin que des actes concrets puissent \u00eatre pos\u00e9s pour r\u00e9pondre aux aspirations des peuples du Sahel.<\/p>\n<p>Direction de la communication de la Pr\u00e9sidence du Faso<\/p>\n<p>&nbsp;<\/p>\n<p><img loading=\"lazy\" decoding=\"async\" class=\"alignnone size-full wp-image-36896\" src=\"https:\/\/reveil-info.net\/wp-content\/uploads\/2025\/11\/IMG-20240629-WA0041-9.jpg\" alt=\"\" width=\"1034\" height=\"729\" srcset=\"https:\/\/reveil-info.net\/wp-content\/uploads\/2025\/11\/IMG-20240629-WA0041-9.jpg 1034w, https:\/\/reveil-info.net\/wp-content\/uploads\/2025\/11\/IMG-20240629-WA0041-9-300x212.jpg 300w, https:\/\/reveil-info.net\/wp-content\/uploads\/2025\/11\/IMG-20240629-WA0041-9-1024x722.jpg 1024w, https:\/\/reveil-info.net\/wp-content\/uploads\/2025\/11\/IMG-20240629-WA0041-9-768x541.jpg 768w\" sizes=\"auto, (max-width: 1034px) 100vw, 1034px\" \/><\/p>\n","protected":false},"excerpt":{"rendered":"<p>AUDIENCE DU PR\u00c9SIDENT DU FASO Les Ministres des Affaires \u00e9trang\u00e8res de la Conf\u00e9d\u00e9ration des \u00c9tats<\/p>\n","protected":false},"author":1,"featured_media":36969,"comment_status":"open","ping_status":"open","sticky":false,"template":"","format":"standard","meta":{"footnotes":""},"categories":[2,47],"tags":[],"class_list":["post-36963","post","type-post","status-publish","format-standard","has-post-thumbnail","hentry","category-actu","category-aes"],"yoast_head":"<!-- This site is optimized with the Yoast SEO plugin v27.5 - https:\/\/yoast.com\/product\/yoast-seo-wordpress\/ -->\n<title>Audience : les ministres des affaires \u00e9trang\u00e8res de l&#039;AES chez le pr\u00e9sident du Faso - R\u00e9veil Info<\/title>\n<meta name=\"robots\" content=\"noindex, follow, max-snippet:-1, max-image-preview:large, max-video-preview:-1\" \/>\n<meta property=\"og:locale\" content=\"fr_FR\" \/>\n<meta property=\"og:type\" content=\"article\" \/>\n<meta property=\"og:title\" content=\"Audience : les ministres des affaires \u00e9trang\u00e8res de l&#039;AES chez le pr\u00e9sident du Faso - R\u00e9veil Info\" \/>\n<meta property=\"og:description\" content=\"AUDIENCE DU PR\u00c9SIDENT DU FASO Les Ministres des Affaires \u00e9trang\u00e8res de la Conf\u00e9d\u00e9ration des \u00c9tats\" \/>\n<meta property=\"og:url\" content=\"https:\/\/reveil-info.net\/?p=36963\" \/>\n<meta property=\"og:site_name\" content=\"R\u00e9veil Info\" \/>\n<meta property=\"article:published_time\" content=\"2025-11-26T15:56:45+00:00\" \/>\n<meta property=\"og:image\" content=\"https:\/\/reveil-info.net\/wp-content\/uploads\/2025\/11\/IMG-20251126-WA0089.jpg\" \/>\n\t<meta property=\"og:image:width\" content=\"1600\" \/>\n\t<meta property=\"og:image:height\" content=\"1067\" \/>\n\t<meta property=\"og:image:type\" content=\"image\/jpeg\" \/>\n<meta name=\"author\" content=\"R\u00e9veil info\" \/>\n<meta name=\"twitter:card\" content=\"summary_large_image\" \/>\n<meta name=\"twitter:label1\" content=\"\u00c9crit par\" \/>\n\t<meta name=\"twitter:data1\" content=\"R\u00e9veil info\" \/>\n\t<meta name=\"twitter:label2\" content=\"Dur\u00e9e de lecture estim\u00e9e\" \/>\n\t<meta name=\"twitter:data2\" content=\"3 minutes\" \/>\n<script type=\"application\/ld+json\" class=\"yoast-schema-graph\">{\"@context\":\"https:\\\/\\\/schema.org\",\"@graph\":[{\"@type\":\"Article\",\"@id\":\"https:\\\/\\\/reveil-info.net\\\/?p=36963#article\",\"isPartOf\":{\"@id\":\"https:\\\/\\\/reveil-info.net\\\/?p=36963\"},\"author\":{\"name\":\"R\u00e9veil info\",\"@id\":\"https:\\\/\\\/reveil-info.net\\\/#\\\/schema\\\/person\\\/ca0cc8e70088e0a2b5e92556c1ee60f5\"},\"headline\":\"Audience : les ministres des affaires \u00e9trang\u00e8res de l&rsquo;AES chez le pr\u00e9sident du Faso\",\"datePublished\":\"2025-11-26T15:56:45+00:00\",\"mainEntityOfPage\":{\"@id\":\"https:\\\/\\\/reveil-info.net\\\/?p=36963\"},\"wordCount\":369,\"commentCount\":0,\"publisher\":{\"@id\":\"https:\\\/\\\/reveil-info.net\\\/#organization\"},\"image\":{\"@id\":\"https:\\\/\\\/reveil-info.net\\\/?p=36963#primaryimage\"},\"thumbnailUrl\":\"https:\\\/\\\/reveil-info.net\\\/wp-content\\\/uploads\\\/2025\\\/11\\\/IMG-20251126-WA0089.jpg\",\"articleSection\":[\"Actualit\u00e9\",\"AES\"],\"inLanguage\":\"fr-FR\",\"potentialAction\":[{\"@type\":\"CommentAction\",\"name\":\"Comment\",\"target\":[\"https:\\\/\\\/reveil-info.net\\\/?p=36963#respond\"]}]},{\"@type\":\"WebPage\",\"@id\":\"https:\\\/\\\/reveil-info.net\\\/?p=36963\",\"url\":\"https:\\\/\\\/reveil-info.net\\\/?p=36963\",\"name\":\"Audience : les ministres des affaires \u00e9trang\u00e8res de l'AES chez le pr\u00e9sident du Faso - R\u00e9veil Info\",\"isPartOf\":{\"@id\":\"https:\\\/\\\/reveil-info.net\\\/#website\"},\"primaryImageOfPage\":{\"@id\":\"https:\\\/\\\/reveil-info.net\\\/?p=36963#primaryimage\"},\"image\":{\"@id\":\"https:\\\/\\\/reveil-info.net\\\/?p=36963#primaryimage\"},\"thumbnailUrl\":\"https:\\\/\\\/reveil-info.net\\\/wp-content\\\/uploads\\\/2025\\\/11\\\/IMG-20251126-WA0089.jpg\",\"datePublished\":\"2025-11-26T15:56:45+00:00\",\"breadcrumb\":{\"@id\":\"https:\\\/\\\/reveil-info.net\\\/?p=36963#breadcrumb\"},\"inLanguage\":\"fr-FR\",\"potentialAction\":[{\"@type\":\"ReadAction\",\"target\":[\"https:\\\/\\\/reveil-info.net\\\/?p=36963\"]}]},{\"@type\":\"ImageObject\",\"inLanguage\":\"fr-FR\",\"@id\":\"https:\\\/\\\/reveil-info.net\\\/?p=36963#primaryimage\",\"url\":\"https:\\\/\\\/reveil-info.net\\\/wp-content\\\/uploads\\\/2025\\\/11\\\/IMG-20251126-WA0089.jpg\",\"contentUrl\":\"https:\\\/\\\/reveil-info.net\\\/wp-content\\\/uploads\\\/2025\\\/11\\\/IMG-20251126-WA0089.jpg\",\"width\":1600,\"height\":1067},{\"@type\":\"BreadcrumbList\",\"@id\":\"https:\\\/\\\/reveil-info.net\\\/?p=36963#breadcrumb\",\"itemListElement\":[{\"@type\":\"ListItem\",\"position\":1,\"name\":\"Home\",\"item\":\"https:\\\/\\\/reveil-info.net\\\/\"},{\"@type\":\"ListItem\",\"position\":2,\"name\":\"Audience : les ministres des affaires \u00e9trang\u00e8res de l&rsquo;AES chez le pr\u00e9sident du Faso\"}]},{\"@type\":\"WebSite\",\"@id\":\"https:\\\/\\\/reveil-info.net\\\/#website\",\"url\":\"https:\\\/\\\/reveil-info.net\\\/\",\"name\":\"R\u00e9veil Info\",\"description\":\"Le devoir d&#039;informer!\",\"publisher\":{\"@id\":\"https:\\\/\\\/reveil-info.net\\\/#organization\"},\"potentialAction\":[{\"@type\":\"SearchAction\",\"target\":{\"@type\":\"EntryPoint\",\"urlTemplate\":\"https:\\\/\\\/reveil-info.net\\\/?s={search_term_string}\"},\"query-input\":{\"@type\":\"PropertyValueSpecification\",\"valueRequired\":true,\"valueName\":\"search_term_string\"}}],\"inLanguage\":\"fr-FR\"},{\"@type\":\"Organization\",\"@id\":\"https:\\\/\\\/reveil-info.net\\\/#organization\",\"name\":\"R\u00e9veil Info\",\"url\":\"https:\\\/\\\/reveil-info.net\\\/\",\"logo\":{\"@type\":\"ImageObject\",\"inLanguage\":\"fr-FR\",\"@id\":\"https:\\\/\\\/reveil-info.net\\\/#\\\/schema\\\/logo\\\/image\\\/\",\"url\":\"https:\\\/\\\/reveil-info.net\\\/wp-content\\\/uploads\\\/2024\\\/07\\\/bnddd1.jpg\",\"contentUrl\":\"https:\\\/\\\/reveil-info.net\\\/wp-content\\\/uploads\\\/2024\\\/07\\\/bnddd1.jpg\",\"width\":903,\"height\":125,\"caption\":\"R\u00e9veil Info\"},\"image\":{\"@id\":\"https:\\\/\\\/reveil-info.net\\\/#\\\/schema\\\/logo\\\/image\\\/\"}},{\"@type\":\"Person\",\"@id\":\"https:\\\/\\\/reveil-info.net\\\/#\\\/schema\\\/person\\\/ca0cc8e70088e0a2b5e92556c1ee60f5\",\"name\":\"R\u00e9veil info\",\"image\":{\"@type\":\"ImageObject\",\"inLanguage\":\"fr-FR\",\"@id\":\"https:\\\/\\\/secure.gravatar.com\\\/avatar\\\/e4ad5bb743c8b6cb174d9df6c7d30a8a16f6889731241345fc6444e6485f02af?s=96&d=mm&r=g\",\"url\":\"https:\\\/\\\/secure.gravatar.com\\\/avatar\\\/e4ad5bb743c8b6cb174d9df6c7d30a8a16f6889731241345fc6444e6485f02af?s=96&d=mm&r=g\",\"contentUrl\":\"https:\\\/\\\/secure.gravatar.com\\\/avatar\\\/e4ad5bb743c8b6cb174d9df6c7d30a8a16f6889731241345fc6444e6485f02af?s=96&d=mm&r=g\",\"caption\":\"R\u00e9veil info\"},\"sameAs\":[\"https:\\\/\\\/reveil-info.net\"],\"url\":\"https:\\\/\\\/reveil-info.net\\\/?author=1\"}]}<\/script>\n<!-- \/ Yoast SEO plugin. -->","yoast_head_json":{"title":"Audience : les ministres des affaires \u00e9trang\u00e8res de l'AES chez le pr\u00e9sident du Faso - R\u00e9veil Info","robots":{"index":"noindex","follow":"follow","max-snippet":"max-snippet:-1","max-image-preview":"max-image-preview:large","max-video-preview":"max-video-preview:-1"},"og_locale":"fr_FR","og_type":"article","og_title":"Audience : les ministres des affaires \u00e9trang\u00e8res de l'AES chez le pr\u00e9sident du Faso - R\u00e9veil Info","og_description":"AUDIENCE DU PR\u00c9SIDENT DU FASO Les Ministres des Affaires \u00e9trang\u00e8res de la Conf\u00e9d\u00e9ration des \u00c9tats","og_url":"https:\/\/reveil-info.net\/?p=36963","og_site_name":"R\u00e9veil Info","article_published_time":"2025-11-26T15:56:45+00:00","og_image":[{"width":1600,"height":1067,"url":"https:\/\/reveil-info.net\/wp-content\/uploads\/2025\/11\/IMG-20251126-WA0089.jpg","type":"image\/jpeg"}],"author":"R\u00e9veil info","twitter_card":"summary_large_image","twitter_misc":{"\u00c9crit par":"R\u00e9veil info","Dur\u00e9e de lecture estim\u00e9e":"3 minutes"},"schema":{"@context":"https:\/\/schema.org","@graph":[{"@type":"Article","@id":"https:\/\/reveil-info.net\/?p=36963#article","isPartOf":{"@id":"https:\/\/reveil-info.net\/?p=36963"},"author":{"name":"R\u00e9veil info","@id":"https:\/\/reveil-info.net\/#\/schema\/person\/ca0cc8e70088e0a2b5e92556c1ee60f5"},"headline":"Audience : les ministres des affaires \u00e9trang\u00e8res de l&rsquo;AES chez le pr\u00e9sident du Faso","datePublished":"2025-11-26T15:56:45+00:00","mainEntityOfPage":{"@id":"https:\/\/reveil-info.net\/?p=36963"},"wordCount":369,"commentCount":0,"publisher":{"@id":"https:\/\/reveil-info.net\/#organization"},"image":{"@id":"https:\/\/reveil-info.net\/?p=36963#primaryimage"},"thumbnailUrl":"https:\/\/reveil-info.net\/wp-content\/uploads\/2025\/11\/IMG-20251126-WA0089.jpg","articleSection":["Actualit\u00e9","AES"],"inLanguage":"fr-FR","potentialAction":[{"@type":"CommentAction","name":"Comment","target":["https:\/\/reveil-info.net\/?p=36963#respond"]}]},{"@type":"WebPage","@id":"https:\/\/reveil-info.net\/?p=36963","url":"https:\/\/reveil-info.net\/?p=36963","name":"Audience : les ministres des affaires \u00e9trang\u00e8res de l'AES chez le pr\u00e9sident du Faso - R\u00e9veil Info","isPartOf":{"@id":"https:\/\/reveil-info.net\/#website"},"primaryImageOfPage":{"@id":"https:\/\/reveil-info.net\/?p=36963#primaryimage"},"image":{"@id":"https:\/\/reveil-info.net\/?p=36963#primaryimage"},"thumbnailUrl":"https:\/\/reveil-info.net\/wp-content\/uploads\/2025\/11\/IMG-20251126-WA0089.jpg","datePublished":"2025-11-26T15:56:45+00:00","breadcrumb":{"@id":"https:\/\/reveil-info.net\/?p=36963#breadcrumb"},"inLanguage":"fr-FR","potentialAction":[{"@type":"ReadAction","target":["https:\/\/reveil-info.net\/?p=36963"]}]},{"@type":"ImageObject","inLanguage":"fr-FR","@id":"https:\/\/reveil-info.net\/?p=36963#primaryimage","url":"https:\/\/reveil-info.net\/wp-content\/uploads\/2025\/11\/IMG-20251126-WA0089.jpg","contentUrl":"https:\/\/reveil-info.net\/wp-content\/uploads\/2025\/11\/IMG-20251126-WA0089.jpg","width":1600,"height":1067},{"@type":"BreadcrumbList","@id":"https:\/\/reveil-info.net\/?p=36963#breadcrumb","itemListElement":[{"@type":"ListItem","position":1,"name":"Home","item":"https:\/\/reveil-info.net\/"},{"@type":"ListItem","position":2,"name":"Audience : les ministres des affaires \u00e9trang\u00e8res de l&rsquo;AES chez le pr\u00e9sident du Faso"}]},{"@type":"WebSite","@id":"https:\/\/reveil-info.net\/#website","url":"https:\/\/reveil-info.net\/","name":"R\u00e9veil Info","description":"Le devoir d&#039;informer!","publisher":{"@id":"https:\/\/reveil-info.net\/#organization"},"potentialAction":[{"@type":"SearchAction","target":{"@type":"EntryPoint","urlTemplate":"https:\/\/reveil-info.net\/?s={search_term_string}"},"query-input":{"@type":"PropertyValueSpecification","valueRequired":true,"valueName":"search_term_string"}}],"inLanguage":"fr-FR"},{"@type":"Organization","@id":"https:\/\/reveil-info.net\/#organization","name":"R\u00e9veil Info","url":"https:\/\/reveil-info.net\/","logo":{"@type":"ImageObject","inLanguage":"fr-FR","@id":"https:\/\/reveil-info.net\/#\/schema\/logo\/image\/","url":"https:\/\/reveil-info.net\/wp-content\/uploads\/2024\/07\/bnddd1.jpg","contentUrl":"https:\/\/reveil-info.net\/wp-content\/uploads\/2024\/07\/bnddd1.jpg","width":903,"height":125,"caption":"R\u00e9veil Info"},"image":{"@id":"https:\/\/reveil-info.net\/#\/schema\/logo\/image\/"}},{"@type":"Person","@id":"https:\/\/reveil-info.net\/#\/schema\/person\/ca0cc8e70088e0a2b5e92556c1ee60f5","name":"R\u00e9veil info","image":{"@type":"ImageObject","inLanguage":"fr-FR","@id":"https:\/\/secure.gravatar.com\/avatar\/e4ad5bb743c8b6cb174d9df6c7d30a8a16f6889731241345fc6444e6485f02af?s=96&d=mm&r=g","url":"https:\/\/secure.gravatar.com\/avatar\/e4ad5bb743c8b6cb174d9df6c7d30a8a16f6889731241345fc6444e6485f02af?s=96&d=mm&r=g","contentUrl":"https:\/\/secure.gravatar.com\/avatar\/e4ad5bb743c8b6cb174d9df6c7d30a8a16f6889731241345fc6444e6485f02af?s=96&d=mm&r=g","caption":"R\u00e9veil info"},"sameAs":["https:\/\/reveil-info.net"],"url":"https:\/\/reveil-info.net\/?author=1"}]}},"jetpack_featured_media_url":"https:\/\/reveil-info.net\/wp-content\/uploads\/2025\/11\/IMG-20251126-WA0089.jpg","featured_image_urls":{"full":["https:\/\/reveil-info.net\/wp-content\/uploads\/2025\/11\/IMG-20251126-WA0089.jpg",1600,1067,false],"thumbnail":["https:\/\/reveil-info.net\/wp-content\/uploads\/2025\/11\/IMG-20251126-WA0089-150x150.jpg",150,150,true],"medium":["https:\/\/reveil-info.net\/wp-content\/uploads\/2025\/11\/IMG-20251126-WA0089-300x200.jpg",300,200,true],"medium_large":["https:\/\/reveil-info.net\/wp-content\/uploads\/2025\/11\/IMG-20251126-WA0089-768x512.jpg",640,427,true],"large":["https:\/\/reveil-info.net\/wp-content\/uploads\/2025\/11\/IMG-20251126-WA0089-1024x683.jpg",640,427,true],"1536x1536":["https:\/\/reveil-info.net\/wp-content\/uploads\/2025\/11\/IMG-20251126-WA0089-1536x1024.jpg",1536,1024,true],"2048x2048":["https:\/\/reveil-info.net\/wp-content\/uploads\/2025\/11\/IMG-20251126-WA0089.jpg",1600,1067,false],"chromenews-featured":["https:\/\/reveil-info.net\/wp-content\/uploads\/2025\/11\/IMG-20251126-WA0089-1024x683.jpg",1024,683,true],"chromenews-large":["https:\/\/reveil-info.net\/wp-content\/uploads\/2025\/11\/IMG-20251126-WA0089-825x575.jpg",825,575,true],"chromenews-medium":["https:\/\/reveil-info.net\/wp-content\/uploads\/2025\/11\/IMG-20251126-WA0089-590x410.jpg",590,410,true]},"author_info":{"display_name":"R\u00e9veil info","author_link":"https:\/\/reveil-info.net\/?author=1"},"category_info":"<a href=\"https:\/\/reveil-info.net\/?cat=2\" rel=\"category\">Actualit\u00e9<\/a> <a href=\"https:\/\/reveil-info.net\/?cat=47\" rel=\"category\">AES<\/a>","tag_info":"AES","comment_count":"0","_links":{"self":[{"href":"https:\/\/reveil-info.net\/index.php?rest_route=\/wp\/v2\/posts\/36963","targetHints":{"allow":["GET"]}}],"collection":[{"href":"https:\/\/reveil-info.net\/index.php?rest_route=\/wp\/v2\/posts"}],"about":[{"href":"https:\/\/reveil-info.net\/index.php?rest_route=\/wp\/v2\/types\/post"}],"author":[{"embeddable":true,"href":"https:\/\/reveil-info.net\/index.php?rest_route=\/wp\/v2\/users\/1"}],"replies":[{"embeddable":true,"href":"https:\/\/reveil-info.net\/index.php?rest_route=%2Fwp%2Fv2%2Fcomments&post=36963"}],"version-history":[{"count":4,"href":"https:\/\/reveil-info.net\/index.php?rest_route=\/wp\/v2\/posts\/36963\/revisions"}],"predecessor-version":[{"id":36970,"href":"https:\/\/reveil-info.net\/index.php?rest_route=\/wp\/v2\/posts\/36963\/revisions\/36970"}],"wp:featuredmedia":[{"embeddable":true,"href":"https:\/\/reveil-info.net\/index.php?rest_route=\/wp\/v2\/media\/36969"}],"wp:attachment":[{"href":"https:\/\/reveil-info.net\/index.php?rest_route=%2Fwp%2Fv2%2Fmedia&parent=36963"}],"wp:term":[{"taxonomy":"category","embeddable":true,"href":"https:\/\/reveil-info.net\/index.php?rest_route=%2Fwp%2Fv2%2Fcategories&post=36963"},{"taxonomy":"post_tag","embeddable":true,"href":"https:\/\/reveil-info.net\/index.php?rest_route=%2Fwp%2Fv2%2Ftags&post=36963"}],"curies":[{"name":"wp","href":"https:\/\/api.w.org\/{rel}","templated":true}]}}