{"id":36948,"date":"2025-11-26T15:46:45","date_gmt":"2025-11-26T15:46:45","guid":{"rendered":"https:\/\/reveil-info.net\/?p=36948"},"modified":"2025-11-26T15:46:45","modified_gmt":"2025-11-26T15:46:45","slug":"journee-internationale-des-personnes-agees-jipa-lappel-du-premier-ministre-rimtalba","status":"publish","type":"post","link":"https:\/\/reveil-info.net\/?p=36948","title":{"rendered":"Journ\u00e9e internationale des personnes \u00e2g\u00e9es ( JIPA): l&rsquo;appel du premier ministre Rimtalba"},"content":{"rendered":"<p>\u200eLe Premier ministre, Rimtalba Jean Emmanuel Ou\u00e9draogo, a patronn\u00e9, ce mercredi 26 novembre 2025 \u00e0 Ouagadougou, la c\u00e9l\u00e9bration en diff\u00e9r\u00e9 de la 35\u1d49 Journ\u00e9e internationale des personnes \u00e2g\u00e9es (JIPA), coupl\u00e9e au 3\u1d49 Forum national des personnes \u00e2g\u00e9es du Burkina Faso, tenu la veille. Plusieurs membres du Gouvernement ainsi que des pr\u00e9sidents d\u2019institutions ont rehauss\u00e9 de leur pr\u00e9sence cette c\u00e9r\u00e9monie d\u00e9di\u00e9e aux seniors.<\/p>\n<p><img loading=\"lazy\" decoding=\"async\" class=\"alignnone size-full wp-image-36955\" src=\"https:\/\/reveil-info.net\/wp-content\/uploads\/2025\/11\/IMG-20251126-WA0079.jpg\" alt=\"\" width=\"2560\" height=\"1487\" srcset=\"https:\/\/reveil-info.net\/wp-content\/uploads\/2025\/11\/IMG-20251126-WA0079.jpg 2560w, https:\/\/reveil-info.net\/wp-content\/uploads\/2025\/11\/IMG-20251126-WA0079-300x174.jpg 300w, https:\/\/reveil-info.net\/wp-content\/uploads\/2025\/11\/IMG-20251126-WA0079-1024x595.jpg 1024w, https:\/\/reveil-info.net\/wp-content\/uploads\/2025\/11\/IMG-20251126-WA0079-768x446.jpg 768w, https:\/\/reveil-info.net\/wp-content\/uploads\/2025\/11\/IMG-20251126-WA0079-1536x892.jpg 1536w, https:\/\/reveil-info.net\/wp-content\/uploads\/2025\/11\/IMG-20251126-WA0079-2048x1190.jpg 2048w\" sizes=\"auto, (max-width: 2560px) 100vw, 2560px\" \/><br \/>\n\u200e<br \/>\n\u200ePlac\u00e9e sous le th\u00e8me : \u00ab Les m\u00e9canismes d\u2019inclusion \u00e9conomique et financi\u00e8re des personnes \u00e2g\u00e9es dans un contexte de crise s\u00e9curitaire et humanitaire au Burkina Faso \u00bb, cette comm\u00e9moration nationale, organis\u00e9e par le minist\u00e8re de l\u2019Action humanitaire et de la Solidarit\u00e9 nationale, vise \u00e0 renforcer la protection, la valorisation et la promotion des droits des personnes \u00e2g\u00e9es dans un contexte marqu\u00e9 par des d\u00e9fis s\u00e9curitaires, d\u00e9mographiques et sociaux majeurs.<\/p>\n<p><img loading=\"lazy\" decoding=\"async\" class=\"alignnone size-full wp-image-36957\" src=\"https:\/\/reveil-info.net\/wp-content\/uploads\/2025\/11\/IMG-20251126-WA0071.jpg\" alt=\"\" width=\"2560\" height=\"1756\" srcset=\"https:\/\/reveil-info.net\/wp-content\/uploads\/2025\/11\/IMG-20251126-WA0071.jpg 2560w, https:\/\/reveil-info.net\/wp-content\/uploads\/2025\/11\/IMG-20251126-WA0071-300x206.jpg 300w, https:\/\/reveil-info.net\/wp-content\/uploads\/2025\/11\/IMG-20251126-WA0071-1024x702.jpg 1024w, https:\/\/reveil-info.net\/wp-content\/uploads\/2025\/11\/IMG-20251126-WA0071-768x527.jpg 768w, https:\/\/reveil-info.net\/wp-content\/uploads\/2025\/11\/IMG-20251126-WA0071-1536x1054.jpg 1536w, https:\/\/reveil-info.net\/wp-content\/uploads\/2025\/11\/IMG-20251126-WA0071-2048x1405.jpg 2048w\" sizes=\"auto, (max-width: 2560px) 100vw, 2560px\" \/><br \/>\n\u200e<br \/>\n\u200e\u00c0 l\u2019issue de la c\u00e9r\u00e9monie, le Premier ministre a rappel\u00e9 l\u2019importance strat\u00e9gique que les plus hautes autorit\u00e9s accordent \u00e0 la place et au r\u00f4le des a\u00een\u00e9s dans la soci\u00e9t\u00e9 burkinab\u00e8. Il a indiqu\u00e9 que la pr\u00e9sence du Gouvernement t\u00e9moigne de la reconnaissance due aux seniors pour leur engagement et leur contribution d\u00e9terminante au d\u00e9veloppement national.<br \/>\n\u200e<br \/>\n\u200eMalgr\u00e9 les d\u00e9fis actuels, a-t-il soulign\u00e9, les personnes \u00e2g\u00e9es demeurent activement impliqu\u00e9es dans les efforts collectifs de s\u00e9curisation et de d\u00e9veloppement.<br \/>\n\u200e\u00ab Les seniors restent tr\u00e8s engag\u00e9s sur tous les chantiers (\u2026) Ils constituent une richesse pour notre pays \u00bb, a d\u00e9clar\u00e9 le Premier ministre, rappelant notamment l\u2019\u00e9change direct initi\u00e9 en 2023 entre le Chef de l\u2019\u00c9tat et les a\u00een\u00e9s.<\/p>\n<p><img loading=\"lazy\" decoding=\"async\" class=\"alignnone size-full wp-image-36958\" src=\"https:\/\/reveil-info.net\/wp-content\/uploads\/2025\/11\/IMG-20251126-WA0073.jpg\" alt=\"\" width=\"2560\" height=\"1638\" srcset=\"https:\/\/reveil-info.net\/wp-content\/uploads\/2025\/11\/IMG-20251126-WA0073.jpg 2560w, https:\/\/reveil-info.net\/wp-content\/uploads\/2025\/11\/IMG-20251126-WA0073-300x192.jpg 300w, https:\/\/reveil-info.net\/wp-content\/uploads\/2025\/11\/IMG-20251126-WA0073-1024x655.jpg 1024w, https:\/\/reveil-info.net\/wp-content\/uploads\/2025\/11\/IMG-20251126-WA0073-768x491.jpg 768w, https:\/\/reveil-info.net\/wp-content\/uploads\/2025\/11\/IMG-20251126-WA0073-1536x983.jpg 1536w, https:\/\/reveil-info.net\/wp-content\/uploads\/2025\/11\/IMG-20251126-WA0073-2048x1310.jpg 2048w\" sizes=\"auto, (max-width: 2560px) 100vw, 2560px\" \/><br \/>\n\u200e<br \/>\n\u200eRevenant sur les conclusions du 3\u1d49 Forum national des personnes \u00e2g\u00e9es, le Premier ministre a insist\u00e9 sur la n\u00e9cessit\u00e9 de b\u00e2tir un environnement r\u00e9ellement favorable \u00e0 la participation \u00e9conomique des seniors.<br \/>\n\u200e\u00ab Au-del\u00e0 du devoir de protection, il nous revient de mettre en place un cadre et un accompagnement adapt\u00e9s pour permettre \u00e0 nos seniors de demeurer des acteurs \u00e9conomiques \u00e0 part enti\u00e8re \u00bb, a-t-il indiqu\u00e9.<br \/>\n\u200e<br \/>\n\u200eIl a assur\u00e9 que les recommandations formul\u00e9es seront examin\u00e9es avec attention et traduites en mesures concr\u00e8tes. Elles concernent notamment :<br \/>\n\u200ela cr\u00e9ation d\u2019un fonds pour l\u2019entrepreneuriat senior ; le renforcement de la repr\u00e9sentation des personnes \u00e2g\u00e9es dans les instances de d\u00e9cision ; l\u2019op\u00e9rationnalisation du Centre de g\u00e9riatrie de Ouagadougou ; la construction du Centre de g\u00e9riatrie de Bobo-Dioulasso.<br \/>\n\u200e<br \/>\n\u200eLe Premier ministre a \u00e9galement rappel\u00e9 la responsabilit\u00e9 des familles et des communaut\u00e9s dans la pr\u00e9servation de la dignit\u00e9 des a\u00een\u00e9s.<br \/>\n\u200e\u00ab Abandonner un senior est contraire aux valeurs africaines, contraire aux valeurs du Burkindi et \u00e0 celles de la R\u00e9volution Progressiste Populaire (RPP) \u00bb, a-t-il martel\u00e9, insistant sur le caract\u00e8re collectif de la prise en charge des personnes \u00e2g\u00e9es.<br \/>\n\u200e<br \/>\n\u200eIl a enfin rappel\u00e9 que vieillir est une gr\u00e2ce et que chacun, si la vie le permet, deviendra un jour senior. D\u2019o\u00f9 la n\u00e9cessit\u00e9 de garantir aujourd\u2019hui les conditions d\u2019une vieillesse digne, s\u00e9curis\u00e9e et \u00e9panouie pour tous.<br \/>\n\u200e<br \/>\n\u200eDans son intervention, la ministre de l\u2019Action humanitaire et de la Solidarit\u00e9 nationale, le Commandant Passowend\u00e9 P\u00e9lagie Kabor\u00e9, a soulign\u00e9 que les personnes \u00e2g\u00e9es doivent \u00eatre non seulement prot\u00e9g\u00e9es, mais pleinement incluses dans la vie nationale, avec un acc\u00e8s effectif aux revenus, aux soins, aux loisirs, au soutien psychosocial et \u00e0 un accueil bienveillant dans les services publics.<br \/>\n\u200e<br \/>\n\u200eAvec la tenue conjointe de la 35\u1d49 JIPA et du 3\u1d49 Forum national, le Burkina Faso r\u00e9affirme ainsi sa volont\u00e9 de construire une soci\u00e9t\u00e9 plus inclusive, plus solidaire et respectueuse des droits de toutes les g\u00e9n\u00e9rations.<br \/>\n\u200e<br \/>\nDCRP Primature<\/p>\n","protected":false},"excerpt":{"rendered":"<p>\u200eLe Premier ministre, Rimtalba Jean Emmanuel Ou\u00e9draogo, a patronn\u00e9, ce mercredi 26 novembre 2025 \u00e0<\/p>\n","protected":false},"author":1,"featured_media":36953,"comment_status":"open","ping_status":"open","sticky":false,"template":"","format":"standard","meta":{"footnotes":""},"categories":[2],"tags":[],"class_list":["post-36948","post","type-post","status-publish","format-standard","has-post-thumbnail","hentry","category-actu"],"yoast_head":"<!-- This site is optimized with the Yoast SEO plugin v27.5 - https:\/\/yoast.com\/product\/yoast-seo-wordpress\/ -->\n<title>Journ\u00e9e internationale des personnes \u00e2g\u00e9es ( JIPA): l&#039;appel du premier ministre Rimtalba - R\u00e9veil Info<\/title>\n<meta name=\"robots\" content=\"noindex, follow, max-snippet:-1, max-image-preview:large, max-video-preview:-1\" \/>\n<meta property=\"og:locale\" content=\"fr_FR\" \/>\n<meta property=\"og:type\" content=\"article\" \/>\n<meta property=\"og:title\" content=\"Journ\u00e9e internationale des personnes \u00e2g\u00e9es ( JIPA): l&#039;appel du premier ministre Rimtalba - R\u00e9veil Info\" \/>\n<meta property=\"og:description\" content=\"\u200eLe Premier ministre, Rimtalba Jean Emmanuel Ou\u00e9draogo, a patronn\u00e9, ce mercredi 26 novembre 2025 \u00e0\" \/>\n<meta property=\"og:url\" content=\"https:\/\/reveil-info.net\/?p=36948\" \/>\n<meta property=\"og:site_name\" content=\"R\u00e9veil Info\" \/>\n<meta property=\"article:published_time\" content=\"2025-11-26T15:46:45+00:00\" \/>\n<meta property=\"og:image\" content=\"https:\/\/reveil-info.net\/wp-content\/uploads\/2025\/11\/IMG-20251126-WA0069.jpg\" \/>\n\t<meta property=\"og:image:width\" content=\"2560\" \/>\n\t<meta property=\"og:image:height\" content=\"1731\" \/>\n\t<meta property=\"og:image:type\" content=\"image\/jpeg\" \/>\n<meta name=\"author\" content=\"R\u00e9veil info\" \/>\n<meta name=\"twitter:card\" content=\"summary_large_image\" \/>\n<meta name=\"twitter:label1\" content=\"\u00c9crit par\" \/>\n\t<meta name=\"twitter:data1\" content=\"R\u00e9veil info\" \/>\n\t<meta name=\"twitter:label2\" content=\"Dur\u00e9e de lecture estim\u00e9e\" \/>\n\t<meta name=\"twitter:data2\" content=\"4 minutes\" \/>\n<script type=\"application\/ld+json\" class=\"yoast-schema-graph\">{\"@context\":\"https:\\\/\\\/schema.org\",\"@graph\":[{\"@type\":\"Article\",\"@id\":\"https:\\\/\\\/reveil-info.net\\\/?p=36948#article\",\"isPartOf\":{\"@id\":\"https:\\\/\\\/reveil-info.net\\\/?p=36948\"},\"author\":{\"name\":\"R\u00e9veil info\",\"@id\":\"https:\\\/\\\/reveil-info.net\\\/#\\\/schema\\\/person\\\/ca0cc8e70088e0a2b5e92556c1ee60f5\"},\"headline\":\"Journ\u00e9e internationale des personnes \u00e2g\u00e9es ( JIPA): l&rsquo;appel du premier ministre Rimtalba\",\"datePublished\":\"2025-11-26T15:46:45+00:00\",\"mainEntityOfPage\":{\"@id\":\"https:\\\/\\\/reveil-info.net\\\/?p=36948\"},\"wordCount\":645,\"commentCount\":0,\"publisher\":{\"@id\":\"https:\\\/\\\/reveil-info.net\\\/#organization\"},\"image\":{\"@id\":\"https:\\\/\\\/reveil-info.net\\\/?p=36948#primaryimage\"},\"thumbnailUrl\":\"https:\\\/\\\/reveil-info.net\\\/wp-content\\\/uploads\\\/2025\\\/11\\\/IMG-20251126-WA0069.jpg\",\"articleSection\":[\"Actualit\u00e9\"],\"inLanguage\":\"fr-FR\",\"potentialAction\":[{\"@type\":\"CommentAction\",\"name\":\"Comment\",\"target\":[\"https:\\\/\\\/reveil-info.net\\\/?p=36948#respond\"]}]},{\"@type\":\"WebPage\",\"@id\":\"https:\\\/\\\/reveil-info.net\\\/?p=36948\",\"url\":\"https:\\\/\\\/reveil-info.net\\\/?p=36948\",\"name\":\"Journ\u00e9e internationale des personnes \u00e2g\u00e9es ( JIPA): l'appel du premier ministre Rimtalba - R\u00e9veil Info\",\"isPartOf\":{\"@id\":\"https:\\\/\\\/reveil-info.net\\\/#website\"},\"primaryImageOfPage\":{\"@id\":\"https:\\\/\\\/reveil-info.net\\\/?p=36948#primaryimage\"},\"image\":{\"@id\":\"https:\\\/\\\/reveil-info.net\\\/?p=36948#primaryimage\"},\"thumbnailUrl\":\"https:\\\/\\\/reveil-info.net\\\/wp-content\\\/uploads\\\/2025\\\/11\\\/IMG-20251126-WA0069.jpg\",\"datePublished\":\"2025-11-26T15:46:45+00:00\",\"breadcrumb\":{\"@id\":\"https:\\\/\\\/reveil-info.net\\\/?p=36948#breadcrumb\"},\"inLanguage\":\"fr-FR\",\"potentialAction\":[{\"@type\":\"ReadAction\",\"target\":[\"https:\\\/\\\/reveil-info.net\\\/?p=36948\"]}]},{\"@type\":\"ImageObject\",\"inLanguage\":\"fr-FR\",\"@id\":\"https:\\\/\\\/reveil-info.net\\\/?p=36948#primaryimage\",\"url\":\"https:\\\/\\\/reveil-info.net\\\/wp-content\\\/uploads\\\/2025\\\/11\\\/IMG-20251126-WA0069.jpg\",\"contentUrl\":\"https:\\\/\\\/reveil-info.net\\\/wp-content\\\/uploads\\\/2025\\\/11\\\/IMG-20251126-WA0069.jpg\",\"width\":2560,\"height\":1731},{\"@type\":\"BreadcrumbList\",\"@id\":\"https:\\\/\\\/reveil-info.net\\\/?p=36948#breadcrumb\",\"itemListElement\":[{\"@type\":\"ListItem\",\"position\":1,\"name\":\"Home\",\"item\":\"https:\\\/\\\/reveil-info.net\\\/\"},{\"@type\":\"ListItem\",\"position\":2,\"name\":\"Journ\u00e9e internationale des personnes \u00e2g\u00e9es ( JIPA): l&rsquo;appel du premier ministre Rimtalba\"}]},{\"@type\":\"WebSite\",\"@id\":\"https:\\\/\\\/reveil-info.net\\\/#website\",\"url\":\"https:\\\/\\\/reveil-info.net\\\/\",\"name\":\"R\u00e9veil Info\",\"description\":\"Le devoir d&#039;informer!\",\"publisher\":{\"@id\":\"https:\\\/\\\/reveil-info.net\\\/#organization\"},\"potentialAction\":[{\"@type\":\"SearchAction\",\"target\":{\"@type\":\"EntryPoint\",\"urlTemplate\":\"https:\\\/\\\/reveil-info.net\\\/?s={search_term_string}\"},\"query-input\":{\"@type\":\"PropertyValueSpecification\",\"valueRequired\":true,\"valueName\":\"search_term_string\"}}],\"inLanguage\":\"fr-FR\"},{\"@type\":\"Organization\",\"@id\":\"https:\\\/\\\/reveil-info.net\\\/#organization\",\"name\":\"R\u00e9veil Info\",\"url\":\"https:\\\/\\\/reveil-info.net\\\/\",\"logo\":{\"@type\":\"ImageObject\",\"inLanguage\":\"fr-FR\",\"@id\":\"https:\\\/\\\/reveil-info.net\\\/#\\\/schema\\\/logo\\\/image\\\/\",\"url\":\"https:\\\/\\\/reveil-info.net\\\/wp-content\\\/uploads\\\/2024\\\/07\\\/bnddd1.jpg\",\"contentUrl\":\"https:\\\/\\\/reveil-info.net\\\/wp-content\\\/uploads\\\/2024\\\/07\\\/bnddd1.jpg\",\"width\":903,\"height\":125,\"caption\":\"R\u00e9veil Info\"},\"image\":{\"@id\":\"https:\\\/\\\/reveil-info.net\\\/#\\\/schema\\\/logo\\\/image\\\/\"}},{\"@type\":\"Person\",\"@id\":\"https:\\\/\\\/reveil-info.net\\\/#\\\/schema\\\/person\\\/ca0cc8e70088e0a2b5e92556c1ee60f5\",\"name\":\"R\u00e9veil info\",\"image\":{\"@type\":\"ImageObject\",\"inLanguage\":\"fr-FR\",\"@id\":\"https:\\\/\\\/secure.gravatar.com\\\/avatar\\\/e4ad5bb743c8b6cb174d9df6c7d30a8a16f6889731241345fc6444e6485f02af?s=96&d=mm&r=g\",\"url\":\"https:\\\/\\\/secure.gravatar.com\\\/avatar\\\/e4ad5bb743c8b6cb174d9df6c7d30a8a16f6889731241345fc6444e6485f02af?s=96&d=mm&r=g\",\"contentUrl\":\"https:\\\/\\\/secure.gravatar.com\\\/avatar\\\/e4ad5bb743c8b6cb174d9df6c7d30a8a16f6889731241345fc6444e6485f02af?s=96&d=mm&r=g\",\"caption\":\"R\u00e9veil info\"},\"sameAs\":[\"https:\\\/\\\/reveil-info.net\"],\"url\":\"https:\\\/\\\/reveil-info.net\\\/?author=1\"}]}<\/script>\n<!-- \/ Yoast SEO plugin. -->","yoast_head_json":{"title":"Journ\u00e9e internationale des personnes \u00e2g\u00e9es ( JIPA): l'appel du premier ministre Rimtalba - R\u00e9veil Info","robots":{"index":"noindex","follow":"follow","max-snippet":"max-snippet:-1","max-image-preview":"max-image-preview:large","max-video-preview":"max-video-preview:-1"},"og_locale":"fr_FR","og_type":"article","og_title":"Journ\u00e9e internationale des personnes \u00e2g\u00e9es ( JIPA): l'appel du premier ministre Rimtalba - R\u00e9veil Info","og_description":"\u200eLe Premier ministre, Rimtalba Jean Emmanuel Ou\u00e9draogo, a patronn\u00e9, ce mercredi 26 novembre 2025 \u00e0","og_url":"https:\/\/reveil-info.net\/?p=36948","og_site_name":"R\u00e9veil Info","article_published_time":"2025-11-26T15:46:45+00:00","og_image":[{"width":2560,"height":1731,"url":"https:\/\/reveil-info.net\/wp-content\/uploads\/2025\/11\/IMG-20251126-WA0069.jpg","type":"image\/jpeg"}],"author":"R\u00e9veil info","twitter_card":"summary_large_image","twitter_misc":{"\u00c9crit par":"R\u00e9veil info","Dur\u00e9e de lecture estim\u00e9e":"4 minutes"},"schema":{"@context":"https:\/\/schema.org","@graph":[{"@type":"Article","@id":"https:\/\/reveil-info.net\/?p=36948#article","isPartOf":{"@id":"https:\/\/reveil-info.net\/?p=36948"},"author":{"name":"R\u00e9veil info","@id":"https:\/\/reveil-info.net\/#\/schema\/person\/ca0cc8e70088e0a2b5e92556c1ee60f5"},"headline":"Journ\u00e9e internationale des personnes \u00e2g\u00e9es ( JIPA): l&rsquo;appel du premier ministre Rimtalba","datePublished":"2025-11-26T15:46:45+00:00","mainEntityOfPage":{"@id":"https:\/\/reveil-info.net\/?p=36948"},"wordCount":645,"commentCount":0,"publisher":{"@id":"https:\/\/reveil-info.net\/#organization"},"image":{"@id":"https:\/\/reveil-info.net\/?p=36948#primaryimage"},"thumbnailUrl":"https:\/\/reveil-info.net\/wp-content\/uploads\/2025\/11\/IMG-20251126-WA0069.jpg","articleSection":["Actualit\u00e9"],"inLanguage":"fr-FR","potentialAction":[{"@type":"CommentAction","name":"Comment","target":["https:\/\/reveil-info.net\/?p=36948#respond"]}]},{"@type":"WebPage","@id":"https:\/\/reveil-info.net\/?p=36948","url":"https:\/\/reveil-info.net\/?p=36948","name":"Journ\u00e9e internationale des personnes \u00e2g\u00e9es ( JIPA): l'appel du premier ministre Rimtalba - R\u00e9veil Info","isPartOf":{"@id":"https:\/\/reveil-info.net\/#website"},"primaryImageOfPage":{"@id":"https:\/\/reveil-info.net\/?p=36948#primaryimage"},"image":{"@id":"https:\/\/reveil-info.net\/?p=36948#primaryimage"},"thumbnailUrl":"https:\/\/reveil-info.net\/wp-content\/uploads\/2025\/11\/IMG-20251126-WA0069.jpg","datePublished":"2025-11-26T15:46:45+00:00","breadcrumb":{"@id":"https:\/\/reveil-info.net\/?p=36948#breadcrumb"},"inLanguage":"fr-FR","potentialAction":[{"@type":"ReadAction","target":["https:\/\/reveil-info.net\/?p=36948"]}]},{"@type":"ImageObject","inLanguage":"fr-FR","@id":"https:\/\/reveil-info.net\/?p=36948#primaryimage","url":"https:\/\/reveil-info.net\/wp-content\/uploads\/2025\/11\/IMG-20251126-WA0069.jpg","contentUrl":"https:\/\/reveil-info.net\/wp-content\/uploads\/2025\/11\/IMG-20251126-WA0069.jpg","width":2560,"height":1731},{"@type":"BreadcrumbList","@id":"https:\/\/reveil-info.net\/?p=36948#breadcrumb","itemListElement":[{"@type":"ListItem","position":1,"name":"Home","item":"https:\/\/reveil-info.net\/"},{"@type":"ListItem","position":2,"name":"Journ\u00e9e internationale des personnes \u00e2g\u00e9es ( JIPA): l&rsquo;appel du premier ministre Rimtalba"}]},{"@type":"WebSite","@id":"https:\/\/reveil-info.net\/#website","url":"https:\/\/reveil-info.net\/","name":"R\u00e9veil Info","description":"Le devoir d&#039;informer!","publisher":{"@id":"https:\/\/reveil-info.net\/#organization"},"potentialAction":[{"@type":"SearchAction","target":{"@type":"EntryPoint","urlTemplate":"https:\/\/reveil-info.net\/?s={search_term_string}"},"query-input":{"@type":"PropertyValueSpecification","valueRequired":true,"valueName":"search_term_string"}}],"inLanguage":"fr-FR"},{"@type":"Organization","@id":"https:\/\/reveil-info.net\/#organization","name":"R\u00e9veil Info","url":"https:\/\/reveil-info.net\/","logo":{"@type":"ImageObject","inLanguage":"fr-FR","@id":"https:\/\/reveil-info.net\/#\/schema\/logo\/image\/","url":"https:\/\/reveil-info.net\/wp-content\/uploads\/2024\/07\/bnddd1.jpg","contentUrl":"https:\/\/reveil-info.net\/wp-content\/uploads\/2024\/07\/bnddd1.jpg","width":903,"height":125,"caption":"R\u00e9veil Info"},"image":{"@id":"https:\/\/reveil-info.net\/#\/schema\/logo\/image\/"}},{"@type":"Person","@id":"https:\/\/reveil-info.net\/#\/schema\/person\/ca0cc8e70088e0a2b5e92556c1ee60f5","name":"R\u00e9veil info","image":{"@type":"ImageObject","inLanguage":"fr-FR","@id":"https:\/\/secure.gravatar.com\/avatar\/e4ad5bb743c8b6cb174d9df6c7d30a8a16f6889731241345fc6444e6485f02af?s=96&d=mm&r=g","url":"https:\/\/secure.gravatar.com\/avatar\/e4ad5bb743c8b6cb174d9df6c7d30a8a16f6889731241345fc6444e6485f02af?s=96&d=mm&r=g","contentUrl":"https:\/\/secure.gravatar.com\/avatar\/e4ad5bb743c8b6cb174d9df6c7d30a8a16f6889731241345fc6444e6485f02af?s=96&d=mm&r=g","caption":"R\u00e9veil info"},"sameAs":["https:\/\/reveil-info.net"],"url":"https:\/\/reveil-info.net\/?author=1"}]}},"jetpack_featured_media_url":"https:\/\/reveil-info.net\/wp-content\/uploads\/2025\/11\/IMG-20251126-WA0069.jpg","featured_image_urls":{"full":["https:\/\/reveil-info.net\/wp-content\/uploads\/2025\/11\/IMG-20251126-WA0069.jpg",2560,1731,false],"thumbnail":["https:\/\/reveil-info.net\/wp-content\/uploads\/2025\/11\/IMG-20251126-WA0069-150x150.jpg",150,150,true],"medium":["https:\/\/reveil-info.net\/wp-content\/uploads\/2025\/11\/IMG-20251126-WA0069-300x203.jpg",300,203,true],"medium_large":["https:\/\/reveil-info.net\/wp-content\/uploads\/2025\/11\/IMG-20251126-WA0069-768x519.jpg",640,433,true],"large":["https:\/\/reveil-info.net\/wp-content\/uploads\/2025\/11\/IMG-20251126-WA0069-1024x692.jpg",640,433,true],"1536x1536":["https:\/\/reveil-info.net\/wp-content\/uploads\/2025\/11\/IMG-20251126-WA0069-1536x1039.jpg",1536,1039,true],"2048x2048":["https:\/\/reveil-info.net\/wp-content\/uploads\/2025\/11\/IMG-20251126-WA0069-2048x1385.jpg",2048,1385,true],"chromenews-featured":["https:\/\/reveil-info.net\/wp-content\/uploads\/2025\/11\/IMG-20251126-WA0069-1024x692.jpg",1024,692,true],"chromenews-large":["https:\/\/reveil-info.net\/wp-content\/uploads\/2025\/11\/IMG-20251126-WA0069-825x575.jpg",825,575,true],"chromenews-medium":["https:\/\/reveil-info.net\/wp-content\/uploads\/2025\/11\/IMG-20251126-WA0069-590x410.jpg",590,410,true]},"author_info":{"display_name":"R\u00e9veil info","author_link":"https:\/\/reveil-info.net\/?author=1"},"category_info":"<a href=\"https:\/\/reveil-info.net\/?cat=2\" rel=\"category\">Actualit\u00e9<\/a>","tag_info":"Actualit\u00e9","comment_count":"0","_links":{"self":[{"href":"https:\/\/reveil-info.net\/index.php?rest_route=\/wp\/v2\/posts\/36948","targetHints":{"allow":["GET"]}}],"collection":[{"href":"https:\/\/reveil-info.net\/index.php?rest_route=\/wp\/v2\/posts"}],"about":[{"href":"https:\/\/reveil-info.net\/index.php?rest_route=\/wp\/v2\/types\/post"}],"author":[{"embeddable":true,"href":"https:\/\/reveil-info.net\/index.php?rest_route=\/wp\/v2\/users\/1"}],"replies":[{"embeddable":true,"href":"https:\/\/reveil-info.net\/index.php?rest_route=%2Fwp%2Fv2%2Fcomments&post=36948"}],"version-history":[{"count":7,"href":"https:\/\/reveil-info.net\/index.php?rest_route=\/wp\/v2\/posts\/36948\/revisions"}],"predecessor-version":[{"id":36960,"href":"https:\/\/reveil-info.net\/index.php?rest_route=\/wp\/v2\/posts\/36948\/revisions\/36960"}],"wp:featuredmedia":[{"embeddable":true,"href":"https:\/\/reveil-info.net\/index.php?rest_route=\/wp\/v2\/media\/36953"}],"wp:attachment":[{"href":"https:\/\/reveil-info.net\/index.php?rest_route=%2Fwp%2Fv2%2Fmedia&parent=36948"}],"wp:term":[{"taxonomy":"category","embeddable":true,"href":"https:\/\/reveil-info.net\/index.php?rest_route=%2Fwp%2Fv2%2Fcategories&post=36948"},{"taxonomy":"post_tag","embeddable":true,"href":"https:\/\/reveil-info.net\/index.php?rest_route=%2Fwp%2Fv2%2Ftags&post=36948"}],"curies":[{"name":"wp","href":"https:\/\/api.w.org\/{rel}","templated":true}]}}