{"id":36918,"date":"2025-11-26T12:27:27","date_gmt":"2025-11-26T12:27:27","guid":{"rendered":"https:\/\/reveil-info.net\/?p=36918"},"modified":"2025-11-26T12:27:27","modified_gmt":"2025-11-26T12:27:27","slug":"dakar-lambassadrice-de-la-finlande-chez-lambassadeur-maiga","status":"publish","type":"post","link":"https:\/\/reveil-info.net\/?p=36918","title":{"rendered":"Dakar : l&rsquo;ambassadrice de la Finlande chez l&rsquo;ambassadeur Ma\u00efga"},"content":{"rendered":"<p>Visite de courtoisie de l\u2019Ambassadrice de la Finlande<\/p>\n<p>Le mardi 25 novembre 2025, Son Excellence Monsieur Sa\u00efdou MA\u00cfGA, Ambassadeur du Burkina Faso au S\u00e9n\u00e9gal, a eu l\u2019honneur de recevoir en visite de courtoisie Son Excellence Madame Katja AHLFORS, Ambassadrice de la Finlande au S\u00e9n\u00e9gal.<\/p>\n<p><img loading=\"lazy\" decoding=\"async\" class=\"alignnone size-full wp-image-36922\" src=\"https:\/\/reveil-info.net\/wp-content\/uploads\/2025\/11\/FB_IMG_17641596638202257.jpg\" alt=\"\" width=\"720\" height=\"646\" srcset=\"https:\/\/reveil-info.net\/wp-content\/uploads\/2025\/11\/FB_IMG_17641596638202257.jpg 720w, https:\/\/reveil-info.net\/wp-content\/uploads\/2025\/11\/FB_IMG_17641596638202257-300x269.jpg 300w\" sizes=\"auto, (max-width: 720px) 100vw, 720px\" \/><\/p>\n<p>Cette rencontre empreinte de cordialit\u00e9 a permis \u00e0 SEM Katja AHLFORS de se pr\u00e9senter officiellement et d\u2019\u00e9changer avec l\u2019Ambassadeur sur l\u2019histoire, les particularit\u00e9s et les fondements politiques et sociaux de la Finlande.<br \/>\nEn retour, SEM Sa\u00efdou MA\u00cfGA a pr\u00e9sent\u00e9 un aper\u00e7u de la situation politique et s\u00e9curitaire du Burkina Faso, ainsi que les priorit\u00e9s nationales et les dynamiques institutionnelles en cours.<\/p>\n<p><img loading=\"lazy\" decoding=\"async\" class=\"alignnone size-full wp-image-36923\" src=\"https:\/\/reveil-info.net\/wp-content\/uploads\/2025\/11\/FB_IMG_17641596723074735.jpg\" alt=\"\" width=\"720\" height=\"908\" srcset=\"https:\/\/reveil-info.net\/wp-content\/uploads\/2025\/11\/FB_IMG_17641596723074735.jpg 720w, https:\/\/reveil-info.net\/wp-content\/uploads\/2025\/11\/FB_IMG_17641596723074735-238x300.jpg 238w\" sizes=\"auto, (max-width: 720px) 100vw, 720px\" \/><br \/>\nLes \u00e9changes ont port\u00e9 sur plusieurs sujets d\u2019int\u00e9r\u00eat commun, notamment les perspectives de coop\u00e9ration bilat\u00e9rale et les enjeux r\u00e9gionaux. \u00c0 l\u2019issue de la rencontre, l\u2019Ambassadrice AHLFORS a adress\u00e9 des mots d\u2019encouragement et formul\u00e9 le v\u0153u d\u2019un retour durable de la paix au Burkina Faso et dans l\u2019ensemble de la sous-r\u00e9gion.<\/p>\n<p>En cl\u00f4turant la s\u00e9ance, SEM Sa\u00efdou MA\u00cfGA a r\u00e9affirm\u00e9 sa disponibilit\u00e9 \u00e0 renforcer les liens entre les deux pays et \u00e0 partager, en tout temps, les informations utiles sur le Burkina Faso.<\/p>\n<p>Source : ambassade du Burkina au S\u00e9n\u00e9gal<\/p>\n","protected":false},"excerpt":{"rendered":"<p>Visite de courtoisie de l\u2019Ambassadrice de la Finlande Le mardi 25 novembre 2025, Son Excellence<\/p>\n","protected":false},"author":1,"featured_media":36920,"comment_status":"open","ping_status":"open","sticky":false,"template":"","format":"standard","meta":{"footnotes":""},"categories":[41],"tags":[],"class_list":["post-36918","post","type-post","status-publish","format-standard","has-post-thumbnail","hentry","category-news-de-la-diaspora"],"yoast_head":"<!-- This site is optimized with the Yoast SEO plugin v27.5 - https:\/\/yoast.com\/product\/yoast-seo-wordpress\/ -->\n<title>Dakar : l&#039;ambassadrice de la Finlande chez l&#039;ambassadeur Ma\u00efga - R\u00e9veil Info<\/title>\n<meta name=\"robots\" content=\"noindex, follow, max-snippet:-1, max-image-preview:large, max-video-preview:-1\" \/>\n<meta property=\"og:locale\" content=\"fr_FR\" \/>\n<meta property=\"og:type\" content=\"article\" \/>\n<meta property=\"og:title\" content=\"Dakar : l&#039;ambassadrice de la Finlande chez l&#039;ambassadeur Ma\u00efga - R\u00e9veil Info\" \/>\n<meta property=\"og:description\" content=\"Visite de courtoisie de l\u2019Ambassadrice de la Finlande Le mardi 25 novembre 2025, Son Excellence\" \/>\n<meta property=\"og:url\" content=\"https:\/\/reveil-info.net\/?p=36918\" \/>\n<meta property=\"og:site_name\" content=\"R\u00e9veil Info\" \/>\n<meta property=\"article:published_time\" content=\"2025-11-26T12:27:27+00:00\" \/>\n<meta property=\"og:image\" content=\"https:\/\/reveil-info.net\/wp-content\/uploads\/2025\/11\/FB_IMG_17641596687603980.jpg\" \/>\n\t<meta property=\"og:image:width\" content=\"720\" \/>\n\t<meta property=\"og:image:height\" content=\"795\" \/>\n\t<meta property=\"og:image:type\" content=\"image\/jpeg\" \/>\n<meta name=\"author\" content=\"R\u00e9veil info\" \/>\n<meta name=\"twitter:card\" content=\"summary_large_image\" \/>\n<meta name=\"twitter:label1\" content=\"\u00c9crit par\" \/>\n\t<meta name=\"twitter:data1\" content=\"R\u00e9veil info\" \/>\n\t<meta name=\"twitter:label2\" content=\"Dur\u00e9e de lecture estim\u00e9e\" \/>\n\t<meta name=\"twitter:data2\" content=\"2 minutes\" \/>\n<script type=\"application\/ld+json\" class=\"yoast-schema-graph\">{\"@context\":\"https:\\\/\\\/schema.org\",\"@graph\":[{\"@type\":\"Article\",\"@id\":\"https:\\\/\\\/reveil-info.net\\\/?p=36918#article\",\"isPartOf\":{\"@id\":\"https:\\\/\\\/reveil-info.net\\\/?p=36918\"},\"author\":{\"name\":\"R\u00e9veil info\",\"@id\":\"https:\\\/\\\/reveil-info.net\\\/#\\\/schema\\\/person\\\/ca0cc8e70088e0a2b5e92556c1ee60f5\"},\"headline\":\"Dakar : l&rsquo;ambassadrice de la Finlande chez l&rsquo;ambassadeur Ma\u00efga\",\"datePublished\":\"2025-11-26T12:27:27+00:00\",\"mainEntityOfPage\":{\"@id\":\"https:\\\/\\\/reveil-info.net\\\/?p=36918\"},\"wordCount\":237,\"commentCount\":0,\"publisher\":{\"@id\":\"https:\\\/\\\/reveil-info.net\\\/#organization\"},\"image\":{\"@id\":\"https:\\\/\\\/reveil-info.net\\\/?p=36918#primaryimage\"},\"thumbnailUrl\":\"https:\\\/\\\/reveil-info.net\\\/wp-content\\\/uploads\\\/2025\\\/11\\\/FB_IMG_17641596687603980.jpg\",\"articleSection\":[\"NEWS DE LA DIASPORA\"],\"inLanguage\":\"fr-FR\",\"potentialAction\":[{\"@type\":\"CommentAction\",\"name\":\"Comment\",\"target\":[\"https:\\\/\\\/reveil-info.net\\\/?p=36918#respond\"]}]},{\"@type\":\"WebPage\",\"@id\":\"https:\\\/\\\/reveil-info.net\\\/?p=36918\",\"url\":\"https:\\\/\\\/reveil-info.net\\\/?p=36918\",\"name\":\"Dakar : l'ambassadrice de la Finlande chez l'ambassadeur Ma\u00efga - R\u00e9veil Info\",\"isPartOf\":{\"@id\":\"https:\\\/\\\/reveil-info.net\\\/#website\"},\"primaryImageOfPage\":{\"@id\":\"https:\\\/\\\/reveil-info.net\\\/?p=36918#primaryimage\"},\"image\":{\"@id\":\"https:\\\/\\\/reveil-info.net\\\/?p=36918#primaryimage\"},\"thumbnailUrl\":\"https:\\\/\\\/reveil-info.net\\\/wp-content\\\/uploads\\\/2025\\\/11\\\/FB_IMG_17641596687603980.jpg\",\"datePublished\":\"2025-11-26T12:27:27+00:00\",\"breadcrumb\":{\"@id\":\"https:\\\/\\\/reveil-info.net\\\/?p=36918#breadcrumb\"},\"inLanguage\":\"fr-FR\",\"potentialAction\":[{\"@type\":\"ReadAction\",\"target\":[\"https:\\\/\\\/reveil-info.net\\\/?p=36918\"]}]},{\"@type\":\"ImageObject\",\"inLanguage\":\"fr-FR\",\"@id\":\"https:\\\/\\\/reveil-info.net\\\/?p=36918#primaryimage\",\"url\":\"https:\\\/\\\/reveil-info.net\\\/wp-content\\\/uploads\\\/2025\\\/11\\\/FB_IMG_17641596687603980.jpg\",\"contentUrl\":\"https:\\\/\\\/reveil-info.net\\\/wp-content\\\/uploads\\\/2025\\\/11\\\/FB_IMG_17641596687603980.jpg\",\"width\":720,\"height\":795},{\"@type\":\"BreadcrumbList\",\"@id\":\"https:\\\/\\\/reveil-info.net\\\/?p=36918#breadcrumb\",\"itemListElement\":[{\"@type\":\"ListItem\",\"position\":1,\"name\":\"Home\",\"item\":\"https:\\\/\\\/reveil-info.net\\\/\"},{\"@type\":\"ListItem\",\"position\":2,\"name\":\"Dakar : l&rsquo;ambassadrice de la Finlande chez l&rsquo;ambassadeur Ma\u00efga\"}]},{\"@type\":\"WebSite\",\"@id\":\"https:\\\/\\\/reveil-info.net\\\/#website\",\"url\":\"https:\\\/\\\/reveil-info.net\\\/\",\"name\":\"R\u00e9veil Info\",\"description\":\"Le devoir d&#039;informer!\",\"publisher\":{\"@id\":\"https:\\\/\\\/reveil-info.net\\\/#organization\"},\"potentialAction\":[{\"@type\":\"SearchAction\",\"target\":{\"@type\":\"EntryPoint\",\"urlTemplate\":\"https:\\\/\\\/reveil-info.net\\\/?s={search_term_string}\"},\"query-input\":{\"@type\":\"PropertyValueSpecification\",\"valueRequired\":true,\"valueName\":\"search_term_string\"}}],\"inLanguage\":\"fr-FR\"},{\"@type\":\"Organization\",\"@id\":\"https:\\\/\\\/reveil-info.net\\\/#organization\",\"name\":\"R\u00e9veil Info\",\"url\":\"https:\\\/\\\/reveil-info.net\\\/\",\"logo\":{\"@type\":\"ImageObject\",\"inLanguage\":\"fr-FR\",\"@id\":\"https:\\\/\\\/reveil-info.net\\\/#\\\/schema\\\/logo\\\/image\\\/\",\"url\":\"https:\\\/\\\/reveil-info.net\\\/wp-content\\\/uploads\\\/2024\\\/07\\\/bnddd1.jpg\",\"contentUrl\":\"https:\\\/\\\/reveil-info.net\\\/wp-content\\\/uploads\\\/2024\\\/07\\\/bnddd1.jpg\",\"width\":903,\"height\":125,\"caption\":\"R\u00e9veil Info\"},\"image\":{\"@id\":\"https:\\\/\\\/reveil-info.net\\\/#\\\/schema\\\/logo\\\/image\\\/\"}},{\"@type\":\"Person\",\"@id\":\"https:\\\/\\\/reveil-info.net\\\/#\\\/schema\\\/person\\\/ca0cc8e70088e0a2b5e92556c1ee60f5\",\"name\":\"R\u00e9veil info\",\"image\":{\"@type\":\"ImageObject\",\"inLanguage\":\"fr-FR\",\"@id\":\"https:\\\/\\\/secure.gravatar.com\\\/avatar\\\/e4ad5bb743c8b6cb174d9df6c7d30a8a16f6889731241345fc6444e6485f02af?s=96&d=mm&r=g\",\"url\":\"https:\\\/\\\/secure.gravatar.com\\\/avatar\\\/e4ad5bb743c8b6cb174d9df6c7d30a8a16f6889731241345fc6444e6485f02af?s=96&d=mm&r=g\",\"contentUrl\":\"https:\\\/\\\/secure.gravatar.com\\\/avatar\\\/e4ad5bb743c8b6cb174d9df6c7d30a8a16f6889731241345fc6444e6485f02af?s=96&d=mm&r=g\",\"caption\":\"R\u00e9veil info\"},\"sameAs\":[\"https:\\\/\\\/reveil-info.net\"],\"url\":\"https:\\\/\\\/reveil-info.net\\\/?author=1\"}]}<\/script>\n<!-- \/ Yoast SEO plugin. -->","yoast_head_json":{"title":"Dakar : l'ambassadrice de la Finlande chez l'ambassadeur Ma\u00efga - R\u00e9veil Info","robots":{"index":"noindex","follow":"follow","max-snippet":"max-snippet:-1","max-image-preview":"max-image-preview:large","max-video-preview":"max-video-preview:-1"},"og_locale":"fr_FR","og_type":"article","og_title":"Dakar : l'ambassadrice de la Finlande chez l'ambassadeur Ma\u00efga - R\u00e9veil Info","og_description":"Visite de courtoisie de l\u2019Ambassadrice de la Finlande Le mardi 25 novembre 2025, Son Excellence","og_url":"https:\/\/reveil-info.net\/?p=36918","og_site_name":"R\u00e9veil Info","article_published_time":"2025-11-26T12:27:27+00:00","og_image":[{"width":720,"height":795,"url":"https:\/\/reveil-info.net\/wp-content\/uploads\/2025\/11\/FB_IMG_17641596687603980.jpg","type":"image\/jpeg"}],"author":"R\u00e9veil info","twitter_card":"summary_large_image","twitter_misc":{"\u00c9crit par":"R\u00e9veil info","Dur\u00e9e de lecture estim\u00e9e":"2 minutes"},"schema":{"@context":"https:\/\/schema.org","@graph":[{"@type":"Article","@id":"https:\/\/reveil-info.net\/?p=36918#article","isPartOf":{"@id":"https:\/\/reveil-info.net\/?p=36918"},"author":{"name":"R\u00e9veil info","@id":"https:\/\/reveil-info.net\/#\/schema\/person\/ca0cc8e70088e0a2b5e92556c1ee60f5"},"headline":"Dakar : l&rsquo;ambassadrice de la Finlande chez l&rsquo;ambassadeur Ma\u00efga","datePublished":"2025-11-26T12:27:27+00:00","mainEntityOfPage":{"@id":"https:\/\/reveil-info.net\/?p=36918"},"wordCount":237,"commentCount":0,"publisher":{"@id":"https:\/\/reveil-info.net\/#organization"},"image":{"@id":"https:\/\/reveil-info.net\/?p=36918#primaryimage"},"thumbnailUrl":"https:\/\/reveil-info.net\/wp-content\/uploads\/2025\/11\/FB_IMG_17641596687603980.jpg","articleSection":["NEWS DE LA DIASPORA"],"inLanguage":"fr-FR","potentialAction":[{"@type":"CommentAction","name":"Comment","target":["https:\/\/reveil-info.net\/?p=36918#respond"]}]},{"@type":"WebPage","@id":"https:\/\/reveil-info.net\/?p=36918","url":"https:\/\/reveil-info.net\/?p=36918","name":"Dakar : l'ambassadrice de la Finlande chez l'ambassadeur Ma\u00efga - R\u00e9veil Info","isPartOf":{"@id":"https:\/\/reveil-info.net\/#website"},"primaryImageOfPage":{"@id":"https:\/\/reveil-info.net\/?p=36918#primaryimage"},"image":{"@id":"https:\/\/reveil-info.net\/?p=36918#primaryimage"},"thumbnailUrl":"https:\/\/reveil-info.net\/wp-content\/uploads\/2025\/11\/FB_IMG_17641596687603980.jpg","datePublished":"2025-11-26T12:27:27+00:00","breadcrumb":{"@id":"https:\/\/reveil-info.net\/?p=36918#breadcrumb"},"inLanguage":"fr-FR","potentialAction":[{"@type":"ReadAction","target":["https:\/\/reveil-info.net\/?p=36918"]}]},{"@type":"ImageObject","inLanguage":"fr-FR","@id":"https:\/\/reveil-info.net\/?p=36918#primaryimage","url":"https:\/\/reveil-info.net\/wp-content\/uploads\/2025\/11\/FB_IMG_17641596687603980.jpg","contentUrl":"https:\/\/reveil-info.net\/wp-content\/uploads\/2025\/11\/FB_IMG_17641596687603980.jpg","width":720,"height":795},{"@type":"BreadcrumbList","@id":"https:\/\/reveil-info.net\/?p=36918#breadcrumb","itemListElement":[{"@type":"ListItem","position":1,"name":"Home","item":"https:\/\/reveil-info.net\/"},{"@type":"ListItem","position":2,"name":"Dakar : l&rsquo;ambassadrice de la Finlande chez l&rsquo;ambassadeur Ma\u00efga"}]},{"@type":"WebSite","@id":"https:\/\/reveil-info.net\/#website","url":"https:\/\/reveil-info.net\/","name":"R\u00e9veil Info","description":"Le devoir d&#039;informer!","publisher":{"@id":"https:\/\/reveil-info.net\/#organization"},"potentialAction":[{"@type":"SearchAction","target":{"@type":"EntryPoint","urlTemplate":"https:\/\/reveil-info.net\/?s={search_term_string}"},"query-input":{"@type":"PropertyValueSpecification","valueRequired":true,"valueName":"search_term_string"}}],"inLanguage":"fr-FR"},{"@type":"Organization","@id":"https:\/\/reveil-info.net\/#organization","name":"R\u00e9veil Info","url":"https:\/\/reveil-info.net\/","logo":{"@type":"ImageObject","inLanguage":"fr-FR","@id":"https:\/\/reveil-info.net\/#\/schema\/logo\/image\/","url":"https:\/\/reveil-info.net\/wp-content\/uploads\/2024\/07\/bnddd1.jpg","contentUrl":"https:\/\/reveil-info.net\/wp-content\/uploads\/2024\/07\/bnddd1.jpg","width":903,"height":125,"caption":"R\u00e9veil Info"},"image":{"@id":"https:\/\/reveil-info.net\/#\/schema\/logo\/image\/"}},{"@type":"Person","@id":"https:\/\/reveil-info.net\/#\/schema\/person\/ca0cc8e70088e0a2b5e92556c1ee60f5","name":"R\u00e9veil info","image":{"@type":"ImageObject","inLanguage":"fr-FR","@id":"https:\/\/secure.gravatar.com\/avatar\/e4ad5bb743c8b6cb174d9df6c7d30a8a16f6889731241345fc6444e6485f02af?s=96&d=mm&r=g","url":"https:\/\/secure.gravatar.com\/avatar\/e4ad5bb743c8b6cb174d9df6c7d30a8a16f6889731241345fc6444e6485f02af?s=96&d=mm&r=g","contentUrl":"https:\/\/secure.gravatar.com\/avatar\/e4ad5bb743c8b6cb174d9df6c7d30a8a16f6889731241345fc6444e6485f02af?s=96&d=mm&r=g","caption":"R\u00e9veil info"},"sameAs":["https:\/\/reveil-info.net"],"url":"https:\/\/reveil-info.net\/?author=1"}]}},"jetpack_featured_media_url":"https:\/\/reveil-info.net\/wp-content\/uploads\/2025\/11\/FB_IMG_17641596687603980.jpg","featured_image_urls":{"full":["https:\/\/reveil-info.net\/wp-content\/uploads\/2025\/11\/FB_IMG_17641596687603980.jpg",720,795,false],"thumbnail":["https:\/\/reveil-info.net\/wp-content\/uploads\/2025\/11\/FB_IMG_17641596687603980-150x150.jpg",150,150,true],"medium":["https:\/\/reveil-info.net\/wp-content\/uploads\/2025\/11\/FB_IMG_17641596687603980-272x300.jpg",272,300,true],"medium_large":["https:\/\/reveil-info.net\/wp-content\/uploads\/2025\/11\/FB_IMG_17641596687603980.jpg",640,707,false],"large":["https:\/\/reveil-info.net\/wp-content\/uploads\/2025\/11\/FB_IMG_17641596687603980.jpg",640,707,false],"1536x1536":["https:\/\/reveil-info.net\/wp-content\/uploads\/2025\/11\/FB_IMG_17641596687603980.jpg",720,795,false],"2048x2048":["https:\/\/reveil-info.net\/wp-content\/uploads\/2025\/11\/FB_IMG_17641596687603980.jpg",720,795,false],"chromenews-featured":["https:\/\/reveil-info.net\/wp-content\/uploads\/2025\/11\/FB_IMG_17641596687603980.jpg",720,795,false],"chromenews-large":["https:\/\/reveil-info.net\/wp-content\/uploads\/2025\/11\/FB_IMG_17641596687603980-720x575.jpg",720,575,true],"chromenews-medium":["https:\/\/reveil-info.net\/wp-content\/uploads\/2025\/11\/FB_IMG_17641596687603980-590x410.jpg",590,410,true]},"author_info":{"display_name":"R\u00e9veil info","author_link":"https:\/\/reveil-info.net\/?author=1"},"category_info":"<a href=\"https:\/\/reveil-info.net\/?cat=41\" rel=\"category\">NEWS DE LA DIASPORA<\/a>","tag_info":"NEWS DE LA DIASPORA","comment_count":"0","_links":{"self":[{"href":"https:\/\/reveil-info.net\/index.php?rest_route=\/wp\/v2\/posts\/36918","targetHints":{"allow":["GET"]}}],"collection":[{"href":"https:\/\/reveil-info.net\/index.php?rest_route=\/wp\/v2\/posts"}],"about":[{"href":"https:\/\/reveil-info.net\/index.php?rest_route=\/wp\/v2\/types\/post"}],"author":[{"embeddable":true,"href":"https:\/\/reveil-info.net\/index.php?rest_route=\/wp\/v2\/users\/1"}],"replies":[{"embeddable":true,"href":"https:\/\/reveil-info.net\/index.php?rest_route=%2Fwp%2Fv2%2Fcomments&post=36918"}],"version-history":[{"count":4,"href":"https:\/\/reveil-info.net\/index.php?rest_route=\/wp\/v2\/posts\/36918\/revisions"}],"predecessor-version":[{"id":36925,"href":"https:\/\/reveil-info.net\/index.php?rest_route=\/wp\/v2\/posts\/36918\/revisions\/36925"}],"wp:featuredmedia":[{"embeddable":true,"href":"https:\/\/reveil-info.net\/index.php?rest_route=\/wp\/v2\/media\/36920"}],"wp:attachment":[{"href":"https:\/\/reveil-info.net\/index.php?rest_route=%2Fwp%2Fv2%2Fmedia&parent=36918"}],"wp:term":[{"taxonomy":"category","embeddable":true,"href":"https:\/\/reveil-info.net\/index.php?rest_route=%2Fwp%2Fv2%2Fcategories&post=36918"},{"taxonomy":"post_tag","embeddable":true,"href":"https:\/\/reveil-info.net\/index.php?rest_route=%2Fwp%2Fv2%2Ftags&post=36918"}],"curies":[{"name":"wp","href":"https:\/\/api.w.org\/{rel}","templated":true}]}}