{"id":36793,"date":"2025-11-25T11:18:52","date_gmt":"2025-11-25T11:18:52","guid":{"rendered":"https:\/\/reveil-info.net\/?p=36793"},"modified":"2025-11-25T11:25:53","modified_gmt":"2025-11-25T11:25:53","slug":"rayonnement-de-lexpertise-burkinabe-le-juge-des-nations-unies-anatole-kabore-reconnaissant-au-ministere-des-affaires-etrangeres-pour-le-soutien","status":"publish","type":"post","link":"https:\/\/reveil-info.net\/?p=36793","title":{"rendered":"Rayonnement de l\u2019expertise burkinab\u00e8 : le Juge des Nations Unies Anatole KABORE reconnaissant au minist\u00e8re des Affaires \u00e9trang\u00e8res pour le soutien"},"content":{"rendered":"<div class=\"xdj266r x14z9mp xat24cr x1lziwak x1vvkbs x126k92a\">\n<div dir=\"auto\"><strong>\u00a0Le ministre des Affaires \u00e9trang\u00e8res, de la Coop\u00e9ration r\u00e9gionale et des Burkinab\u00e8 de l\u2019Ext\u00e9rieur, SEM Karamoko Jean Marie TRAORE a re\u00e7u en audience, le 24 novembre 2025, le compatriote Anatole KABORE, nouvellement \u00e9lu juge des Nations Unies.<\/strong><\/div>\n<\/div>\n<div class=\"x14z9mp xat24cr x1lziwak x1vvkbs xtlvy1s x126k92a\">\n<div dir=\"auto\">Le juge est venu exprimer sa gratitude \u00e0 SEM Karamoko Jean Marie TRAORE et \u00e0 ses collaborateurs, pour l\u2019accompagnement dont il a b\u00e9n\u00e9fici\u00e9 durant tout le processus de son \u00e9lection, en tant que juge au sein des tribunaux internes de l\u2019Organisation des Nations Unies.<\/div>\n<\/div>\n<div class=\"x14z9mp xat24cr x1lziwak x1vvkbs xtlvy1s x126k92a\">\n<div dir=\"auto\">\u00ab Lorsque j\u2019ai fini la phase technique, je suis venu informer SEM Karamoko Jean Marie TRAORE qui a donn\u00e9 des instructions \u00e0 ses \u00e9quipes de me suivre et de m\u2019accompagner \u00bb, a confi\u00e9 le laur\u00e9at \u00e0 sa sortie d&rsquo;audience.<\/div>\n<div dir=\"auto\"><img loading=\"lazy\" decoding=\"async\" class=\"alignnone size-full wp-image-36798\" src=\"https:\/\/reveil-info.net\/wp-content\/uploads\/2025\/11\/588484852_1276882327801053_8961598455700650545_n.jpg\" alt=\"\" width=\"2048\" height=\"1531\" srcset=\"https:\/\/reveil-info.net\/wp-content\/uploads\/2025\/11\/588484852_1276882327801053_8961598455700650545_n.jpg 2048w, https:\/\/reveil-info.net\/wp-content\/uploads\/2025\/11\/588484852_1276882327801053_8961598455700650545_n-300x224.jpg 300w, https:\/\/reveil-info.net\/wp-content\/uploads\/2025\/11\/588484852_1276882327801053_8961598455700650545_n-1024x766.jpg 1024w, https:\/\/reveil-info.net\/wp-content\/uploads\/2025\/11\/588484852_1276882327801053_8961598455700650545_n-768x574.jpg 768w, https:\/\/reveil-info.net\/wp-content\/uploads\/2025\/11\/588484852_1276882327801053_8961598455700650545_n-1536x1148.jpg 1536w\" sizes=\"auto, (max-width: 2048px) 100vw, 2048px\" \/><\/div>\n<\/div>\n<div class=\"x14z9mp xat24cr x1lziwak x1vvkbs xtlvy1s x126k92a\">\n<div dir=\"auto\">Le juge Anatole KABORE dit avoir b\u00e9n\u00e9fici\u00e9 d\u2019une vaste campagne de lobbying d\u00e9ploy\u00e9e depuis le Burkina Faso jusqu\u2019au niveau des instances onusiennes qui a beaucoup contribu\u00e9 \u00e0 son \u00e9lection.<\/div>\n<\/div>\n<div class=\"x14z9mp xat24cr x1lziwak x1vvkbs xtlvy1s x126k92a\">\n<div dir=\"auto\">Le laur\u00e9at a \u00e9galement exprim\u00e9 sa reconnaissance \u00e0 la plus haute autorit\u00e9 du pays, le Pr\u00e9sident du Faso, le Capitaine Ibrahim TRAORE qui a impuls\u00e9 une nouvelle vision sur l\u2019expertise burkinab\u00e8 \u00e0 l\u2019international.<\/div>\n<\/div>\n<div class=\"x14z9mp xat24cr x1lziwak x1vvkbs xtlvy1s x126k92a\">\n<div dir=\"auto\">Il dit surtout avoir \u00e9t\u00e9 boost\u00e9 dans cette \u00e9lection par le l\u2019image et le leadership du Chef de l\u2019Etat.<\/div>\n<\/div>\n<div class=\"x14z9mp xat24cr x1lziwak x1vvkbs xtlvy1s x126k92a\">\n<div dir=\"auto\">\u00ab L\u2019image du Capitaine Ibrahim TRAORE \u00e9tait pour nous comme une carte de visite pour beaucoup d\u2019Etats et de repr\u00e9sentants et cela a facilit\u00e9 beaucoup notre \u00e9lection \u00bb, a d\u00e9clar\u00e9 le juge Anatole KABORE.<\/div>\n<\/div>\n<div class=\"x14z9mp xat24cr x1lziwak x1vvkbs xtlvy1s x126k92a\">\n<div dir=\"auto\">SEM le ministre en charge des Affaires \u00e9trang\u00e8res et Madame le ministre d\u00e9l\u00e9gu\u00e9 charg\u00e9 de la Coop\u00e9ration r\u00e9gionale, ont tous les deux f\u00e9licit\u00e9 le compatriote pour cette distinction qui honore le pays des Hommes int\u00e8gres et qui valorise l\u2019expertise burkinab\u00e8.<\/div>\n<div dir=\"auto\"><\/div>\n<\/div>\n<div class=\"x14z9mp xat24cr x1lziwak x1vvkbs xtlvy1s x126k92a\">\n<div dir=\"auto\">Pour les premiers responsables du d\u00e9partement en charge de la diplomatie burkinab\u00e8, chaque Burkinab\u00e8 dont l&rsquo;expertise et le talent sont reconnus \u00e0 l&rsquo;international est \u00e0 la fois une fiert\u00e9 et un ambassadeur qui contribue \u00e0 faire changer le regard sur le pays.<\/div>\n<div dir=\"auto\"><img loading=\"lazy\" decoding=\"async\" class=\"alignnone size-full wp-image-36802\" src=\"https:\/\/reveil-info.net\/wp-content\/uploads\/2025\/11\/588113724_1276882647801021_1017127184791132124_n.jpg\" alt=\"\" width=\"2048\" height=\"1408\" srcset=\"https:\/\/reveil-info.net\/wp-content\/uploads\/2025\/11\/588113724_1276882647801021_1017127184791132124_n.jpg 2048w, https:\/\/reveil-info.net\/wp-content\/uploads\/2025\/11\/588113724_1276882647801021_1017127184791132124_n-300x206.jpg 300w, https:\/\/reveil-info.net\/wp-content\/uploads\/2025\/11\/588113724_1276882647801021_1017127184791132124_n-1024x704.jpg 1024w, https:\/\/reveil-info.net\/wp-content\/uploads\/2025\/11\/588113724_1276882647801021_1017127184791132124_n-768x528.jpg 768w, https:\/\/reveil-info.net\/wp-content\/uploads\/2025\/11\/588113724_1276882647801021_1017127184791132124_n-1536x1056.jpg 1536w\" sizes=\"auto, (max-width: 2048px) 100vw, 2048px\" \/><\/div>\n<\/div>\n<div class=\"x14z9mp xat24cr x1lziwak x1vvkbs xtlvy1s x126k92a\">\n<div dir=\"auto\">Tout en souhaitant plein succ\u00e8s au laur\u00e9at dans ses nouvelles fonctions, ils ont r\u00e9affirm\u00e9 l&rsquo;engagement du minist\u00e8re \u00e0 accompagner toute initiative visant \u00e0 promouvoir l&rsquo;expertise burkinab\u00e8 \u00e0 l&rsquo;international.<\/div>\n<\/div>\n<div class=\"x14z9mp xat24cr x1lziwak x1vvkbs xtlvy1s x126k92a\">\n<div dir=\"auto\">En rappel, monsieur Anatole KABOR\u00c9, Juge et Conseiller d\u2019\u00c9tat, a \u00e9t\u00e9 \u00e9lu le lundi 17 novembre dernier au poste de Juge \u00e0 temps partiel au Tribunal du Contentieux Administratif des Nations Unies.<\/div>\n<\/div>\n<div class=\"x14z9mp xat24cr x1lziwak x1vvkbs xtlvy1s x126k92a\">\n<div dir=\"auto\">Ce Tribunal est la juridiction interne charg\u00e9e de r\u00e9gler les litiges entre l\u2019ONU et ses employ\u00e9s.<\/div>\n<div dir=\"auto\"><\/div>\n<\/div>\n<div class=\"x14z9mp xat24cr x1lziwak x1vvkbs xtlvy1s x126k92a\">\n<div dir=\"auto\"><strong>DCRP\/MAECR-BE<\/strong><\/div>\n<div dir=\"auto\"><img loading=\"lazy\" decoding=\"async\" class=\"alignnone size-full wp-image-36614\" src=\"https:\/\/reveil-info.net\/wp-content\/uploads\/2025\/11\/FB_IMG_17618127685409260-6.jpg\" alt=\"\" width=\"720\" height=\"507\" srcset=\"https:\/\/reveil-info.net\/wp-content\/uploads\/2025\/11\/FB_IMG_17618127685409260-6.jpg 720w, https:\/\/reveil-info.net\/wp-content\/uploads\/2025\/11\/FB_IMG_17618127685409260-6-300x211.jpg 300w\" sizes=\"auto, (max-width: 720px) 100vw, 720px\" \/><\/div>\n<\/div>\n","protected":false},"excerpt":{"rendered":"<p>\u00a0Le ministre des Affaires \u00e9trang\u00e8res, de la Coop\u00e9ration r\u00e9gionale et des Burkinab\u00e8 de l\u2019Ext\u00e9rieur, SEM<\/p>\n","protected":false},"author":1,"featured_media":36796,"comment_status":"open","ping_status":"open","sticky":false,"template":"","format":"standard","meta":{"footnotes":""},"categories":[2],"tags":[],"class_list":["post-36793","post","type-post","status-publish","format-standard","has-post-thumbnail","hentry","category-actu"],"yoast_head":"<!-- This site is optimized with the Yoast SEO plugin v27.5 - https:\/\/yoast.com\/product\/yoast-seo-wordpress\/ -->\n<title>Rayonnement de l\u2019expertise burkinab\u00e8 : le Juge des Nations Unies Anatole KABORE reconnaissant au minist\u00e8re des Affaires \u00e9trang\u00e8res pour le soutien - R\u00e9veil Info<\/title>\n<meta name=\"robots\" content=\"noindex, follow, max-snippet:-1, max-image-preview:large, max-video-preview:-1\" \/>\n<meta property=\"og:locale\" content=\"fr_FR\" \/>\n<meta property=\"og:type\" content=\"article\" \/>\n<meta property=\"og:title\" content=\"Rayonnement de l\u2019expertise burkinab\u00e8 : le Juge des Nations Unies Anatole KABORE reconnaissant au minist\u00e8re des Affaires \u00e9trang\u00e8res pour le soutien - R\u00e9veil Info\" \/>\n<meta property=\"og:description\" content=\"\u00a0Le ministre des Affaires \u00e9trang\u00e8res, de la Coop\u00e9ration r\u00e9gionale et des Burkinab\u00e8 de l\u2019Ext\u00e9rieur, SEM\" \/>\n<meta property=\"og:url\" content=\"https:\/\/reveil-info.net\/?p=36793\" \/>\n<meta property=\"og:site_name\" content=\"R\u00e9veil Info\" \/>\n<meta property=\"article:published_time\" content=\"2025-11-25T11:18:52+00:00\" \/>\n<meta property=\"article:modified_time\" content=\"2025-11-25T11:25:53+00:00\" \/>\n<meta property=\"og:image\" content=\"https:\/\/reveil-info.net\/wp-content\/uploads\/2025\/11\/589511919_1276882227801063_745470318249260877_n.jpg\" \/>\n\t<meta property=\"og:image:width\" content=\"507\" \/>\n\t<meta property=\"og:image:height\" content=\"590\" \/>\n\t<meta property=\"og:image:type\" content=\"image\/jpeg\" \/>\n<meta name=\"author\" content=\"R\u00e9veil info\" \/>\n<meta name=\"twitter:card\" content=\"summary_large_image\" \/>\n<meta name=\"twitter:label1\" content=\"\u00c9crit par\" \/>\n\t<meta name=\"twitter:data1\" content=\"R\u00e9veil info\" \/>\n\t<meta name=\"twitter:label2\" content=\"Dur\u00e9e de lecture estim\u00e9e\" \/>\n\t<meta name=\"twitter:data2\" content=\"3 minutes\" \/>\n<script type=\"application\/ld+json\" class=\"yoast-schema-graph\">{\"@context\":\"https:\\\/\\\/schema.org\",\"@graph\":[{\"@type\":\"Article\",\"@id\":\"https:\\\/\\\/reveil-info.net\\\/?p=36793#article\",\"isPartOf\":{\"@id\":\"https:\\\/\\\/reveil-info.net\\\/?p=36793\"},\"author\":{\"name\":\"R\u00e9veil info\",\"@id\":\"https:\\\/\\\/reveil-info.net\\\/#\\\/schema\\\/person\\\/ca0cc8e70088e0a2b5e92556c1ee60f5\"},\"headline\":\"Rayonnement de l\u2019expertise burkinab\u00e8 : le Juge des Nations Unies Anatole KABORE reconnaissant au minist\u00e8re des Affaires \u00e9trang\u00e8res pour le soutien\",\"datePublished\":\"2025-11-25T11:18:52+00:00\",\"dateModified\":\"2025-11-25T11:25:53+00:00\",\"mainEntityOfPage\":{\"@id\":\"https:\\\/\\\/reveil-info.net\\\/?p=36793\"},\"wordCount\":450,\"commentCount\":0,\"publisher\":{\"@id\":\"https:\\\/\\\/reveil-info.net\\\/#organization\"},\"image\":{\"@id\":\"https:\\\/\\\/reveil-info.net\\\/?p=36793#primaryimage\"},\"thumbnailUrl\":\"https:\\\/\\\/reveil-info.net\\\/wp-content\\\/uploads\\\/2025\\\/11\\\/589511919_1276882227801063_745470318249260877_n.jpg\",\"articleSection\":[\"Actualit\u00e9\"],\"inLanguage\":\"fr-FR\",\"potentialAction\":[{\"@type\":\"CommentAction\",\"name\":\"Comment\",\"target\":[\"https:\\\/\\\/reveil-info.net\\\/?p=36793#respond\"]}]},{\"@type\":\"WebPage\",\"@id\":\"https:\\\/\\\/reveil-info.net\\\/?p=36793\",\"url\":\"https:\\\/\\\/reveil-info.net\\\/?p=36793\",\"name\":\"Rayonnement de l\u2019expertise burkinab\u00e8 : le Juge des Nations Unies Anatole KABORE reconnaissant au minist\u00e8re des Affaires \u00e9trang\u00e8res pour le soutien - R\u00e9veil Info\",\"isPartOf\":{\"@id\":\"https:\\\/\\\/reveil-info.net\\\/#website\"},\"primaryImageOfPage\":{\"@id\":\"https:\\\/\\\/reveil-info.net\\\/?p=36793#primaryimage\"},\"image\":{\"@id\":\"https:\\\/\\\/reveil-info.net\\\/?p=36793#primaryimage\"},\"thumbnailUrl\":\"https:\\\/\\\/reveil-info.net\\\/wp-content\\\/uploads\\\/2025\\\/11\\\/589511919_1276882227801063_745470318249260877_n.jpg\",\"datePublished\":\"2025-11-25T11:18:52+00:00\",\"dateModified\":\"2025-11-25T11:25:53+00:00\",\"breadcrumb\":{\"@id\":\"https:\\\/\\\/reveil-info.net\\\/?p=36793#breadcrumb\"},\"inLanguage\":\"fr-FR\",\"potentialAction\":[{\"@type\":\"ReadAction\",\"target\":[\"https:\\\/\\\/reveil-info.net\\\/?p=36793\"]}]},{\"@type\":\"ImageObject\",\"inLanguage\":\"fr-FR\",\"@id\":\"https:\\\/\\\/reveil-info.net\\\/?p=36793#primaryimage\",\"url\":\"https:\\\/\\\/reveil-info.net\\\/wp-content\\\/uploads\\\/2025\\\/11\\\/589511919_1276882227801063_745470318249260877_n.jpg\",\"contentUrl\":\"https:\\\/\\\/reveil-info.net\\\/wp-content\\\/uploads\\\/2025\\\/11\\\/589511919_1276882227801063_745470318249260877_n.jpg\",\"width\":507,\"height\":590},{\"@type\":\"BreadcrumbList\",\"@id\":\"https:\\\/\\\/reveil-info.net\\\/?p=36793#breadcrumb\",\"itemListElement\":[{\"@type\":\"ListItem\",\"position\":1,\"name\":\"Home\",\"item\":\"https:\\\/\\\/reveil-info.net\\\/\"},{\"@type\":\"ListItem\",\"position\":2,\"name\":\"Rayonnement de l\u2019expertise burkinab\u00e8 : le Juge des Nations Unies Anatole KABORE reconnaissant au minist\u00e8re des Affaires \u00e9trang\u00e8res pour le soutien\"}]},{\"@type\":\"WebSite\",\"@id\":\"https:\\\/\\\/reveil-info.net\\\/#website\",\"url\":\"https:\\\/\\\/reveil-info.net\\\/\",\"name\":\"R\u00e9veil Info\",\"description\":\"Le devoir d&#039;informer!\",\"publisher\":{\"@id\":\"https:\\\/\\\/reveil-info.net\\\/#organization\"},\"potentialAction\":[{\"@type\":\"SearchAction\",\"target\":{\"@type\":\"EntryPoint\",\"urlTemplate\":\"https:\\\/\\\/reveil-info.net\\\/?s={search_term_string}\"},\"query-input\":{\"@type\":\"PropertyValueSpecification\",\"valueRequired\":true,\"valueName\":\"search_term_string\"}}],\"inLanguage\":\"fr-FR\"},{\"@type\":\"Organization\",\"@id\":\"https:\\\/\\\/reveil-info.net\\\/#organization\",\"name\":\"R\u00e9veil Info\",\"url\":\"https:\\\/\\\/reveil-info.net\\\/\",\"logo\":{\"@type\":\"ImageObject\",\"inLanguage\":\"fr-FR\",\"@id\":\"https:\\\/\\\/reveil-info.net\\\/#\\\/schema\\\/logo\\\/image\\\/\",\"url\":\"https:\\\/\\\/reveil-info.net\\\/wp-content\\\/uploads\\\/2024\\\/07\\\/bnddd1.jpg\",\"contentUrl\":\"https:\\\/\\\/reveil-info.net\\\/wp-content\\\/uploads\\\/2024\\\/07\\\/bnddd1.jpg\",\"width\":903,\"height\":125,\"caption\":\"R\u00e9veil Info\"},\"image\":{\"@id\":\"https:\\\/\\\/reveil-info.net\\\/#\\\/schema\\\/logo\\\/image\\\/\"}},{\"@type\":\"Person\",\"@id\":\"https:\\\/\\\/reveil-info.net\\\/#\\\/schema\\\/person\\\/ca0cc8e70088e0a2b5e92556c1ee60f5\",\"name\":\"R\u00e9veil info\",\"image\":{\"@type\":\"ImageObject\",\"inLanguage\":\"fr-FR\",\"@id\":\"https:\\\/\\\/secure.gravatar.com\\\/avatar\\\/e4ad5bb743c8b6cb174d9df6c7d30a8a16f6889731241345fc6444e6485f02af?s=96&d=mm&r=g\",\"url\":\"https:\\\/\\\/secure.gravatar.com\\\/avatar\\\/e4ad5bb743c8b6cb174d9df6c7d30a8a16f6889731241345fc6444e6485f02af?s=96&d=mm&r=g\",\"contentUrl\":\"https:\\\/\\\/secure.gravatar.com\\\/avatar\\\/e4ad5bb743c8b6cb174d9df6c7d30a8a16f6889731241345fc6444e6485f02af?s=96&d=mm&r=g\",\"caption\":\"R\u00e9veil info\"},\"sameAs\":[\"https:\\\/\\\/reveil-info.net\"],\"url\":\"https:\\\/\\\/reveil-info.net\\\/?author=1\"}]}<\/script>\n<!-- \/ Yoast SEO plugin. -->","yoast_head_json":{"title":"Rayonnement de l\u2019expertise burkinab\u00e8 : le Juge des Nations Unies Anatole KABORE reconnaissant au minist\u00e8re des Affaires \u00e9trang\u00e8res pour le soutien - R\u00e9veil Info","robots":{"index":"noindex","follow":"follow","max-snippet":"max-snippet:-1","max-image-preview":"max-image-preview:large","max-video-preview":"max-video-preview:-1"},"og_locale":"fr_FR","og_type":"article","og_title":"Rayonnement de l\u2019expertise burkinab\u00e8 : le Juge des Nations Unies Anatole KABORE reconnaissant au minist\u00e8re des Affaires \u00e9trang\u00e8res pour le soutien - R\u00e9veil Info","og_description":"\u00a0Le ministre des Affaires \u00e9trang\u00e8res, de la Coop\u00e9ration r\u00e9gionale et des Burkinab\u00e8 de l\u2019Ext\u00e9rieur, SEM","og_url":"https:\/\/reveil-info.net\/?p=36793","og_site_name":"R\u00e9veil Info","article_published_time":"2025-11-25T11:18:52+00:00","article_modified_time":"2025-11-25T11:25:53+00:00","og_image":[{"width":507,"height":590,"url":"https:\/\/reveil-info.net\/wp-content\/uploads\/2025\/11\/589511919_1276882227801063_745470318249260877_n.jpg","type":"image\/jpeg"}],"author":"R\u00e9veil info","twitter_card":"summary_large_image","twitter_misc":{"\u00c9crit par":"R\u00e9veil info","Dur\u00e9e de lecture estim\u00e9e":"3 minutes"},"schema":{"@context":"https:\/\/schema.org","@graph":[{"@type":"Article","@id":"https:\/\/reveil-info.net\/?p=36793#article","isPartOf":{"@id":"https:\/\/reveil-info.net\/?p=36793"},"author":{"name":"R\u00e9veil info","@id":"https:\/\/reveil-info.net\/#\/schema\/person\/ca0cc8e70088e0a2b5e92556c1ee60f5"},"headline":"Rayonnement de l\u2019expertise burkinab\u00e8 : le Juge des Nations Unies Anatole KABORE reconnaissant au minist\u00e8re des Affaires \u00e9trang\u00e8res pour le soutien","datePublished":"2025-11-25T11:18:52+00:00","dateModified":"2025-11-25T11:25:53+00:00","mainEntityOfPage":{"@id":"https:\/\/reveil-info.net\/?p=36793"},"wordCount":450,"commentCount":0,"publisher":{"@id":"https:\/\/reveil-info.net\/#organization"},"image":{"@id":"https:\/\/reveil-info.net\/?p=36793#primaryimage"},"thumbnailUrl":"https:\/\/reveil-info.net\/wp-content\/uploads\/2025\/11\/589511919_1276882227801063_745470318249260877_n.jpg","articleSection":["Actualit\u00e9"],"inLanguage":"fr-FR","potentialAction":[{"@type":"CommentAction","name":"Comment","target":["https:\/\/reveil-info.net\/?p=36793#respond"]}]},{"@type":"WebPage","@id":"https:\/\/reveil-info.net\/?p=36793","url":"https:\/\/reveil-info.net\/?p=36793","name":"Rayonnement de l\u2019expertise burkinab\u00e8 : le Juge des Nations Unies Anatole KABORE reconnaissant au minist\u00e8re des Affaires \u00e9trang\u00e8res pour le soutien - R\u00e9veil Info","isPartOf":{"@id":"https:\/\/reveil-info.net\/#website"},"primaryImageOfPage":{"@id":"https:\/\/reveil-info.net\/?p=36793#primaryimage"},"image":{"@id":"https:\/\/reveil-info.net\/?p=36793#primaryimage"},"thumbnailUrl":"https:\/\/reveil-info.net\/wp-content\/uploads\/2025\/11\/589511919_1276882227801063_745470318249260877_n.jpg","datePublished":"2025-11-25T11:18:52+00:00","dateModified":"2025-11-25T11:25:53+00:00","breadcrumb":{"@id":"https:\/\/reveil-info.net\/?p=36793#breadcrumb"},"inLanguage":"fr-FR","potentialAction":[{"@type":"ReadAction","target":["https:\/\/reveil-info.net\/?p=36793"]}]},{"@type":"ImageObject","inLanguage":"fr-FR","@id":"https:\/\/reveil-info.net\/?p=36793#primaryimage","url":"https:\/\/reveil-info.net\/wp-content\/uploads\/2025\/11\/589511919_1276882227801063_745470318249260877_n.jpg","contentUrl":"https:\/\/reveil-info.net\/wp-content\/uploads\/2025\/11\/589511919_1276882227801063_745470318249260877_n.jpg","width":507,"height":590},{"@type":"BreadcrumbList","@id":"https:\/\/reveil-info.net\/?p=36793#breadcrumb","itemListElement":[{"@type":"ListItem","position":1,"name":"Home","item":"https:\/\/reveil-info.net\/"},{"@type":"ListItem","position":2,"name":"Rayonnement de l\u2019expertise burkinab\u00e8 : le Juge des Nations Unies Anatole KABORE reconnaissant au minist\u00e8re des Affaires \u00e9trang\u00e8res pour le soutien"}]},{"@type":"WebSite","@id":"https:\/\/reveil-info.net\/#website","url":"https:\/\/reveil-info.net\/","name":"R\u00e9veil Info","description":"Le devoir d&#039;informer!","publisher":{"@id":"https:\/\/reveil-info.net\/#organization"},"potentialAction":[{"@type":"SearchAction","target":{"@type":"EntryPoint","urlTemplate":"https:\/\/reveil-info.net\/?s={search_term_string}"},"query-input":{"@type":"PropertyValueSpecification","valueRequired":true,"valueName":"search_term_string"}}],"inLanguage":"fr-FR"},{"@type":"Organization","@id":"https:\/\/reveil-info.net\/#organization","name":"R\u00e9veil Info","url":"https:\/\/reveil-info.net\/","logo":{"@type":"ImageObject","inLanguage":"fr-FR","@id":"https:\/\/reveil-info.net\/#\/schema\/logo\/image\/","url":"https:\/\/reveil-info.net\/wp-content\/uploads\/2024\/07\/bnddd1.jpg","contentUrl":"https:\/\/reveil-info.net\/wp-content\/uploads\/2024\/07\/bnddd1.jpg","width":903,"height":125,"caption":"R\u00e9veil Info"},"image":{"@id":"https:\/\/reveil-info.net\/#\/schema\/logo\/image\/"}},{"@type":"Person","@id":"https:\/\/reveil-info.net\/#\/schema\/person\/ca0cc8e70088e0a2b5e92556c1ee60f5","name":"R\u00e9veil info","image":{"@type":"ImageObject","inLanguage":"fr-FR","@id":"https:\/\/secure.gravatar.com\/avatar\/e4ad5bb743c8b6cb174d9df6c7d30a8a16f6889731241345fc6444e6485f02af?s=96&d=mm&r=g","url":"https:\/\/secure.gravatar.com\/avatar\/e4ad5bb743c8b6cb174d9df6c7d30a8a16f6889731241345fc6444e6485f02af?s=96&d=mm&r=g","contentUrl":"https:\/\/secure.gravatar.com\/avatar\/e4ad5bb743c8b6cb174d9df6c7d30a8a16f6889731241345fc6444e6485f02af?s=96&d=mm&r=g","caption":"R\u00e9veil info"},"sameAs":["https:\/\/reveil-info.net"],"url":"https:\/\/reveil-info.net\/?author=1"}]}},"jetpack_featured_media_url":"https:\/\/reveil-info.net\/wp-content\/uploads\/2025\/11\/589511919_1276882227801063_745470318249260877_n.jpg","featured_image_urls":{"full":["https:\/\/reveil-info.net\/wp-content\/uploads\/2025\/11\/589511919_1276882227801063_745470318249260877_n.jpg",507,590,false],"thumbnail":["https:\/\/reveil-info.net\/wp-content\/uploads\/2025\/11\/589511919_1276882227801063_745470318249260877_n-150x150.jpg",150,150,true],"medium":["https:\/\/reveil-info.net\/wp-content\/uploads\/2025\/11\/589511919_1276882227801063_745470318249260877_n-258x300.jpg",258,300,true],"medium_large":["https:\/\/reveil-info.net\/wp-content\/uploads\/2025\/11\/589511919_1276882227801063_745470318249260877_n.jpg",507,590,false],"large":["https:\/\/reveil-info.net\/wp-content\/uploads\/2025\/11\/589511919_1276882227801063_745470318249260877_n.jpg",507,590,false],"1536x1536":["https:\/\/reveil-info.net\/wp-content\/uploads\/2025\/11\/589511919_1276882227801063_745470318249260877_n.jpg",507,590,false],"2048x2048":["https:\/\/reveil-info.net\/wp-content\/uploads\/2025\/11\/589511919_1276882227801063_745470318249260877_n.jpg",507,590,false],"chromenews-featured":["https:\/\/reveil-info.net\/wp-content\/uploads\/2025\/11\/589511919_1276882227801063_745470318249260877_n.jpg",507,590,false],"chromenews-large":["https:\/\/reveil-info.net\/wp-content\/uploads\/2025\/11\/589511919_1276882227801063_745470318249260877_n-507x575.jpg",507,575,true],"chromenews-medium":["https:\/\/reveil-info.net\/wp-content\/uploads\/2025\/11\/589511919_1276882227801063_745470318249260877_n-507x410.jpg",507,410,true]},"author_info":{"display_name":"R\u00e9veil info","author_link":"https:\/\/reveil-info.net\/?author=1"},"category_info":"<a href=\"https:\/\/reveil-info.net\/?cat=2\" rel=\"category\">Actualit\u00e9<\/a>","tag_info":"Actualit\u00e9","comment_count":"0","_links":{"self":[{"href":"https:\/\/reveil-info.net\/index.php?rest_route=\/wp\/v2\/posts\/36793","targetHints":{"allow":["GET"]}}],"collection":[{"href":"https:\/\/reveil-info.net\/index.php?rest_route=\/wp\/v2\/posts"}],"about":[{"href":"https:\/\/reveil-info.net\/index.php?rest_route=\/wp\/v2\/types\/post"}],"author":[{"embeddable":true,"href":"https:\/\/reveil-info.net\/index.php?rest_route=\/wp\/v2\/users\/1"}],"replies":[{"embeddable":true,"href":"https:\/\/reveil-info.net\/index.php?rest_route=%2Fwp%2Fv2%2Fcomments&post=36793"}],"version-history":[{"count":8,"href":"https:\/\/reveil-info.net\/index.php?rest_route=\/wp\/v2\/posts\/36793\/revisions"}],"predecessor-version":[{"id":36805,"href":"https:\/\/reveil-info.net\/index.php?rest_route=\/wp\/v2\/posts\/36793\/revisions\/36805"}],"wp:featuredmedia":[{"embeddable":true,"href":"https:\/\/reveil-info.net\/index.php?rest_route=\/wp\/v2\/media\/36796"}],"wp:attachment":[{"href":"https:\/\/reveil-info.net\/index.php?rest_route=%2Fwp%2Fv2%2Fmedia&parent=36793"}],"wp:term":[{"taxonomy":"category","embeddable":true,"href":"https:\/\/reveil-info.net\/index.php?rest_route=%2Fwp%2Fv2%2Fcategories&post=36793"},{"taxonomy":"post_tag","embeddable":true,"href":"https:\/\/reveil-info.net\/index.php?rest_route=%2Fwp%2Fv2%2Ftags&post=36793"}],"curies":[{"name":"wp","href":"https:\/\/api.w.org\/{rel}","templated":true}]}}